{"id":23577,"date":"2024-07-19T18:44:55","date_gmt":"2024-07-19T18:44:55","guid":{"rendered":"http:\/\/heavymetalonline.com.br\/?p=23577"},"modified":"2024-07-19T18:44:55","modified_gmt":"2024-07-19T18:44:55","slug":"salario-minimo-pioneiro-do-metal-brasileiro-retorna-com-nova-formacao-e-clipe","status":"publish","type":"post","link":"http:\/\/heavymetalonline.com.br\/?p=23577","title":{"rendered":"Sal\u00e1rio M\u00ednimo: pioneiro do metal brasileiro retorna com nova forma\u00e7\u00e3o e clipe"},"content":{"rendered":"<div data-breakout=\"normal\">\n<pre id=\"viewer-xs6va7216\" class=\"XMObC aPDpJ _8UBmS\" dir=\"auto\"><span class=\"\">Foto Cr\u00e9dito: Caike Scheffer<\/span><\/pre>\n<div data-breakout=\"normal\">\n<p id=\"viewer-ur1cp7055\" class=\"bbl5c dkFHG -bt26 _-7CKp\" dir=\"auto\" style=\"text-align: center;\"><span class=\"zKS-7\"><em>Nova forma\u00e7\u00e3o apresenta v\u00eddeo de &#8220;Ouro e P\u00f3&#8221;, faixa que d\u00e1 t\u00edtulo ao novo \u00e1lbum,\u00a0<\/em><\/span><em>que ser\u00e1 lan\u00e7ado no segundo semestre<\/em><\/p>\n<\/div>\n<p id=\"viewer-ylxtb7416\" class=\"bbl5c dkFHG _8UBmS _-7CKp\" dir=\"auto\"><span class=\"zKS-7\">Quarenta anos ap\u00f3s fazer seu primeiro registro fonogr\u00e1fico na colet\u00e2nea <strong>&#8220;SP Metal 1&#8221;<\/strong>, a banda paulistana de heavy metal <strong>Sal\u00e1rio M\u00ednimo<\/strong> retorna depois de um per\u00edodo de pausa devido \u00e0 pandemia e mudan\u00e7as na forma\u00e7\u00e3o. O novo single, &#8220;Ouro e P\u00f3&#8221;, lan\u00e7ado em videoclipe e que em breve estar\u00e1 nas plataformas de streaming, marca a entrada do vocalista Ivan Martins (Cova Rasa) e do baixista Eduardo Trugillo (J\u00e3o e a Decadente Fam\u00edlia Brasileira e Mantr4), que se unem ao fundador Junior Muzilli (guitarra) e a Daniel Beretta (guitarra) e Marcelo Campos (bateria).<\/span><\/p>\n<\/div>\n<div data-hook=\"rcv-block6\"><\/div>\n<div data-breakout=\"normal\">\n<div id=\"viewer-qdb124876\" class=\"bbl5c dkFHG _8UBmS _-7CKp\" dir=\"auto\"><span class=\"zKS-7\">\u00a0<\/span><\/div>\n<\/div>\n<div data-hook=\"rcv-block7\"><\/div>\n<div data-breakout=\"normal\">\n<p id=\"viewer-gddwr4877\" class=\"bbl5c dkFHG _8UBmS _-7CKp\" dir=\"auto\"><span class=\"zKS-7\">Desde 2020 sem se apresentar, os m\u00fasicos consideram &#8220;Ouro e P\u00f3&#8221;, que dar\u00e1 t\u00edtulo ao novo \u00e1lbum agendado para ser lan\u00e7ado no segundo semestre, como o in\u00edcio de uma nova fase. A letra aborda temas de perseveran\u00e7a e supera\u00e7\u00e3o, refletindo o compromisso da banda em alcan\u00e7ar seus objetivos. <em>&#8220;A tem\u00e1tica da letra fala sobre lutar por um sonho, enfrentar as dificuldades, o quanto se est\u00e1 disposto a &#8216;comer poeira&#8217; para super\u00e1-las e, com persist\u00eancia e verdade, conquistar a vit\u00f3ria, o &#8216;ouro'&#8221;, <\/em>descreve o guitarrista e fundador Junior Muzilli. <em>&#8220;Passamos por diversas adversidades nos \u00faltimos anos e &#8216;Ouro e P\u00f3&#8217; reflete nosso desejo de continuar nossa trajet\u00f3ria, oferecendo aos f\u00e3s uma obra intensa e emocional&#8221;<\/em>, completa o baterista Marcelo Campos.<\/span><\/p>\n<\/div>\n<div data-hook=\"rcv-block8\"><\/div>\n<div data-breakout=\"normal\">\n<div id=\"viewer-36a8v4880\" class=\"bbl5c dkFHG _8UBmS _-7CKp\" dir=\"auto\"><span class=\"zKS-7\">\u00a0<\/span><\/div>\n<\/div>\n<div data-hook=\"rcv-block9\"><\/div>\n<div data-breakout=\"normal\">\n<p id=\"viewer-c00ho4881\" class=\"bbl5c dkFHG _8UBmS _-7CKp\" dir=\"auto\"><span class=\"zKS-7\">A produ\u00e7\u00e3o de<strong> &#8220;Ouro e P\u00f3&#8221; <\/strong>e do novo \u00e1lbum foi realizada por Rodrigo Oliveira no Dharma Studios (SP), conhecido por seu trabalho com Korzus e outras bandas renomadas. <em>&#8220;\u00c9 uma honra fazer parte de uma banda pioneira e t\u00e3o importante para o rock e heavy metal do Brasil&#8221;<\/em>, enfatiza o vocalista Ivan Martins que, al\u00e9m do Cova Rasa, tem em seu curr\u00edculo trabalhos com Timo Tolkki (ex-Stratovarius) e Magnus R\u00f3sen (ex-HammerFall). Eduardo Trugillo, que tamb\u00e9m trabalhou com Periferia S.A. e Ratos de Por\u00e3o, complementa: <em>&#8220;\u00c9 gratificante contribuir com uma banda que cresci ouvindo. O novo \u00e1lbum ter\u00e1 muita energia, mantendo uma abordagem moderna sem perder nossa ess\u00eancia&#8221;<\/em>.<\/span><\/p>\n<\/div>\n<div data-hook=\"rcv-block10\"><\/div>\n<div data-breakout=\"normal\">\n<div id=\"viewer-1djpw4884\" class=\"bbl5c dkFHG _8UBmS _-7CKp\" dir=\"auto\"><span class=\"zKS-7\">\u00a0<\/span><\/div>\n<\/div>\n<div data-hook=\"rcv-block11\"><\/div>\n<div data-breakout=\"normal\">\n<p id=\"viewer-vq0jy4885\" class=\"bbl5c dkFHG _8UBmS _-7CKp\" dir=\"auto\"><span class=\"zKS-7\">A estreia da nova forma\u00e7\u00e3o est\u00e1 marcada para o festival <strong>&#8220;Metal Relics On The Road&#8221;<\/strong>, em 21 de julho (domingo), no Manifesto Bar (SP). Ser\u00e1 a primeira vez que a banda executar\u00e1 ao vivo m\u00fasicas do novo \u00e1lbum, al\u00e9m dos cl\u00e1ssicos que marcaram sua carreira. Ingressos dispon\u00edveis em <a class=\"L-ZXL QZImc\" href=\"https:\/\/bilheto.com.br\/comprar\/2406\/metal-relics-on-the-road\" target=\"_blank\" rel=\"noopener\" data-hook=\"WebLink\"><u>https:\/\/bilheto.com.br\/comprar\/2406\/metal-relics-on-the-road<\/u><\/a><\/span><\/p>\n<\/div>\n<div data-hook=\"rcv-block12\"><\/div>\n<div data-breakout=\"normal\">\n<div id=\"viewer-3e6rz4890\" class=\"bbl5c dkFHG _8UBmS _-7CKp\" dir=\"auto\"><span class=\"zKS-7\">\u00a0<\/span><\/div>\n<\/div>\n<div data-hook=\"rcv-block13\"><\/div>\n<div data-breakout=\"normal\">\n<p id=\"viewer-4zn274891\" class=\"bbl5c dkFHG _8UBmS _-7CKp\" dir=\"auto\"><span class=\"zKS-7\">Confira o clipe de<strong> &#8220;Ouro e P\u00f3&#8221;<\/strong>, dirigido por Caike Scheffer:<\/span><\/p>\n<\/div>\n<p><iframe loading=\"lazy\" title=\"YouTube video player\" src=\"https:\/\/www.youtube.com\/embed\/l9Q6KO2t4f0?si=emTJDrSd-sN6ouNX\" width=\"560\" height=\"315\" frameborder=\"0\" allowfullscreen=\"allowfullscreen\"><\/iframe><\/p>\n<div data-breakout=\"normal\">\n<p id=\"viewer-fa70z4896\" class=\"bbl5c dkFHG _8UBmS _-7CKp\" dir=\"auto\"><span class=\"zKS-7\"><strong>M\u00eddias Sociais:<\/strong><\/span><\/p>\n<\/div>\n<div data-breakout=\"normal\">\n<p id=\"viewer-srnht4899\" class=\"bbl5c dkFHG _8UBmS _-7CKp\" dir=\"auto\"><span class=\"zKS-7\">Instagram: <a class=\"L-ZXL QZImc\" href=\"https:\/\/www.instagram.com\/salariominimo\/\" target=\"_blank\" rel=\"noopener\" data-hook=\"WebLink\"><u>https:\/\/www.instagram.com\/salariominimo\/<\/u><\/a><\/span><\/p>\n<\/div>\n<div data-breakout=\"normal\">\n<p id=\"viewer-cqnz94903\" class=\"bbl5c dkFHG _8UBmS _-7CKp\" dir=\"auto\"><span class=\"zKS-7\">Facebook: <a class=\"L-ZXL QZImc\" href=\"https:\/\/www.facebook.com\/bandasalariominimo\/\" target=\"_blank\" rel=\"noopener\" data-hook=\"WebLink\"><u>https:\/\/www.facebook.com\/bandasalariominimo\/<\/u><\/a><\/span><\/p>\n<\/div>\n<div data-hook=\"rcv-block19\"><\/div>\n<div data-breakout=\"normal\">\n<div id=\"viewer-q5fso4907\" class=\"bbl5c dkFHG _8UBmS _-7CKp\" dir=\"auto\"><span class=\"zKS-7\">\u00a0<\/span><\/div>\n<\/div>\n<div data-hook=\"rcv-block20\"><\/div>\n<div data-breakout=\"normal\">\n<p id=\"viewer-vcxjm4908\" class=\"bbl5c dkFHG _8UBmS _-7CKp\" dir=\"auto\"><span class=\"zKS-7\">E-mail: <a class=\"L-ZXL QZImc\" href=\"mailto:contato@bandasalariominimo.com.br\" target=\"_blank\" rel=\"noopener\" data-hook=\"WebLink\"><u>contato@bandasalariominimo.com.br<\/u><\/a><\/span><\/p>\n<\/div>\n<div data-hook=\"rcv-block21\"><\/div>\n<div data-breakout=\"normal\">\n<div id=\"viewer-acslx4912\" class=\"bbl5c dkFHG _8UBmS _-7CKp\" dir=\"auto\"><span class=\"zKS-7\">\u00a0<\/span><\/div>\n<\/div>\n<div data-hook=\"rcv-block22\"><\/div>\n<div data-breakout=\"normal\">\n<p id=\"viewer-8mhsv4913\" class=\"bbl5c dkFHG _8UBmS _-7CKp\" dir=\"auto\"><span class=\"zKS-7\"><strong>Fonte: <\/strong>ASE Music Press<\/span><\/p>\n<\/div>\n","protected":false},"excerpt":{"rendered":"<p>Foto Cr\u00e9dito: Caike Scheffer Nova forma\u00e7\u00e3o apresenta v\u00eddeo de &#8220;Ouro e P\u00f3&#8221;, faixa que d\u00e1 t\u00edtulo ao novo \u00e1lbum,\u00a0que ser\u00e1 lan\u00e7ado no segundo semestre Quarenta anos ap\u00f3s fazer seu primeiro registro fonogr\u00e1fico na colet\u00e2nea &#8220;SP Metal 1&#8221;, a banda paulistana de heavy metal Sal\u00e1rio M\u00ednimo retorna depois de um per\u00edodo de pausa devido \u00e0 pandemia [&hellip;]<\/p>\n","protected":false},"author":12,"featured_media":23578,"comment_status":"closed","ping_status":"open","sticky":false,"template":"","format":"standard","meta":{"footnotes":""},"categories":[4],"tags":[],"class_list":["post-23577","post","type-post","status-publish","format-standard","has-post-thumbnail","hentry","category-noticias"],"_links":{"self":[{"href":"http:\/\/heavymetalonline.com.br\/index.php?rest_route=\/wp\/v2\/posts\/23577","targetHints":{"allow":["GET"]}}],"collection":[{"href":"http:\/\/heavymetalonline.com.br\/index.php?rest_route=\/wp\/v2\/posts"}],"about":[{"href":"http:\/\/heavymetalonline.com.br\/index.php?rest_route=\/wp\/v2\/types\/post"}],"author":[{"embeddable":true,"href":"http:\/\/heavymetalonline.com.br\/index.php?rest_route=\/wp\/v2\/users\/12"}],"replies":[{"embeddable":true,"href":"http:\/\/heavymetalonline.com.br\/index.php?rest_route=%2Fwp%2Fv2%2Fcomments&post=23577"}],"version-history":[{"count":1,"href":"http:\/\/heavymetalonline.com.br\/index.php?rest_route=\/wp\/v2\/posts\/23577\/revisions"}],"predecessor-version":[{"id":23579,"href":"http:\/\/heavymetalonline.com.br\/index.php?rest_route=\/wp\/v2\/posts\/23577\/revisions\/23579"}],"wp:featuredmedia":[{"embeddable":true,"href":"http:\/\/heavymetalonline.com.br\/index.php?rest_route=\/wp\/v2\/media\/23578"}],"wp:attachment":[{"href":"http:\/\/heavymetalonline.com.br\/index.php?rest_route=%2Fwp%2Fv2%2Fmedia&parent=23577"}],"wp:term":[{"taxonomy":"category","embeddable":true,"href":"http:\/\/heavymetalonline.com.br\/index.php?rest_route=%2Fwp%2Fv2%2Fcategories&post=23577"},{"taxonomy":"post_tag","embeddable":true,"href":"http:\/\/heavymetalonline.com.br\/index.php?rest_route=%2Fwp%2Fv2%2Ftags&post=23577"}],"curies":[{"name":"wp","href":"https:\/\/api.w.org\/{rel}","templated":true}]}}