{"id":23690,"date":"2024-07-26T03:02:13","date_gmt":"2024-07-26T03:02:13","guid":{"rendered":"http:\/\/heavymetalonline.com.br\/?p=23690"},"modified":"2024-07-26T03:02:13","modified_gmt":"2024-07-26T03:02:13","slug":"rock-in-rio-2024-faltam-50-dias-e-organizacao-conta-bastidores-do-festival","status":"publish","type":"post","link":"http:\/\/heavymetalonline.com.br\/?p=23690","title":{"rendered":"Rock in Rio 2024: Faltam 50 dias e organiza\u00e7\u00e3o conta bastidores do festival"},"content":{"rendered":"<div data-breakout=\"normal\">\n<div data-breakout=\"normal\">\n<p id=\"viewer-9nkg52069\" class=\"bbl5c dkFHG -bt26 _-7CKp\" dir=\"auto\" style=\"text-align: center;\"><span class=\"zKS-7\"><em>Em um passeio pelas \u00e1reas, saiba o que est\u00e1 por tr\u00e1s do maior festival de m\u00fasica do\u00a0<\/em><\/span><em>mundo que chega aos 40 anos em <\/em><\/p>\n<p class=\"bbl5c dkFHG -bt26 _-7CKp\" dir=\"auto\" style=\"text-align: center;\"><em>um parque de entretenimento\u00a0<\/em><em>com 385 mil m2 de pura experi\u00eancia\u00a0\u00a0<\/em><\/p>\n<\/div>\n<p id=\"viewer-67po11959\" class=\"bbl5c dkFHG _8UBmS _-7CKp\" dir=\"auto\"><span class=\"zKS-7\">Por tr\u00e1s das c\u00e2meras e das luzes do palco, o<strong> Rock in Rio<\/strong> \u00e9 uma verdadeira orquestra de pessoas trabalhando em perfeita harmonia. O lema da Rock World, <strong>\u201cSonhar e Fazer Acontecer\u201d<\/strong>, \u00e9 a for\u00e7a motriz que guia cada decis\u00e3o e a\u00e7\u00e3o, transformando a vis\u00e3o do festival em uma realidade vibrante. Faltando apenas 50 dias para a abertura de portas, a energia na Cidade do Rock \u00e9 palp\u00e1vel e a expectativa cresce. Neste momento, a \u00e1rea de 385 mil m2 est\u00e1 em plena constru\u00e7\u00e3o e vem ganhando novos contornos a cada minuto. \u00a0<\/span><\/p>\n<\/div>\n<div data-hook=\"rcv-block6\"><\/div>\n<div data-breakout=\"normal\">\n<div id=\"viewer-8l86z157\" class=\"bbl5c dkFHG _8UBmS _-7CKp\" dir=\"auto\"><span class=\"zKS-7\">\u00a0<\/span><\/div>\n<\/div>\n<div data-hook=\"rcv-block7\"><\/div>\n<div data-breakout=\"normal\">\n<p id=\"viewer-44rxt94\" class=\"bbl5c dkFHG WZ-z2 _-7CKp\" dir=\"auto\"><span class=\"zKS-7 WZ-z2\">A Cidade do Rock j\u00e1 \u00e9 uma cidade com muitos habitantes, de oper\u00e1rios de montagens \u00e0 profissionais de limpeza e, entre tantas outras \u00e1reas relevantes para a constru\u00e7\u00e3o deste parque de entretenimento: uma equipe robusta\u202fdo festival \u2014 de opera\u00e7\u00f5es, produ\u00e7\u00e3o, engenharia, talentos, pluralidade, marketing, art\u00edstico, parcerias e jur\u00eddico etc \u2014 j\u00e1 est\u00e1 instalada na Cidade do Rock cuidando de cada detalhe da edi\u00e7\u00e3o que celebra os 40 anos do maior festival de m\u00fasica e entretenimento do mundo. \u00a0<\/span><\/p>\n<\/div>\n<div data-hook=\"rcv-block8\"><\/div>\n<div data-breakout=\"normal\">\n<div id=\"viewer-e1avf311\" class=\"bbl5c dkFHG WZ-z2 _-7CKp\" dir=\"auto\"><span class=\"zKS-7 WZ-z2\">\u00a0<\/span><\/div>\n<\/div>\n<div data-hook=\"rcv-block9\"><\/div>\n<div data-breakout=\"normal\">\n<p id=\"viewer-njkb496\" class=\"bbl5c dkFHG WZ-z2 _-7CKp\" dir=\"auto\"><span class=\"zKS-7 WZ-z2\">Para esta festa estar \u00e0 altura das mais de 700 mil pessoas que estar\u00e3o presentes, o time Rock in Rio est\u00e1 instalado em um espa\u00e7o na pr\u00f3pria Cidade do Rock, o Rock Office, e acompanha diariamente toda a constru\u00e7\u00e3o. Isso porque, diferentemente de um evento tradicional, o Rock in Rio investe pesado em experi\u00eancia e, por aqui, a conversa \u00e9 sobre a \u201cm\u00fasica al\u00e9m da m\u00fasica\u201d, o que exige uma ampla log\u00edstica e planejamentos antecipados para estas mega montagens, com palcos cenografados, instala\u00e7\u00e3o de banheiros na rede de esgoto, constru\u00e7\u00e3o de vilas de camarins, de \u00e1reas de abastecimento para o per\u00edodo do evento e muito mais.\u00a0<\/span><\/p>\n<\/div>\n<div data-hook=\"rcv-block10\"><\/div>\n<div data-breakout=\"normal\">\n<div id=\"viewer-54ks1352\" class=\"bbl5c dkFHG WZ-z2 _-7CKp\" dir=\"auto\"><span class=\"zKS-7 WZ-z2\">\u00a0<\/span><\/div>\n<\/div>\n<div data-hook=\"rcv-block11\"><\/div>\n<div data-breakout=\"normal\">\n<p id=\"viewer-m9tm898\" class=\"bbl5c dkFHG WZ-z2 _-7CKp\" dir=\"auto\"><span class=\"zKS-7 WZ-z2\">Nos bastidores, a prepara\u00e7\u00e3o \u00e9 minuciosa. S\u00e3o cerca de 270 pessoas dedicadas diretamente \u00e0 organiza\u00e7\u00e3o do festival, al\u00e9m de mais de 500 envolvidos na constru\u00e7\u00e3o e ajustes da infraestrutura neste momento. Com um time t\u00e3o grande, a coordena\u00e7\u00e3o entre diferentes departamentos \u00e9 crucial para garantir que as pe\u00e7as do quebra-cabe\u00e7a se encaixem. Desde a Log\u00edstica, Acessibilidade e Produ\u00e7\u00e3o at\u00e9 o Credenciamento e Curadoria Art\u00edstica, cada aspecto \u00e9 planejado para garantir que tudo corra perfeitamente.\u00a0\u00a0\u00a0<\/span><\/p>\n<\/div>\n<div data-hook=\"rcv-block12\"><\/div>\n<div data-breakout=\"normal\">\n<div id=\"viewer-c6al7393\" class=\"bbl5c dkFHG WZ-z2 _-7CKp\" dir=\"auto\"><span class=\"zKS-7 WZ-z2\">\u00a0<\/span><\/div>\n<\/div>\n<div data-hook=\"rcv-block13\"><\/div>\n<div data-breakout=\"normal\">\n<p id=\"viewer-8z3c9100\" class=\"bbl5c dkFHG WZ-z2 _-7CKp\" dir=\"auto\"><span class=\"zKS-7 WZ-z2\"><em>\u201cS\u00e3o dois anos de trabalho. Cada flor, cada paisagismo, cada cor de parede, \u00e9 pensada por uma equipe grande focada em levar a magia para todas as pessoas\u201d<\/em>, conta Ana Biavaschi, diretora de Rockreators da Rock World.\u00a0<\/span><\/p>\n<\/div>\n<div data-hook=\"rcv-block14\"><\/div>\n<div data-breakout=\"normal\">\n<div id=\"viewer-7kwiy474\" class=\"bbl5c dkFHG WZ-z2 _-7CKp\" dir=\"auto\"><span class=\"zKS-7 WZ-z2\">\u00a0<\/span><\/div>\n<\/div>\n<div data-hook=\"rcv-block15\"><\/div>\n<div data-breakout=\"normal\">\n<p id=\"viewer-lqpd6102\" class=\"bbl5c dkFHG WZ-z2 _-7CKp\" dir=\"auto\"><span class=\"zKS-7 WZ-z2\">No Rock Office, h\u00e1 diversas salas para acomodar toda a equipe, como o time de POE, respons\u00e1vel pela produ\u00e7\u00e3o, opera\u00e7\u00e3o e engenharia. Tamb\u00e9m h\u00e1 a \u00e1rea de PMO (Project Managment Owner), departamento que tem a vis\u00e3o hol\u00edstica da empresa e que prop\u00f5e a melhor integra\u00e7\u00e3o dos times, ou seja, como cada \u00e1rea pode colaborar melhor entre elas, al\u00e9m de identificar, estruturar e otimizar os processos.\u00a0<\/span><\/p>\n<\/div>\n<div data-hook=\"rcv-block16\"><\/div>\n<div data-breakout=\"normal\">\n<div id=\"viewer-w2ylk435\" class=\"bbl5c dkFHG WZ-z2 _-7CKp\" dir=\"auto\"><span class=\"zKS-7 WZ-z2\">\u00a0<\/span><\/div>\n<\/div>\n<div data-hook=\"rcv-block17\"><\/div>\n<div data-breakout=\"normal\">\n<p id=\"viewer-xhgcz104\" class=\"bbl5c dkFHG WZ-z2 _-7CKp\" dir=\"auto\"><span class=\"zKS-7 WZ-z2\">J\u00e1 o time Art\u00edstico \u00e9 respons\u00e1vel por toda a constru\u00e7\u00e3o\u00a0criativa dos conte\u00fados art\u00edsticos do festival, al\u00e9m de\u00a0cuidar de todos os processos necess\u00e1rios para tornar\u00a0esta magia realidade na Cidade do Rock. Por exemplo, \u00e9 esta equipe que cuida da curadoria de todos os sete palcos, concep\u00e7\u00e3o dos espet\u00e1culos, al\u00e9m de realizar a contrata\u00e7\u00e3o dos artistas\u00a0e gest\u00e3o de toda log\u00edstica de backstage. \u00a0<\/span><\/p>\n<\/div>\n<div data-hook=\"rcv-block18\"><\/div>\n<div data-breakout=\"normal\">\n<div id=\"viewer-te9za557\" class=\"bbl5c dkFHG WZ-z2 _-7CKp\" dir=\"auto\"><span class=\"zKS-7 WZ-z2\">\u00a0<\/span><\/div>\n<\/div>\n<div data-hook=\"rcv-block19\"><\/div>\n<div data-breakout=\"normal\">\n<p id=\"viewer-vp5kh106\" class=\"bbl5c dkFHG WZ-z2 _-7CKp\" dir=\"auto\"><span class=\"zKS-7 WZ-z2\">A equipe de Marketing \u00e9 a respons\u00e1vel pelo gerenciamento da Propaganda, Assessoria de Imprensa, Conte\u00fado, Social Media, UGC (conte\u00fado gerado pelo usu\u00e1rio), Projetos Editoriais e Embaixadores da Marca, como influenciadores e time interno. &#8220;O Rock in Rio est\u00e1 na vida das pessoas h\u00e1 40 anos, e somos respons\u00e1veis por cuidar da plataforma de comunica\u00e7\u00e3o desta marca, que \u00e9 uma das mais amadas do pa\u00eds. Criamos desde as maiores campanhas do festival que transmitem toda a emo\u00e7\u00e3o do p\u00fablico e sua rela\u00e7\u00e3o afetiva com a nossa hist\u00f3ria at\u00e9 as comunica\u00e7\u00f5es que contribuem para a melhor experi\u00eancia dos f\u00e3s no festival&#8221;, explica Ana Deccache, diretora de marketing da Rock World. \u00a0\u00a0<\/span><\/p>\n<\/div>\n<div data-hook=\"rcv-block20\"><\/div>\n<div data-breakout=\"normal\">\n<div id=\"viewer-toc3m599\" class=\"bbl5c dkFHG WZ-z2 _-7CKp\" dir=\"auto\"><span class=\"zKS-7 WZ-z2\">\u00a0<\/span><\/div>\n<\/div>\n<div data-hook=\"rcv-block21\"><\/div>\n<div data-breakout=\"normal\">\n<p id=\"viewer-ukado108\" class=\"bbl5c dkFHG WZ-z2 _-7CKp\" dir=\"auto\"><span class=\"zKS-7 WZ-z2\">O departamento de Parcerias\u00a0\u00e9 respons\u00e1vel pelo relacionamento entre o Rock in Rio e as marcas parceiras do festival. Este time cuida desde a prospec\u00e7\u00e3o, apresenta\u00e7\u00e3o dos projetos, negocia\u00e7\u00e3o, at\u00e9 a gest\u00e3o do relacionamento dessas marcas antes, durante e ap\u00f3s o festival. Tudo com o objetivo de garantir que as marcas parceiras tamb\u00e9m promovam\u00a0experi\u00eancias inesquec\u00edveis\u00a0que v\u00e3o ficar para sempre na mem\u00f3ria dos f\u00e3s, dentro e fora da Cidade do Rock.\u00a0\u00a0<\/span><\/p>\n<\/div>\n<div data-hook=\"rcv-block22\"><\/div>\n<div data-breakout=\"normal\">\n<div id=\"viewer-xb7lx641\" class=\"bbl5c dkFHG WZ-z2 _-7CKp\" dir=\"auto\"><span class=\"zKS-7 WZ-z2\">\u00a0<\/span><\/div>\n<\/div>\n<div data-hook=\"rcv-block23\"><\/div>\n<div data-breakout=\"normal\">\n<p id=\"viewer-04di8110\" class=\"bbl5c dkFHG WZ-z2 _-7CKp\" dir=\"auto\"><span class=\"zKS-7 WZ-z2\">Essas s\u00e3o algumas das diversas \u00e1reas que trabalham na Rock World e trabalham durante todo o ano para colocar de p\u00e9 o maior festival de m\u00fasica e entretenimento do mundo. \u201cCostumamos dizer que a pr\u00f3xima edi\u00e7\u00e3o sempre ser\u00e1 a melhor, porque trabalhamos com um time experiente, preparado e apaixonado por contar as melhores hist\u00f3rias e promover os melhores momentos para o nosso p\u00fablico\u201d, finaliza Ana Deccache.\u00a0<\/span><\/p>\n<\/div>\n<div data-hook=\"rcv-block24\"><\/div>\n<div data-breakout=\"normal\">\n<p id=\"viewer-g7qnj112\" class=\"bbl5c dkFHG WZ-z2 _-7CKp\" dir=\"auto\"><span class=\"zKS-7 WZ-z2\">\u00a0<\/span><\/p>\n<\/div>\n<div data-hook=\"rcv-block25\"><\/div>\n<div data-breakout=\"normal\">\n<p id=\"viewer-rdlvl114\" class=\"bbl5c dkFHG WZ-z2 _-7CKp\" dir=\"auto\"><span class=\"zKS-7 WZ-z2\"><strong>Rock in Rio Brasil: Com quatro dias j\u00e1 esgotados, p\u00fablico pode adquirir ingressos somente para tr\u00eas dos sete dias<\/strong>\u202f\u00a0<\/span><\/p>\n<\/div>\n<div data-breakout=\"normal\">\n<p id=\"viewer-qdda6117\" class=\"bbl5c dkFHG WZ-z2 _-7CKp\" dir=\"auto\"><span class=\"zKS-7 WZ-z2\">O Rock in Rio vai acontecer nos dias 13, 14, 15, 19, 20, 21 e 22 de setembro de 2024, com 700 mil pessoas na Cidade do Rock. Ser\u00e1 a celebra\u00e7\u00e3o de 40 anos do festival que colocou o Brasil na rota da cena musical do mundo, e que, em 2022, recebeu o t\u00edtulo de Patrim\u00f4nio Cultural Imaterial pela Cidade e Estado do Rio de Janeiro. J\u00e1 s\u00e3o 22 edi\u00e7\u00f5es realizadas, mais de 3.800 artistas escalados, mais de 11.2 milh\u00f5es na plateia e mais de 130 dias de magia desde 1985. E, para 2024, os f\u00e3s podem aguardar uma festa especial, com novas experi\u00eancias e viv\u00eancias dentro da Cidade do Rock. O p\u00fablico ainda tem a oportunidade \u00fanica de adquirir ingressos para 15 de setembro, quando se apresenta Avenged Sevenfold, Evanescence e Deep Purple; 19 de setembro, com apresenta\u00e7\u00f5es de Ed Sheeran, Charlie Puth e Gloria Groov; e ainda 21 de setembro, quando as celebra\u00e7\u00f5es do Dia Brasil acontecer\u00e3o ao longo de 12 horas de festival com grandes nomes do pa\u00eds em encontros in\u00e9ditos e exclusivos em todos os palcos. A venda acontece exclusivamente na plataforma da Ticketmaster (<a class=\"L-ZXL QZImc\" href=\"http:\/\/www.ticketmaster.com.br\/\" target=\"_blank\" rel=\"noopener noreferrer\" data-hook=\"WebLink\"><u>www.ticketmaster.com.br<\/u><\/a>). \u202f\u00a0<\/span><\/p>\n<\/div>\n<div data-hook=\"rcv-block27\"><\/div>\n<div data-breakout=\"normal\">\n<p id=\"viewer-vercc121\" class=\"bbl5c dkFHG WZ-z2 _-7CKp\" dir=\"auto\"><span class=\"zKS-7 WZ-z2\">\u202f\u202f\u00a0<\/span><\/p>\n<\/div>\n<div data-hook=\"rcv-block28\"><\/div>\n<div data-breakout=\"normal\">\n<p id=\"viewer-1u5u8123\" class=\"bbl5c dkFHG WZ-z2 _-7CKp\" dir=\"auto\"><span class=\"zKS-7 WZ-z2\"><strong>Confira o line-up dos dias ainda dispon\u00edveis para a edi\u00e7\u00e3o que celebra os 40 anos do Rock in Rio, que tamb\u00e9m conta com artistas que se apresentam em Lisboa<\/strong>\u202f\u00a0<\/span><\/p>\n<\/div>\n<div data-breakout=\"normal\">\n<p id=\"viewer-nv27z126\" class=\"bbl5c dkFHG WZ-z2 _-7CKp\" dir=\"auto\"><span class=\"zKS-7 WZ-z2\">Na programa\u00e7\u00e3o do primeiro fim de semana, no dia 15 de setembro, se apresentam Avenged Sevenfold, Evanescence, Journey e Os Paralamas do Sucesso no Palco Mundo. No Sunset, Deep Purple, Incubus, Planet Hemp convida Pitty e Bar\u00e3o Vermelho. No Global Village, Anees, Terra Celta e Larissa Luz. No Espa\u00e7o Favela, o MC Poze do Rodo, MC Hariel e Ster. No NDO, Artbat, Mila Journ\u00e8e, Binary e Ruback. \u202f\u00a0<\/span><\/p>\n<\/div>\n<div data-hook=\"rcv-block30\"><\/div>\n<div data-breakout=\"normal\">\n<div id=\"viewer-a3ui61697\" class=\"bbl5c dkFHG WZ-z2 _-7CKp\" dir=\"auto\"><span class=\"zKS-7 WZ-z2\">\u00a0<\/span><\/div>\n<\/div>\n<div data-hook=\"rcv-block31\"><\/div>\n<div data-breakout=\"normal\">\n<p id=\"viewer-o02j6128\" class=\"bbl5c dkFHG WZ-z2 _-7CKp\" dir=\"auto\"><span class=\"zKS-7 WZ-z2\">No fim de semana seguinte, Ed Sheeran \u00e9 o headliner do dia 19 e no Palco Mundo tamb\u00e9m se apresentam Charlie Puth, Joss Stone e J\u00e3o. Nesse mesmo dia, Gloria Groove sobe ao palco Sunset como headliner da noite, que tamb\u00e9m conta com apresenta\u00e7\u00f5es de Ferrugem convida Gilsons, Filipe Ret convida Caio Luccas e Pedro Sampaio. Xande de Pilares \u00e9 o embaixador e principal atra\u00e7\u00e3o do Espa\u00e7o Favela, que tamb\u00e9m recebe Fundo de Quintal e Vinny Santa F\u00e9. Na Global Village, Noa Kirel, Bixiga 70 e Sambaiana. No New Dance Order, Wade, Victor Lou, Gabe e Illusionize. \u202f\u00a0<\/span><\/p>\n<\/div>\n<div data-hook=\"rcv-block32\"><\/div>\n<div data-breakout=\"normal\">\n<div id=\"viewer-9pbzs1739\" class=\"bbl5c dkFHG WZ-z2 _-7CKp\" dir=\"auto\"><span class=\"zKS-7 WZ-z2\">\u00a0<\/span><\/div>\n<\/div>\n<div data-hook=\"rcv-block33\"><\/div>\n<div data-breakout=\"normal\">\n<p id=\"viewer-zcp2l130\" class=\"bbl5c dkFHG WZ-z2 _-7CKp\" dir=\"auto\"><span class=\"zKS-7 WZ-z2\">J\u00e1 no chamado Dia Brasil, 21 de setembro, no Palco Mundo, acontecem os shows de Capital Inicial, Detonautas, NX Zero, Pitty, Rog\u00e9rio Flausino, Toni Garrido, Ana Castela, Chit\u00e3ozinho &amp; Xoror\u00f3, Junior Lima, Luan Santana, Simone Mendes, Orquestra Heli\u00f3polis, BaianaSystem, Carlinhos Brown, Daniela Mercury, Majur, Ney Matogrosso, Margareth Menezes, MC Cabelinho, Kayblack, Matu\u00ea, Orochi, Filipe Ret, MC Ryan SP e Veigh. O Palco Sunset contar\u00e1 com apresenta\u00e7\u00f5es de Duda Beat, Gloria Groove, Ivete Sangalo, J\u00e3o, Ludmilla, Lulu Santos, Lu\u00edsa Sonza, Alcione, Diogo Nogueira, Jorge Arag\u00e3o, Maria Rita, Xande de Pilares, Zeca Pagodinho, Criolo, Rael, D2, Djonga, Karol Conk\u00e1, Rincon Sapi\u00eancia e Xam\u00e3. Enquanto isso, o Global Village recebe Bossacucanova com participa\u00e7\u00e3o de Cris Delanno, Leila Pinheiro, Roberto Menescal, Wanda S\u00e1, Banda Black Rio, Claudio Zoli, Hyldon, Leo Gandelman, Jonathan Ferr, Ant\u00f4nio Adolfo e Joabe Reis, al\u00e9m de Gang do Eletro e Suraras do Tapaj\u00f3s. No Espa\u00e7o Favela acontecem shows de MC Don Juan, MC Hariel, MC IG, MC Livinho, MC Dricka, MC Ph, Nathan Amaral, Orquestra Jovem Da Sinf\u00f4nica Brasileira, Buchecha, Funk Orquestra, MC Carol, Tati Quebra Barraco, Cidinho e Doca e Kevin o Chris, Nathan Amaram e OSB, Ka\u00ea Guaj\u00e1jara, DJ Totonete e grupo Dance Mar\u00e9. Por fim, o New Dance Order recebe os DJs Mochakk, Beltran X Classmatic, Eli Iwasa X Ratier e Maz X Antdot. \u202f\u00a0<\/span><\/p>\n<\/div>\n<div data-hook=\"rcv-block34\"><\/div>\n<div data-breakout=\"normal\">\n<p id=\"viewer-7ma4r132\" class=\"bbl5c dkFHG WZ-z2 _-7CKp\" dir=\"auto\"><span class=\"zKS-7 WZ-z2\">\u202f\u202f\u00a0<\/span><\/p>\n<\/div>\n<div data-hook=\"rcv-block35\"><\/div>\n<div data-breakout=\"normal\">\n<p id=\"viewer-s6m87134\" class=\"bbl5c dkFHG WZ-z2 _-7CKp\" dir=\"auto\"><span class=\"zKS-7 WZ-z2\"><strong>Saiba mais sobre os ingressos para o Rock in Rio 2024 <\/strong>\u202f\u00a0<\/span><\/p>\n<\/div>\n<div data-breakout=\"normal\">\n<p id=\"viewer-ey5yq137\" class=\"bbl5c dkFHG WZ-z2 _-7CKp\" dir=\"auto\"><span class=\"zKS-7 WZ-z2\">Para a edi\u00e7\u00e3o do Rock in Rio Brasil 2024, o valor do ingresso \u00e9 de R$ 795 (inteira) e R$ 397,50 (meia-entrada) e n\u00e3o h\u00e1 cobran\u00e7a de taxa de servi\u00e7o. O pagamento pode ser feito por PIX ou cart\u00e3o de cr\u00e9dito e o valor parcelado em at\u00e9 seis vezes. Clientes que efetuarem o pagamento com os cart\u00f5es de cr\u00e9dito Ita\u00fa, Credicard e Iti t\u00eam 15% de desconto na compra de ingressos, por R$ 675,75 (n\u00e3o cumulativos com a meia-entrada) e poder\u00e3o parcelar sua compra em at\u00e9 oito vezes sem juros. \u202f\u00a0<\/span><\/p>\n<\/div>\n<div data-hook=\"rcv-block37\"><\/div>\n<div data-breakout=\"normal\">\n<div id=\"viewer-u2srw1826\" class=\"bbl5c dkFHG WZ-z2 _-7CKp\" dir=\"auto\"><span class=\"zKS-7 WZ-z2\">\u00a0<\/span><\/div>\n<\/div>\n<div data-hook=\"rcv-block38\"><\/div>\n<div data-breakout=\"normal\">\n<p id=\"viewer-edelh139\" class=\"bbl5c dkFHG WZ-z2 _-7CKp\" dir=\"auto\"><span class=\"zKS-7 WZ-z2\">O limite de compra do p\u00fablico em geral \u00e9 de at\u00e9 4 (quatro) ingressos por CPF, sendo uma meia-entrada, com exce\u00e7\u00e3o para meia-entrada para pessoas portadoras de necessidade especial, que t\u00eam direito a comprar outra meia-entrada tamb\u00e9m para seu acompanhante. Os clientes que adquirirem ingressos nesta modalidade ter\u00e3o que informar no pr\u00f3prio site todas as informa\u00e7\u00f5es referentes ao documento que comprove tal condi\u00e7\u00e3o, para posterior valida\u00e7\u00e3o, assim como ser\u00e1 necess\u00e1rio apresent\u00e1-lo no acesso \u00e0 Cidade do Rock, no dia do evento. \u202f\u00a0<\/span><\/p>\n<\/div>\n<div data-hook=\"rcv-block39\"><\/div>\n<div data-breakout=\"normal\">\n<div id=\"viewer-3g46u1786\" class=\"bbl5c dkFHG WZ-z2 _-7CKp\" dir=\"auto\"><span class=\"zKS-7 WZ-z2\">\u00a0<\/span><\/div>\n<\/div>\n<div data-hook=\"rcv-block40\"><\/div>\n<div data-breakout=\"normal\">\n<p id=\"viewer-mgjpi141\" class=\"bbl5c dkFHG WZ-z2 _-7CKp\" dir=\"auto\"><span class=\"zKS-7 WZ-z2\">O ingresso de meia-entrada \u00e9 garantido por lei para estudantes, menores de 21 anos, maiores de 60 anos, deficientes e seu acompanhante, profissionais e professores da rede de ensino do Rio de Janeiro e jovens de baixa renda.\u202f\u202f \u202f\u00a0<\/span><\/p>\n<\/div>\n<div data-hook=\"rcv-block41\"><\/div>\n<div data-breakout=\"normal\">\n<p id=\"viewer-nrsno143\" class=\"bbl5c dkFHG WZ-z2 _-7CKp\" dir=\"auto\"><span class=\"zKS-7 WZ-z2\">\u202f\u00a0<\/span><\/p>\n<\/div>\n<div data-hook=\"rcv-block42\"><\/div>\n<div data-breakout=\"normal\">\n<p id=\"viewer-mvj2q145\" class=\"bbl5c dkFHG WZ-z2 _-7CKp\" dir=\"auto\"><span class=\"zKS-7 WZ-z2\"><strong>Sobre o Rock in Rio<\/strong>\u202f\u00a0<\/span><\/p>\n<\/div>\n<div data-breakout=\"normal\">\n<p id=\"viewer-5bipp148\" class=\"bbl5c dkFHG WZ-z2 _-7CKp\" dir=\"auto\"><span class=\"zKS-7 WZ-z2\">1984 marca o in\u00edcio das prepara\u00e7\u00f5es para a primeira edi\u00e7\u00e3o do evento idealizado por Roberto Medina e que hoje, 40 anos depois, \u00e9 considerado o maior festival de m\u00fasica e entretenimento do mundo \u2013 o Rock in Rio. A hist\u00f3ria do evento se entrela\u00e7a com a do entretenimento no Brasil, sendo respons\u00e1vel por colocar o pa\u00eds na rota dos eventos internacionais, j\u00e1 que pela primeira vez, um pa\u00eds da Am\u00e9rica do Sul sediou um evento musical dessa magnitude. Em uma \u00e1rea de 250 mil m2, em Jacarepagu\u00e1, durante dez dias, 1 milh\u00e3o e 380 mil pessoas foram iluminadas pela primeira vez e come\u00e7aram a fazer parte do grande espet\u00e1culo. No palco \u2014 o maior do mundo na \u00e9poca, com 80m de boca de cena \u2014 15 atra\u00e7\u00f5es nacionais e 16 internacionais. Originalmente organizado no Rio de Janeiro, o festival ganhou o mundo chegando a Lisboa (Portugal), onde \u00e9 realizado at\u00e9 hoje, passando por Madrid (Espanha) e Las Vegas (USA).\u202f\u202f \u202f\u00a0\u00a0<\/span><\/p>\n<\/div>\n<div data-hook=\"rcv-block44\"><\/div>\n<div data-breakout=\"normal\">\n<div id=\"viewer-pydvr1873\" class=\"bbl5c dkFHG WZ-z2 _-7CKp\" dir=\"auto\"><span class=\"zKS-7 WZ-z2\">\u00a0<\/span><\/div>\n<\/div>\n<div data-hook=\"rcv-block45\"><\/div>\n<div data-breakout=\"normal\">\n<p id=\"viewer-gjyzo150\" class=\"bbl5c dkFHG WZ-z2 _-7CKp\" dir=\"auto\"><span class=\"zKS-7 WZ-z2\">Desde a primeira edi\u00e7\u00e3o, j\u00e1 gerou 265 mil empregos diretos e indiretos e, apenas na \u00faltima, em 2022, um impacto econ\u00f4mico de mais de 2 bilh\u00f5es na cidade do Rio de Janeiro. Tamb\u00e9m no ano passado, o Rock in Rio foi considerado patrim\u00f4nio cultural imaterial do estado do Rio de Janeiro. Pelas Cidades do Rock, desde 1985, j\u00e1 passaram mais de 11.2 milh\u00f5es de visitantes, que assistiram a 3.816 artistas em 130 dias de magia. Dentre os n\u00fameros gigantes do festival, mais de 64 milh\u00f5es de pessoas alcan\u00e7adas nas redes sociais apenas em 2022 e mais de 12 milh\u00f5es de f\u00e3s online.\u202f\u202f\u202f\u202f \u202f\u00a0\u00a0<\/span><\/p>\n<\/div>\n<div data-hook=\"rcv-block46\"><\/div>\n<div data-breakout=\"normal\">\n<div id=\"viewer-hzb6a1915\" class=\"bbl5c dkFHG WZ-z2 _-7CKp\" dir=\"auto\"><span class=\"zKS-7 WZ-z2\">\u00a0<\/span><\/div>\n<\/div>\n<div data-hook=\"rcv-block47\"><\/div>\n<div data-breakout=\"normal\">\n<p id=\"viewer-pi4nj152\" class=\"bbl5c dkFHG WZ-z2 _-7CKp\" dir=\"auto\"><span class=\"zKS-7 WZ-z2\">Gerando impactos positivos nos pa\u00edses onde \u00e9 realizado e consciente do poder disseminador da marca, o Rock in Rio pauta-se por ser um evento com o prop\u00f3sito de construir um mundo melhor para pessoas mais felizes, confiantes e emp\u00e1ticas num planeta mais saud\u00e1vel. Adotando e incentivando pr\u00e1ticas que apoiam o coletivo, se une a empresas que possuem este mesmo olhar e diretriz. O festival investiu, junto com seus parceiros, mais de R\uff04 110 milh\u00f5es em diferentes projetos, passando por temas como sustentabilidade, educa\u00e7\u00e3o, m\u00fasica, florestas, entre outros. Apenas na Amaz\u00f4nia, 73 milh\u00f5es de \u00e1rvores foram plantadas. A marca foi pioneira em ter a certifica\u00e7\u00e3o ISO 20121 \u2014 Eventos Sustent\u00e1veis e, em 2022, come\u00e7ou a trabalhar ambiciosas metas para 2030, alinhadas com os Objetivos de Desenvolvimento Sustent\u00e1vel (ODS).\u202f\u202f\u202f\u202f \u202f\u00a0<\/span><\/p>\n<\/div>\n<div data-hook=\"rcv-block48\"><\/div>\n<div data-breakout=\"normal\">\n<div id=\"viewer-yb17h1957\" class=\"bbl5c dkFHG WZ-z2 _-7CKp\" dir=\"auto\"><span class=\"zKS-7 WZ-z2\">\u00a0<\/span><\/div>\n<\/div>\n<div data-hook=\"rcv-block49\"><\/div>\n<div data-breakout=\"normal\">\n<p id=\"viewer-14mpj154\" class=\"bbl5c dkFHG WZ-z2 _-7CKp\" dir=\"auto\"><span class=\"zKS-7 WZ-z2\">O ano de 2024 ser\u00e1 de muitas comemora\u00e7\u00f5es para o Rock in Rio. O ano em que tudo come\u00e7ou, 40 anos depois, d\u00e1 in\u00edcio \u00e0s celebra\u00e7\u00f5es. E a festa brasileira j\u00e1 est\u00e1 marcada: 13, 14, 15, 19, 20, 21 e 22 de setembro de 2024, no Parque Ol\u00edmpico, Rio de Janeiro; e a lisboeta tamb\u00e9m: 15, 16, 22 e 23 de junho de 2024, no Parque Tejo. Das 23 edi\u00e7\u00f5es anteriores, nove ocorreram no Brasil (1985, 1991, 2001, 2011, 2013, 2015, 2017, 2019 e 2022), dez em Portugal (2004, 2006, 2008, 2010, 2012, 2014, 2016, 2018, 2022 e 2024), tr\u00eas na Espanha (2008, 2010 e 2012) e uma nos Estados Unidos (2015).\u202f\u202f \u202f\u00a0<\/span><\/p>\n<\/div>\n<div data-hook=\"rcv-block50\"><\/div>\n<div data-breakout=\"normal\">\n<div id=\"viewer-slv6w2403\" class=\"bbl5c dkFHG WZ-z2 _-7CKp\" dir=\"auto\"><span class=\"zKS-7 WZ-z2\">\u00a0<\/span><\/div>\n<\/div>\n<div data-hook=\"rcv-block51\"><\/div>\n<div data-breakout=\"normal\">\n<p id=\"viewer-rx0lm2447\" class=\"bbl5c dkFHG WZ-z2 _-7CKp\" dir=\"auto\"><span class=\"zKS-7 WZ-z2\"><strong>Fonte:<\/strong> Approach Comunica\u00e7\u00e3o<\/span><\/p>\n<\/div>\n","protected":false},"excerpt":{"rendered":"<p>Em um passeio pelas \u00e1reas, saiba o que est\u00e1 por tr\u00e1s do maior festival de m\u00fasica do\u00a0mundo que chega aos 40 anos em um parque de entretenimento\u00a0com 385 mil m2 de pura experi\u00eancia\u00a0\u00a0 Por tr\u00e1s das c\u00e2meras e das luzes do palco, o Rock in Rio \u00e9 uma verdadeira orquestra de pessoas trabalhando em perfeita [&hellip;]<\/p>\n","protected":false},"author":12,"featured_media":21295,"comment_status":"closed","ping_status":"open","sticky":false,"template":"","format":"standard","meta":{"footnotes":""},"categories":[4],"tags":[],"class_list":["post-23690","post","type-post","status-publish","format-standard","has-post-thumbnail","hentry","category-noticias"],"_links":{"self":[{"href":"http:\/\/heavymetalonline.com.br\/index.php?rest_route=\/wp\/v2\/posts\/23690","targetHints":{"allow":["GET"]}}],"collection":[{"href":"http:\/\/heavymetalonline.com.br\/index.php?rest_route=\/wp\/v2\/posts"}],"about":[{"href":"http:\/\/heavymetalonline.com.br\/index.php?rest_route=\/wp\/v2\/types\/post"}],"author":[{"embeddable":true,"href":"http:\/\/heavymetalonline.com.br\/index.php?rest_route=\/wp\/v2\/users\/12"}],"replies":[{"embeddable":true,"href":"http:\/\/heavymetalonline.com.br\/index.php?rest_route=%2Fwp%2Fv2%2Fcomments&post=23690"}],"version-history":[{"count":1,"href":"http:\/\/heavymetalonline.com.br\/index.php?rest_route=\/wp\/v2\/posts\/23690\/revisions"}],"predecessor-version":[{"id":23691,"href":"http:\/\/heavymetalonline.com.br\/index.php?rest_route=\/wp\/v2\/posts\/23690\/revisions\/23691"}],"wp:featuredmedia":[{"embeddable":true,"href":"http:\/\/heavymetalonline.com.br\/index.php?rest_route=\/wp\/v2\/media\/21295"}],"wp:attachment":[{"href":"http:\/\/heavymetalonline.com.br\/index.php?rest_route=%2Fwp%2Fv2%2Fmedia&parent=23690"}],"wp:term":[{"taxonomy":"category","embeddable":true,"href":"http:\/\/heavymetalonline.com.br\/index.php?rest_route=%2Fwp%2Fv2%2Fcategories&post=23690"},{"taxonomy":"post_tag","embeddable":true,"href":"http:\/\/heavymetalonline.com.br\/index.php?rest_route=%2Fwp%2Fv2%2Ftags&post=23690"}],"curies":[{"name":"wp","href":"https:\/\/api.w.org\/{rel}","templated":true}]}}