{"id":23992,"date":"2024-08-06T20:19:04","date_gmt":"2024-08-06T20:19:04","guid":{"rendered":"http:\/\/heavymetalonline.com.br\/?p=23992"},"modified":"2024-08-06T20:19:04","modified_gmt":"2024-08-06T20:19:04","slug":"choque-acerta-as-contas-com-o-novo-single-cobrador-de-contas-um-golpe-pesado-no-thrashgroove-metal","status":"publish","type":"post","link":"http:\/\/heavymetalonline.com.br\/?p=23992","title":{"rendered":"Choque acerta as contas com o novo single &#8216;Cobrador de Contas&#8217;: um golpe pesado no Thrash\/Groove Metal"},"content":{"rendered":"<div data-breakout=\"normal\">\n<p id=\"viewer-pbnci1777\" class=\"ZuC5J faq2B WNdr- YZYFQ\" dir=\"auto\"><span class=\"deJ7P\">A banda de Thrash\/Groove Metal de Santa Catarina, <strong>Choque<\/strong> , ap\u00f3s estrear com tudo no elogiado single <em>&#8220;Terra do N\u00e3o&#8221;<\/em> , apresenta agora seu segundo lan\u00e7amento, o single intitulado <strong><em>&#8220;Cobrador de Contas&#8221;<\/em><\/strong> , mantendo a entrega de uma sonoridade robusta, pesada e agressiva, repleta de groove e intensidade.<\/span><\/p>\n<\/div>\n<div data-hook=\"rcv-block4\"><\/div>\n<div data-breakout=\"normal\">\n<div id=\"viewer-4bitw940\" class=\"ZuC5J faq2B WNdr- YZYFQ\" dir=\"auto\"><span class=\"deJ7P\">\u00a0<\/span><\/div>\n<\/div>\n<div data-hook=\"rcv-block5\"><\/div>\n<div data-breakout=\"normal\">\n<p id=\"viewer-cac79910\" class=\"ZuC5J faq2B YCZ-u YZYFQ\" dir=\"auto\"><span class=\"deJ7P YCZ-u\">Sua forma\u00e7\u00e3o conta agora com <strong>Rafhael Jorge<\/strong> (100 Dogmas, Mathagal e Fractal) nos vocais, <strong>Rodrigo Mazera<\/strong> (Cowboys From Rio Pantera Tribute) nas guitarras e na produ\u00e7\u00e3o, o rec\u00e9m-chegado <strong>Adriano Souza<\/strong> (Balboa&#8217;s Punch) no baixo e <strong>Erick Correa<\/strong> como baterista convidado.<\/span><\/p>\n<\/div>\n<div data-hook=\"rcv-block6\"><\/div>\n<div data-breakout=\"normal\">\n<div id=\"viewer-aeb7a978\" class=\"ZuC5J faq2B YCZ-u YZYFQ\" dir=\"auto\"><span class=\"deJ7P YCZ-u\">\u00a0<\/span><\/div>\n<\/div>\n<div data-hook=\"rcv-block7\"><\/div>\n<div data-breakout=\"normal\">\n<p id=\"viewer-l18wb920\" class=\"ZuC5J faq2B YCZ-u YZYFQ\" dir=\"auto\"><span class=\"deJ7P YCZ-u\"><strong>Rodrigo Mazera<\/strong> , idealizador da banda e dono de um timbre de guitarra altamente influenciado por Dimebag Darrell (Pantera), \u00e9 tamb\u00e9m o respons\u00e1vel pelas letras em portugu\u00eas que abordam temas de protesto e lendas urbanas. Em <strong><em>&#8220;Cobrador de Contas&#8221;<\/em><\/strong> , a banda narra a hist\u00f3ria de um matador de aluguel dos anos 70 na cidade de Rio do Sul, um personagem sombrio contratado para fazer o trabalho sujo de quem n\u00e3o paga suas d\u00edvidas. A faixa, que carrega influ\u00eancias claras de bandas como (a j\u00e1 citada) <strong>Pantera<\/strong> , <strong>Down<\/strong> , <strong>Machine Head<\/strong> e <strong>Soulfly<\/strong> , foi mixada e produzida por Mazera em seu est\u00fadio particular em Rio do Sul, Santa Catarina.<\/span><\/p>\n<\/div>\n<div data-hook=\"rcv-block8\"><\/div>\n<div data-breakout=\"normal\">\n<div id=\"viewer-lcuas1019\" class=\"ZuC5J faq2B YCZ-u YZYFQ\" dir=\"auto\"><span class=\"deJ7P YCZ-u\">\u00a0<\/span><\/div>\n<\/div>\n<div data-hook=\"rcv-block9\"><\/div>\n<div data-breakout=\"normal\">\n<p id=\"viewer-sr4hk1048\" class=\"ZuC5J faq2B YCZ-u YZYFQ\" dir=\"auto\"><span class=\"deJ7P YCZ-u\"><strong>Confira <\/strong><strong><em>&#8220;Cobrador de Contas&#8221;<\/em><\/strong> :<\/span><\/p>\n<\/div>\n<p><iframe loading=\"lazy\" title=\"CHOQUE - COBRADOR DE CONTAS\" width=\"640\" height=\"360\" src=\"https:\/\/www.youtube.com\/embed\/GZRtkvuvPtk?feature=oembed\" frameborder=\"0\" allow=\"accelerometer; autoplay; clipboard-write; encrypted-media; gyroscope; picture-in-picture; web-share\" referrerpolicy=\"strict-origin-when-cross-origin\" allowfullscreen><\/iframe><\/p>\n<div data-breakout=\"normal\">\n<p id=\"viewer-hiunz1081\" class=\"ZuC5J faq2B gkjNP YZYFQ\" dir=\"auto\"><span class=\"deJ7P\">Produ\u00e7\u00e3o por Rodrigo Mazera<\/span><\/p>\n<\/div>\n<div data-breakout=\"normal\">\n<p id=\"viewer-9cmqp1149\" class=\"ZuC5J faq2B gkjNP YZYFQ\" dir=\"auto\"><span class=\"deJ7P\">V\u00eddeo por Doug Theiss<\/span><\/p>\n<\/div>\n<div data-breakout=\"normal\">\n<p id=\"viewer-8194w1221\" class=\"ZuC5J faq2B gkjNP YZYFQ\" dir=\"auto\"><span class=\"deJ7P\">Logo por Vin\u00edcius Vicente Carvalho<\/span><\/p>\n<\/div>\n<div data-breakout=\"normal\">\n<p id=\"viewer-o0j6x1185\" class=\"ZuC5J faq2B gkjNP YZYFQ\" dir=\"auto\"><span class=\"deJ7P\">Capa por Maykon Kjellin<\/span><\/p>\n<\/div>\n<div data-hook=\"rcv-block15\"><\/div>\n<div data-breakout=\"normal\">\n<div id=\"viewer-rkut61750\" class=\"ZuC5J faq2B gkjNP YZYFQ\" dir=\"auto\"><span class=\"deJ7P\">\u00a0<\/span><\/div>\n<\/div>\n<div data-hook=\"rcv-block16\"><\/div>\n<div data-breakout=\"normal\">\n<p id=\"viewer-juudr1786\" class=\"ZuC5J faq2B gkjNP YZYFQ\" dir=\"auto\"><span class=\"deJ7P\"><strong>Rafhael Jorge<\/strong> comenta sobre o desafio e a satisfa\u00e7\u00e3o de gravar essa m\u00fasica, inspirado nos primeiros \u00e1lbuns do <strong>Pantera<\/strong> e em influ\u00eancias nacionais como <strong>Planet Hemp<\/strong> <strong>e<\/strong> os prim\u00f3rdios dos <strong>Raimundos<\/strong> . <em>\u201cA combina\u00e7\u00e3o das nossas influ\u00eancias musicais com a criatividade l\u00edrica do Mazera resultou em uma faixa que acredito que vai ressoar profundamente com nossos f\u00e3s\u201d<\/em> , destacou.<\/span><\/p>\n<\/div>\n<div data-hook=\"rcv-block17\"><\/div>\n<div data-breakout=\"normal\">\n<div id=\"viewer-vvio81897\" class=\"ZuC5J faq2B gkjNP YZYFQ\" dir=\"auto\"><span class=\"deJ7P\">\u00a0<\/span><\/div>\n<\/div>\n<div data-hook=\"rcv-block18\"><\/div>\n<div data-breakout=\"normal\">\n<p id=\"viewer-f8pf81834\" class=\"ZuC5J faq2B YCZ-u YZYFQ\" dir=\"auto\"><span class=\"deJ7P YCZ-u\">O single anterior, <em>&#8220;Terra do N\u00e3o&#8221;<\/em> , abordou a dura realidade dos andarilhos das ruas, e agora, <strong><em>&#8220;Cobrador de Contas<\/em><\/strong> &#8221; mant\u00e9m a proposta da banda de tratar temas que provocam reflex\u00e3o e exploram hist\u00f3rias de lendas urbanas de Santa Catarina.<\/span><\/p>\n<\/div>\n<div data-hook=\"rcv-block19\"><\/div>\n<div data-breakout=\"normal\">\n<div id=\"viewer-ku3fq1962\" class=\"ZuC5J faq2B YCZ-u YZYFQ\" dir=\"auto\"><span class=\"deJ7P YCZ-u\">\u00a0<\/span><\/div>\n<\/div>\n<div data-hook=\"rcv-block20\"><\/div>\n<div data-breakout=\"normal\">\n<p id=\"viewer-hpay41840\" class=\"ZuC5J faq2B YCZ-u YZYFQ\" dir=\"auto\"><span class=\"deJ7P YCZ-u\">Seguindo essa linha, a banda lan\u00e7ar\u00e1 um novo single a cada 15 dias at\u00e9 completar seu \u00e1lbum, que tamb\u00e9m carregar\u00e1 o t\u00edtulo de <strong><em>&#8220;Terra do N\u00e3o&#8221;<\/em><\/strong> .<\/span><\/p>\n<\/div>\n<div data-hook=\"rcv-block21\"><\/div>\n<div data-breakout=\"normal\">\n<div id=\"viewer-sv85l2025\" class=\"ZuC5J faq2B YCZ-u YZYFQ\" dir=\"auto\"><span class=\"deJ7P YCZ-u\">\u00a0<\/span><\/div>\n<\/div>\n<div data-hook=\"rcv-block22\"><\/div>\n<div data-breakout=\"normal\">\n<p id=\"viewer-wg08y1844\" class=\"ZuC5J faq2B YCZ-u YZYFQ\" dir=\"auto\"><span class=\"deJ7P YCZ-u\">O pr\u00f3ximo single, <strong><em>&#8220;Nego da Beira&#8221;<\/em><\/strong> , tem lan\u00e7amento marcado para o dia 15 de agosto. Fique atento \u00e0s redes sociais da banda para acompanhar todas as novidades.<\/span><\/p>\n<\/div>\n<div data-hook=\"rcv-block23\"><\/div>\n<div data-breakout=\"normal\">\n<p id=\"viewer-2t7a31848\" class=\"ZuC5J faq2B YCZ-u YZYFQ\" dir=\"auto\"><span class=\"deJ7P YCZ-u\">As m\u00fasicas ser\u00e3o lan\u00e7adas inicialmente como singles no Instagram e YouTube da banda, e, ap\u00f3s a finaliza\u00e7\u00e3o do processo, ser\u00e3o reunidas no \u00e1lbum e disponibilizadas nas plataformas de streaming.<\/span><\/p>\n<\/div>\n<div data-hook=\"rcv-block24\"><\/div>\n<div data-breakout=\"normal\">\n<div id=\"viewer-rb2pe135\" class=\"ZuC5J faq2B YCZ-u YZYFQ\" dir=\"auto\"><span class=\"deJ7P YCZ-u\">\u00a0<\/span><\/div>\n<\/div>\n<div data-hook=\"rcv-block25\"><\/div>\n<div data-breakout=\"normal\">\n<p id=\"viewer-nwl0a195\" class=\"ZuC5J faq2B YCZ-u YZYFQ\" dir=\"auto\"><span class=\"deJ7P YCZ-u\"><strong>Siga o CHOQUE nas m\u00eddias sociais:<\/strong><\/span><\/p>\n<\/div>\n<div data-breakout=\"normal\">\n<p id=\"viewer-4i4j9256\" class=\"ZuC5J faq2B gkjNP YZYFQ\" dir=\"auto\"><span class=\"deJ7P\">Instagram: @choqueofficial<\/span><\/p>\n<\/div>\n<div data-breakout=\"normal\">\n<p id=\"viewer-kt2t2387\" class=\"ZuC5J faq2B gkjNP YZYFQ\" dir=\"auto\"><span class=\"deJ7P\">YouTube: @choque-official<\/span><\/p>\n<\/div>\n<div data-hook=\"rcv-block28\"><\/div>\n<div data-breakout=\"normal\">\n<div id=\"viewer-e597h704\" class=\"ZuC5J faq2B gkjNP YZYFQ\" dir=\"auto\"><span class=\"deJ7P\">\u00a0<\/span><\/div>\n<\/div>\n<div data-hook=\"rcv-block29\"><\/div>\n<div data-breakout=\"normal\">\n<p id=\"viewer-japd4767\" class=\"ZuC5J faq2B gkjNP YZYFQ\" dir=\"auto\"><span class=\"deJ7P\"><strong>Fonte<\/strong>: JZ Press<\/span><\/p>\n<\/div>\n","protected":false},"excerpt":{"rendered":"<p>A banda de Thrash\/Groove Metal de Santa Catarina, Choque , ap\u00f3s estrear com tudo no elogiado single &#8220;Terra do N\u00e3o&#8221; , apresenta agora seu segundo lan\u00e7amento, o single intitulado &#8220;Cobrador de Contas&#8221; , mantendo a entrega de uma sonoridade robusta, pesada e agressiva, repleta de groove e intensidade. \u00a0 Sua forma\u00e7\u00e3o conta agora com Rafhael [&hellip;]<\/p>\n","protected":false},"author":12,"featured_media":23993,"comment_status":"closed","ping_status":"open","sticky":false,"template":"","format":"standard","meta":{"footnotes":""},"categories":[4],"tags":[],"class_list":["post-23992","post","type-post","status-publish","format-standard","has-post-thumbnail","hentry","category-noticias"],"_links":{"self":[{"href":"http:\/\/heavymetalonline.com.br\/index.php?rest_route=\/wp\/v2\/posts\/23992","targetHints":{"allow":["GET"]}}],"collection":[{"href":"http:\/\/heavymetalonline.com.br\/index.php?rest_route=\/wp\/v2\/posts"}],"about":[{"href":"http:\/\/heavymetalonline.com.br\/index.php?rest_route=\/wp\/v2\/types\/post"}],"author":[{"embeddable":true,"href":"http:\/\/heavymetalonline.com.br\/index.php?rest_route=\/wp\/v2\/users\/12"}],"replies":[{"embeddable":true,"href":"http:\/\/heavymetalonline.com.br\/index.php?rest_route=%2Fwp%2Fv2%2Fcomments&post=23992"}],"version-history":[{"count":1,"href":"http:\/\/heavymetalonline.com.br\/index.php?rest_route=\/wp\/v2\/posts\/23992\/revisions"}],"predecessor-version":[{"id":23994,"href":"http:\/\/heavymetalonline.com.br\/index.php?rest_route=\/wp\/v2\/posts\/23992\/revisions\/23994"}],"wp:featuredmedia":[{"embeddable":true,"href":"http:\/\/heavymetalonline.com.br\/index.php?rest_route=\/wp\/v2\/media\/23993"}],"wp:attachment":[{"href":"http:\/\/heavymetalonline.com.br\/index.php?rest_route=%2Fwp%2Fv2%2Fmedia&parent=23992"}],"wp:term":[{"taxonomy":"category","embeddable":true,"href":"http:\/\/heavymetalonline.com.br\/index.php?rest_route=%2Fwp%2Fv2%2Fcategories&post=23992"},{"taxonomy":"post_tag","embeddable":true,"href":"http:\/\/heavymetalonline.com.br\/index.php?rest_route=%2Fwp%2Fv2%2Ftags&post=23992"}],"curies":[{"name":"wp","href":"https:\/\/api.w.org\/{rel}","templated":true}]}}