{"id":23998,"date":"2024-08-06T21:06:52","date_gmt":"2024-08-06T21:06:52","guid":{"rendered":"http:\/\/heavymetalonline.com.br\/?p=23998"},"modified":"2024-08-06T21:06:52","modified_gmt":"2024-08-06T21:06:52","slug":"barao-vermelho-volta-ao-rock-in-rio-na-edicao-de-40-anos","status":"publish","type":"post","link":"http:\/\/heavymetalonline.com.br\/?p=23998","title":{"rendered":"Bar\u00e3o Vermelho volta ao Rock in Rio na edi\u00e7\u00e3o de 40 anos"},"content":{"rendered":"<div data-breakout=\"normal\">\n<p id=\"viewer-zds9b5250\" class=\"ZuC5J faq2B WNdr- YZYFQ\" dir=\"auto\"><span class=\"deJ7P\">Uma das \u00fanicas bandas (ao lado dos Paralamas do Sucesso) que estava na primeira edi\u00e7\u00e3o do<strong> Rock in Rio<\/strong>, <strong>Bar\u00e3o Vermelho<\/strong> foi convidada para participar da edi\u00e7\u00e3o comemorativa de 40 anos do festival. O Bar\u00e3o vai tocar no dia 15\/09 na abertura do Palco Sunset, com a forma\u00e7\u00e3o que est\u00e1 na estrada desde 2017 composta Guto Goffi (bateria), Maur\u00edcio Barros (teclados e vocais), Fernando Magalh\u00e3es (guitarra, viol\u00e3o e vocais) e por Rodrigo Suricato (voz, guitarra e viol\u00f5es). \u00c9 o show de lan\u00e7amento da nova turn\u00ea.<\/span><\/p>\n<\/div>\n<div data-hook=\"rcv-block4\"><\/div>\n<div data-breakout=\"normal\">\n<p id=\"viewer-ji1o05026\" class=\"ZuC5J faq2B WNdr- YZYFQ\" dir=\"auto\"><span class=\"deJ7P\">\u00a0<\/span><\/p>\n<\/div>\n<div data-hook=\"rcv-block5\"><\/div>\n<div data-breakout=\"normal\">\n<p id=\"viewer-i1g585028\" class=\"ZuC5J faq2B WNdr- YZYFQ\" dir=\"auto\"><span class=\"deJ7P\"><em>\u201cEsse show tem a colabora\u00e7\u00e3o do artista e percussionista Japa System, residente em Portugal, conhecido por suas contribui\u00e7\u00f5es com o Baiana System. Percussionista criativo e especialista em Beats, acostumado a misturar e flertar com uma linguagem brasileira contempor\u00e2nea. \u00c9 a primeira vez que o Bar\u00e3o incorpora um percussionista desde que o Peninha se foi. Al\u00e9m dele, duas backing vocals que eventualmente fazem parte do show. \u00c9 um show montado especificamente para o RIR antes de iniciarmos uma nova tour\u201d<\/em> explica Rodrigo Suricato.<\/span><\/p>\n<\/div>\n<div data-hook=\"rcv-block6\"><\/div>\n<div data-breakout=\"normal\">\n<p id=\"viewer-nk86e5030\" class=\"ZuC5J faq2B WNdr- YZYFQ\" dir=\"auto\"><span class=\"deJ7P\">\u00a0<\/span><\/p>\n<\/div>\n<div data-hook=\"rcv-block7\"><\/div>\n<div data-breakout=\"normal\">\n<p id=\"viewer-vz19h5032\" class=\"ZuC5J faq2B WNdr- YZYFQ\" dir=\"auto\"><span class=\"deJ7P\">Para Mauricio Barros, <em>\u201c\u00c9 uma alegria participar do festival! Essa \u00e9 a terceira vez com o Bar\u00e3o. Na primeira edi\u00e7\u00e3o, em 85, ainda com o Cazuza, subi ao palco com apenas 20 anos. Sem d\u00favida, vai ser uma festa maravilhosa!\u201d<\/em>, contou.<\/span><\/p>\n<\/div>\n<div data-hook=\"rcv-block8\"><\/div>\n<div data-breakout=\"normal\">\n<p id=\"viewer-v4aff5034\" class=\"ZuC5J faq2B WNdr- YZYFQ\" dir=\"auto\"><span class=\"deJ7P\">\u00a0<\/span><\/p>\n<\/div>\n<div data-hook=\"rcv-block9\"><\/div>\n<div data-breakout=\"normal\">\n<p id=\"viewer-m9s3i5036\" class=\"ZuC5J faq2B WNdr- YZYFQ\" dir=\"auto\"><span class=\"deJ7P\"><em>\u201cAssisto ao Rock In Rio desde 1985, um festival lindo e renovador. \u00c9 uma honra e alegria poder estar neste line up com o Bar\u00e3o Vermelho, e poder celebrar 42 anos de banda e boa m\u00fasica com o p\u00fablico do festival. Parab\u00e9ns pela festa e entretenimento impec\u00e1veis. Que venham muitos mais!\u201d<\/em>, disse o guitarrista Fernando Magalh\u00e3es<\/span><\/p>\n<\/div>\n<div data-hook=\"rcv-block10\"><\/div>\n<div data-breakout=\"normal\">\n<p id=\"viewer-0mmhn5038\" class=\"ZuC5J faq2B WNdr- YZYFQ\" dir=\"auto\"><span class=\"deJ7P\"><em>\u00a0<\/em><\/span><\/p>\n<\/div>\n<div data-hook=\"rcv-block11\"><\/div>\n<div data-breakout=\"normal\">\n<p id=\"viewer-8w1sh5040\" class=\"ZuC5J faq2B WNdr- YZYFQ\" dir=\"auto\"><span class=\"deJ7P\"><em>\u201c40 anos do Rock in Rio, significam que o ROCK resistiu esses 40 anos no Brasil e eu, que passei por tudo isso, me orgulho\u201d<\/em> conclui o batera Guto Goffi<\/span><\/p>\n<\/div>\n<div data-hook=\"rcv-block12\"><\/div>\n<div data-breakout=\"normal\">\n<p id=\"viewer-jgz115042\" class=\"ZuC5J faq2B WNdr- YZYFQ\" dir=\"auto\"><span class=\"deJ7P\">\u00a0<\/span><\/p>\n<\/div>\n<div data-hook=\"rcv-block13\"><\/div>\n<div data-breakout=\"normal\">\n<p id=\"viewer-xskrh5044\" class=\"ZuC5J faq2B WNdr- YZYFQ\" dir=\"auto\"><span class=\"deJ7P\">O <strong>Bar\u00e3o Vermelho <\/strong>tamb\u00e9m prepara um novo single para ser lan\u00e7ado ainda este ano. Al\u00e9m disso fechou uma parceria com a empresa SUNOR, que vai cuidar do merchandising e lan\u00e7ar v\u00e1rios produtos com a marca Bar\u00e3o Vermelho.<\/span><\/p>\n<\/div>\n<div data-hook=\"rcv-block14\"><\/div>\n<div data-breakout=\"normal\">\n<p id=\"viewer-78e0b5046\" class=\"ZuC5J faq2B WNdr- YZYFQ\" dir=\"auto\"><span class=\"deJ7P\">\u00a0<\/span><\/p>\n<\/div>\n<div data-hook=\"rcv-block15\"><\/div>\n<div data-breakout=\"normal\">\n<p id=\"viewer-6rdj35048\" class=\"ZuC5J faq2B WNdr- YZYFQ\" dir=\"auto\"><span class=\"deJ7P\"><strong>Sobre o Bar\u00e3o<\/strong><\/span><\/p>\n<\/div>\n<div data-breakout=\"normal\">\n<p id=\"viewer-7bm2y5050\" class=\"ZuC5J faq2B WNdr- YZYFQ\" dir=\"auto\"><span class=\"deJ7P\">H\u00e1 sete anos, o quarteto carioca, \u00e9 composto por dois de seus fundadores: Guto Goffi (bateria) e Maur\u00edcio Barros (teclados e vocais), Fernando Magalh\u00e3es (guitarra, viol\u00e3o e vocais), desde 1985 no grupo e por Rodrigo Suricato (voz, guitarra e viol\u00f5es).<\/span><\/p>\n<\/div>\n<div data-hook=\"rcv-block17\"><\/div>\n<div data-breakout=\"normal\">\n<p id=\"viewer-70vei5052\" class=\"ZuC5J faq2B WNdr- YZYFQ\" dir=\"auto\"><span class=\"deJ7P\">\u00a0<\/span><\/p>\n<\/div>\n<div data-hook=\"rcv-block18\"><\/div>\n<div data-breakout=\"normal\">\n<p id=\"viewer-k8nl95054\" class=\"ZuC5J faq2B WNdr- YZYFQ\" dir=\"auto\"><span class=\"deJ7P\">A hist\u00f3ria do Bar\u00e3o Vermelho se confunde com a pr\u00f3pria hist\u00f3ria do rock nacional. Banda que desfila sucessos, com repert\u00f3rio que passeia por quatro d\u00e9cadas, como \u201cPor Voc\u00ea\u201d, \u201cPro dia Nascer Feliz\u201d, \u201cPuro \u00caxtase&#8221; e \u201cBete Balan\u00e7o\u201d.<\/span><\/p>\n<\/div>\n<div data-hook=\"rcv-block19\"><\/div>\n<div data-breakout=\"normal\">\n<div id=\"viewer-vk6gm5902\" class=\"ZuC5J faq2B WNdr- YZYFQ\" dir=\"auto\"><span class=\"deJ7P\">\u00a0<\/span><\/div>\n<\/div>\n<div data-hook=\"rcv-block20\"><\/div>\n<div data-breakout=\"normal\">\n<p id=\"viewer-8o9df5930\" class=\"ZuC5J faq2B WNdr- YZYFQ\" dir=\"auto\"><span class=\"deJ7P\"><strong>Fonte:<\/strong>\u00a0Reda\u00e7\u00e3o\/ Ana Paula Romeiro<\/span><\/p>\n<\/div>\n","protected":false},"excerpt":{"rendered":"<p>Uma das \u00fanicas bandas (ao lado dos Paralamas do Sucesso) que estava na primeira edi\u00e7\u00e3o do Rock in Rio, Bar\u00e3o Vermelho foi convidada para participar da edi\u00e7\u00e3o comemorativa de 40 anos do festival. O Bar\u00e3o vai tocar no dia 15\/09 na abertura do Palco Sunset, com a forma\u00e7\u00e3o que est\u00e1 na estrada desde 2017 composta [&hellip;]<\/p>\n","protected":false},"author":12,"featured_media":23999,"comment_status":"closed","ping_status":"open","sticky":false,"template":"","format":"standard","meta":{"footnotes":""},"categories":[4],"tags":[],"class_list":["post-23998","post","type-post","status-publish","format-standard","has-post-thumbnail","hentry","category-noticias"],"_links":{"self":[{"href":"http:\/\/heavymetalonline.com.br\/index.php?rest_route=\/wp\/v2\/posts\/23998","targetHints":{"allow":["GET"]}}],"collection":[{"href":"http:\/\/heavymetalonline.com.br\/index.php?rest_route=\/wp\/v2\/posts"}],"about":[{"href":"http:\/\/heavymetalonline.com.br\/index.php?rest_route=\/wp\/v2\/types\/post"}],"author":[{"embeddable":true,"href":"http:\/\/heavymetalonline.com.br\/index.php?rest_route=\/wp\/v2\/users\/12"}],"replies":[{"embeddable":true,"href":"http:\/\/heavymetalonline.com.br\/index.php?rest_route=%2Fwp%2Fv2%2Fcomments&post=23998"}],"version-history":[{"count":1,"href":"http:\/\/heavymetalonline.com.br\/index.php?rest_route=\/wp\/v2\/posts\/23998\/revisions"}],"predecessor-version":[{"id":24000,"href":"http:\/\/heavymetalonline.com.br\/index.php?rest_route=\/wp\/v2\/posts\/23998\/revisions\/24000"}],"wp:featuredmedia":[{"embeddable":true,"href":"http:\/\/heavymetalonline.com.br\/index.php?rest_route=\/wp\/v2\/media\/23999"}],"wp:attachment":[{"href":"http:\/\/heavymetalonline.com.br\/index.php?rest_route=%2Fwp%2Fv2%2Fmedia&parent=23998"}],"wp:term":[{"taxonomy":"category","embeddable":true,"href":"http:\/\/heavymetalonline.com.br\/index.php?rest_route=%2Fwp%2Fv2%2Fcategories&post=23998"},{"taxonomy":"post_tag","embeddable":true,"href":"http:\/\/heavymetalonline.com.br\/index.php?rest_route=%2Fwp%2Fv2%2Ftags&post=23998"}],"curies":[{"name":"wp","href":"https:\/\/api.w.org\/{rel}","templated":true}]}}