{"id":24006,"date":"2024-08-07T01:52:02","date_gmt":"2024-08-07T01:52:02","guid":{"rendered":"http:\/\/heavymetalonline.com.br\/?p=24006"},"modified":"2024-08-07T01:52:02","modified_gmt":"2024-08-07T01:52:02","slug":"cidade-de-pedra-lanca-album-de-estreia-sob-o-olhar-da-madrugada-nas-principais-plataformas-digitais","status":"publish","type":"post","link":"http:\/\/heavymetalonline.com.br\/?p=24006","title":{"rendered":"Cidade de Pedra lan\u00e7a \u00e1lbum de estreia &#8220;Sob o Olhar da Madrugada&#8221; nas principais plataformas digitais"},"content":{"rendered":"<div data-breakout=\"normal\">\n<p id=\"viewer-p0qpa5973\" class=\"ZuC5J faq2B WNdr- YZYFQ\" dir=\"auto\"><span class=\"deJ7P\">Depois de quatro singles lan\u00e7ados entre 2021 e 2023, o <strong>Cidade de Pedra<\/strong> lan\u00e7a o seu \u00e1lbum de estreia: <strong>Sob o Olhar da Madrugada<\/strong>.\u00a0O trabalho conta com nove faixas autorais, escritas em portugu\u00eas, com influ\u00eancias que transitam\u00a0entre o Classic e o Hard Rock ra\u00edz, sem purpurina, nem lantejoulas.\u00a0O produto final soa quase como um \u00e1lbum conceitual, n\u00e3o s\u00f3 pela sonoridade, mas tamb\u00e9m pela tem\u00e1tica das letras que se combinam e resgatam aspectos do cotidiano de forma perspicaz.\u00a0<\/span><\/p>\n<\/div>\n<div data-hook=\"rcv-block3\"><\/div>\n<div data-breakout=\"normal\">\n<div id=\"viewer-hkscd5947\" class=\"ZuC5J faq2B WNdr- YZYFQ\" dir=\"auto\"><span class=\"deJ7P\">\u00a0<\/span><\/div>\n<\/div>\n<div data-hook=\"rcv-block4\"><\/div>\n<div data-breakout=\"normal\">\n<p id=\"viewer-o4srf2059\" class=\"ZuC5J faq2B WNdr- YZYFQ\" dir=\"auto\"><span class=\"deJ7P\">Planejado estrategicamente, o \u00e1lbum foi disponibilizado nas plataformas digitais no dia 13 de julho; a vers\u00e3o do \u00e1lbum em formato CD est\u00e1 em andamento com tiragem inicial de 1.000 c\u00f3pias. Com produ\u00e7\u00e3o totalmente independente, as faixas foram mixadas e masterizadas pelo NVR Est\u00fadio, com produ\u00e7\u00e3o do pr\u00f3prio<strong> Cidade de Pedra.\u00a0<\/strong><\/span><\/p>\n<\/div>\n<div data-hook=\"rcv-block5\"><\/div>\n<div data-breakout=\"normal\">\n<div id=\"viewer-ih2fp2062\" class=\"ZuC5J faq2B WNdr- YZYFQ\" dir=\"auto\"><span class=\"deJ7P\">\u00a0<\/span><\/div>\n<\/div>\n<div data-hook=\"rcv-block6\"><\/div>\n<div data-breakout=\"normal\">\n<p id=\"viewer-brtun2063\" class=\"ZuC5J faq2B WNdr- YZYFQ\" dir=\"auto\"><span class=\"deJ7P\">Para a divulga\u00e7\u00e3o do trabalho, o grupo j\u00e1 iniciou as grava\u00e7\u00f5es de um videoclipe da faixa-t\u00edtulo, al\u00e9m da programa\u00e7\u00e3o de uma agenda de shows bem movimentada para o segundo semestre de 2024.<\/span><\/p>\n<\/div>\n<div data-hook=\"rcv-block7\"><\/div>\n<div data-breakout=\"normal\">\n<div id=\"viewer-xj18y2066\" class=\"ZuC5J faq2B WNdr- YZYFQ\" dir=\"auto\"><span class=\"deJ7P\">\u00a0<\/span><\/div>\n<\/div>\n<div data-hook=\"rcv-block8\"><\/div>\n<div data-breakout=\"normal\">\n<p id=\"viewer-g7tzr3417\" class=\"ZuC5J faq2B WNdr- YZYFQ\" dir=\"auto\"><span class=\"deJ7P\">Ou\u00e7a o \u00e1lbum nas plataformas de streaming:<\/span><\/p>\n<p><iframe title=\"Spotify Embed: Sob o Olhar da Madrugada\" style=\"border-radius: 12px\" width=\"100%\" height=\"352\" frameborder=\"0\" allowfullscreen allow=\"autoplay; clipboard-write; encrypted-media; fullscreen; picture-in-picture\" loading=\"lazy\" src=\"https:\/\/open.spotify.com\/embed\/album\/47mrGcnNLzpN3MOCJknnMY?si=aPNjWxoOSXWuB_VdGT6Wcg&#038;utm_source=oembed\"><\/iframe><\/p>\n<div data-breakout=\"normal\">\n<p id=\"viewer-j9l2d2072\" class=\"ZuC5J faq2B WNdr- YZYFQ\" dir=\"auto\"><span class=\"deJ7P\"><strong>Tracklist:<\/strong><\/span><\/p>\n<\/div>\n<div data-breakout=\"normal\">\n<p id=\"viewer-pslh32073\" class=\"ZuC5J faq2B WNdr- YZYFQ\" dir=\"auto\"><span class=\"deJ7P\">1 &#8211; Tiro no Escuro<\/span><\/p>\n<\/div>\n<div data-breakout=\"normal\">\n<p id=\"viewer-zijht2076\" class=\"ZuC5J faq2B WNdr- YZYFQ\" dir=\"auto\"><span class=\"deJ7P\">2 &#8211; Sob o Olhar da Madrugada<\/span><\/p>\n<\/div>\n<div data-breakout=\"normal\">\n<p id=\"viewer-b5vt52079\" class=\"ZuC5J faq2B WNdr- YZYFQ\" dir=\"auto\"><span class=\"deJ7P\">3 &#8211; Suprassumo do Nada<\/span><\/p>\n<\/div>\n<div data-breakout=\"normal\">\n<p id=\"viewer-vrwak2082\" class=\"ZuC5J faq2B WNdr- YZYFQ\" dir=\"auto\"><span class=\"deJ7P\">4 &#8211; Lembre de Mim \u00e0 Vontade\u00a0<\/span><\/p>\n<\/div>\n<div data-breakout=\"normal\">\n<p id=\"viewer-5ide12085\" class=\"ZuC5J faq2B WNdr- YZYFQ\" dir=\"auto\"><span class=\"deJ7P\">5 &#8211; Me D\u00ea o Seu Exemplo<\/span><\/p>\n<\/div>\n<div data-breakout=\"normal\">\n<p id=\"viewer-ulnxm2088\" class=\"ZuC5J faq2B WNdr- YZYFQ\" dir=\"auto\"><span class=\"deJ7P\">6 &#8211; Antes da Casa Cair<\/span><\/p>\n<\/div>\n<div data-breakout=\"normal\">\n<p id=\"viewer-po6l92091\" class=\"ZuC5J faq2B WNdr- YZYFQ\" dir=\"auto\"><span class=\"deJ7P\">7 &#8211; Algo Mais<\/span><\/p>\n<\/div>\n<div data-breakout=\"normal\">\n<p id=\"viewer-vd3gb2094\" class=\"ZuC5J faq2B WNdr- YZYFQ\" dir=\"auto\"><span class=\"deJ7P\">8 &#8211; Quando o Sil\u00eancio Fala Mais Alto<\/span><\/p>\n<\/div>\n<div data-breakout=\"normal\">\n<p id=\"viewer-2env72097\" class=\"ZuC5J faq2B WNdr- YZYFQ\" dir=\"auto\"><span class=\"deJ7P\">9 &#8211; Cidade de Pedra<\/span><\/p>\n<\/div>\n<div data-hook=\"rcv-block22\"><\/div>\n<div data-breakout=\"normal\">\n<div id=\"viewer-89uoa3242\" class=\"ZuC5J faq2B WNdr- YZYFQ\" dir=\"auto\"><span class=\"deJ7P\">\u00a0<\/span><\/div>\n<\/div>\n<div data-hook=\"rcv-block23\"><\/div>\n<div data-breakout=\"normal\">\n<p id=\"viewer-5fjgv3266\" class=\"ZuC5J faq2B WNdr- YZYFQ\" dir=\"auto\"><span class=\"deJ7P\"><strong>CIDADE DE PEDRA<\/strong><\/span><\/p>\n<\/div>\n<div data-breakout=\"normal\">\n<p id=\"viewer-gkpmq3291\" class=\"ZuC5J faq2B WNdr- YZYFQ\" dir=\"auto\"><span class=\"deJ7P\">Marcus Pepe (vocal\/letras)<\/span><\/p>\n<\/div>\n<div data-breakout=\"normal\">\n<p id=\"viewer-90xhj3293\" class=\"ZuC5J faq2B WNdr- YZYFQ\" dir=\"auto\"><span class=\"deJ7P\">Ed Navarrette (guitarra\/vocais)<\/span><\/p>\n<\/div>\n<div data-breakout=\"normal\">\n<p id=\"viewer-b9jar3295\" class=\"ZuC5J faq2B WNdr- YZYFQ\" dir=\"auto\"><span class=\"deJ7P\">S\u00e9rgio Rocha (baixo\/vocais)<\/span><\/p>\n<\/div>\n<div data-breakout=\"normal\">\n<p id=\"viewer-beseo3297\" class=\"ZuC5J faq2B WNdr- YZYFQ\" dir=\"auto\"><span class=\"deJ7P\">S\u00e9rgio Navarrette (bateria\/vocais)<\/span><\/p>\n<\/div>\n<div data-hook=\"rcv-block28\"><\/div>\n<div data-breakout=\"normal\">\n<div id=\"viewer-vddse2100\" class=\"ZuC5J faq2B WNdr- YZYFQ\" dir=\"auto\"><span class=\"deJ7P\">\u00a0<\/span><\/div>\n<\/div>\n<div data-hook=\"rcv-block29\"><\/div>\n<div data-breakout=\"normal\">\n<p id=\"viewer-kufv72525\" class=\"ZuC5J faq2B WNdr- YZYFQ\" dir=\"auto\"><span class=\"deJ7P\"><strong>Acompanhe a banda:<\/strong><\/span><\/p>\n<\/div>\n<div data-breakout=\"normal\">\n<p id=\"viewer-k1inl2944\" class=\"ZuC5J faq2B WNdr- YZYFQ\" dir=\"auto\"><span class=\"deJ7P\">Instagram: <a class=\"QzAlv iqUF1\" href=\"https:\/\/www.instagram.com\/cidadedepedrarock\/?hl=pt-br\" target=\"_blank\" rel=\"noopener noreferrer\" data-hook=\"WebLink\"><u>@cidadedepedrarock<\/u><\/a><\/span><\/p>\n<\/div>\n<div data-breakout=\"normal\">\n<p id=\"viewer-0ri9n5549\" class=\"ZuC5J faq2B WNdr- YZYFQ\" dir=\"auto\"><span class=\"deJ7P\">Facebook: <a class=\"QzAlv iqUF1\" href=\"https:\/\/www.facebook.com\/cidadedepedrarock\" target=\"_blank\" rel=\"noopener noreferrer\" data-hook=\"WebLink\"><u>@cidadedepedrarock<\/u><\/a><\/span><\/p>\n<\/div>\n<div data-hook=\"rcv-block32\"><\/div>\n<div data-breakout=\"normal\">\n<div id=\"viewer-nrkmx4796\" class=\"ZuC5J faq2B WNdr- YZYFQ\" dir=\"auto\"><span class=\"deJ7P\">\u00a0<\/span><\/div>\n<\/div>\n<div data-hook=\"rcv-block33\"><\/div>\n<div data-breakout=\"normal\">\n<p id=\"viewer-pdw3j4823\" class=\"ZuC5J faq2B WNdr- YZYFQ\" dir=\"auto\"><span class=\"deJ7P\"><strong>Fonte: <\/strong>Reda\u00e7\u00e3o<\/span><\/p>\n<\/div>\n<\/div>\n","protected":false},"excerpt":{"rendered":"<p>Depois de quatro singles lan\u00e7ados entre 2021 e 2023, o Cidade de Pedra lan\u00e7a o seu \u00e1lbum de estreia: Sob o Olhar da Madrugada.\u00a0O trabalho conta com nove faixas autorais, escritas em portugu\u00eas, com influ\u00eancias que transitam\u00a0entre o Classic e o Hard Rock ra\u00edz, sem purpurina, nem lantejoulas.\u00a0O produto final soa quase como um \u00e1lbum [&hellip;]<\/p>\n","protected":false},"author":12,"featured_media":24007,"comment_status":"closed","ping_status":"open","sticky":false,"template":"","format":"standard","meta":{"footnotes":""},"categories":[4],"tags":[],"class_list":["post-24006","post","type-post","status-publish","format-standard","has-post-thumbnail","hentry","category-noticias"],"_links":{"self":[{"href":"http:\/\/heavymetalonline.com.br\/index.php?rest_route=\/wp\/v2\/posts\/24006","targetHints":{"allow":["GET"]}}],"collection":[{"href":"http:\/\/heavymetalonline.com.br\/index.php?rest_route=\/wp\/v2\/posts"}],"about":[{"href":"http:\/\/heavymetalonline.com.br\/index.php?rest_route=\/wp\/v2\/types\/post"}],"author":[{"embeddable":true,"href":"http:\/\/heavymetalonline.com.br\/index.php?rest_route=\/wp\/v2\/users\/12"}],"replies":[{"embeddable":true,"href":"http:\/\/heavymetalonline.com.br\/index.php?rest_route=%2Fwp%2Fv2%2Fcomments&post=24006"}],"version-history":[{"count":1,"href":"http:\/\/heavymetalonline.com.br\/index.php?rest_route=\/wp\/v2\/posts\/24006\/revisions"}],"predecessor-version":[{"id":24008,"href":"http:\/\/heavymetalonline.com.br\/index.php?rest_route=\/wp\/v2\/posts\/24006\/revisions\/24008"}],"wp:featuredmedia":[{"embeddable":true,"href":"http:\/\/heavymetalonline.com.br\/index.php?rest_route=\/wp\/v2\/media\/24007"}],"wp:attachment":[{"href":"http:\/\/heavymetalonline.com.br\/index.php?rest_route=%2Fwp%2Fv2%2Fmedia&parent=24006"}],"wp:term":[{"taxonomy":"category","embeddable":true,"href":"http:\/\/heavymetalonline.com.br\/index.php?rest_route=%2Fwp%2Fv2%2Fcategories&post=24006"},{"taxonomy":"post_tag","embeddable":true,"href":"http:\/\/heavymetalonline.com.br\/index.php?rest_route=%2Fwp%2Fv2%2Ftags&post=24006"}],"curies":[{"name":"wp","href":"https:\/\/api.w.org\/{rel}","templated":true}]}}