{"id":24696,"date":"2024-09-05T13:11:27","date_gmt":"2024-09-05T13:11:27","guid":{"rendered":"http:\/\/heavymetalonline.com.br\/?p=24696"},"modified":"2024-09-05T13:15:08","modified_gmt":"2024-09-05T13:15:08","slug":"rock-in-rio-2024-estandes-das-marcas-e-opcoes-variadas-de-gastronomia-sao-destaques-na-cidade-do-rock","status":"publish","type":"post","link":"http:\/\/heavymetalonline.com.br\/?p=24696","title":{"rendered":"Rock in Rio 2024: Estandes das marcas e op\u00e7\u00f5es variadas de gastronomia s\u00e3o destaques na Cidade do Rock"},"content":{"rendered":"<div class=\"nLG8d5\" data-hook=\"post-description\">\n<article class=\"blog-post-page-font\">\n<div class=\"post-content__body stSKMK\">\n<div class=\"moHCnT\">\n<div class=\"moHCnT\">\n<div class=\"fTEXDR\" data-rce-version=\"10.92.1\">\n<div class=\"SJwAG\" dir=\"ltr\" data-id=\"content-viewer\">\n<div class=\"pSuBm\">\n<div class=\"lU5st\">\n<div data-breakout=\"normal\">\n<div data-breakout=\"normal\">\n<p id=\"viewer-q79qu2772\" class=\"v3Sq9 qf-Fi JuVWE E207f\" dir=\"auto\" style=\"text-align: center;\"><span class=\"-DNr2\"><em>P\u00fablico vai participar de mais de 130 ativa\u00e7\u00f5es de 85 marcas parceiras e recarregar as energias nos 860 pontos de alimenta\u00e7\u00e3o, incluindo os bares dos empreendedores Sebrae no Espa\u00e7o Favela, os pratos exclusivos da Chef Heaven Delhaye no<\/em><\/span><\/p>\n<\/div>\n<div data-breakout=\"normal\">\n<p id=\"viewer-ymfft2695\" class=\"v3Sq9 qf-Fi JuVWE E207f\" dir=\"auto\" style=\"text-align: center;\"><span class=\"-DNr2\"><em>Gourmet Square, al\u00e9m do PUB e do boteco no Global Village<\/em>\u00a0<\/span><\/p>\n<\/div>\n<p id=\"viewer-nuizb2379\" class=\"v3Sq9 qf-Fi s6eQT E207f\" dir=\"auto\"><span class=\"-DNr2\">A edi\u00e7\u00e3o de 40 anos do <strong>Rock in Rio<\/strong>, al\u00e9m de contar com mais de 750 atra\u00e7\u00f5es nos palcos da <strong>Cidade do Rock<\/strong>, tamb\u00e9m vai trazer diversas op\u00e7\u00f5es de entretenimento para o p\u00fablico aproveitar ao m\u00e1ximo as 500 horas de experi\u00eancia do festival. Com mais de 85 marcas parcerias, neste ano o <strong>Rock in Rio<\/strong> vai contar com mais de 40 estandes, que v\u00e3o proporcionar mais de 130 ativa\u00e7\u00f5es para os f\u00e3s. O p\u00fablico vai poder participar de diversas experi\u00eancias interativas e imersivas, al\u00e9m de receber brindes e produtos exclusivos dos parceiros. Durante os sete dias de festival, os f\u00e3s tamb\u00e9m ter\u00e3o \u00e0 disposi\u00e7\u00e3o diversas op\u00e7\u00f5es gastron\u00f4micas, incluindo alternativas para veganos e vegetarianos, com mais de 860 pontos de alimenta\u00e7\u00e3o e bebida espalhados pelo gramado, al\u00e9m de mais de 175 bebedouros com \u00e1gua port\u00e1vel \u2013 vale lembrar que ser\u00e1 permitida a entrada no festival com garrafas pl\u00e1sticas de at\u00e9 500ml contendo \u00e1gua. Desde fast-food at\u00e9 pratos elaborados, como os oferecidos pelos empreendedores do Sebrae Rio no Espa\u00e7o Favela, as cria\u00e7\u00f5es da Chef Heaven Delhaye no Gourmet Square, e as del\u00edcias do PUB e boteco no Global Village, cada detalhe foi pensado para garantir uma experi\u00eancia inesquec\u00edvel.\u00a0<\/span><\/p>\n<\/div>\n<div data-hook=\"rcv-block5\"><\/div>\n<div data-breakout=\"normal\">\n<p id=\"viewer-ppigf64\" class=\"v3Sq9 qf-Fi _3rD2h E207f\" dir=\"auto\"><span class=\"-DNr2 _3rD2h\">\u00a0<\/span><\/p>\n<\/div>\n<div data-hook=\"rcv-block6\"><\/div>\n<div data-breakout=\"normal\">\n<p id=\"viewer-q1y1h66\" class=\"v3Sq9 qf-Fi _3rD2h E207f\" dir=\"auto\"><span class=\"-DNr2 _3rD2h\">Em breve, a localiza\u00e7\u00e3o e o detalhamento de todos esses espa\u00e7os estar\u00e3o dispon\u00edveis no aplicativo oficial do Rock in Rio. Pela plataforma, dispon\u00edvel nos sistemas operacionais IOS e Android, j\u00e1 \u00e9 poss\u00edvel conferir os hor\u00e1rios das apresenta\u00e7\u00f5es de cada palco, al\u00e9m de saber mais sobre os brinquedos e experi\u00eancias do festival. Uma outra fun\u00e7\u00e3o permite que o p\u00fablico organize um cronograma de shows e, por meio de uma contagem regressiva para cada atra\u00e7\u00e3o e ativando as notifica\u00e7\u00f5es do app, os f\u00e3s n\u00e3o perder\u00e3o nem um minuto dos shows programados em suas agendas. Tamb\u00e9m ser\u00e1 por meio do aplicativo que o agendamento dos brinquedos ser\u00e1 feito de forma inovadora, que usar\u00e1 a geolocaliza\u00e7\u00e3o do usu\u00e1rio para liberar os hor\u00e1rios de agendamento de brinquedos quando o f\u00e3 estiver dentro da Cidade do Rock, sem necessidade de ficar em fila para garantir seu lugar. Outra funcionalidade in\u00e9dita vai adiantar ainda mais a vida dos f\u00e3s. Quem for ao festival neste ano poder\u00e1 se antecipar e escolher o que comer e beber antes mesmo de chegar ao local, melhorando ainda mais a sua experi\u00eancia gastron\u00f4mica. Ser\u00e3o 29 op\u00e7\u00f5es, entre combos e produtos individuais, da Heineken\u00ae, Coca-Cola, Red Bull, Schweppes Mixed e Bob\u2019s.\u00a0<\/span><\/p>\n<\/div>\n<div data-hook=\"rcv-block7\"><\/div>\n<div data-breakout=\"normal\">\n<p id=\"viewer-960ts68\" class=\"v3Sq9 qf-Fi _3rD2h E207f\" dir=\"auto\"><span class=\"-DNr2 _3rD2h\">\u00a0<\/span><\/p>\n<\/div>\n<div data-hook=\"rcv-block8\"><\/div>\n<div data-breakout=\"normal\">\n<p id=\"viewer-kl78r70\" class=\"v3Sq9 qf-Fi _3rD2h E207f\" dir=\"auto\"><span class=\"-DNr2 _3rD2h\"><strong>Marcas d\u00e3o um show \u00e0 parte na Cidade do Rock<\/strong>\u00a0<\/span><\/p>\n<\/div>\n<div data-breakout=\"normal\">\n<p id=\"viewer-4puto75\" class=\"v3Sq9 qf-Fi _3rD2h E207f\" dir=\"auto\"><span class=\"-DNr2 _3rD2h\">Na edi\u00e7\u00e3o de 40 anos do Rock in Rio, as marcas parceiras do festival v\u00e3o fazer um show \u00e0 parte, transformando a Cidade do Rock em um espa\u00e7o repleto de experi\u00eancias e ativa\u00e7\u00f5es inovadoras. Com mais de 130 ativa\u00e7\u00f5es e 40 stands de marcas, o investimento das marcas na edi\u00e7\u00e3o deste ano alcan\u00e7a os R$ 500 milh\u00f5es, contribuindo para um impacto econ\u00f4mico total de R$ 797 milh\u00f5es, segundo a FGV.\u00a0<\/span><\/p>\n<\/div>\n<div data-hook=\"rcv-block10\"><\/div>\n<div data-breakout=\"normal\">\n<p id=\"viewer-tz07677\" class=\"v3Sq9 qf-Fi _3rD2h E207f\" dir=\"auto\"><span class=\"-DNr2 _3rD2h\">\u00a0<\/span><\/p>\n<\/div>\n<div data-hook=\"rcv-block11\"><\/div>\n<div data-breakout=\"normal\">\n<p id=\"viewer-i9mmi79\" class=\"v3Sq9 qf-Fi _3rD2h E207f\" dir=\"auto\"><span class=\"-DNr2 _3rD2h\">Como patrocinador master, o Ita\u00fa se destaca com a apresenta\u00e7\u00e3o do in\u00e9dito &#8220;Dia Brasil&#8221;, que celebra a cultura nacional de maneira impactante e alinhada \u00e0 estrat\u00e9gia do festival. Outros grandes patrocinadores tamb\u00e9m marcar\u00e3o presen\u00e7a de forma intensa. Marcas como Heineken, Ipiranga, Doritos, Prudential, TIM, C&amp;A, Volkswagen, Coca-Cola, Natura, Seara e Kit Kat, entre outras, ir\u00e3o surpreender com ativa\u00e7\u00f5es que v\u00e3o desde espa\u00e7os exclusivos at\u00e9 colabora\u00e7\u00f5es criativas.\u00a0<\/span><\/p>\n<\/div>\n<div data-hook=\"rcv-block12\"><\/div>\n<div data-breakout=\"normal\">\n<p id=\"viewer-0oghy81\" class=\"v3Sq9 qf-Fi _3rD2h E207f\" dir=\"auto\"><span class=\"-DNr2 _3rD2h\">\u00a0<\/span><\/p>\n<\/div>\n<div data-hook=\"rcv-block13\"><\/div>\n<div data-breakout=\"normal\">\n<p id=\"viewer-n5n9783\" class=\"v3Sq9 qf-Fi _3rD2h E207f\" dir=\"auto\"><span class=\"-DNr2 _3rD2h\">Espalhadas pela Cidade do Rock, as ativa\u00e7\u00f5es das marcas incluir\u00e3o distribui\u00e7\u00e3o de brindes e produtos exclusivos, espa\u00e7os dedicados \u00e0 m\u00fasica ao vivo, diversos cen\u00e1rios dedicados \u00e0 cria\u00e7\u00e3o de conte\u00fados para redes sociais, jogos interativos, al\u00e9m de servi\u00e7os de bem-estar como massagens e retoques de maquiagem. Com foco em inova\u00e7\u00e3o e tecnologia, o festival tamb\u00e9m contar\u00e1 com atividades imersivas, como karaok\u00eas com hologramas, desafios personalizados.\u00a0<\/span><\/p>\n<\/div>\n<div data-hook=\"rcv-block14\"><\/div>\n<div data-breakout=\"normal\">\n<p id=\"viewer-rsvnx85\" class=\"v3Sq9 qf-Fi _3rD2h E207f\" dir=\"auto\"><span class=\"-DNr2 _3rD2h\">\u00a0<\/span><\/p>\n<\/div>\n<div data-hook=\"rcv-block15\"><\/div>\n<div data-breakout=\"normal\">\n<p id=\"viewer-23npx87\" class=\"v3Sq9 qf-Fi _3rD2h E207f\" dir=\"auto\"><span class=\"-DNr2 _3rD2h\"><strong>Empreendedores do Sebrae s\u00e3o destaques na gastronomia do Espa\u00e7o Favela<\/strong>\u00a0<\/span><\/p>\n<\/div>\n<div data-breakout=\"normal\">\n<p id=\"viewer-lg8sd92\" class=\"v3Sq9 qf-Fi _3rD2h E207f\" dir=\"auto\"><span class=\"-DNr2 _3rD2h\">Desde sua estreia em 2019, o Espa\u00e7o Favela tem conquistado o cora\u00e7\u00e3o do p\u00fablico a cada ano que passa. Este ano, em comemora\u00e7\u00e3o aos 40 anos de hist\u00f3ria do maior festival de m\u00fasica e entretenimento do mundo, artistas consagrados e nascidos de diversas favelas e sub\u00farbios far\u00e3o grandes shows neste local. Nesta edi\u00e7\u00e3o especial, o Sebrae Rio vai levar 18 empreendedores de alimenta\u00e7\u00e3o fora do lar de comunidades ao Rock in Rio. Os selecionados receberam um conjunto de capacita\u00e7\u00f5es com o objetivo de fortalecer a gest\u00e3o, desenvolver caracter\u00edsticas empreendedoras e se prepararem para acessar o mercado de grandes eventos. Os petiscos produzidos por esses donos de pequenos neg\u00f3cios estar\u00e3o dispon\u00edveis no Espa\u00e7o Favela ao longo dos sete dias do festival.\u00a0<\/span><\/p>\n<\/div>\n<div data-hook=\"rcv-block17\"><\/div>\n<div data-breakout=\"normal\">\n<p id=\"viewer-6lblx94\" class=\"v3Sq9 qf-Fi _3rD2h E207f\" dir=\"auto\"><span class=\"-DNr2 _3rD2h\">\u00a0\u00a0<\/span><\/p>\n<\/div>\n<div data-hook=\"rcv-block18\"><\/div>\n<div data-breakout=\"normal\">\n<p id=\"viewer-z0g7i96\" class=\"v3Sq9 qf-Fi _3rD2h E207f\" dir=\"auto\"><span class=\"-DNr2 _3rD2h\">Os representantes selecionados trar\u00e3o op\u00e7\u00f5es criativas para o p\u00fablico do Rock in Rio degustar. Os restaurantes selecionados das comunidades cariocas s\u00e3o o T\u00f4 com Fome, Pizzaria Cidade, Pittas\u00b4s Del\u00edcia Gourmet, Amalia Lanches, Familia M\u00e3o na Massa, Chan Pastel de Feira, Panitas, Brutal Burger, Colonial Santanna, Del\u00edcias da M\u00e1rcia, ECCOA\/Favela in, Loucos por Porco, Empadas do Rodrigo e Taberna do Ogro. Entre os pratos, o p\u00fablico ter\u00e1 op\u00e7\u00f5es como: bolinho de feijoada, calzone de calabresa, croquete de aipim com carne mo\u00edda, mini pastel de queijo, torta cremosa de frango, enroladinho de salsicha e outras del\u00edcias.\u00a0<\/span><\/p>\n<\/div>\n<div data-hook=\"rcv-block19\"><\/div>\n<div data-breakout=\"normal\">\n<p id=\"viewer-r5vqs98\" class=\"v3Sq9 qf-Fi _3rD2h E207f\" dir=\"auto\"><span class=\"-DNr2 _3rD2h\"><strong>\u00a0<\/strong>\u00a0<\/span><\/p>\n<\/div>\n<div data-hook=\"rcv-block20\"><\/div>\n<div data-breakout=\"normal\">\n<p id=\"viewer-zk22r101\" class=\"v3Sq9 qf-Fi _3rD2h E207f\" dir=\"auto\"><span class=\"-DNr2 _3rD2h\">O Espa\u00e7o Favela transformou a Cidade do Rock ao exaltar artistas consagrados e expoentes que nasceram nas favelas e nos sub\u00farbios do Rio de Janeiro, independente de seus g\u00eaneros musicais. Entre as novidades desta edi\u00e7\u00e3o, TZ da Coronel e Borges foi anunciado como headliner do dia 13 de setembro, data de abertura do festival. O line-up ainda conta com nomes como Dennis, no dia 14; Mc Poze do Rodo, no dia 15; Xande de Pilares, no dia 19; Pocah, no dia 20; Livinho &#8211; no para sempre funk &#8211; no dia 21 e Belo, no dia 22, encerrando as apresenta\u00e7\u00f5es no Palco Favela do festival.\u00a0\u00a0<\/span><\/p>\n<\/div>\n<div data-hook=\"rcv-block21\"><\/div>\n<div data-breakout=\"normal\">\n<p id=\"viewer-hkncr103\" class=\"v3Sq9 qf-Fi _3rD2h E207f\" dir=\"auto\"><span class=\"-DNr2 _3rD2h\">\u00a0<\/span><\/p>\n<\/div>\n<div data-hook=\"rcv-block22\"><\/div>\n<div data-breakout=\"normal\">\n<p id=\"viewer-c9j5r105\" class=\"v3Sq9 qf-Fi _3rD2h E207f\" dir=\"auto\"><span class=\"-DNr2 _3rD2h\"><strong>Rock in Rio, Instituto HEINEKEN, Favela Filmes e CUFA lan\u00e7am projeto de capacita\u00e7\u00e3o audiovisual para jovens das favelas do Rio de Janeiro: o valor arrecadado com a venda de Heineken 0.0 ao longo dos sete dias do Rock in Rio ser\u00e1 destinado ao projeto Cri.Ativos da Favela<\/strong>\u00a0<\/span><\/p>\n<\/div>\n<div data-breakout=\"normal\">\n<p id=\"viewer-bmb4q110\" class=\"v3Sq9 qf-Fi _3rD2h E207f\" dir=\"auto\"><span class=\"-DNr2 _3rD2h\">Ap\u00f3s o sucesso da edi\u00e7\u00e3o piloto do projeto Cri.Ativos da Favela, projeto lan\u00e7ado em 2023, em S\u00e3o Paulo, no \u00e2mbito do The Town e que visa transformar a vida de jovens por meio da forma\u00e7\u00e3o na \u00e1rea do audiovisual, o Instituto HEINEKEN em parceria com a marca Heineken\u00ae, o Rock in Rio, Favela Filmes e a Central \u00danica das Favelas (CUFA) anuncia a amplia\u00e7\u00e3o do programa para a cidade do Rio de Janeiro.\u00a0<\/span><\/p>\n<\/div>\n<div data-hook=\"rcv-block24\"><\/div>\n<div data-breakout=\"normal\">\n<p id=\"viewer-8u93h112\" class=\"v3Sq9 qf-Fi _3rD2h E207f\" dir=\"auto\"><span class=\"-DNr2 _3rD2h\">\u00a0<\/span><\/p>\n<\/div>\n<div data-hook=\"rcv-block25\"><\/div>\n<div data-breakout=\"normal\">\n<p id=\"viewer-521p9114\" class=\"v3Sq9 qf-Fi _3rD2h E207f\" dir=\"auto\"><span class=\"-DNr2 _3rD2h\">Dessa vez, na edi\u00e7\u00e3o que celebra os 40 anos do maior festival de m\u00fasica e entretenimento mundo, o projeto ir\u00e1 impactar diretamente 120 jovens, o dobro da edi\u00e7\u00e3o de estreia, oriundos das favelas cariocas.\u00a0<\/span><\/p>\n<\/div>\n<div data-hook=\"rcv-block26\"><\/div>\n<div data-breakout=\"normal\">\n<p id=\"viewer-gnwqz116\" class=\"v3Sq9 qf-Fi _3rD2h E207f\" dir=\"auto\"><span class=\"-DNr2 _3rD2h\">\u00a0<\/span><\/p>\n<\/div>\n<div data-hook=\"rcv-block27\"><\/div>\n<div data-breakout=\"normal\">\n<p id=\"viewer-dn49f118\" class=\"v3Sq9 qf-Fi _3rD2h E207f\" dir=\"auto\"><span class=\"-DNr2 _3rD2h\"><strong>Rock in Rio ter\u00e1 esquema de mobilidade para garantir mais conforto e agilidade aos f\u00e3s\u202f<\/strong>\u00a0<\/span><\/p>\n<\/div>\n<div data-breakout=\"normal\">\n<p id=\"viewer-emyc0123\" class=\"v3Sq9 qf-Fi _3rD2h E207f\" dir=\"auto\"><span class=\"-DNr2 _3rD2h\">Para facilitar a ida e o retorno do p\u00fablico durante os dias de festival, o Metr\u00f4Rio funcionar\u00e1 com esquema especial. A esta\u00e7\u00e3o Jardim Oce\u00e2nico\/Barra da Tijuca, terminal de integra\u00e7\u00e3o com o Servi\u00e7o Especial BRT Rock in Rio, ficar\u00e1 aberta 24 horas para embarque. As demais esta\u00e7\u00f5es do sistema funcionar\u00e3o em seu hor\u00e1rio normal para embarque e, durante a madrugada, seguir\u00e3o abertas, mas somente para desembarque. O Metr\u00f4Rio recomenda a compra antecipada dos bilhetes da concession\u00e1ria, que custa R$ 7,50 por trecho.\u202f\u00a0<\/span><\/p>\n<\/div>\n<div data-hook=\"rcv-block29\"><\/div>\n<div data-breakout=\"normal\">\n<p id=\"viewer-dzrn1125\" class=\"v3Sq9 qf-Fi _3rD2h E207f\" dir=\"auto\"><span class=\"-DNr2 _3rD2h\">\u202f\u00a0<\/span><\/p>\n<\/div>\n<div data-hook=\"rcv-block30\"><\/div>\n<div data-breakout=\"normal\">\n<p id=\"viewer-xw8lk127\" class=\"v3Sq9 qf-Fi _3rD2h E207f\" dir=\"auto\"><span class=\"-DNr2 _3rD2h\">Neste ano, o Rock in Rio facilitar\u00e1 ainda mais a vida dos f\u00e3s com o lan\u00e7amento do Servi\u00e7o BRT \u201cExpresso Rock in Rio\u201d, que amplia as op\u00e7\u00f5es de transporte para quem quer aproveitar o festival ao m\u00e1ximo. Utilizando a faixa exclusiva do BRT, o servi\u00e7o oferecer\u00e1 viagens diretas e expressas para o Terminal Centro Ol\u00edmpico. As partidas ser\u00e3o dos terminais Jardim Oce\u00e2nico e Alvorada, sem paradas ao longo do trajeto, e do terminal Paulo da Portela, com paradas nas esta\u00e7\u00f5es Pra\u00e7a Seca, Tanque e Taquara, garantindo uma chegada r\u00e1pida e tranquila ao festival, tanto na ida quanto na volta.\u00a0<\/span><\/p>\n<\/div>\n<div data-hook=\"rcv-block31\"><\/div>\n<div data-breakout=\"normal\">\n<p id=\"viewer-67xg4129\" class=\"v3Sq9 qf-Fi _3rD2h E207f\" dir=\"auto\"><span class=\"-DNr2 _3rD2h\">\u202f\u00a0<\/span><\/p>\n<\/div>\n<div data-hook=\"rcv-block32\"><\/div>\n<div data-breakout=\"normal\">\n<p id=\"viewer-iqv1j131\" class=\"v3Sq9 qf-Fi _3rD2h E207f\" dir=\"auto\"><span class=\"-DNr2 _3rD2h\">Para utilizar o servi\u00e7o BRT \u201cExpresso Rock in Rio\u201d, os f\u00e3s ter\u00e3o \u00e0 disposi\u00e7\u00e3o duas formas de aquisi\u00e7\u00e3o de bilhetes: por meio do Rio Card, que segue o sistema tradicional de aquisi\u00e7\u00e3o de cart\u00f5es em m\u00e1quinas de autoatendimento, ou pelo &#8220;J\u00e1\u00e9&#8221;, o novo sistema de bilhetagem da Prefeitura que permite a compra de passagens diretamente pelo site e aplicativo, facilitando ainda mais o acesso ao transporte. No\u202fsite oficial do festival, os f\u00e3s tamb\u00e9m v\u00e3o encontrar os links para realizar as compras das passagens. A tarifa para o servi\u00e7o do BRT \u201cExpresso Rock in Rio\u201d custa R$ 23 (ida e volta) e estar\u00e1 em opera\u00e7\u00e3o das 11h at\u00e9 as 5h do dia seguinte, atendendo \u00e0 demanda do p\u00fablico em todos os hor\u00e1rios do evento.\u00a0<\/span><\/p>\n<\/div>\n<div data-hook=\"rcv-block33\"><\/div>\n<div data-breakout=\"normal\">\n<p id=\"viewer-fh8yd133\" class=\"v3Sq9 qf-Fi _3rD2h E207f\" dir=\"auto\"><span class=\"-DNr2 _3rD2h\">\u202f \u202f\u00a0<\/span><\/p>\n<\/div>\n<div data-hook=\"rcv-block34\"><\/div>\n<div data-breakout=\"normal\">\n<p id=\"viewer-3mt3w135\" class=\"v3Sq9 qf-Fi _3rD2h E207f\" dir=\"auto\"><span class=\"-DNr2 _3rD2h\">J\u00e1 bastante conhecido pelo p\u00fablico do Rock in Rio, o Primeira Classe \u00e9 a op\u00e7\u00e3o mais confort\u00e1vel e pr\u00e1tica, al\u00e9m de ser a \u00fanica que deixa os clientes em uma entrada exclusiva dentro da Cidade do Rock, perto do palco New Dance Order. Com 16 pontos de embarque em toda a cidade do Rio de Janeiro e outros 22 espalhados por 20 munic\u00edpios entre Rio de Janeiro, S\u00e3o Paulo e Minas Gerais, os passageiros ser\u00e3o transportados em \u00f4nibus executivos \u2014 equipados com cadeiras de transbordo, garantindo acessibilidade \u2014 que realizam o percurso sem paradas, garantindo uma viagem tranquila. Os interessados em garantir seus lugares j\u00e1 podem acessar o site e adquirir sua passagem, com valores que variam de R$ 160 a R$ 600, dependendo do ponto de embarque. A venda inclui passagens de ida e volta e os pagamentos podem ser realizados exclusivamente por PIX ou cart\u00f5es de cr\u00e9dito. O Primeira Classe opera a partir de um dos maiores terminais rodovi\u00e1rios j\u00e1 montados para um festival de m\u00fasica e entretenimento, garantindo uma experi\u00eancia completa para todos os participantes.\u00a0<\/span><\/p>\n<\/div>\n<div data-hook=\"rcv-block35\"><\/div>\n<div data-breakout=\"normal\">\n<p id=\"viewer-zdlk4137\" class=\"v3Sq9 qf-Fi _3rD2h E207f\" dir=\"auto\"><span class=\"-DNr2 _3rD2h\">\u202f\u00a0<\/span><\/p>\n<\/div>\n<div data-hook=\"rcv-block36\"><\/div>\n<div data-breakout=\"normal\">\n<p id=\"viewer-tw7wp139\" class=\"v3Sq9 qf-Fi _3rD2h E207f\" dir=\"auto\"><span class=\"-DNr2 _3rD2h\"><strong>Rock in Rio Brasil: Com quatro dias j\u00e1 esgotados, p\u00fablico pode adquirir ingressos somente para tr\u00eas dos sete dias<\/strong>\u202f\u00a0<\/span><\/p>\n<\/div>\n<div data-breakout=\"normal\">\n<p id=\"viewer-jtfqq144\" class=\"v3Sq9 qf-Fi _3rD2h E207f\" dir=\"auto\"><span class=\"-DNr2 _3rD2h\">O Rock in Rio vai acontecer nos dias 13, 14, 15, 19, 20, 21 e 22 de setembro de 2024, com 700 mil pessoas na Cidade do Rock. Ser\u00e1 a celebra\u00e7\u00e3o de 40 anos do festival que colocou o Brasil na rota da cena musical do mundo, e que, em 2022, recebeu o t\u00edtulo de Patrim\u00f4nio Cultural Imaterial pela Cidade e Estado do Rio de Janeiro. J\u00e1 s\u00e3o 23 edi\u00e7\u00f5es realizadas, mais de 3.800 artistas escalados, mais de 11.5 milh\u00f5es na plateia e mais de 134 dias de magia desde 1985. E, para 2024, os f\u00e3s podem aguardar uma festa especial, com novas experi\u00eancias e viv\u00eancias dentro da Cidade do Rock. O p\u00fablico ainda tem a oportunidade \u00fanica de adquirir ingressos para 15 de setembro, quando se apresenta Avenged Sevenfold, Evanescence e Deep Purple; 19 de setembro, com apresenta\u00e7\u00f5es de Ed Sheeran, Charlie Puth e Gloria Groove; e ainda 21 de setembro, quando as celebra\u00e7\u00f5es do Dia Brasil acontecer\u00e3o ao longo de 12 horas de festival com grandes nomes do pa\u00eds em encontros in\u00e9ditos e exclusivos em todos os palcos. A venda acontece exclusivamente na plataforma da Ticketmaster.\u00a0<\/span><\/p>\n<\/div>\n<div data-hook=\"rcv-block38\"><\/div>\n<div data-breakout=\"normal\">\n<p id=\"viewer-in0b4146\" class=\"v3Sq9 qf-Fi _3rD2h E207f\" dir=\"auto\"><span class=\"-DNr2 _3rD2h\">\u202f\u00a0<\/span><\/p>\n<\/div>\n<div data-hook=\"rcv-block39\"><\/div>\n<div data-breakout=\"normal\">\n<p id=\"viewer-s1h7f148\" class=\"v3Sq9 qf-Fi _3rD2h E207f\" dir=\"auto\"><span class=\"-DNr2 _3rD2h\"><strong>Confira o line-up dos dias ainda dispon\u00edveis para a edi\u00e7\u00e3o que celebra os 40 anos do Rock in Rio<\/strong>\u00a0<\/span><\/p>\n<\/div>\n<div data-breakout=\"normal\">\n<p id=\"viewer-uv7bu153\" class=\"v3Sq9 qf-Fi _3rD2h E207f\" dir=\"auto\"><span class=\"-DNr2 _3rD2h\">Na programa\u00e7\u00e3o do primeiro fim de semana, no dia 15 de setembro, se apresentam Avenged Sevenfold, Evanescence, Journey e Os Paralamas do Sucesso no Palco Mundo. No Sunset, Deep Purple, Incubus, Planet Hemp convida Pitty e Bar\u00e3o Vermelho. No Global Village, Anees, Terra Celta e Larissa Luz. No Espa\u00e7o Favela, o MC Poze do Rodo, MC Hariel e Ster. No NDO, Artbat, Mila Journ\u00e8e, Binary e Ruback. No Supernova, tocam Dead Fish, Crypta, Black Pantera, The M\u00f6nic convida Eskrota. No NDO, Artbat, Mila Journ\u00e8e, Binary e Ruback.\u00a0<\/span><\/p>\n<\/div>\n<div data-hook=\"rcv-block41\"><\/div>\n<div data-breakout=\"normal\">\n<p id=\"viewer-1pms6155\" class=\"v3Sq9 qf-Fi _3rD2h E207f\" dir=\"auto\"><span class=\"-DNr2 _3rD2h\">\u202f\u00a0<\/span><\/p>\n<\/div>\n<div data-hook=\"rcv-block42\"><\/div>\n<div data-breakout=\"normal\">\n<p id=\"viewer-bn6jk157\" class=\"v3Sq9 qf-Fi _3rD2h E207f\" dir=\"auto\"><span class=\"-DNr2 _3rD2h\">No fim de semana seguinte, Ed Sheeran \u00e9 o headliner do dia 19 e no Palco Mundo tamb\u00e9m se apresentam Charlie Puth, Joss Stone e J\u00e3o. Nesse mesmo dia, Gloria Groove sobe ao palco Sunset como headliner da noite, que tamb\u00e9m conta com apresenta\u00e7\u00f5es de Will Smith, Ferrugem convida Gilsons, Filipe Ret convida Caio Luccas e Pedro Sampaio. Xande de Pilares \u00e9 o embaixador e principal atra\u00e7\u00e3o do Espa\u00e7o Favela, que tamb\u00e9m recebe Fundo de Quintal e Vinny Santa F\u00e9. Na Global Village, Noa Kirel, Bixiga 70 e Sambaiana. No New Dance Order, Wade, Victor Lou, Gabe e Illusionize. No Espa\u00e7o Favela, Pocah, Mc Dricka e Brisa Flow. No Supernova, performam Lil Whind convida Omni Black e Rapadura, WC No Beat convida Gabzin, Felp 22 e MC Th, Aka Rasta e Young Piva. No NDO: Wade, Victor Lou, Gabe e Illusionize.\u202f\u00a0<\/span><\/p>\n<\/div>\n<div data-hook=\"rcv-block43\"><\/div>\n<div data-breakout=\"normal\">\n<p id=\"viewer-plvfi159\" class=\"v3Sq9 qf-Fi _3rD2h E207f\" dir=\"auto\"><span class=\"-DNr2 _3rD2h\">\u202f\u00a0<\/span><\/p>\n<\/div>\n<div data-hook=\"rcv-block44\"><\/div>\n<div data-breakout=\"normal\">\n<p id=\"viewer-q6ngf161\" class=\"v3Sq9 qf-Fi _3rD2h E207f\" dir=\"auto\"><span class=\"-DNr2 _3rD2h\">J\u00e1 no chamado Dia Brasil, 21 de setembro, no Palco Mundo, acontecem os shows de Capital Inicial, Detonautas, NX Zero, Pitty, Rog\u00e9rio Flausino, Toni Garrido, Ana Castela, Chit\u00e3ozinho &amp; Xoror\u00f3, Junior Lima, Luan Santana, Simone Mendes, Orquestra Heli\u00f3polis, BaianaSystem, Carlinhos Brown, Daniela Mercury, Majur, Ney Matogrosso, Margareth Menezes, MC Cabelinho, Kayblack, Matu\u00ea, Orochi, Filipe Ret, MC Ryan SP e Veigh. O Palco Sunset contar\u00e1 com apresenta\u00e7\u00f5es de Duda Beat, Gloria Groove, Ivete Sangalo, J\u00e3o, Lulu Santos, Lu\u00edsa Sonza, Alcione, Diogo Nogueira, Jorge Arag\u00e3o, Maria Rita, Xande de Pilares, Zeca Pagodinho, Criolo, Rael, D2, Djonga, Karol Conk\u00e1, Rincon Sapi\u00eancia e Xam\u00e3. Enquanto isso, o Global Village recebe Bossacucanova com participa\u00e7\u00e3o de Cris Delanno, Leila Pinheiro, Roberto Menescal, Wanda S\u00e1, Banda Black Rio, Claudio Zoli, Hyldon, Leo Gandelman, Jonathan Ferr, Ant\u00f4nio Adolfo e Joabe Reis, al\u00e9m de Gang do Eletro e Suraras do Tapaj\u00f3s. No Espa\u00e7o Favela acontecem shows de MC Don Juan, MC Hariel, MC IG, MC Livinho, MC Dricka, MC Ph, Nathan Amaral, Orquestra Jovem Da Sinf\u00f4nica Brasileira, Buchecha, Funk Orquestra, MC Carol, Tati Quebra Barraco, Cidinho e Doca e Kevin o Chris, Nathan Amaram e OSB, Ka\u00ea Guaj\u00e1jara, DJ Totonete e grupo Dance Mar\u00e9. Por fim, o New Dance Order recebe os DJs Mochakk, Beltran X Classmatic, Eli Iwasa X Ratier e Maz X Antdot. No Supernova, tocam Jean Tassy, Vanguart, Autoramas e Chico Chico.\u202f\u00a0<\/span><\/p>\n<\/div>\n<div data-hook=\"rcv-block45\"><\/div>\n<div data-breakout=\"normal\">\n<p id=\"viewer-5uru6163\" class=\"v3Sq9 qf-Fi _3rD2h E207f\" dir=\"auto\"><span class=\"-DNr2 _3rD2h\">\u202f\u00a0<\/span><\/p>\n<\/div>\n<div data-hook=\"rcv-block46\"><\/div>\n<div data-breakout=\"normal\">\n<p id=\"viewer-v8o7n165\" class=\"v3Sq9 qf-Fi _3rD2h E207f\" dir=\"auto\"><span class=\"-DNr2 _3rD2h\"><strong>Saiba mais sobre os ingressos para o Rock in Rio 2024\u202f<\/strong>\u202f\u00a0<\/span><\/p>\n<\/div>\n<div data-breakout=\"normal\">\n<p id=\"viewer-qfvz2170\" class=\"v3Sq9 qf-Fi _3rD2h E207f\" dir=\"auto\"><span class=\"-DNr2 _3rD2h\">Para a edi\u00e7\u00e3o do Rock in Rio Brasil 2024, o valor do ingresso \u00e9 de R$ 795 (inteira) e R$ 397,50 (meia-entrada) e n\u00e3o h\u00e1 cobran\u00e7a de taxa de servi\u00e7o. O pagamento pode ser feito por PIX ou cart\u00e3o de cr\u00e9dito e o valor parcelado em at\u00e9 seis vezes. Clientes que efetuarem o pagamento com os cart\u00f5es de cr\u00e9dito Ita\u00fa, Credicard e Iti t\u00eam 15% de desconto na compra de ingressos, por R$ 675,75 (n\u00e3o cumulativos com a meia-entrada) e poder\u00e3o parcelar sua compra em at\u00e9 oito vezes sem juros.\u202f\u00a0<\/span><\/p>\n<\/div>\n<div data-hook=\"rcv-block48\"><\/div>\n<div data-breakout=\"normal\">\n<p id=\"viewer-rqj6l172\" class=\"v3Sq9 qf-Fi _3rD2h E207f\" dir=\"auto\"><span class=\"-DNr2 _3rD2h\">\u202f\u00a0<\/span><\/p>\n<\/div>\n<div data-hook=\"rcv-block49\"><\/div>\n<div data-breakout=\"normal\">\n<p id=\"viewer-lyn75174\" class=\"v3Sq9 qf-Fi _3rD2h E207f\" dir=\"auto\"><span class=\"-DNr2 _3rD2h\">O limite de compra do p\u00fablico em geral \u00e9 de at\u00e9 4 (quatro) ingressos por CPF, sendo uma meia-entrada, com exce\u00e7\u00e3o para meia-entrada para pessoas portadoras de necessidade especial, que t\u00eam direito a comprar outra meia-entrada tamb\u00e9m para seu acompanhante. Os clientes que adquirirem ingressos nesta modalidade ter\u00e3o que informar no pr\u00f3prio site todas as informa\u00e7\u00f5es referentes ao documento que comprove tal condi\u00e7\u00e3o, para posterior valida\u00e7\u00e3o, assim como ser\u00e1 necess\u00e1rio apresent\u00e1-lo no acesso \u00e0 Cidade do Rock, no dia do evento.\u202f\u00a0<\/span><\/p>\n<\/div>\n<div data-hook=\"rcv-block50\"><\/div>\n<div data-breakout=\"normal\">\n<p id=\"viewer-ms6r1176\" class=\"v3Sq9 qf-Fi _3rD2h E207f\" dir=\"auto\"><span class=\"-DNr2 _3rD2h\">\u202f\u00a0<\/span><\/p>\n<\/div>\n<div data-hook=\"rcv-block51\"><\/div>\n<div data-breakout=\"normal\">\n<p id=\"viewer-p2gi6178\" class=\"v3Sq9 qf-Fi _3rD2h E207f\" dir=\"auto\"><span class=\"-DNr2 _3rD2h\">O ingresso de meia-entrada \u00e9 garantido por lei para estudantes, menores de 21 anos, maiores de 60 anos, deficientes e seu acompanhante, profissionais e professores da rede de ensino do Rio de Janeiro e jovens de baixa renda.\u202f \u202f\u00a0<\/span><\/p>\n<\/div>\n<div data-hook=\"rcv-block52\"><\/div>\n<div data-breakout=\"normal\">\n<p id=\"viewer-cnd1w180\" class=\"v3Sq9 qf-Fi _3rD2h E207f\" dir=\"auto\"><span class=\"-DNr2 _3rD2h\">\u202f\u00a0<\/span><\/p>\n<\/div>\n<div data-hook=\"rcv-block53\"><\/div>\n<div data-breakout=\"normal\">\n<p id=\"viewer-orvxs182\" class=\"v3Sq9 qf-Fi _3rD2h E207f\" dir=\"auto\"><span class=\"-DNr2 _3rD2h\">Para que o p\u00fablico tenha o acesso ao ingresso digital, todos que garantiram presen\u00e7a em um ou mais dias do festival dever\u00e3o ficar de olho no e-mail cadastrado. Ser\u00e1 via endere\u00e7o eletr\u00f4nico que os f\u00e3s receber\u00e3o todas as instru\u00e7\u00f5es, como ativa\u00e7\u00e3o, transfer\u00eancia etc. A partir do recebimento, o cliente dever\u00e1 seguir o passo a passo para ativar o seu ingresso digital \u2013 o \u201cQuentro\u201d \u00e9 compat\u00edvel com os aparelhos Android e iOS. A plataforma conta com um alto n\u00edvel de seguran\u00e7a, sendo antic\u00f3pia, rastre\u00e1vel e compat\u00edvel com a maioria dos smartphones dispon\u00edveis no mercado. Ao baix\u00e1-lo, o ingresso j\u00e1 vem salvo com o nome de quem vai acessar o festival.\u202f \u202f\u00a0<\/span><\/p>\n<\/div>\n<div data-hook=\"rcv-block54\"><\/div>\n<div data-breakout=\"normal\">\n<p id=\"viewer-i58j1184\" class=\"v3Sq9 qf-Fi _3rD2h E207f\" dir=\"auto\"><span class=\"-DNr2 _3rD2h\">\u202f\u00a0<\/span><\/p>\n<\/div>\n<div data-hook=\"rcv-block55\"><\/div>\n<div data-breakout=\"normal\">\n<p id=\"viewer-r9cfj188\" class=\"v3Sq9 qf-Fi _3rD2h E207f\" dir=\"auto\"><span class=\"-DNr2 _3rD2h\"><strong>Sobre o Rock in Rio<\/strong>\u202f \u202f \u202f\u00a0<\/span><\/p>\n<\/div>\n<div data-breakout=\"normal\">\n<p id=\"viewer-bfgz0193\" class=\"v3Sq9 qf-Fi _3rD2h E207f\" dir=\"auto\"><span class=\"-DNr2 _3rD2h\">1984 marca o in\u00edcio das prepara\u00e7\u00f5es para a primeira edi\u00e7\u00e3o do evento idealizado por Roberto Medina e que hoje, 40 anos depois, \u00e9 considerado o maior festival de m\u00fasica e entretenimento do mundo \u2013 o Rock in Rio. A hist\u00f3ria do evento se entrela\u00e7a com a do entretenimento no Brasil, sendo respons\u00e1vel por colocar o pa\u00eds na rota dos eventos internacionais, j\u00e1 que pela primeira vez, um pa\u00eds da Am\u00e9rica do Sul sediou um evento musical dessa magnitude. Em uma \u00e1rea de 250 mil m2, em Jacarepagu\u00e1, durante dez dias, 1 milh\u00e3o e 380 mil pessoas foram iluminadas pela primeira vez e come\u00e7aram a fazer parte do grande espet\u00e1culo. No palco \u2014 o maior do mundo na \u00e9poca, com 80m de boca de cena \u2014 15 atra\u00e7\u00f5es nacionais e 16 internacionais. Originalmente organizado no Rio de Janeiro, o festival ganhou o mundo chegando a Lisboa (Portugal), onde \u00e9 realizado at\u00e9 hoje, passando por Madrid (Espanha) e Las Vegas (USA).\u202f \u202f \u202f\u00a0<\/span><\/p>\n<\/div>\n<div data-hook=\"rcv-block57\"><\/div>\n<div data-breakout=\"normal\">\n<p id=\"viewer-u2yrc195\" class=\"v3Sq9 qf-Fi _3rD2h E207f\" dir=\"auto\"><span class=\"-DNr2 _3rD2h\">\u202f \u202f\u00a0<\/span><\/p>\n<\/div>\n<div data-hook=\"rcv-block58\"><\/div>\n<div data-breakout=\"normal\">\n<p id=\"viewer-tezpm197\" class=\"v3Sq9 qf-Fi _3rD2h E207f\" dir=\"auto\"><span class=\"-DNr2 _3rD2h\">Desde a primeira edi\u00e7\u00e3o, j\u00e1 gerou mais de 265 mil empregos diretos e indiretos e, apenas na \u00faltima, em 2022, um impacto econ\u00f4mico de mais de 2 bilh\u00f5es na cidade do Rio de Janeiro. Tamb\u00e9m na edi\u00e7\u00e3o passada, o Rock in Rio foi considerado patrim\u00f4nio cultural imaterial do estado do Rio de Janeiro. Pelas Cidades do Rock, desde 1985, j\u00e1 passaram mais de 11.5 milh\u00f5es de visitantes, que assistiram a mais de 3.816 artistas em 134 dias de magia. Dentre os n\u00fameros gigantes do festival, mais de 64 milh\u00f5es de pessoas alcan\u00e7adas nas redes sociais apenas em 2022 e mais de 12 milh\u00f5es de f\u00e3s online.\u202f \u202f \u202f\u00a0<\/span><\/p>\n<\/div>\n<div data-hook=\"rcv-block59\"><\/div>\n<div data-breakout=\"normal\">\n<p id=\"viewer-fdyt4199\" class=\"v3Sq9 qf-Fi _3rD2h E207f\" dir=\"auto\"><span class=\"-DNr2 _3rD2h\">\u202f \u202f\u00a0<\/span><\/p>\n<\/div>\n<div data-hook=\"rcv-block60\"><\/div>\n<div data-breakout=\"normal\">\n<p id=\"viewer-s8igg201\" class=\"v3Sq9 qf-Fi _3rD2h E207f\" dir=\"auto\"><span class=\"-DNr2 _3rD2h\">Gerando impactos positivos nos pa\u00edses onde \u00e9 realizado e consciente do poder disseminador da marca, o Rock in Rio pauta-se por ser um evento com o prop\u00f3sito de construir um mundo melhor para pessoas mais felizes, confiantes e emp\u00e1ticas num planeta mais saud\u00e1vel. Adotando e incentivando pr\u00e1ticas que apoiam o coletivo, se une a empresas que possuem este mesmo olhar e diretriz. O festival investiu, junto com seus parceiros, mais de R\uff04 118 milh\u00f5es em diferentes projetos, passando por temas como sustentabilidade, educa\u00e7\u00e3o, m\u00fasica, florestas, entre outros. Apenas na Amaz\u00f4nia, mais de 4 milh\u00f5es de \u00e1rvores foram plantadas. A marca foi pioneira em ter a certifica\u00e7\u00e3o ISO 20121 \u2014 Eventos Sustent\u00e1veis, \u00e9 neutra em carbono desde 2006 e, em 2022, come\u00e7ou a trabalhar ambiciosas metas para 2030, alinhadas com os Objetivos de Desenvolvimento Sustent\u00e1vel (ODS).\u00a0<\/span><\/p>\n<\/div>\n<div data-hook=\"rcv-block61\"><\/div>\n<div data-breakout=\"normal\">\n<p id=\"viewer-pexf5203\" class=\"v3Sq9 qf-Fi _3rD2h E207f\" dir=\"auto\"><span class=\"-DNr2 _3rD2h\">\u202f \u202f\u00a0<\/span><\/p>\n<\/div>\n<div data-hook=\"rcv-block62\"><\/div>\n<div data-breakout=\"normal\">\n<p id=\"viewer-dkvnn205\" class=\"v3Sq9 qf-Fi _3rD2h E207f\" dir=\"auto\"><span class=\"-DNr2 _3rD2h\">O ano de 2024 ser\u00e1 de muitas comemora\u00e7\u00f5es para o Rock in Rio. O ano em que tudo come\u00e7ou, 40 anos depois, d\u00e1 in\u00edcio \u00e0s celebra\u00e7\u00f5es. E a festa brasileira j\u00e1 est\u00e1 marcada: 13, 14, 15, 19, 20, 21 e 22 de setembro de 2024, no Parque Ol\u00edmpico, Rio de Janeiro; e a lisboeta tamb\u00e9m: 15, 16, 22 e 23 de junho de 2024, no Parque Tejo. Das 23 edi\u00e7\u00f5es anteriores, nove ocorreram no Brasil (1985, 1991, 2001, 2011, 2013, 2015, 2017, 2019 e 2022), dez em Portugal (2004, 2006, 2008, 2010, 2012, 2014, 2016, 2018, 2022 e 2024), tr\u00eas na Espanha (2008, 2010 e 2012) e uma nos Estados Unidos (2015).\u202f \u202f \u202f\u00a0<\/span><\/p>\n<\/div>\n<div data-hook=\"rcv-block63\"><\/div>\n<div data-breakout=\"normal\">\n<div id=\"viewer-841zw3341\" class=\"v3Sq9 qf-Fi _3rD2h E207f\" dir=\"auto\"><span class=\"-DNr2 _3rD2h\">\u00a0<\/span><\/div>\n<\/div>\n<div data-hook=\"rcv-block64\"><\/div>\n<div data-breakout=\"normal\">\n<p id=\"viewer-4z9473419\" class=\"v3Sq9 qf-Fi _3rD2h E207f\" dir=\"auto\"><span class=\"-DNr2 _3rD2h\"><strong>Fonte:<\/strong> Approach Comunica\u00e7\u00e3o<\/span><\/p>\n<\/div>\n<div data-hook=\"rcv-block65\"><\/div>\n<\/div>\n<div data-hook=\"rcv-block-last\"><\/div>\n<\/div>\n<\/div>\n<\/div>\n<\/div>\n<\/div>\n<\/div>\n<\/article>\n<\/div>\n<div class=\"BL3dva\"><\/div>\n","protected":false},"excerpt":{"rendered":"<p>P\u00fablico vai participar de mais de 130 ativa\u00e7\u00f5es de 85 marcas parceiras e recarregar as energias nos 860 pontos de alimenta\u00e7\u00e3o, incluindo os bares dos empreendedores Sebrae no Espa\u00e7o Favela, os pratos exclusivos da Chef Heaven Delhaye no Gourmet Square, al\u00e9m do PUB e do boteco no Global Village\u00a0 A edi\u00e7\u00e3o de 40 anos do [&hellip;]<\/p>\n","protected":false},"author":12,"featured_media":21295,"comment_status":"closed","ping_status":"open","sticky":false,"template":"","format":"standard","meta":{"footnotes":""},"categories":[4],"tags":[],"class_list":["post-24696","post","type-post","status-publish","format-standard","has-post-thumbnail","hentry","category-noticias"],"_links":{"self":[{"href":"http:\/\/heavymetalonline.com.br\/index.php?rest_route=\/wp\/v2\/posts\/24696","targetHints":{"allow":["GET"]}}],"collection":[{"href":"http:\/\/heavymetalonline.com.br\/index.php?rest_route=\/wp\/v2\/posts"}],"about":[{"href":"http:\/\/heavymetalonline.com.br\/index.php?rest_route=\/wp\/v2\/types\/post"}],"author":[{"embeddable":true,"href":"http:\/\/heavymetalonline.com.br\/index.php?rest_route=\/wp\/v2\/users\/12"}],"replies":[{"embeddable":true,"href":"http:\/\/heavymetalonline.com.br\/index.php?rest_route=%2Fwp%2Fv2%2Fcomments&post=24696"}],"version-history":[{"count":2,"href":"http:\/\/heavymetalonline.com.br\/index.php?rest_route=\/wp\/v2\/posts\/24696\/revisions"}],"predecessor-version":[{"id":24699,"href":"http:\/\/heavymetalonline.com.br\/index.php?rest_route=\/wp\/v2\/posts\/24696\/revisions\/24699"}],"wp:featuredmedia":[{"embeddable":true,"href":"http:\/\/heavymetalonline.com.br\/index.php?rest_route=\/wp\/v2\/media\/21295"}],"wp:attachment":[{"href":"http:\/\/heavymetalonline.com.br\/index.php?rest_route=%2Fwp%2Fv2%2Fmedia&parent=24696"}],"wp:term":[{"taxonomy":"category","embeddable":true,"href":"http:\/\/heavymetalonline.com.br\/index.php?rest_route=%2Fwp%2Fv2%2Fcategories&post=24696"},{"taxonomy":"post_tag","embeddable":true,"href":"http:\/\/heavymetalonline.com.br\/index.php?rest_route=%2Fwp%2Fv2%2Ftags&post=24696"}],"curies":[{"name":"wp","href":"https:\/\/api.w.org\/{rel}","templated":true}]}}