{"id":24733,"date":"2024-09-09T14:57:07","date_gmt":"2024-09-09T14:57:07","guid":{"rendered":"http:\/\/heavymetalonline.com.br\/?p=24733"},"modified":"2024-09-09T14:57:07","modified_gmt":"2024-09-09T14:57:07","slug":"fresno-se-une-a-chitaozinho-e-xororo-para-lancamento-de-camadas","status":"publish","type":"post","link":"http:\/\/heavymetalonline.com.br\/?p=24733","title":{"rendered":"Fresno se une a Chit\u00e3ozinho e Xoror\u00f3 para lan\u00e7amento de &#8220;Camadas&#8221;"},"content":{"rendered":"<div data-breakout=\"normal\">\n<div data-breakout=\"normal\">\n<p id=\"viewer-xft2121599\" class=\"v3Sq9 qf-Fi JuVWE E207f\" dir=\"auto\" style=\"text-align: center;\"><span class=\"-DNr2\"><em>A faixa faz parte do \u00e1lbum Eu Nunca Fui Embora &#8211; Parte 2,\u00a0<\/em><\/span><em>que j\u00e1 tem data de lan\u00e7amento e tracklist divulgadas<\/em><\/p>\n<\/div>\n<p id=\"viewer-4250e21454\" class=\"v3Sq9 qf-Fi s6eQT E207f\" dir=\"auto\"><span class=\"-DNr2\">A <strong>Fresno <\/strong>entendeu desde muito cedo o poder da jun\u00e7\u00e3o improv\u00e1vel entre artistas e g\u00eaneros distintos. Agora, Lucas Silveira (vocal e guitarra), Vavo (guitarra) e Guerra (bateria) se preparam para dar uma nova perspectiva \u00e0 can\u00e7\u00e3o \u201cCamadas\u201d, lan\u00e7ada na primeira parte do disco <em>Eu Nunca Fui Embora<\/em>, em abril. A faixa ganha uma vers\u00e3o com a presen\u00e7a da dupla <strong>Chit\u00e3ozinho e Xoror\u00f3<\/strong> e fica dispon\u00edvel nos aplicativos de <em>streaming <\/em>a partir do dia <strong>5 de setembro (<\/strong><a class=\"DAu20 kB6NM\" href=\"https:\/\/lnk.fuga.com\/fresnochitozinhoxoror_camadas\" target=\"_blank\" rel=\"noopener noreferrer\" data-hook=\"WebLink\"><strong><u>ou\u00e7a aqui<\/u><\/strong><\/a><strong>).<\/strong> Este lan\u00e7amento antecipa a chegada da segunda parte do \u00e1lbum <em>Eu Nunca Fui Embora<\/em>, programada para o dia 26 de setembro.<\/span><\/p>\n<\/div>\n<div data-hook=\"rcv-block5\"><\/div>\n<div data-breakout=\"normal\">\n<div id=\"viewer-lctsn15994\" class=\"v3Sq9 qf-Fi s6eQT E207f\" dir=\"auto\"><span class=\"-DNr2\">\u00a0<\/span><\/div>\n<\/div>\n<div data-hook=\"rcv-block6\"><\/div>\n<div data-breakout=\"normal\">\n<p id=\"viewer-59k4116056\" class=\"v3Sq9 qf-Fi s6eQT E207f\" dir=\"auto\"><span class=\"-DNr2\">A colabora\u00e7\u00e3o entre a banda e a dupla sertaneja brinda uma parceria que arrebatou o p\u00fablico h\u00e1 16 anos, quando eles participaram do Est\u00fadio Coca-Cola, iniciativa produzida pela MTV Brasil para promover encontros entre artistas de diferentes g\u00eaneros com o intuito de refor\u00e7ar como a m\u00fasica \u00e9 plural e \u00e9 capaz de unir as pessoas.<em> \u201cNossa amizade come\u00e7ou naquela \u00e9poca e, desde ent\u00e3o, os f\u00e3s associam muito a gente. Foi algo que deu muito certo. Diria que aquela grava\u00e7\u00e3o foi um dos pontos mais decisivos da nossa carreira at\u00e9 hoje\u201d<\/em>, comenta Lucas.\u00a0<\/span><\/p>\n<\/div>\n<div data-hook=\"rcv-block7\"><\/div>\n<div data-breakout=\"normal\">\n<div id=\"viewer-llbhw16239\" class=\"v3Sq9 qf-Fi s6eQT E207f\" dir=\"auto\"><span class=\"-DNr2\">\u00a0<\/span><\/div>\n<\/div>\n<div data-hook=\"rcv-block8\"><\/div>\n<div data-breakout=\"normal\">\n<p id=\"viewer-a4m7n16301\" class=\"v3Sq9 qf-Fi s6eQT E207f\" dir=\"auto\"><span class=\"-DNr2\">Em junho deste ano, Lucas participou de um show da dupla, em um festival em S\u00e3o Paulo, dando aos f\u00e3s uma palhinha do que estava por vir. O vocalista dividiu com Chit\u00e3ozinho e Xoror\u00f3 as can\u00e7\u00f5es que a Fresno tinha acabado de lan\u00e7ar e \u201cCamadas\u201d logo chamou a aten\u00e7\u00e3o dos irm\u00e3os. <em>\u201cPor muito tempo brincamos que essa m\u00fasica era super sertaneja e est\u00e1 a\u00ed a prova\u201d<\/em>, afirma.<\/span><\/p>\n<\/div>\n<div data-hook=\"rcv-block9\"><\/div>\n<div data-breakout=\"normal\">\n<div id=\"viewer-uzggi16429\" class=\"v3Sq9 qf-Fi s6eQT E207f\" dir=\"auto\"><span class=\"-DNr2\">\u00a0<\/span><\/div>\n<\/div>\n<div data-hook=\"rcv-block10\"><\/div>\n<div data-breakout=\"normal\">\n<p id=\"viewer-rrc9g16494\" class=\"v3Sq9 qf-Fi s6eQT E207f\" dir=\"auto\"><span class=\"-DNr2\">\u201cCamadas\u201d com Chit\u00e3ozinho e Xoror\u00f3 \u00e9 o primeiro lan\u00e7amento da parte final do \u00e1lbum <em>Eu Nunca Fui Embora.<\/em> Definindo os pr\u00f3prios padr\u00f5es para a divulga\u00e7\u00e3o do projeto, a Fresno dividiu o disco em dois momentos. <em>\u201cSe a gente soltasse tudo de uma \u00fanica vez, ningu\u00e9m ia ter \u2018mem\u00f3ria RAM\u2019 para processar tudo. Nem a gente\u201d<\/em>, relembra o vocalista.\u00a0\u00a0<\/span><\/p>\n<\/div>\n<div data-hook=\"rcv-block11\"><\/div>\n<div data-breakout=\"normal\">\n<div id=\"viewer-ru31s16630\" class=\"v3Sq9 qf-Fi s6eQT E207f\" dir=\"auto\"><span class=\"-DNr2\">\u00a0<\/span><\/div>\n<\/div>\n<div data-hook=\"rcv-block12\"><\/div>\n<div data-breakout=\"normal\">\n<p id=\"viewer-1ttet16698\" class=\"v3Sq9 qf-Fi s6eQT E207f\" dir=\"auto\"><span class=\"-DNr2\">A segunda parte do disco <strong><em>Eu Nunca Fui Embora<\/em><\/strong>, que ser\u00e1 disponibilizada no dia 26 de setembro, lista 6 can\u00e7\u00f5es in\u00e9ditas, mais a faixa b\u00f4nus, \u201cCamadas\u201d. Lucas, Vavo e Guerra j\u00e1 divulgaram a <em>tracklist<\/em>, mas o trio ainda guarda seus mist\u00e9rios ao esconder os <em>feats <\/em>e uma das can\u00e7\u00f5es. \u00c9 poss\u00edvel afirmar pelo hist\u00f3rico colecionado ao longo dos 25 anos de banda que nada do que eles fazem \u00e9 \u00f3bvio e, por isso, os f\u00e3s podem esperar de tudo.<\/span><\/p>\n<\/div>\n<div data-hook=\"rcv-block13\"><\/div>\n<div data-breakout=\"normal\">\n<div id=\"viewer-l1as916844\" class=\"v3Sq9 qf-Fi s6eQT E207f\" dir=\"auto\"><span class=\"-DNr2\">\u00a0<\/span><\/div>\n<\/div>\n<div data-hook=\"rcv-block14\"><\/div>\n<div data-breakout=\"normal\">\n<p id=\"viewer-b8kht16913\" class=\"v3Sq9 qf-Fi s6eQT E207f\" dir=\"auto\"><span class=\"-DNr2\"><a class=\"DAu20 kB6NM\" href=\"http:\/\/tudo.eu\/\" target=\"_blank\" rel=\"noopener\" data-hook=\"WebLink\"><em>Eu<\/em><\/a><em> Nunca Fui Embora<\/em> ir\u00e1 somar \u00e0 discografia de est\u00fadio da Fresno, que \u00e9 composta por: <em>Vou Ter Que Me Virar<\/em> (2021), <em>sua alegria foi cancelada<\/em> (2019), <em>A Sinfonia de Tudo que H\u00e1<\/em> (2016), <em>Infinito<\/em> (2012), <em>Revanche <\/em>(2010), <em>Reden\u00e7\u00e3o<\/em> (2008), <em>Ciano<\/em> (2006), <em>O Rio a Cidade a \u00c1rvore<\/em> (2004) e <em>Quarto Dos Livros<\/em> (2003).<\/span><\/p>\n<\/div>\n<div data-hook=\"rcv-block15\"><\/div>\n<div data-breakout=\"normal\">\n<div id=\"viewer-pozsq15841\" class=\"v3Sq9 qf-Fi s6eQT E207f\" dir=\"auto\"><span class=\"-DNr2\">\u00a0<\/span><\/div>\n<\/div>\n<div data-hook=\"rcv-block16\"><\/div>\n<div data-breakout=\"normal\">\n<p id=\"viewer-k9h1p15761\" class=\"v3Sq9 qf-Fi _3rD2h E207f\" dir=\"auto\"><span class=\"-DNr2 _3rD2h\"><strong>Tracklist de <\/strong><strong><em>Eu Nunca Fui Embora &#8211; Parte 2<\/em><\/strong><\/span><\/p>\n<\/div>\n<div data-breakout=\"normal\">\n<ol class=\"ZG9hR s6eQT\">\n<li class=\"xn3Ta\" dir=\"auto\">\n<p id=\"viewer-q40sn15766\" class=\"v3Sq9 qf-Fi s6eQT E207f\" dir=\"\"><span class=\"-DNr2\">&#8220;A Gente Conhece O Fundo Do Po\u00e7o&#8221; ,<\/span><\/p>\n<\/li>\n<li class=\"xn3Ta\" dir=\"auto\">\n<p id=\"viewer-b8c8c15769\" class=\"v3Sq9 qf-Fi s6eQT E207f\" dir=\"\"><span class=\"-DNr2\">&#8220;N\u00e3o Deixa Eu Ir Embora&#8221; ft. a ser revelado;\u00a0<\/span><\/p>\n<\/li>\n<li class=\"xn3Ta\" dir=\"auto\">\n<p id=\"viewer-9b0wf15772\" class=\"v3Sq9 qf-Fi s6eQT E207f\" dir=\"\"><span class=\"-DNr2\">&#8220;Fala Que Me Ama&#8221;;<\/span><\/p>\n<\/li>\n<li class=\"xn3Ta\" dir=\"auto\">\n<p id=\"viewer-7cgw615775\" class=\"v3Sq9 qf-Fi s6eQT E207f\" dir=\"\"><span class=\"-DNr2\">\u201cEssa Vida Ainda Vai Nos Matar&#8221; ft. a ser revelado ;<\/span><\/p>\n<\/li>\n<li class=\"xn3Ta\" dir=\"auto\">\n<p id=\"viewer-j8zv415778\" class=\"v3Sq9 qf-Fi s6eQT E207f\" dir=\"\"><span class=\"-DNr2\">A ser revelada;<\/span><\/p>\n<\/li>\n<li class=\"xn3Ta\" dir=\"auto\">\n<p id=\"viewer-ea24915781\" class=\"v3Sq9 qf-Fi s6eQT E207f\" dir=\"\"><span class=\"-DNr2\">&#8220;Can\u00e7\u00e3o Pra Quando O Mundo Acabar&#8221;;<\/span><\/p>\n<\/li>\n<li class=\"xn3Ta\" dir=\"auto\">\n<p id=\"viewer-gr1yn15784\" class=\"v3Sq9 qf-Fi s6eQT E207f\" dir=\"\"><span class=\"-DNr2\">Faixa b\u00f4nus: &#8220;Camadas ft. Chit\u00e3ozinho e Xoror\u00f3&#8221;<\/span><\/p>\n<\/li>\n<\/ol>\n<\/div>\n<div data-hook=\"rcv-block18\"><\/div>\n<div data-breakout=\"normal\">\n<p id=\"viewer-7j7vm15786\" class=\"v3Sq9 qf-Fi _3rD2h E207f\" dir=\"auto\"><span class=\"-DNr2 _3rD2h\">\u00a0<\/span><\/p>\n<\/div>\n<div data-hook=\"rcv-block19\"><\/div>\n<div data-breakout=\"normal\">\n<p id=\"viewer-la7rx15788\" class=\"v3Sq9 qf-Fi _3rD2h E207f\" dir=\"auto\"><span class=\"-DNr2 _3rD2h\"><a class=\"DAu20 kB6NM\" href=\"https:\/\/lnk.fuga.com\/fresnochitozinhoxoror_camadas\" target=\"_blank\" rel=\"noopener\" data-hook=\"WebLink\"><strong>Escute \u2018CAMADAS\u2019<\/strong><\/a><strong>:<\/strong><\/span><\/p>\n<\/div>\n<p><iframe loading=\"lazy\" style=\"border-radius: 12px;\" src=\"https:\/\/open.spotify.com\/embed\/album\/3CiqBBWdpsCeEOpUIPE3yz?utm_source=generator\" width=\"100%\" height=\"352\" frameborder=\"0\" allowfullscreen=\"allowfullscreen\"><\/iframe><\/p>\n<div data-breakout=\"normal\">\n<p id=\"viewer-umxpm15792\" class=\"v3Sq9 qf-Fi _3rD2h E207f\" dir=\"auto\"><span class=\"-DNr2 _3rD2h\"><strong>FICHA T\u00c9CNICA<\/strong><\/span><\/p>\n<\/div>\n<div data-breakout=\"normal\">\n<p id=\"viewer-qcoj317084\" class=\"v3Sq9 qf-Fi _3rD2h E207f\" dir=\"auto\"><span class=\"-DNr2 _3rD2h\">Compositor: Lucas Silveira<\/span><\/p>\n<\/div>\n<div data-breakout=\"normal\">\n<p id=\"viewer-tkvmi17154\" class=\"v3Sq9 qf-Fi _3rD2h E207f\" dir=\"auto\"><span class=\"-DNr2 _3rD2h\">Produ\u00e7\u00e3o musical: Lucas Silveira<\/span><\/p>\n<\/div>\n<div data-breakout=\"normal\">\n<p id=\"viewer-rxjs117296\" class=\"v3Sq9 qf-Fi _3rD2h E207f\" dir=\"auto\"><span class=\"-DNr2 _3rD2h\">Int\u00e9rpretes: Fresno, Chit\u00e3ozinho &amp; Xoror\u00f3<\/span><\/p>\n<\/div>\n<div data-breakout=\"normal\">\n<p id=\"viewer-pu0me17369\" class=\"v3Sq9 qf-Fi _3rD2h E207f\" dir=\"auto\"><span class=\"-DNr2 _3rD2h\">M\u00fasicos: Lucas Cesar Lima Silveira, Gustavo Fumagalli Mantovani e Thiago Pessoa Guerra<\/span><\/p>\n<\/div>\n<div data-breakout=\"normal\">\n<p id=\"viewer-3gv8y17225\" class=\"v3Sq9 qf-Fi _3rD2h E207f\" dir=\"auto\"><span class=\"-DNr2 _3rD2h\">Mixagem: Mat Mainhard<\/span><\/p>\n<\/div>\n<div data-breakout=\"normal\">\n<p id=\"viewer-z3r4517444\" class=\"v3Sq9 qf-Fi _3rD2h E207f\" dir=\"auto\"><span class=\"-DNr2 _3rD2h\">Masteriza\u00e7\u00e3o: Ruairi O\u2019Flaherty<\/span><\/p>\n<\/div>\n<div data-hook=\"rcv-block30\"><\/div>\n<div data-breakout=\"normal\">\n<div id=\"viewer-j430917519\" class=\"v3Sq9 qf-Fi _3rD2h E207f\" dir=\"auto\"><span class=\"-DNr2 _3rD2h\">\u00a0<\/span><\/div>\n<\/div>\n<div data-hook=\"rcv-block31\"><\/div>\n<div data-breakout=\"normal\">\n<p id=\"viewer-udujr17593\" class=\"v3Sq9 qf-Fi _3rD2h E207f\" dir=\"auto\"><span class=\"-DNr2 _3rD2h\"><strong>Fonte: <\/strong>Trovoa Comunica\u00e7\u00e3o<\/span><\/p>\n<\/div>\n<div data-hook=\"rcv-block32\"><\/div>\n<div data-breakout=\"normal\"><\/div>\n","protected":false},"excerpt":{"rendered":"<p>A faixa faz parte do \u00e1lbum Eu Nunca Fui Embora &#8211; Parte 2,\u00a0que j\u00e1 tem data de lan\u00e7amento e tracklist divulgadas A Fresno entendeu desde muito cedo o poder da jun\u00e7\u00e3o improv\u00e1vel entre artistas e g\u00eaneros distintos. Agora, Lucas Silveira (vocal e guitarra), Vavo (guitarra) e Guerra (bateria) se preparam para dar uma nova perspectiva [&hellip;]<\/p>\n","protected":false},"author":12,"featured_media":24734,"comment_status":"closed","ping_status":"open","sticky":false,"template":"","format":"standard","meta":{"footnotes":""},"categories":[4],"tags":[],"class_list":["post-24733","post","type-post","status-publish","format-standard","has-post-thumbnail","hentry","category-noticias"],"_links":{"self":[{"href":"http:\/\/heavymetalonline.com.br\/index.php?rest_route=\/wp\/v2\/posts\/24733","targetHints":{"allow":["GET"]}}],"collection":[{"href":"http:\/\/heavymetalonline.com.br\/index.php?rest_route=\/wp\/v2\/posts"}],"about":[{"href":"http:\/\/heavymetalonline.com.br\/index.php?rest_route=\/wp\/v2\/types\/post"}],"author":[{"embeddable":true,"href":"http:\/\/heavymetalonline.com.br\/index.php?rest_route=\/wp\/v2\/users\/12"}],"replies":[{"embeddable":true,"href":"http:\/\/heavymetalonline.com.br\/index.php?rest_route=%2Fwp%2Fv2%2Fcomments&post=24733"}],"version-history":[{"count":1,"href":"http:\/\/heavymetalonline.com.br\/index.php?rest_route=\/wp\/v2\/posts\/24733\/revisions"}],"predecessor-version":[{"id":24735,"href":"http:\/\/heavymetalonline.com.br\/index.php?rest_route=\/wp\/v2\/posts\/24733\/revisions\/24735"}],"wp:featuredmedia":[{"embeddable":true,"href":"http:\/\/heavymetalonline.com.br\/index.php?rest_route=\/wp\/v2\/media\/24734"}],"wp:attachment":[{"href":"http:\/\/heavymetalonline.com.br\/index.php?rest_route=%2Fwp%2Fv2%2Fmedia&parent=24733"}],"wp:term":[{"taxonomy":"category","embeddable":true,"href":"http:\/\/heavymetalonline.com.br\/index.php?rest_route=%2Fwp%2Fv2%2Fcategories&post=24733"},{"taxonomy":"post_tag","embeddable":true,"href":"http:\/\/heavymetalonline.com.br\/index.php?rest_route=%2Fwp%2Fv2%2Ftags&post=24733"}],"curies":[{"name":"wp","href":"https:\/\/api.w.org\/{rel}","templated":true}]}}