{"id":24747,"date":"2024-09-09T18:37:37","date_gmt":"2024-09-09T18:37:37","guid":{"rendered":"http:\/\/heavymetalonline.com.br\/?p=24747"},"modified":"2024-09-09T18:37:37","modified_gmt":"2024-09-09T18:37:37","slug":"fin-del-mundo-ultimos-ingressos-para-o-show-do-dia-1309-no-sesc-belenzinho","status":"publish","type":"post","link":"http:\/\/heavymetalonline.com.br\/?p=24747","title":{"rendered":"Fin del Mundo: \u00faltimos ingressos para o show do dia 13\/09 no Sesc Belenzinho"},"content":{"rendered":"<div style=\"text-align: right;\" data-breakout=\"normal\">\n<pre id=\"viewer-u1mvu12792\" class=\"HpNFf Ef90n s6eQT\" dir=\"auto\"><span class=\"\">Cr\u00e9dito: Flor Petra<\/span><\/pre>\n<p dir=\"auto\" style=\"text-align: center;\"><em>Quarteto feminino da Argentina se apresenta dia 13\/09 no Sesc Belenzinho<\/em><\/p>\n<p id=\"viewer-kkgvv12996\" class=\"v3Sq9 qf-Fi s6eQT E207f\" dir=\"auto\" style=\"text-align: left;\"><span class=\"-DNr2\">Assim como na primeira passagem por S\u00e3o Paulo, o in\u00edcio da venda de ingressos para o show das argentinas <strong>Fin del Mundo<\/strong>, fen\u00f4meno da cena alternativa latino-americana, foi mete\u00f3rica. Os \u00faltimos tickets para a nova apresenta\u00e7\u00e3o delas, dia 13 de setembro, no Sesc Belenzinho, j\u00e1 est\u00e3o \u00e0 venda no site da unidade ou presencial em qualquer Sesc do estado de S\u00e3o Paulo.<\/span><\/p>\n<\/div>\n<div data-hook=\"rcv-block5\"><\/div>\n<div data-breakout=\"normal\">\n<div id=\"viewer-0bz9o7837\" class=\"v3Sq9 qf-Fi s6eQT E207f\" dir=\"auto\"><span class=\"-DNr2\">\u00a0<\/span><\/div>\n<\/div>\n<div data-hook=\"rcv-block6\"><\/div>\n<div data-breakout=\"normal\">\n<p id=\"viewer-8aybj7782\" class=\"v3Sq9 qf-Fi _3rD2h E207f\" dir=\"auto\"><span class=\"-DNr2 _3rD2h\">Elas tamb\u00e9m tocam dia 14\/09 em Bel\u00e9m (Par\u00e1\/PA), no tradicional <strong>Festival Se Rasgum<\/strong>.<\/span><\/p>\n<\/div>\n<div data-hook=\"rcv-block7\"><\/div>\n<div data-breakout=\"normal\">\n<p id=\"viewer-rcgp17786\" class=\"v3Sq9 qf-Fi _3rD2h E207f\" dir=\"auto\"><span class=\"-DNr2 _3rD2h\">As argentinas voltam \u00e0s v\u00e9speras do lan\u00e7amento mundial do novo \u00e1lbum, <em>Hicimos crecer un bosque<\/em> (que ser\u00e1 lan\u00e7ado em 18 de outubro de 2024 pela gravadora espanhola Spinda Records). Ser\u00e1 o segundo da discografia das meninas.<\/span><\/p>\n<\/div>\n<div data-hook=\"rcv-block8\"><\/div>\n<div data-breakout=\"normal\">\n<div id=\"viewer-9tlqe7885\" class=\"v3Sq9 qf-Fi _3rD2h E207f\" dir=\"auto\"><span class=\"-DNr2 _3rD2h\">\u00a0<\/span><\/div>\n<\/div>\n<div data-hook=\"rcv-block9\"><\/div>\n<div data-breakout=\"normal\">\n<p id=\"viewer-qxjun7790\" class=\"v3Sq9 qf-Fi _3rD2h E207f\" dir=\"auto\"><span class=\"-DNr2 _3rD2h\">\u00c9 a chance de ver Luc\u00eda Masnatta (vocal e guitarra), Yanina Silva (baixo e backing vocal), Julieta Limia (bateria) e Julieta Heredia (guitarra e backing vocal) tocando can\u00e7\u00f5es in\u00e9ditas junto as can\u00e7\u00f5es cl\u00e1ssicas do repert\u00f3rio.<\/span><\/p>\n<\/div>\n<div data-hook=\"rcv-block10\"><\/div>\n<div data-breakout=\"normal\">\n<div id=\"viewer-59b217928\" class=\"v3Sq9 qf-Fi _3rD2h E207f\" dir=\"auto\"><span class=\"-DNr2 _3rD2h\">\u00a0<\/span><\/div>\n<\/div>\n<div data-hook=\"rcv-block11\"><\/div>\n<div data-breakout=\"normal\">\n<p id=\"viewer-28i9h7792\" class=\"v3Sq9 qf-Fi _3rD2h E207f\" dir=\"auto\"><span class=\"-DNr2 _3rD2h\">Luc\u00eda fala sobre a nova passagem pelo Brasil. &#8220;Vamos tocar algumas novas m\u00fasicas, como &#8216;Vivimos Lejos&#8217; e &#8216;Una Temporada en el Invierno&#8217;, que voc\u00eas podem conferir antes nas plataformas digitais. Tamb\u00e9m vamos tocar os cl\u00e1ssicos e esperamos escutar suas vozes em cada can\u00e7\u00e3o. J\u00e1 sabemos que o p\u00fablico de S\u00e3o Paulo gosta de cantar, enquanto n\u00f3s, do palco, gostamos de escut\u00e1-los!&#8221;.<\/span><\/p>\n<\/div>\n<div data-hook=\"rcv-block12\"><\/div>\n<div data-breakout=\"normal\">\n<div id=\"viewer-bn9ez7971\" class=\"v3Sq9 qf-Fi _3rD2h E207f\" dir=\"auto\"><span class=\"-DNr2 _3rD2h\">\u00a0<\/span><\/div>\n<\/div>\n<div data-hook=\"rcv-block13\"><\/div>\n<div data-breakout=\"normal\">\n<p id=\"viewer-qcp4o7794\" class=\"v3Sq9 qf-Fi _3rD2h E207f\" dir=\"auto\"><span class=\"-DNr2 _3rD2h\">Na primeira passagem pelo Brasil, em mar\u00e7o deste ano, a Fin del Mundo esgotou os ingressos para o primeiro show na capital paulista em quest\u00e3o de minutos.<\/span><\/p>\n<\/div>\n<div data-hook=\"rcv-block14\"><\/div>\n<div data-breakout=\"normal\">\n<div id=\"viewer-d5rtk8014\" class=\"v3Sq9 qf-Fi _3rD2h E207f\" dir=\"auto\"><span class=\"-DNr2 _3rD2h\">\u00a0<\/span><\/div>\n<\/div>\n<div data-hook=\"rcv-block15\"><\/div>\n<div data-breakout=\"normal\">\n<p id=\"viewer-d1x8r7796\" class=\"v3Sq9 qf-Fi _3rD2h E207f\" dir=\"auto\"><span class=\"-DNr2 _3rD2h\">Deste novo disco, dois singles j\u00e1 foram lan\u00e7ados: &#8216;Vivimos lejos&#8217; e &#8216;Una temporada en el invierno&#8217;. <\/span><\/p>\n<\/div>\n<div data-hook=\"rcv-block16\"><\/div>\n<div data-breakout=\"normal\">\n<p id=\"viewer-uy76o9401\" class=\"v3Sq9 qf-Fi _3rD2h E207f\" dir=\"auto\"><span class=\"-DNr2 _3rD2h\">Ou\u00e7a aqui:<u> <\/u><a class=\"DAu20 kB6NM\" href=\"https:\/\/findelmundo.bandcamp.com\/\" target=\"_blank\" rel=\"noopener noreferrer\" data-hook=\"WebLink\"><u>https:\/\/findelmundo.bandcamp.com<\/u><\/a>.<\/span><\/p>\n<\/div>\n<div data-hook=\"rcv-block17\"><\/div>\n<div data-breakout=\"normal\">\n<div id=\"viewer-aa0l58059\" class=\"v3Sq9 qf-Fi _3rD2h E207f\" dir=\"auto\"><span class=\"-DNr2 _3rD2h\">\u00a0<\/span><\/div>\n<\/div>\n<div data-hook=\"rcv-block18\"><\/div>\n<div data-breakout=\"normal\">\n<p id=\"viewer-0kexu7800\" class=\"v3Sq9 qf-Fi _3rD2h E207f\" dir=\"auto\"><span class=\"-DNr2 _3rD2h\">Assim como da primeira vez, a nova vinda da <strong>Fin del Mundo<\/strong> ao Brasil \u00e9 uma realiza\u00e7\u00e3o da <strong>Brain Productions Booking<\/strong>, que entre outubro e novembro de 2023 levou as meninas a uma elogiada turn\u00ea europeia, com seis sold outs e participa\u00e7\u00e3o em programa da RTVE, a maior televis\u00e3o da Espanha <a class=\"DAu20 kB6NM\" href=\"https:\/\/email.cloud.secureclick.net\/c\/1711?id=570533.32828.1.40cbc636be90d7c33ed7f3619b439492\" target=\"_blank\" rel=\"noopener noreferrer\" data-hook=\"WebLink\"><u>(<\/u><\/a><a class=\"DAu20 kB6NM\" href=\"https:\/\/email.cloud.secureclick.net\/c\/1711?id=570533.32828.1.40cbc636be90d7c33ed7f3619b439492\" target=\"_blank\" rel=\"noopener noreferrer\" data-hook=\"WebLink\"><u>assista aqui<\/u><\/a>).<\/span><\/p>\n<\/div>\n<div data-hook=\"rcv-block19\"><\/div>\n<div data-breakout=\"normal\">\n<div id=\"viewer-dcdqr8108\" class=\"v3Sq9 qf-Fi _3rD2h E207f\" dir=\"auto\"><span class=\"-DNr2 _3rD2h\">\u00a0<\/span><\/div>\n<\/div>\n<div data-hook=\"rcv-block20\"><\/div>\n<div data-breakout=\"normal\">\n<p id=\"viewer-aisha7808\" class=\"v3Sq9 qf-Fi _3rD2h E207f\" dir=\"auto\"><span class=\"-DNr2 _3rD2h\">Vale tamb\u00e9m destacar que o Fin del Mundo foi sucesso imediato na r\u00e1dio norte-americana <strong>KEXP<\/strong>: sua sess\u00e3o ao vivo ultrapassou a marca de +1 milh\u00e3o e 470 mil de visualiza\u00e7\u00f5es at\u00e9 o momento. <\/span><\/p>\n<\/div>\n<div data-hook=\"rcv-block21\"><\/div>\n<div data-breakout=\"normal\">\n<p id=\"viewer-6871w9115\" class=\"v3Sq9 qf-Fi _3rD2h E207f\" dir=\"auto\"><span class=\"-DNr2 _3rD2h\">Confira aqui: <\/span><\/p>\n<\/div>\n<p><iframe loading=\"lazy\" title=\"YouTube video player\" src=\"https:\/\/www.youtube.com\/embed\/EpXIt_7uso8?si=loshbJnAX5x32vRs\" width=\"560\" height=\"315\" frameborder=\"0\" allowfullscreen=\"allowfullscreen\"><\/iframe><\/p>\n<div data-breakout=\"normal\">\n<p id=\"viewer-2a62d7814\" class=\"v3Sq9 qf-Fi _3rD2h E207f\" dir=\"auto\"><span class=\"-DNr2 _3rD2h\">A exposi\u00e7\u00e3o r\u00e1pida da banda a um grande p\u00fablico chamou a aten\u00e7\u00e3o da marca de guitarras <strong>Fender<\/strong>, que as colocou em seu projeto Fender Next (em que apresenta 25 novos artistas considerados apostas da marca ao redor do mundo) e de festivais como o Canela Party (Torremolinos, M\u00e1laga, na Espanha) e Nox Orae (Su\u00ed\u00e7a), al\u00e9m do Lollapalooza Argentina desse ano.<\/span><\/p>\n<\/div>\n<div data-hook=\"rcv-block26\"><\/div>\n<div data-breakout=\"normal\">\n<div id=\"viewer-hk5c28200\" class=\"v3Sq9 qf-Fi _3rD2h E207f\" dir=\"auto\"><span class=\"-DNr2 _3rD2h\">\u00a0<\/span><\/div>\n<\/div>\n<div data-hook=\"rcv-block27\"><\/div>\n<div data-breakout=\"normal\">\n<p id=\"viewer-xl6uc7818\" class=\"v3Sq9 qf-Fi _3rD2h E207f\" dir=\"auto\"><span class=\"-DNr2 _3rD2h\">Ap\u00f3s os shows no Brasil, a Fin del Mundo segue para M\u00e9xico, Chile e Argentina.<\/span><\/p>\n<p dir=\"auto\"><img loading=\"lazy\" decoding=\"async\" class=\"alignnone size-full wp-image-24748\" src=\"http:\/\/heavymetalonline.com.br\/wp-content\/uploads\/2024\/09\/Fin-del-Mundo-flyer-SP.jpg\" alt=\"\" width=\"1180\" height=\"1192\" srcset=\"http:\/\/heavymetalonline.com.br\/wp-content\/uploads\/2024\/09\/Fin-del-Mundo-flyer-SP.jpg 1180w, http:\/\/heavymetalonline.com.br\/wp-content\/uploads\/2024\/09\/Fin-del-Mundo-flyer-SP-297x300.jpg 297w, http:\/\/heavymetalonline.com.br\/wp-content\/uploads\/2024\/09\/Fin-del-Mundo-flyer-SP-768x776.jpg 768w, http:\/\/heavymetalonline.com.br\/wp-content\/uploads\/2024\/09\/Fin-del-Mundo-flyer-SP-1014x1024.jpg 1014w, http:\/\/heavymetalonline.com.br\/wp-content\/uploads\/2024\/09\/Fin-del-Mundo-flyer-SP-247x250.jpg 247w\" sizes=\"auto, (max-width: 1180px) 100vw, 1180px\" \/><\/p>\n<div data-breakout=\"normal\">\n<p id=\"viewer-4kdjw7820\" class=\"v3Sq9 qf-Fi _3rD2h E207f\" dir=\"auto\"><span class=\"-DNr2 _3rD2h\"><strong>Fin del Mundo de volta ao Brasil<\/strong><\/span><\/p>\n<\/div>\n<div data-breakout=\"normal\">\n<p id=\"viewer-bcg087822\" class=\"v3Sq9 qf-Fi _3rD2h E207f\" dir=\"auto\"><span class=\"-DNr2 _3rD2h\"><strong>13\/09 (sexta-feira)<\/strong><\/span><\/p>\n<\/div>\n<div data-breakout=\"normal\">\n<p id=\"viewer-chiap8287\" class=\"v3Sq9 qf-Fi _3rD2h E207f\" dir=\"auto\"><span class=\"-DNr2 _3rD2h\">cidade: S\u00e3o Paulo, SP<\/span><\/p>\n<\/div>\n<div data-breakout=\"normal\">\n<p id=\"viewer-vuonn8482\" class=\"v3Sq9 qf-Fi _3rD2h E207f\" dir=\"auto\"><span class=\"-DNr2 _3rD2h\">local: Sesc Belenzinho (rua Padre Adelino, 1000 &#8211; Belenzinho, S\u00e3o Paulo), na Comedoria<\/span><\/p>\n<\/div>\n<div data-breakout=\"normal\">\n<p id=\"viewer-js7lu8570\" class=\"v3Sq9 qf-Fi _3rD2h E207f\" dir=\"auto\"><span class=\"-DNr2 _3rD2h\">hor\u00e1rio: 20h30<\/span><\/p>\n<\/div>\n<div data-breakout=\"normal\">\n<p id=\"viewer-wxe1z8526\" class=\"v3Sq9 qf-Fi _3rD2h E207f\" dir=\"auto\"><span class=\"-DNr2 _3rD2h\">ingressos: <a class=\"DAu20 kB6NM\" href=\"https:\/\/www.sescsp.org.br\/programacao\/fin-del-mundo\" target=\"_blank\" rel=\"noopener\" data-hook=\"WebLink\"><u>https:\/\/www.sescsp.org.br\/programacao\/fin-del-mundo<\/u><\/a><\/span><\/p>\n<\/div>\n<div data-hook=\"rcv-block37\"><\/div>\n<div data-breakout=\"normal\">\n<div id=\"viewer-wjsl48441\" class=\"v3Sq9 qf-Fi _3rD2h E207f\" dir=\"auto\"><span class=\"-DNr2 _3rD2h\">\u00a0<\/span><\/div>\n<\/div>\n<div data-hook=\"rcv-block38\"><\/div>\n<div data-breakout=\"normal\">\n<p id=\"viewer-od0ut7826\" class=\"v3Sq9 qf-Fi _3rD2h E207f\" dir=\"auto\"><span class=\"-DNr2 _3rD2h\"><strong>14\/09 (s\u00e1bado)<\/strong><\/span><\/p>\n<\/div>\n<div data-breakout=\"normal\">\n<p id=\"viewer-qs1se8619\" class=\"v3Sq9 qf-Fi _3rD2h E207f\" dir=\"auto\"><span class=\"-DNr2 _3rD2h\">cidade: Bel\u00e9m, PA<\/span><\/p>\n<\/div>\n<div data-breakout=\"normal\">\n<p id=\"viewer-wcwfe8709\" class=\"v3Sq9 qf-Fi _3rD2h E207f\" dir=\"auto\"><span class=\"-DNr2 _3rD2h\">local: NaB\u00eara Espa\u00e7o Cultural (rua S\u00e3o Boaventura, 268, Santa Maria De Bel\u00e9m Do Gr\u00e3o Par\u00e1, Para)<\/span><\/p>\n<\/div>\n<div data-breakout=\"normal\">\n<p id=\"viewer-59tet8803\" class=\"v3Sq9 qf-Fi _3rD2h E207f\" dir=\"auto\"><span class=\"-DNr2 _3rD2h\">hor\u00e1rio: 18h40<\/span><\/p>\n<\/div>\n<div data-breakout=\"normal\">\n<p id=\"viewer-1v9b98756\" class=\"v3Sq9 qf-Fi _3rD2h E207f\" dir=\"auto\"><span class=\"-DNr2 _3rD2h\">ingressos: <a class=\"DAu20 kB6NM\" href=\"https:\/\/www.ingressolive.com\/19-festival-se-rasgum\" target=\"_blank\" rel=\"noopener\" data-hook=\"WebLink\"><u>https:\/\/www.ingressolive.com\/19-festival-se-rasgum<\/u><\/a><\/span><\/p>\n<\/div>\n<div data-hook=\"rcv-block43\"><\/div>\n<div data-breakout=\"normal\">\n<div id=\"viewer-3cxyq8854\" class=\"v3Sq9 qf-Fi _3rD2h E207f\" dir=\"auto\"><span class=\"-DNr2 _3rD2h\">\u00a0<\/span><\/div>\n<\/div>\n<div data-hook=\"rcv-block44\"><\/div>\n<div data-breakout=\"normal\">\n<p id=\"viewer-3veti7830\" class=\"v3Sq9 qf-Fi _3rD2h E207f\" dir=\"auto\"><span class=\"-DNr2 _3rD2h\">Saiba mais sobre a banda: <a class=\"DAu20 kB6NM\" href=\"http:\/\/www.instagram.com\/lasfindelmundo\" target=\"_blank\" rel=\"noopener\" data-hook=\"WebLink\"><u>www.instagram.com\/lasfindelmundo<\/u><\/a><\/span><\/p>\n<\/div>\n<div data-hook=\"rcv-block45\"><\/div>\n<div data-breakout=\"normal\">\n<div id=\"viewer-c3p1410841\" class=\"v3Sq9 qf-Fi _3rD2h E207f\" dir=\"auto\"><span class=\"-DNr2 _3rD2h\">\u00a0<\/span><\/div>\n<\/div>\n<div data-hook=\"rcv-block46\"><\/div>\n<div data-breakout=\"normal\">\n<p id=\"viewer-xac9h10890\" class=\"v3Sq9 qf-Fi _3rD2h E207f\" dir=\"auto\"><span class=\"-DNr2 _3rD2h\"><strong>Fonte: <\/strong>Tedesco Comunica\u00e7\u00e3o &amp; M\u00eddia<\/span><\/p>\n<\/div>\n<\/div>\n","protected":false},"excerpt":{"rendered":"<p>Cr\u00e9dito: Flor Petra Quarteto feminino da Argentina se apresenta dia 13\/09 no Sesc Belenzinho Assim como na primeira passagem por S\u00e3o Paulo, o in\u00edcio da venda de ingressos para o show das argentinas Fin del Mundo, fen\u00f4meno da cena alternativa latino-americana, foi mete\u00f3rica. Os \u00faltimos tickets para a nova apresenta\u00e7\u00e3o delas, dia 13 de setembro, [&hellip;]<\/p>\n","protected":false},"author":12,"featured_media":20742,"comment_status":"closed","ping_status":"open","sticky":false,"template":"","format":"standard","meta":{"footnotes":""},"categories":[4],"tags":[],"class_list":["post-24747","post","type-post","status-publish","format-standard","has-post-thumbnail","hentry","category-noticias"],"_links":{"self":[{"href":"http:\/\/heavymetalonline.com.br\/index.php?rest_route=\/wp\/v2\/posts\/24747","targetHints":{"allow":["GET"]}}],"collection":[{"href":"http:\/\/heavymetalonline.com.br\/index.php?rest_route=\/wp\/v2\/posts"}],"about":[{"href":"http:\/\/heavymetalonline.com.br\/index.php?rest_route=\/wp\/v2\/types\/post"}],"author":[{"embeddable":true,"href":"http:\/\/heavymetalonline.com.br\/index.php?rest_route=\/wp\/v2\/users\/12"}],"replies":[{"embeddable":true,"href":"http:\/\/heavymetalonline.com.br\/index.php?rest_route=%2Fwp%2Fv2%2Fcomments&post=24747"}],"version-history":[{"count":1,"href":"http:\/\/heavymetalonline.com.br\/index.php?rest_route=\/wp\/v2\/posts\/24747\/revisions"}],"predecessor-version":[{"id":24749,"href":"http:\/\/heavymetalonline.com.br\/index.php?rest_route=\/wp\/v2\/posts\/24747\/revisions\/24749"}],"wp:featuredmedia":[{"embeddable":true,"href":"http:\/\/heavymetalonline.com.br\/index.php?rest_route=\/wp\/v2\/media\/20742"}],"wp:attachment":[{"href":"http:\/\/heavymetalonline.com.br\/index.php?rest_route=%2Fwp%2Fv2%2Fmedia&parent=24747"}],"wp:term":[{"taxonomy":"category","embeddable":true,"href":"http:\/\/heavymetalonline.com.br\/index.php?rest_route=%2Fwp%2Fv2%2Fcategories&post=24747"},{"taxonomy":"post_tag","embeddable":true,"href":"http:\/\/heavymetalonline.com.br\/index.php?rest_route=%2Fwp%2Fv2%2Ftags&post=24747"}],"curies":[{"name":"wp","href":"https:\/\/api.w.org\/{rel}","templated":true}]}}