{"id":24812,"date":"2024-09-13T21:55:12","date_gmt":"2024-09-13T21:55:12","guid":{"rendered":"http:\/\/heavymetalonline.com.br\/?p=24812"},"modified":"2024-09-13T21:55:12","modified_gmt":"2024-09-13T21:55:12","slug":"alexandre-de-orio-ex-claustrofobia-apresenta-peca-erudita-contemporanea-no-theatro-sao-pedro","status":"publish","type":"post","link":"http:\/\/heavymetalonline.com.br\/?p=24812","title":{"rendered":"Alexandre de Orio: ex-Claustrofobia apresenta pe\u00e7a erudita contempor\u00e2nea no Theatro S\u00e3o Pedro"},"content":{"rendered":"<div class=\"nLG8d5\" data-hook=\"post-description\">\n<article class=\"blog-post-page-font\">\n<div class=\"post-content__body stSKMK\">\n<div class=\"moHCnT\">\n<div class=\"moHCnT\">\n<div class=\"fTEXDR\" data-rce-version=\"10.95.0\">\n<div class=\"a-h6g\" dir=\"ltr\" data-id=\"content-viewer\">\n<div class=\"RNkfI\">\n<div class=\"S-zKR\">\n<div data-breakout=\"normal\">\n<div data-breakout=\"normal\">\n<p id=\"viewer-h59ex11909\" class=\"_0e-9U _0lgUs aMNpl -MlB1\" dir=\"auto\" style=\"text-align: center;\"><span class=\"eia1P\"><em>O concerto de 14 de setembro ser\u00e1 transmitido ao vivo no canal do\u00a0<\/em><\/span><em>YouTube do Theatro S\u00e3o Pedro<\/em><\/p>\n<\/div>\n<p id=\"viewer-cn53s12296\" class=\"_0e-9U _0lgUs e6eRs -MlB1\" dir=\"auto\"><span class=\"eia1P\">Conhecido por sua estrada no heavy metal ao lado do <strong>Claustrofobia<\/strong>, onde esteve por quase 20 anos, <strong>Alexandre de Orio<\/strong>, que tamb\u00e9m integra o Quarteto De Guitarras Kroma e o projeto solo de S\u00e9rgio Britto (Tit\u00e3s), apresentar\u00e1 uma pe\u00e7a erudita contempor\u00e2nea no famoso Theatro S\u00e3o Pedro, em S\u00e3o Paulo, ao lado de m\u00fasicos da pr\u00f3pria orquestra do Theatro.<\/span><\/p>\n<\/div>\n<div data-hook=\"rcv-block6\"><\/div>\n<div data-breakout=\"normal\">\n<div id=\"viewer-45lvg7648\" class=\"_0e-9U _0lgUs e6eRs -MlB1\" dir=\"auto\"><span class=\"eia1P\">\u00a0<\/span><\/div>\n<\/div>\n<div data-hook=\"rcv-block7\"><\/div>\n<div data-breakout=\"normal\">\n<p id=\"viewer-p26vf7651\" class=\"_0e-9U _0lgUs e6eRs -MlB1\" dir=\"auto\"><span class=\"eia1P\"><em>&#8220;A Palavra, invoca\u00e7\u00e3o para uma l\u00edngua que revive&#8221;<\/em> \u00e9 da compositora e doutora pela USP Michelle Agnes Magalh\u00e3es, que leciona na Faculdade Santa Marcelina e na Academia da Orquestra Sinf\u00f4nica do Estado de S\u00e3o Paulo. A pe\u00e7a, baseada no poema da escritora Micheliny Verunschk, \u00e9 mais uma composi\u00e7\u00e3o contempor\u00e2nea que tem uma forma\u00e7\u00e3o instrumental peculiar escrita para soprano, flauta baixo e piccolo, clarinete baixo,violino, viola, cello e a guitarra el\u00e9trica.<\/span><\/p>\n<\/div>\n<div data-hook=\"rcv-block8\"><\/div>\n<div data-breakout=\"normal\">\n<div id=\"viewer-o5ozm7654\" class=\"_0e-9U _0lgUs e6eRs -MlB1\" dir=\"auto\"><span class=\"eia1P\">\u00a0<\/span><\/div>\n<\/div>\n<div data-hook=\"rcv-block9\"><\/div>\n<div data-breakout=\"normal\">\n<p id=\"viewer-96c8n7657\" class=\"_0e-9U _0lgUs e6eRs -MlB1\" dir=\"auto\"><span class=\"eia1P\"><strong>Orio<\/strong>, que em 2019 j\u00e1 tinha sido convidado a estrear uma pe\u00e7a contempor\u00e2nea junto \u00e0 OSESP na Sala S\u00e3o Paulo, comentou:<em> &#8220;Fiquei super feliz com esse novo convite! Quem me indicou foi um dos grandes guitarristas de Jazz de S\u00e3o Paulo, o grande m\u00fasico Djalma Lima, que inclusive me convidou e tocamos juntos no concerto com a OSESP. Na faculdade de m\u00fasica, eu adorava conhecer as pe\u00e7as eruditas contempor\u00e2neas e aprender sobre elas, os conceitos por traz da pe\u00e7a, sistemas utilizados etc, ent\u00e3o, gosto muito de pegar esses desafios. Espero ser convidado mais vezes para essas pe\u00e7as que incluem guitarra, assim como espero ver mais compositores incluindo a guitarra nestas pe\u00e7as contempor\u00e2neas.&#8221;<\/em><\/span><\/p>\n<\/div>\n<div data-hook=\"rcv-block10\"><\/div>\n<div data-breakout=\"normal\">\n<div id=\"viewer-dvlhp7660\" class=\"_0e-9U _0lgUs e6eRs -MlB1\" dir=\"auto\"><span class=\"eia1P\">\u00a0<\/span><\/div>\n<\/div>\n<div data-hook=\"rcv-block11\"><\/div>\n<div data-breakout=\"normal\">\n<p id=\"viewer-fxbcg7663\" class=\"_0e-9U _0lgUs e6eRs -MlB1\" dir=\"auto\"><span class=\"eia1P\"><strong>SERVI\u00c7O:<\/strong><\/span><\/p>\n<\/div>\n<div data-breakout=\"normal\">\n<p id=\"viewer-d0qpb7666\" class=\"_0e-9U _0lgUs e6eRs -MlB1\" dir=\"auto\"><span class=\"eia1P\">PIERROT LUNAIRE<\/span><\/p>\n<\/div>\n<div data-breakout=\"normal\">\n<p id=\"viewer-94f9u7669\" class=\"_0e-9U _0lgUs e6eRs -MlB1\" dir=\"auto\"><span class=\"eia1P\">M\u00fasicos da Orquestra do Theatro S\u00e3o Pedro<\/span><\/p>\n<\/div>\n<div data-breakout=\"normal\">\n<p id=\"viewer-8dxps7672\" class=\"_0e-9U _0lgUs e6eRs -MlB1\" dir=\"auto\"><span class=\"eia1P\">Studio 3 Cia de Dan\u00e7a<\/span><\/p>\n<\/div>\n<div data-breakout=\"normal\">\n<p id=\"viewer-uq4u67675\" class=\"_0e-9U _0lgUs e6eRs -MlB1\" dir=\"auto\"><span class=\"eia1P\">Ricardo Bologna, reg\u00eancia<\/span><\/p>\n<\/div>\n<div data-breakout=\"normal\">\n<p id=\"viewer-109pg7678\" class=\"_0e-9U _0lgUs e6eRs -MlB1\" dir=\"auto\"><span class=\"eia1P\">Caetano Vilela, encena\u00e7\u00e3o e ilumina\u00e7\u00e3o<\/span><\/p>\n<\/div>\n<div data-breakout=\"normal\">\n<p id=\"viewer-v2nvi7681\" class=\"_0e-9U _0lgUs e6eRs -MlB1\" dir=\"auto\"><span class=\"eia1P\">Anselmo Zolla, coreografia<\/span><\/p>\n<\/div>\n<div data-breakout=\"normal\">\n<p id=\"viewer-1ykdh7684\" class=\"_0e-9U _0lgUs e6eRs -MlB1\" dir=\"auto\"><span class=\"eia1P\">Laiana Oliveira, solista<\/span><\/p>\n<\/div>\n<div data-hook=\"rcv-block19\"><\/div>\n<div data-breakout=\"normal\">\n<div id=\"viewer-im19e7687\" class=\"_0e-9U _0lgUs e6eRs -MlB1\" dir=\"auto\"><span class=\"eia1P\">\u00a0<\/span><\/div>\n<\/div>\n<div data-hook=\"rcv-block20\"><\/div>\n<div data-breakout=\"normal\">\n<p id=\"viewer-ulbns7690\" class=\"_0e-9U _0lgUs e6eRs -MlB1\" dir=\"auto\"><span class=\"eia1P\">PROGRAMA\u00a0 \u00a0 \u00a0 \u00a0 \u00a0 \u00a0 \u00a0 \u00a0 \u00a0\u00a0<\/span><\/p>\n<\/div>\n<div data-breakout=\"normal\">\n<p id=\"viewer-6m9lw7693\" class=\"_0e-9U _0lgUs e6eRs -MlB1\" dir=\"auto\"><span class=\"eia1P\">MICHELLE AGNES (1979-)<\/span><\/p>\n<\/div>\n<div data-breakout=\"normal\">\n<p id=\"viewer-jg56z7696\" class=\"_0e-9U _0lgUs e6eRs -MlB1\" dir=\"auto\"><span class=\"eia1P\">A Palavra, invoca\u00e7\u00e3o para uma l\u00edngua que revive\u00a0\u00a0<\/span><\/p>\n<\/div>\n<div data-breakout=\"normal\">\n<p id=\"viewer-l4b8p7699\" class=\"_0e-9U _0lgUs e6eRs -MlB1\" dir=\"auto\"><span class=\"eia1P\">[Texto de Micheliny Verunshk]<\/span><\/p>\n<\/div>\n<div data-hook=\"rcv-block24\"><\/div>\n<div data-breakout=\"normal\">\n<div id=\"viewer-epgz57702\" class=\"_0e-9U _0lgUs e6eRs -MlB1\" dir=\"auto\"><span class=\"eia1P\">\u00a0<\/span><\/div>\n<\/div>\n<div data-hook=\"rcv-block25\"><\/div>\n<div data-breakout=\"normal\">\n<p id=\"viewer-rqqji7705\" class=\"_0e-9U _0lgUs e6eRs -MlB1\" dir=\"auto\"><span class=\"eia1P\">[INTERVALO]<\/span><\/p>\n<\/div>\n<div data-breakout=\"normal\">\n<p id=\"viewer-9a36o7708\" class=\"_0e-9U _0lgUs e6eRs -MlB1\" dir=\"auto\"><span class=\"eia1P\">ARNOLD SCH\u00d6NBERG (1874-1951)<\/span><\/p>\n<\/div>\n<div data-breakout=\"normal\">\n<p id=\"viewer-5o0t47711\" class=\"_0e-9U _0lgUs e6eRs -MlB1\" dir=\"auto\"><span class=\"eia1P\">Pierrot Lunaire, Op. 21 \u00a0<\/span><\/p>\n<\/div>\n<div data-hook=\"rcv-block28\"><\/div>\n<div data-breakout=\"normal\">\n<div id=\"viewer-b9xlz7714\" class=\"_0e-9U _0lgUs e6eRs -MlB1\" dir=\"auto\"><span class=\"eia1P\">\u00a0<\/span><\/div>\n<\/div>\n<div data-hook=\"rcv-block29\"><\/div>\n<div data-breakout=\"normal\">\n<p id=\"viewer-rvxzd7717\" class=\"_0e-9U _0lgUs e6eRs -MlB1\" dir=\"auto\"><span class=\"eia1P\"><strong>Ensaio geral aberto e gratuito: <\/strong>13 de setembro (sexta-feira), \u00e0s 19h \u00a0<\/span><\/p>\n<\/div>\n<div data-hook=\"rcv-block30\"><\/div>\n<div data-breakout=\"normal\">\n<div id=\"viewer-3uu6g10919\" class=\"_0e-9U _0lgUs e6eRs -MlB1\" dir=\"auto\"><span class=\"eia1P\">\u00a0<\/span><\/div>\n<\/div>\n<div data-hook=\"rcv-block31\"><\/div>\n<div data-breakout=\"normal\">\n<p id=\"viewer-57b8k7721\" class=\"_0e-9U _0lgUs e6eRs -MlB1\" dir=\"auto\"><span class=\"eia1P\"><strong>Concertos: <\/strong>14 de setembro (s\u00e1bado), \u00e0s 20h | 15 de setembro (domingo), \u00e0s 17h<\/span><\/p>\n<p dir=\"auto\">\n<\/div>\n<div data-breakout=\"normal\">\n<p id=\"viewer-3tgd47725\" class=\"_0e-9U _0lgUs e6eRs -MlB1\" dir=\"auto\"><span class=\"eia1P\">Ingressos: R$ 35 (meia) e R$ 70 (inteira), em <a class=\"DDIkB O4kC5\" href=\"https:\/\/feverup.com\/m\/161408\" target=\"_blank\" rel=\"noopener\" data-hook=\"WebLink\"><u>https:\/\/feverup.com\/m\/161408<\/u><\/a><\/span><\/p>\n<\/div>\n<div data-breakout=\"normal\">\n<p id=\"viewer-tcc897729\" class=\"_0e-9U _0lgUs e6eRs -MlB1\" dir=\"auto\"><span class=\"eia1P\">Classifica\u00e7\u00e3o et\u00e1ria: Livre<\/span><\/p>\n<\/div>\n<div data-breakout=\"normal\">\n<p id=\"viewer-u1aon7732\" class=\"_0e-9U _0lgUs e6eRs -MlB1\" dir=\"auto\"><span class=\"eia1P\">Dura\u00e7\u00e3o: 71 minutos (com intervalo)<\/span><\/p>\n<\/div>\n<div data-breakout=\"normal\">\n<p id=\"viewer-8wtkd7735\" class=\"_0e-9U _0lgUs e6eRs -MlB1\" dir=\"auto\"><span class=\"eia1P\">Local: Theatro S\u00e3o Pedro<\/span><\/p>\n<\/div>\n<div data-breakout=\"normal\">\n<p id=\"viewer-pn4z67738\" class=\"_0e-9U _0lgUs e6eRs -MlB1\" dir=\"auto\"><span class=\"eia1P\">Endere\u00e7o: Rua Barra Funda, 171, S\u00e3o Paulo\/SP<\/span><\/p>\n<\/div>\n<div data-hook=\"rcv-block37\"><\/div>\n<div data-breakout=\"normal\">\n<div id=\"viewer-4jsm47741\" class=\"_0e-9U _0lgUs e6eRs -MlB1\" dir=\"auto\"><span class=\"eia1P\">\u00a0<\/span><\/div>\n<\/div>\n<div data-hook=\"rcv-block38\"><\/div>\n<div data-breakout=\"normal\">\n<p id=\"viewer-lopk17742\" class=\"_0e-9U _0lgUs e6eRs -MlB1\" dir=\"auto\"><span class=\"eia1P\"><strong>Transmiss\u00e3o ao vivo:<\/strong><\/span><\/p>\n<\/div>\n<div data-breakout=\"normal\">\n<p id=\"viewer-uhh907745\" class=\"_0e-9U _0lgUs e6eRs -MlB1\" dir=\"auto\"><span class=\"eia1P\">O concerto de 14 de setembro tamb\u00e9m ser\u00e1 transmitido ao vivo gratuitamente pelo canal do YouTube do Theatro S\u00e3o Pedro \u00a0(<a class=\"DDIkB O4kC5\" href=\"https:\/\/www.youtube.com\/channel\/UC01o5iu-oc2oxFPchS9eKVA\" target=\"_blank\" rel=\"noopener noreferrer\" data-hook=\"WebLink\"><u>https:\/\/www.youtube.com\/channel\/UC01o5iu-oc2oxFPchS9eKVA<\/u><\/a>).<\/span><\/p>\n<\/div>\n<div data-hook=\"rcv-block40\"><\/div>\n<div data-breakout=\"normal\">\n<div id=\"viewer-80n7x7750\" class=\"_0e-9U _0lgUs e6eRs -MlB1\" dir=\"auto\"><span class=\"eia1P\">\u00a0<\/span><\/div>\n<\/div>\n<div data-hook=\"rcv-block41\"><\/div>\n<div data-breakout=\"normal\">\n<p id=\"viewer-njio87751\" class=\"_0e-9U _0lgUs e6eRs -MlB1\" dir=\"auto\"><span class=\"eia1P\"><strong>&#8211; BIO &#8211;<\/strong><\/span><\/p>\n<\/div>\n<div data-breakout=\"normal\">\n<p id=\"viewer-bcff27754\" class=\"_0e-9U _0lgUs e6eRs -MlB1\" dir=\"auto\"><span class=\"eia1P\">Alexandre de Orio \u00e9 Bacharel em guitarra pela FAAM (Faculdade de Artes Alc\u00e2ntara Machado, do grupo FMU) e p\u00f3s-graduado em &#8220;Estrutura\u00e7\u00e3o e Linguagem Musical&#8221; pela Faculdade de M\u00fasica Carlos Gomes, &#8220;Doc\u00eancia Superior em M\u00fasica&#8221; pela FAAM e &#8220;Viol\u00e3o: Pedagogia e Performance&#8221; pela Faculdade Santa Marcelina. Professor do curso de p\u00f3s-gradua\u00e7\u00e3o &#8220;Rock: Teoria, Hist\u00f3ria e Pr\u00e1tica&#8221; na Faculdade Santa Marcelina, Diretor Musical da School of Rock de Guarulhos e professor tamb\u00e9m na Play Music School. Em 2022 e in\u00edcio de 2024, lecionou na Swarnabhoomi Academy of \u00a0Music, no sul da \u00cdndia.<\/span><\/p>\n<\/div>\n<div data-hook=\"rcv-block43\"><\/div>\n<div data-breakout=\"normal\">\n<div id=\"viewer-p4dj27757\" class=\"_0e-9U _0lgUs e6eRs -MlB1\" dir=\"auto\"><span class=\"eia1P\">\u00a0<\/span><\/div>\n<\/div>\n<div data-hook=\"rcv-block44\"><\/div>\n<div data-breakout=\"normal\">\n<p id=\"viewer-82ptd7758\" class=\"_0e-9U _0lgUs e6eRs -MlB1\" dir=\"auto\"><span class=\"eia1P\">Orio \u00e9 o idealizador do projeto Metal Brasileiro e autor do livro &#8220;Metal Brasileiro: Ritmos Brasileiros Aplicados na Guitarra Metal \u2013 Novos Caminhos para Riffs de Guitarra \u2013 Volume 1 \u2013 Samba Metal&#8221;, no qual explica, de forma mais cient\u00edfica, a fus\u00e3o do heavy metal com ritmos brasileiros. Al\u00e9m disso, foi professor na Yamaha Music School, primeira escola da Yamaha no Brasil, onde foi respons\u00e1vel pelo curso de cordas, e \u00e9 criador do jogo educacional de tabuleiro &#8220;The String Game&#8221;.<\/span><\/p>\n<\/div>\n<div data-hook=\"rcv-block45\"><\/div>\n<div data-breakout=\"normal\">\n<div id=\"viewer-f42708500\" class=\"_0e-9U _0lgUs e6eRs -MlB1\" dir=\"auto\"><span class=\"eia1P\">\u00a0<\/span><\/div>\n<\/div>\n<div data-hook=\"rcv-block46\"><\/div>\n<div data-breakout=\"normal\">\n<p id=\"viewer-7o38v7762\" class=\"_0e-9U _0lgUs e6eRs -MlB1\" dir=\"auto\"><span class=\"eia1P\"><strong>Instagram:<\/strong><\/span><\/p>\n<\/div>\n<div data-breakout=\"normal\">\n<p id=\"viewer-5bur57765\" class=\"_0e-9U _0lgUs e6eRs -MlB1\" dir=\"auto\"><span class=\"eia1P\"><a class=\"DDIkB O4kC5\" href=\"https:\/\/www.instagram.com\/alexandredeorio\/\" target=\"_blank\" rel=\"noopener\" data-hook=\"WebLink\"><u>https:\/\/www.instagram.com\/alexandredeorio\/<\/u><\/a><\/span><\/p>\n<\/div>\n<div data-breakout=\"normal\">\n<p id=\"viewer-kdivj7768\" class=\"_0e-9U _0lgUs e6eRs -MlB1\" dir=\"auto\"><span class=\"eia1P\"><a class=\"DDIkB O4kC5\" href=\"https:\/\/www.instagram.com\/theatrosaopedro\/\" target=\"_blank\" rel=\"noopener\" data-hook=\"WebLink\"><u>https:\/\/www.instagram.com\/theatrosaopedro\/<\/u><\/a><\/span><\/p>\n<\/div>\n<div data-hook=\"rcv-block49\"><\/div>\n<div data-breakout=\"normal\">\n<div id=\"viewer-odovk8349\" class=\"_0e-9U _0lgUs e6eRs -MlB1\" dir=\"auto\"><span class=\"eia1P\">\u00a0<\/span><\/div>\n<\/div>\n<div data-hook=\"rcv-block50\"><\/div>\n<div data-breakout=\"normal\">\n<p id=\"viewer-1dbah7772\" class=\"_0e-9U _0lgUs e6eRs -MlB1\" dir=\"auto\"><span class=\"eia1P\">YouTube: <a class=\"DDIkB O4kC5\" href=\"https:\/\/www.youtube.com\/alexandredeorio\" target=\"_blank\" rel=\"noopener\" data-hook=\"WebLink\"><u>https:\/\/www.youtube.com\/alexandredeorio<\/u><\/a><\/span><\/p>\n<\/div>\n<div data-hook=\"rcv-block51\"><\/div>\n<div data-breakout=\"normal\">\n<div id=\"viewer-k4jec8247\" class=\"_0e-9U _0lgUs e6eRs -MlB1\" dir=\"auto\"><span class=\"eia1P\">\u00a0<\/span><\/div>\n<\/div>\n<div data-hook=\"rcv-block52\"><\/div>\n<div data-breakout=\"normal\">\n<p id=\"viewer-cal8f8299\" class=\"_0e-9U _0lgUs e6eRs -MlB1\" dir=\"auto\"><span class=\"eia1P\"><strong>Fonte:<\/strong> ASE Music Press<\/span><\/p>\n<\/div>\n<div data-hook=\"rcv-block53\"><\/div>\n<\/div>\n<div data-hook=\"rcv-block-last\"><\/div>\n<\/div>\n<\/div>\n<\/div>\n<\/div>\n<\/div>\n<\/div>\n<\/article>\n<\/div>\n<div class=\"BL3dva\"><\/div>\n","protected":false},"excerpt":{"rendered":"<p>O concerto de 14 de setembro ser\u00e1 transmitido ao vivo no canal do\u00a0YouTube do Theatro S\u00e3o Pedro Conhecido por sua estrada no heavy metal ao lado do Claustrofobia, onde esteve por quase 20 anos, Alexandre de Orio, que tamb\u00e9m integra o Quarteto De Guitarras Kroma e o projeto solo de S\u00e9rgio Britto (Tit\u00e3s), apresentar\u00e1 uma [&hellip;]<\/p>\n","protected":false},"author":12,"featured_media":24813,"comment_status":"closed","ping_status":"open","sticky":false,"template":"","format":"standard","meta":{"footnotes":""},"categories":[4],"tags":[],"class_list":["post-24812","post","type-post","status-publish","format-standard","has-post-thumbnail","hentry","category-noticias"],"_links":{"self":[{"href":"http:\/\/heavymetalonline.com.br\/index.php?rest_route=\/wp\/v2\/posts\/24812","targetHints":{"allow":["GET"]}}],"collection":[{"href":"http:\/\/heavymetalonline.com.br\/index.php?rest_route=\/wp\/v2\/posts"}],"about":[{"href":"http:\/\/heavymetalonline.com.br\/index.php?rest_route=\/wp\/v2\/types\/post"}],"author":[{"embeddable":true,"href":"http:\/\/heavymetalonline.com.br\/index.php?rest_route=\/wp\/v2\/users\/12"}],"replies":[{"embeddable":true,"href":"http:\/\/heavymetalonline.com.br\/index.php?rest_route=%2Fwp%2Fv2%2Fcomments&post=24812"}],"version-history":[{"count":1,"href":"http:\/\/heavymetalonline.com.br\/index.php?rest_route=\/wp\/v2\/posts\/24812\/revisions"}],"predecessor-version":[{"id":24814,"href":"http:\/\/heavymetalonline.com.br\/index.php?rest_route=\/wp\/v2\/posts\/24812\/revisions\/24814"}],"wp:featuredmedia":[{"embeddable":true,"href":"http:\/\/heavymetalonline.com.br\/index.php?rest_route=\/wp\/v2\/media\/24813"}],"wp:attachment":[{"href":"http:\/\/heavymetalonline.com.br\/index.php?rest_route=%2Fwp%2Fv2%2Fmedia&parent=24812"}],"wp:term":[{"taxonomy":"category","embeddable":true,"href":"http:\/\/heavymetalonline.com.br\/index.php?rest_route=%2Fwp%2Fv2%2Fcategories&post=24812"},{"taxonomy":"post_tag","embeddable":true,"href":"http:\/\/heavymetalonline.com.br\/index.php?rest_route=%2Fwp%2Fv2%2Ftags&post=24812"}],"curies":[{"name":"wp","href":"https:\/\/api.w.org\/{rel}","templated":true}]}}