{"id":24848,"date":"2024-09-16T13:25:55","date_gmt":"2024-09-16T13:25:55","guid":{"rendered":"http:\/\/heavymetalonline.com.br\/?p=24848"},"modified":"2024-09-16T13:25:55","modified_gmt":"2024-09-16T13:25:55","slug":"o-rs-sempre-foi-especial-para-mim-afirma-edu-falaschi-ex-angra-que-faz-show-neste-sabado-21-em-porto-alegre","status":"publish","type":"post","link":"http:\/\/heavymetalonline.com.br\/?p=24848","title":{"rendered":"\u201dO RS sempre foi especial para mim\u201d, afirma Edu Falaschi (ex-Angra), que faz show neste s\u00e1bado (21) em Porto Alegre"},"content":{"rendered":"<div data-breakout=\"normal\">\n<p id=\"viewer-begj76812\" class=\"E0qnV MObmT Ms0q1 a144M\" dir=\"auto\"><span class=\"rpoEi\">Neste s\u00e1bado, 21 de setembro, o vocalista <strong>Edu Falaschi (ex-Angra)<\/strong> volta a Porto Alegre. O show ocorre a partir das 19h30min, no Opini\u00e3o (Jos\u00e9 do Patroc\u00ednio, 834). A apresenta\u00e7\u00e3o \u00e9 diferenciada, pois homenageia os 20 anos do DVD \u201cRebirth Live in S\u00e3o Paulo\u201d (2003) e tem repert\u00f3rio que inclui cl\u00e1ssicos e m\u00fasicas que que n\u00e3o s\u00e3o apresentadas ao vivo pelo m\u00fasico h\u00e1 mais de 12 anos \u2014 como \u2018Carry On\u2019, \u2018Nothing To Say\u2019, \u2018Time\u2019,\u00a0 \u2018Make Believe\u2019 e mais. Edu chega a capital ga\u00facha n\u00e3o apenas com seu espet\u00e1culo atual, mas tamb\u00e9m com an\u00fancio de ajuda para a popula\u00e7\u00e3o ga\u00facha: ele arrecadou quase R$ 20 mil para ajudar as v\u00edtimas da enchente e deve divulgar a entidade que recebe esse valor durante a performance em Porto Alegre.<\/span><\/p>\n<\/div>\n<div data-hook=\"rcv-block4\"><\/div>\n<div data-breakout=\"normal\">\n<div id=\"viewer-cz5xv892\" class=\"E0qnV MObmT Ms0q1 a144M\" dir=\"auto\"><span class=\"rpoEi\">\u00a0<\/span><\/div>\n<\/div>\n<div data-hook=\"rcv-block5\"><\/div>\n<div data-breakout=\"normal\">\n<p id=\"viewer-loswf18\" class=\"E0qnV MObmT iIW52 a144M\" dir=\"auto\"><span class=\"rpoEi iIW52\"><a class=\"Qwps1 _8zT4p\" href=\"https:\/\/bileto.sympla.com.br\/event\/89747\/d\/231201\/s\/1572767\" target=\"_blank\" rel=\"noopener\" data-hook=\"WebLink\">Ingressos aqui<\/a>: <a class=\"Qwps1 _8zT4p\" href=\"https:\/\/bileto.sympla.com.br\/event\/89747\/d\/231201\/s\/1572767\" target=\"_blank\" rel=\"noopener noreferrer\" data-hook=\"WebLink\"><u>https:\/\/bileto.sympla.com.br\/event\/89747\/d\/231201\/s\/1572767<\/u><\/a><\/span><\/p>\n<\/div>\n<div data-hook=\"rcv-block6\"><\/div>\n<div data-breakout=\"normal\">\n<div id=\"viewer-cj4xt272\" class=\"E0qnV MObmT iIW52 a144M\" dir=\"auto\"><span class=\"rpoEi iIW52\">\u00a0<\/span><\/div>\n<\/div>\n<div data-hook=\"rcv-block7\"><\/div>\n<div data-breakout=\"normal\">\n<p id=\"viewer-frjj322\" class=\"E0qnV MObmT iIW52 a144M\" dir=\"auto\"><span class=\"rpoEi iIW52\"><em>\u201cO Rio Grande do Sul sempre foi muito especial para mim, muito bacana tocar no Estado. Lembro muito do in\u00edcio, dos primeiros shows, na turn\u00ea mesmo do \u201cRebirth\u201d, quando a gente fez as primeiras turn\u00eas em Porto Alegre, todo mundo cantando tudo o tempo todo. E sempre foi uma regi\u00e3o que eu sempre me senti muito confort\u00e1vel de fazer show. E justamente pelo apoio de todo mundo e tal\u201d<\/em>, recorda Edu.<\/span><\/p>\n<\/div>\n<div data-hook=\"rcv-block8\"><\/div>\n<div data-breakout=\"normal\">\n<div id=\"viewer-g2m18966\" class=\"E0qnV MObmT iIW52 a144M\" dir=\"auto\"><span class=\"rpoEi iIW52\">\u00a0<\/span><\/div>\n<\/div>\n<div data-hook=\"rcv-block9\"><\/div>\n<div data-breakout=\"normal\">\n<p id=\"viewer-74v6e24\" class=\"E0qnV MObmT iIW52 a144M\" dir=\"auto\"><span class=\"rpoEi iIW52\">Conforme o artista, algo marcante da regi\u00e3o Sul foi presenciar o orgulho do povo local com sua terra:<\/span><\/p>\n<\/div>\n<div data-hook=\"rcv-block10\"><\/div>\n<div data-breakout=\"normal\">\n<p id=\"viewer-tdmcl26\" class=\"E0qnV MObmT iIW52 a144M\" dir=\"auto\"><span class=\"rpoEi iIW52\"><em>\u201cLembro muito dos momentos em que o p\u00fablico cantava o hino do Rio Grande do Sul. \u00c9 uma coisa que eu nunca tinha visto e me marcou bastante. Tanto que em outras passagens, at\u00e9 pedia para a galera cantar e mostrar a eventuais m\u00fasicos novos do Alma. Muito bacana de ver o carinho e o orgulho do p\u00fablico ga\u00facho para com sua regi\u00e3o, com suas ra\u00edzes. Acho que esse foi um dos momentos mais marcantes que eu tive a\u00ed\u201d<\/em>.<\/span><\/p>\n<\/div>\n<div data-hook=\"rcv-block11\"><\/div>\n<div data-breakout=\"normal\">\n<div id=\"viewer-i1y7w1178\" class=\"E0qnV MObmT iIW52 a144M\" dir=\"auto\"><span class=\"rpoEi iIW52\">\u00a0<\/span><\/div>\n<\/div>\n<div data-hook=\"rcv-block12\"><\/div>\n<div data-breakout=\"normal\">\n<p id=\"viewer-lsidm28\" class=\"E0qnV MObmT iIW52 a144M\" dir=\"auto\"><span class=\"rpoEi iIW52\">Para a turn\u00ea especial de duas d\u00e9cadas do registro audiovisual \u201cRebirth Live in S\u00e3o Paulo\u201d, Edu e sua equipe contam com \u00f4nibus pr\u00f3prio, toneladas em equipamentos de som e luz e grande infraestrutura. A gira tem formato de minifestival, sendo uma das atra\u00e7\u00f5es a banda Noturnall \u2014 capitaneada pelo vocalista Thiago Bianchi, ao lado do baterista Henrique Pucci, do baixista Saulo Xakol e da revela\u00e7\u00e3o da guitarra brasileira Victor Franco, revelada por Edu Falaschi recentemente em show hist\u00f3rico no Tokio Marine Hall. Complementando o evento, est\u00e1 a banda convidada especial, Storia.<\/span><\/p>\n<\/div>\n<div data-hook=\"rcv-block13\"><\/div>\n<div data-breakout=\"normal\">\n<div id=\"viewer-5mcxq1250\" class=\"E0qnV MObmT Ms0q1 a144M\" dir=\"auto\"><span class=\"rpoEi\">\u00a0<\/span><\/div>\n<\/div>\n<div data-hook=\"rcv-block14\"><\/div>\n<div data-breakout=\"normal\">\n<p id=\"viewer-v03p733\" class=\"E0qnV MObmT G3Wrx a144M\" dir=\"auto\"><span class=\"rpoEi\"><strong>ABLAZE PRODUCTIONS APRESENTA<\/strong><\/span><\/p>\n<\/div>\n<div data-breakout=\"normal\">\n<p id=\"viewer-k7ts235\" class=\"E0qnV MObmT G3Wrx a144M\" dir=\"auto\"><span class=\"rpoEi\"><strong>EDU FALASCHI<\/strong><\/span><\/p>\n<\/div>\n<div data-breakout=\"normal\">\n<p id=\"viewer-ea14238\" class=\"E0qnV MObmT iIW52 a144M\" dir=\"auto\"><span class=\"rpoEi iIW52\"><strong>Onde<\/strong>: Opini\u00e3o (Jos\u00e9 do Patroc\u00ednio, 834 \u2013 Cidade Baixa, Porto Alegre\/RS)<\/span><\/p>\n<\/div>\n<div data-breakout=\"normal\">\n<p id=\"viewer-7v4y641\" class=\"E0qnV MObmT iIW52 a144M\" dir=\"auto\"><span class=\"rpoEi iIW52\"><strong>Quando<\/strong>: 21 de setembro de 2024, s\u00e1bado<\/span><\/p>\n<\/div>\n<div data-breakout=\"normal\">\n<p id=\"viewer-3wyuj44\" class=\"E0qnV MObmT iIW52 a144M\" dir=\"auto\"><span class=\"rpoEi iIW52\"><strong>Abertura da casa<\/strong>: 19h30<\/span><\/p>\n<\/div>\n<div data-breakout=\"normal\">\n<p id=\"viewer-8d7rs47\" class=\"E0qnV MObmT iIW52 a144M\" dir=\"auto\"><span class=\"rpoEi iIW52\"><strong>Classifica\u00e7\u00e3o<\/strong>: 16 anos<\/span><\/p>\n<\/div>\n<div data-breakout=\"normal\">\n<p id=\"viewer-5pjdf50\" class=\"E0qnV MObmT iIW52 a144M\" dir=\"auto\"><span class=\"rpoEi iIW52\"><strong>Cronograma<\/strong>:<\/span><\/p>\n<\/div>\n<div data-breakout=\"normal\">\n<p id=\"viewer-d1hhm53\" class=\"E0qnV MObmT iIW52 a144M\" dir=\"auto\"><span class=\"rpoEi iIW52\">19h30 \u2013 Abertura das portas<\/span><\/p>\n<\/div>\n<div data-breakout=\"normal\">\n<p id=\"viewer-zkqmt55\" class=\"E0qnV MObmT iIW52 a144M\" dir=\"auto\"><span class=\"rpoEi iIW52\">21h \u2013 Edu Falaschi<\/span><\/p>\n<\/div>\n<div data-hook=\"rcv-block23\"><\/div>\n<div data-breakout=\"normal\">\n<div id=\"viewer-l7a5v1685\" class=\"E0qnV MObmT iIW52 a144M\" dir=\"auto\"><span class=\"rpoEi iIW52\">\u00a0<\/span><\/div>\n<\/div>\n<div data-hook=\"rcv-block24\"><\/div>\n<div data-breakout=\"normal\">\n<p id=\"viewer-57mah57\" class=\"E0qnV MObmT iIW52 a144M\" dir=\"auto\"><span class=\"rpoEi iIW52\"><strong>Ingressos:<\/strong><\/span><\/p>\n<\/div>\n<div data-breakout=\"normal\">\n<p id=\"viewer-d7u8i59\" class=\"E0qnV MObmT iIW52 a144M\" dir=\"auto\"><span class=\"rpoEi iIW52\"><strong>Lote 4<\/strong><\/span><\/p>\n<\/div>\n<div data-breakout=\"normal\">\n<p id=\"viewer-f738461\" class=\"E0qnV MObmT iIW52 a144M\" dir=\"auto\"><span class=\"rpoEi iIW52\">Inteira solid\u00e1ria: R$ 150 *<\/span><\/p>\n<\/div>\n<div data-breakout=\"normal\">\n<p id=\"viewer-8i8ai63\" class=\"E0qnV MObmT iIW52 a144M\" dir=\"auto\"><span class=\"rpoEi iIW52\">Meia-entrada (desconto de 50%): R$ 130 **<\/span><\/p>\n<\/div>\n<div data-breakout=\"normal\">\n<p id=\"viewer-3iijn65\" class=\"E0qnV MObmT iIW52 a144M\" dir=\"auto\"><span class=\"rpoEi iIW52\">Inteira: R$ 260<\/span><\/p>\n<\/div>\n<div data-hook=\"rcv-block29\"><\/div>\n<div data-breakout=\"normal\">\n<p id=\"viewer-vxd8c67\" class=\"E0qnV MObmT iIW52 a144M\" dir=\"auto\"><span class=\"rpoEi iIW52\"><strong>Lote 5<\/strong><\/span><\/p>\n<\/div>\n<div data-breakout=\"normal\">\n<p id=\"viewer-dxc1469\" class=\"E0qnV MObmT iIW52 a144M\" dir=\"auto\"><span class=\"rpoEi iIW52\">Inteira solid\u00e1ria: R$ 170 *<\/span><\/p>\n<\/div>\n<div data-breakout=\"normal\">\n<p id=\"viewer-ief1y71\" class=\"E0qnV MObmT iIW52 a144M\" dir=\"auto\"><span class=\"rpoEi iIW52\">Meia entrada (desconto de 50%): R$ 150 **<\/span><\/p>\n<\/div>\n<div data-breakout=\"normal\">\n<p id=\"viewer-o0tni73\" class=\"E0qnV MObmT iIW52 a144M\" dir=\"auto\"><span class=\"rpoEi iIW52\">Inteira: R$ 300<\/span><\/p>\n<\/div>\n<div data-hook=\"rcv-block33\"><\/div>\n<div data-breakout=\"normal\">\n<div id=\"viewer-pnnta1765\" class=\"E0qnV MObmT iIW52 a144M\" dir=\"auto\"><span class=\"rpoEi iIW52\">\u00a0<\/span><\/div>\n<\/div>\n<div data-hook=\"rcv-block34\"><\/div>\n<div data-breakout=\"normal\">\n<p id=\"viewer-4859u75\" class=\"E0qnV MObmT iIW52 a144M\" dir=\"auto\"><span class=\"rpoEi iIW52\">* Inteira solid\u00e1ria: valor reduzido, com a doa\u00e7\u00e3o de 1kg de alimento n\u00e3o perec\u00edvel, dispon\u00edvel para qualquer pessoa.<\/span><\/p>\n<\/div>\n<div data-breakout=\"normal\">\n<p id=\"viewer-1lmlx77\" class=\"E0qnV MObmT iIW52 a144M\" dir=\"auto\"><span class=\"rpoEi iIW52\">\u2014 Os alimentos dever\u00e3o ser entregues no Opini\u00e3o, no momento da entrada ao evento.<\/span><\/p>\n<\/div>\n<div data-breakout=\"normal\">\n<p id=\"viewer-m95e979\" class=\"E0qnV MObmT iIW52 a144M\" dir=\"auto\"><span class=\"rpoEi iIW52\">\u2014 Para o benef\u00edcio da meia-entrada (50% de desconto), \u00e9 necess\u00e1ria a apresenta\u00e7\u00e3o da Carteira de Identifica\u00e7\u00e3o Estudantil (CIE) na entrada do espet\u00e1culo. Os documentos aceitos como v\u00e1lidos est\u00e3o determinados na Lei Federal 12.933\/13.<\/span><\/p>\n<\/div>\n<div data-hook=\"rcv-block37\"><\/div>\n<div data-breakout=\"normal\">\n<p id=\"viewer-glwhx81\" class=\"E0qnV MObmT iIW52 a144M\" dir=\"auto\"><span class=\"rpoEi iIW52\">Demais descontos:<\/span><\/p>\n<\/div>\n<div data-breakout=\"normal\">\n<p id=\"viewer-9vjko83\" class=\"E0qnV MObmT iIW52 a144M\" dir=\"auto\"><span class=\"rpoEi iIW52\">* 50% para idosos: Lei Federal 10.741\/03 \u2013 obrigat\u00f3ria apresenta\u00e7\u00e3o de identidade ou documento oficial com foto.<\/span><\/p>\n<\/div>\n<div data-breakout=\"normal\">\n<p id=\"viewer-a57hp85\" class=\"E0qnV MObmT iIW52 a144M\" dir=\"auto\"><span class=\"rpoEi iIW52\">* 50% para jovens pertencentes a fam\u00edlias de baixa renda: Lei Federal 12.933\/13 \u2013 obrigat\u00f3ria apresenta\u00e7\u00e3o da Carteira de Identidade Jovem e de documento oficial com foto.<\/span><\/p>\n<\/div>\n<div data-breakout=\"normal\">\n<p id=\"viewer-pavpm87\" class=\"E0qnV MObmT iIW52 a144M\" dir=\"auto\"><span class=\"rpoEi iIW52\">* 50% para pessoas com defici\u00eancia (e acompanhante quando necess\u00e1rio): Lei Federal 12.933\/13 \u2013 obrigat\u00f3ria apresenta\u00e7\u00e3o do Cart\u00e3o de Benef\u00edcio de Presta\u00e7\u00e3o Continuada da Assist\u00eancia Social da Pessoa com Defici\u00eancia ou de documento emitido pelo Instituto Nacional do Seguro Social (INSS).<\/span><\/p>\n<\/div>\n<div data-breakout=\"normal\">\n<p id=\"viewer-b8plu89\" class=\"E0qnV MObmT iIW52 a144M\" dir=\"auto\"><span class=\"rpoEi iIW52\">* 50% para doadores regulares de sangue: Lei Estadual n\u00b0 13.891\/12 \u2013 obrigat\u00f3ria apresenta\u00e7\u00e3o de documento oficial v\u00e1lido e expedido pelos hemocentros\/bancos de sangue.<\/span><\/p>\n<\/div>\n<div data-breakout=\"normal\">\n<p id=\"viewer-kp9ao91\" class=\"E0qnV MObmT iIW52 a144M\" dir=\"auto\"><span class=\"rpoEi iIW52\">* 50% para s\u00f3cio do Clube do Assinante ZH.<\/span><\/p>\n<\/div>\n<div data-hook=\"rcv-block43\"><\/div>\n<div data-breakout=\"normal\">\n<div id=\"viewer-vm6mz1845\" class=\"E0qnV MObmT iIW52 a144M\" dir=\"auto\"><span class=\"rpoEi iIW52\">\u00a0<\/span><\/div>\n<\/div>\n<div data-hook=\"rcv-block44\"><\/div>\n<div data-breakout=\"normal\">\n<p id=\"viewer-yysi893\" class=\"E0qnV MObmT iIW52 a144M\" dir=\"auto\"><span class=\"rpoEi iIW52\"><strong>Realiza\u00e7\u00e3o:<\/strong> Ablaze Productions<\/span><\/p>\n<\/div>\n<div data-breakout=\"normal\">\n<p id=\"viewer-frucv95\" class=\"E0qnV MObmT iIW52 a144M\" dir=\"auto\"><span class=\"rpoEi iIW52\">E-mail: <a class=\"Qwps1 _8zT4p\" href=\"mailto:productionsablaze@gmail.com\" target=\"_blank\" rel=\"noopener\" data-hook=\"WebLink\"><u>productionsablaze@gmail.com<\/u><\/a><\/span><\/p>\n<\/div>\n<div data-breakout=\"normal\">\n<p id=\"viewer-03mi498\" class=\"E0qnV MObmT iIW52 a144M\" dir=\"auto\"><span class=\"rpoEi iIW52\"><a class=\"Qwps1 _8zT4p\" href=\"http:\/\/www.ablazeproductions.com.br\/\" target=\"_blank\" rel=\"noopener\" data-hook=\"WebLink\"><u>www.ablazeproductions.com.br<\/u><\/a><\/span><\/p>\n<\/div>\n<div data-hook=\"rcv-block47\"><\/div>\n<div data-breakout=\"normal\">\n<div id=\"viewer-z2af71992\" class=\"E0qnV MObmT iIW52 a144M\" dir=\"auto\"><span class=\"rpoEi iIW52\">\u00a0<\/span><\/div>\n<\/div>\n<div data-hook=\"rcv-block48\"><\/div>\n<div data-breakout=\"normal\">\n<p id=\"viewer-bf4oe100\" class=\"E0qnV MObmT iIW52 a144M\" dir=\"auto\"><span class=\"rpoEi iIW52\"><strong>Ponto de Venda:<\/strong><\/span><\/p>\n<\/div>\n<div data-breakout=\"normal\">\n<p id=\"viewer-an8o1102\" class=\"E0qnV MObmT iIW52 a144M\" dir=\"auto\"><span class=\"rpoEi iIW52\">Bilheteria oficial (sem taxa de conveni\u00eancia \u2013 somente em dinheiro):<\/span><\/p>\n<\/div>\n<div data-breakout=\"normal\">\n<p id=\"viewer-6j34g104\" class=\"E0qnV MObmT iIW52 a144M\" dir=\"auto\"><span class=\"rpoEi iIW52\">Loja Planeta Surf Bourbon Wallig (Av. Assis Brasil, 2611 \u2013 Loja 249 \u2013 Jardim Lind\u00f3ia \u2013 Porto Alegre)<\/span><\/p>\n<\/div>\n<div data-breakout=\"normal\">\n<p id=\"viewer-blkal106\" class=\"E0qnV MObmT iIW52 a144M\" dir=\"auto\"><span class=\"rpoEi iIW52\">Hor\u00e1rio funcionamento: das 10h \u00e0s 22h.<\/span><\/p>\n<\/div>\n<div data-breakout=\"normal\">\n<p id=\"viewer-xyres108\" class=\"E0qnV MObmT iIW52 a144M\" dir=\"auto\"><span class=\"rpoEi iIW52\">Online: <a class=\"Qwps1 _8zT4p\" href=\"http:\/\/www.sympla.com.br\/opiniao\" target=\"_blank\" rel=\"noopener noreferrer\" data-hook=\"WebLink\"><u>www.sympla.com.br\/opiniao<\/u><\/a><\/span><\/p>\n<\/div>\n<div data-hook=\"rcv-block53\"><\/div>\n<div data-breakout=\"normal\">\n<div id=\"viewer-7wu0n2564\" class=\"E0qnV MObmT iIW52 a144M\" dir=\"auto\"><span class=\"rpoEi iIW52\">\u00a0<\/span><\/div>\n<\/div>\n<div data-hook=\"rcv-block54\"><\/div>\n<div data-breakout=\"normal\">\n<p id=\"viewer-miign111\" class=\"E0qnV MObmT iIW52 a144M\" dir=\"auto\"><span class=\"rpoEi iIW52\"><strong>Sobre o evento:<\/strong><\/span><\/p>\n<\/div>\n<div data-breakout=\"normal\">\n<p id=\"viewer-59ic0113\" class=\"E0qnV MObmT iIW52 a144M\" dir=\"auto\"><span class=\"rpoEi iIW52\">Em um mundo onde o tempo passa cada vez mais r\u00e1pido e as mem\u00f3rias se tornam ef\u00eameras, h\u00e1 algo especial em reviver momentos que nos marcaram profundamente. H\u00e1 cerca de 20 anos, um DVD chegou \u00e0s nossas m\u00e3os e aos nossos cora\u00e7\u00f5es, transformando-se em mais do que apenas uma cole\u00e7\u00e3o de m\u00fasicas \u2014 tornou-se trilha sonora para nossas vidas. As can\u00e7\u00f5es tocaram nossa alma, acompanharam nossas jornadas e foram testemunhas silenciosas de nossas alegrias e dores. O DVD \u00e9 \u201cRebirth World Tour: Live in S\u00e3o Paulo\u201d, registro que marcou a inoc\u00eancia de uma nova forma\u00e7\u00e3o do Angra e o primeiro trabalho em v\u00eddeo de Edu Falaschi.<\/span><\/p>\n<\/div>\n<div data-hook=\"rcv-block56\"><\/div>\n<div data-breakout=\"normal\">\n<div id=\"viewer-4qngf3090\" class=\"E0qnV MObmT iIW52 a144M\" dir=\"auto\"><span class=\"rpoEi iIW52\">\u00a0<\/span><\/div>\n<\/div>\n<div data-hook=\"rcv-block57\"><\/div>\n<div data-breakout=\"normal\">\n<p id=\"viewer-4bb2c115\" class=\"E0qnV MObmT iIW52 a144M\" dir=\"auto\"><span class=\"rpoEi iIW52\">Edu promete momentos de nostalgia e emo\u00e7\u00e3o ao executar, na \u00edntegra, o mesmo repert\u00f3rio do DVD que marcou uma gera\u00e7\u00e3o. Can\u00e7\u00f5es como \u2018Carry On\u2019, \u2018Nothing To Say\u2019 e \u2018Make Believe\u2019 abrilhantam ainda mais o evento. Para o repert\u00f3rio, entre outros cl\u00e1ssicos, est\u00e3o faixas que Edu Falaschi n\u00e3o interpreta h\u00e1 mais de 12 anos e que essa podem, provavelmente, ser tocadas pela \u00faltima vez em sua carreira.<\/span><\/p>\n<\/div>\n<div data-hook=\"rcv-block58\"><\/div>\n<div data-breakout=\"normal\">\n<div id=\"viewer-yllcv3163\" class=\"E0qnV MObmT iIW52 a144M\" dir=\"auto\"><span class=\"rpoEi iIW52\">\u00a0<\/span><\/div>\n<\/div>\n<div data-hook=\"rcv-block59\"><\/div>\n<div data-breakout=\"normal\">\n<p id=\"viewer-kygfw117\" class=\"E0qnV MObmT iIW52 a144M\" dir=\"auto\"><span class=\"rpoEi iIW52\">Portanto fica mais do que claro que essa turn\u00ea \u00e9 imperd\u00edvel e especial. Edu Falaschi estar\u00e1 acompanhado de sua banda composta por Fabio Laguna (teclados), Roberto Barros (guitarra), Diogo Mafra (guitarra), Raphael Dafras (baixo) e Jean Gardinalli (bateria) para a entrega de momentos inesquec\u00edveis junto ao seu fiel e apaixonado p\u00fablico brasileiro.<\/span><\/p>\n<\/div>\n<div data-hook=\"rcv-block60\"><\/div>\n<div data-breakout=\"normal\">\n<p id=\"viewer-li5nl119\" class=\"E0qnV MObmT iIW52 a144M\" dir=\"auto\"><span class=\"rpoEi iIW52\">Edu Falaschi fala sobre a emo\u00e7\u00e3o em reviver este momento \u00fanico da carreira:<\/span><\/p>\n<\/div>\n<div data-hook=\"rcv-block61\"><\/div>\n<div data-breakout=\"normal\">\n<div id=\"viewer-5bbwm3237\" class=\"E0qnV MObmT iIW52 a144M\" dir=\"auto\"><span class=\"rpoEi iIW52\">\u00a0<\/span><\/div>\n<\/div>\n<div data-hook=\"rcv-block62\"><\/div>\n<div data-breakout=\"normal\">\n<p id=\"viewer-xu2r4121\" class=\"E0qnV MObmT iIW52 a144M\" dir=\"auto\"><span class=\"rpoEi iIW52\"><em>\u201cHoje, estamos aqui para celebrar n\u00e3o apenas um anivers\u00e1rio, mas um marco na hist\u00f3ria de muitos de n\u00f3s. \u00c9 como voltar no tempo, resgatando as emo\u00e7\u00f5es puras da juventude, os sonhos vibrantes da inoc\u00eancia. Cada acorde, cada verso, nos transporta para um lugar onde as preocupa\u00e7\u00f5es eram mais simples e as esperan\u00e7as eram infinitas\u201d<\/em>, afirma o artista, que complementa:<\/span><\/p>\n<\/div>\n<div data-hook=\"rcv-block63\"><\/div>\n<div data-breakout=\"normal\">\n<div id=\"viewer-hzemj194\" class=\"E0qnV MObmT iIW52 a144M\" dir=\"auto\"><span class=\"rpoEi iIW52\">\u00a0<\/span><\/div>\n<\/div>\n<div data-hook=\"rcv-block64\"><\/div>\n<div data-breakout=\"normal\">\n<p id=\"viewer-sw4it123\" class=\"E0qnV MObmT iIW52 a144M\" dir=\"auto\"><span class=\"rpoEi iIW52\"><em>\u201cE agora, ap\u00f3s mais de uma d\u00e9cada sem cantar muitas dessas can\u00e7\u00f5es, como \u2018Carry On\u2019, \u2018Unholy Wars\u2019, \u2018Time\u2019, \u2018Running Alone\u2019, \u2018Make Believe\u2019, \u2018Nothing To Say\u2019, \u2018Metal Icarus\u2019, estou emocionado em anunciar que levarei essas m\u00fasicas ic\u00f4nicas de volta ao palco. \u00c9 uma jornada de redescoberta, uma oportunidade para reacender as chamas da paix\u00e3o que nos uniram h\u00e1 tanto tempo. Nosso primeiro DVD juntos, vamos cantar, nos emocionar e nos perder nas melodias que moldaram nossas vidas\u201d<\/em>.<\/span><\/p>\n<\/div>\n<div data-hook=\"rcv-block65\"><\/div>\n<div data-breakout=\"normal\">\n<div id=\"viewer-6ih6j3385\" class=\"E0qnV MObmT iIW52 a144M\" dir=\"auto\"><span class=\"rpoEi iIW52\">\u00a0<\/span><\/div>\n<\/div>\n<div data-hook=\"rcv-block66\"><\/div>\n<div data-breakout=\"normal\">\n<p id=\"viewer-12mli125\" class=\"E0qnV MObmT iIW52 a144M\" dir=\"auto\"><span class=\"rpoEi iIW52\">Informa\u00e7\u00f5es sobre ingressos: <a class=\"Qwps1 _8zT4p\" href=\"http:\/\/www.edufalaschi.com.br\/\" target=\"_blank\" rel=\"noopener\" data-hook=\"WebLink\"><u>http:\/\/www.edufalaschi.com.br<\/u><\/a><\/span><\/p>\n<\/div>\n<div data-hook=\"rcv-block67\"><\/div>\n<div data-breakout=\"normal\">\n<div id=\"viewer-iacb33460\" class=\"E0qnV MObmT iIW52 a144M\" dir=\"auto\"><span class=\"rpoEi iIW52\">\u00a0<\/span><\/div>\n<\/div>\n<div data-hook=\"rcv-block68\"><\/div>\n<div data-breakout=\"normal\">\n<p id=\"viewer-khgsf128\" class=\"E0qnV MObmT iIW52 a144M\" dir=\"auto\"><span class=\"rpoEi iIW52\"><strong>Informa\u00e7\u00f5es:<\/strong><\/span><\/p>\n<\/div>\n<div data-breakout=\"normal\">\n<p id=\"viewer-modpw130\" class=\"E0qnV MObmT iIW52 a144M\" dir=\"auto\"><span class=\"rpoEi iIW52\"><a class=\"Qwps1 _8zT4p\" href=\"https:\/\/www.opiniao.com.br\/\" target=\"_blank\" rel=\"noopener\" data-hook=\"WebLink\"><u>https:\/\/www.opiniao.com.br<\/u><\/a><\/span><\/p>\n<\/div>\n<div data-breakout=\"normal\">\n<p id=\"viewer-p38o3132\" class=\"E0qnV MObmT iIW52 a144M\" dir=\"auto\"><span class=\"rpoEi iIW52\"><a class=\"Qwps1 _8zT4p\" href=\"https:\/\/www.facebook.com.br\/opiniao.produtora\" target=\"_blank\" rel=\"noopener\" data-hook=\"WebLink\"><u>https:\/\/www.facebook.com.br\/opiniao.produtora<\/u><\/a><\/span><\/p>\n<\/div>\n<div data-breakout=\"normal\">\n<p id=\"viewer-uxos0134\" class=\"E0qnV MObmT iIW52 a144M\" dir=\"auto\"><span class=\"rpoEi iIW52\"><a class=\"Qwps1 _8zT4p\" href=\"https:\/\/www.instagram.com.br\/opiniao\" target=\"_blank\" rel=\"noopener\" data-hook=\"WebLink\"><u>https:\/\/www.instagram.com.br\/opiniao<\/u><\/a><\/span><\/p>\n<\/div>\n<div data-breakout=\"normal\">\n<p id=\"viewer-yjioy136\" class=\"E0qnV MObmT iIW52 a144M\" dir=\"auto\"><span class=\"rpoEi iIW52\"><a class=\"Qwps1 _8zT4p\" href=\"https:\/\/www.twitter.com.br\/opiniao\" target=\"_blank\" rel=\"noopener\" data-hook=\"WebLink\"><u>https:\/\/www.twitter.com.br\/opiniao<\/u><\/a><\/span><\/p>\n<\/div>\n<div data-hook=\"rcv-block73\"><\/div>\n<div data-breakout=\"normal\">\n<div id=\"viewer-mw2f94401\" class=\"E0qnV MObmT iIW52 a144M\" dir=\"auto\"><span class=\"rpoEi iIW52\">\u00a0<\/span><\/div>\n<\/div>\n<div data-hook=\"rcv-block74\"><\/div>\n<div data-breakout=\"normal\">\n<p id=\"viewer-7d5ng4474\" class=\"E0qnV MObmT iIW52 a144M\" dir=\"auto\"><span class=\"rpoEi iIW52\"><strong>Fonte: <\/strong>Homero Pivetto Jr.<\/span><\/p>\n<\/div>\n","protected":false},"excerpt":{"rendered":"<p>Neste s\u00e1bado, 21 de setembro, o vocalista Edu Falaschi (ex-Angra) volta a Porto Alegre. O show ocorre a partir das 19h30min, no Opini\u00e3o (Jos\u00e9 do Patroc\u00ednio, 834). A apresenta\u00e7\u00e3o \u00e9 diferenciada, pois homenageia os 20 anos do DVD \u201cRebirth Live in S\u00e3o Paulo\u201d (2003) e tem repert\u00f3rio que inclui cl\u00e1ssicos e m\u00fasicas que que n\u00e3o [&hellip;]<\/p>\n","protected":false},"author":12,"featured_media":23071,"comment_status":"closed","ping_status":"open","sticky":false,"template":"","format":"standard","meta":{"footnotes":""},"categories":[4],"tags":[],"class_list":["post-24848","post","type-post","status-publish","format-standard","has-post-thumbnail","hentry","category-noticias"],"_links":{"self":[{"href":"http:\/\/heavymetalonline.com.br\/index.php?rest_route=\/wp\/v2\/posts\/24848","targetHints":{"allow":["GET"]}}],"collection":[{"href":"http:\/\/heavymetalonline.com.br\/index.php?rest_route=\/wp\/v2\/posts"}],"about":[{"href":"http:\/\/heavymetalonline.com.br\/index.php?rest_route=\/wp\/v2\/types\/post"}],"author":[{"embeddable":true,"href":"http:\/\/heavymetalonline.com.br\/index.php?rest_route=\/wp\/v2\/users\/12"}],"replies":[{"embeddable":true,"href":"http:\/\/heavymetalonline.com.br\/index.php?rest_route=%2Fwp%2Fv2%2Fcomments&post=24848"}],"version-history":[{"count":1,"href":"http:\/\/heavymetalonline.com.br\/index.php?rest_route=\/wp\/v2\/posts\/24848\/revisions"}],"predecessor-version":[{"id":24849,"href":"http:\/\/heavymetalonline.com.br\/index.php?rest_route=\/wp\/v2\/posts\/24848\/revisions\/24849"}],"wp:featuredmedia":[{"embeddable":true,"href":"http:\/\/heavymetalonline.com.br\/index.php?rest_route=\/wp\/v2\/media\/23071"}],"wp:attachment":[{"href":"http:\/\/heavymetalonline.com.br\/index.php?rest_route=%2Fwp%2Fv2%2Fmedia&parent=24848"}],"wp:term":[{"taxonomy":"category","embeddable":true,"href":"http:\/\/heavymetalonline.com.br\/index.php?rest_route=%2Fwp%2Fv2%2Fcategories&post=24848"},{"taxonomy":"post_tag","embeddable":true,"href":"http:\/\/heavymetalonline.com.br\/index.php?rest_route=%2Fwp%2Fv2%2Ftags&post=24848"}],"curies":[{"name":"wp","href":"https:\/\/api.w.org\/{rel}","templated":true}]}}