{"id":24973,"date":"2024-09-21T18:40:18","date_gmt":"2024-09-21T18:40:18","guid":{"rendered":"http:\/\/heavymetalonline.com.br\/?p=24973"},"modified":"2024-09-21T18:40:18","modified_gmt":"2024-09-21T18:40:18","slug":"rock-festival-nova-iguacu-segunda-edicao-sera-deia-2411","status":"publish","type":"post","link":"http:\/\/heavymetalonline.com.br\/?p=24973","title":{"rendered":"Rock Festival Nova Igua\u00e7u &#8211; Segunda edi\u00e7\u00e3o ser\u00e1 deia 24\/11"},"content":{"rendered":"<div data-breakout=\"normal\">\n<p id=\"viewer-bn54k24574\" class=\"E0qnV MObmT Ms0q1 a144M\" dir=\"auto\"><span class=\"rpoEi\">No domingo, 24 de novembro, Nova Igua\u00e7u recebe, no<strong> Espa\u00e7o de Eventos da Dutra<\/strong>, Capital Inicial, Biqu\u00edni, Detonautas, Fresno, Di Ferrero (NX Zero) e Marc\u00e3o Brito e Tiago Castanho (Tributo aos 30 anos do Charlie Brown Jr.) num show que promete agitar a cidade.<\/span><\/p>\n<\/div>\n<div data-hook=\"rcv-block4\"><\/div>\n<div data-breakout=\"normal\">\n<p id=\"viewer-dexuz23827\" class=\"E0qnV MObmT Ms0q1 a144M\" dir=\"auto\"><span class=\"rpoEi\">Esta \u00e9 a segunda edi\u00e7\u00e3o do Festival, que ano passado teve um p\u00fablico de mais de 13.000 pessoas e contou com NX Zero, Pitty, CPM 22, Raimundos e Fresno e que j\u00e1 est\u00e1 se tornando tradi\u00e7\u00e3o em Nova Igua\u00e7u.<\/span><\/p>\n<\/div>\n<div data-hook=\"rcv-block5\"><\/div>\n<div data-breakout=\"normal\">\n<div id=\"viewer-62p6523902\" class=\"E0qnV MObmT Ms0q1 a144M\" dir=\"auto\"><span class=\"rpoEi\">\u00a0<\/span><\/div>\n<\/div>\n<div data-hook=\"rcv-block6\"><\/div>\n<div data-breakout=\"normal\">\n<p id=\"viewer-8rt2g23829\" class=\"E0qnV MObmT Ms0q1 a144M\" dir=\"auto\"><span class=\"rpoEi\">Para o idealizador do evento, Leandro Dany,<em> &#8220;ter um Festival de Rock 100% nacional \u00e9 uma realiza\u00e7\u00e3o profissional. Tiramos do papel um projeto de mais de cinco anos que est\u00e1 prometendo entrar definitivamente no calend\u00e1rio cultural de grandes eventos do estado do Rio. Hoje me sinto lisonjeado em saber que o Rock est\u00e1 mais vivo do que nunca. A segunda edi\u00e7\u00e3o do nosso Festival vem ainda mais forte! \u00c9 realmente um line up dos sonhos&#8230; Que j\u00e1 \u00e9 realidade &#8220;<\/em>.<\/span><\/p>\n<\/div>\n<div data-hook=\"rcv-block7\"><\/div>\n<div data-breakout=\"normal\">\n<div id=\"viewer-1zvxp23971\" class=\"E0qnV MObmT Ms0q1 a144M\" dir=\"auto\"><span class=\"rpoEi\">\u00a0<\/span><\/div>\n<\/div>\n<div data-hook=\"rcv-block8\"><\/div>\n<div data-breakout=\"normal\">\n<p id=\"viewer-msgy423831\" class=\"E0qnV MObmT Ms0q1 a144M\" dir=\"auto\"><span class=\"rpoEi\">O Capital Inicial gravou o sexto \u00e1lbum ao vivo e o sexto DVD da carreira, Capital Inicial 4.0, em comemora\u00e7\u00e3o aos 40 anos de carreira e agora aterrissa em Nova Igua\u00e7u.<\/span><\/p>\n<\/div>\n<div data-hook=\"rcv-block9\"><\/div>\n<div data-breakout=\"normal\">\n<p id=\"viewer-exc2e23833\" class=\"E0qnV MObmT Ms0q1 a144M\" dir=\"auto\"><span class=\"rpoEi\">J\u00e1 o Biqu\u00edni tem quase quarenta anos ininterruptos e com a forma\u00e7\u00e3o original. Bruno Gouveia, Miguel Flores da Cunha, Carlos Coelho e \u00c1lvaro Birita levar\u00e3o a tourn\u00e9e Vou Te Levar Comigo para o palco do festival.<\/span><\/p>\n<\/div>\n<div data-hook=\"rcv-block10\"><\/div>\n<div data-breakout=\"normal\">\n<div id=\"viewer-h46ft23893\" class=\"E0qnV MObmT Ms0q1 a144M\" dir=\"auto\"><span class=\"rpoEi\">\u00a0<\/span><\/div>\n<\/div>\n<div data-hook=\"rcv-block11\"><\/div>\n<div data-breakout=\"normal\">\n<p id=\"viewer-k3fdx23835\" class=\"E0qnV MObmT Ms0q1 a144M\" dir=\"auto\"><span class=\"rpoEi\"><strong>Detonautas<\/strong> est\u00e1 rodando o Brasil com o show &#8216;El\u00e9trico&#8217; onde apresenta seus grandes sucessos como &#8216;Outro lugar&#8217;, &#8216;Voc\u00ea me faz t\u00e3o bem&#8217;, &#8216;Olhos certos&#8217;, &#8216;Quando o sol se for&#8217;, &#8216;Retorno de saturno&#8217; etc e com a turn\u00ea &#8220;Ac\u00fastico 20 anos&#8221;, onde a banda celebra 20 anos de estrada com casas lotadas por onde passa. Em setembro, o grupo se apresenta no Rock in Rio e em outubro a banda passa por Porto (dia 11) e Lisboa (dia 12), em Portugal e Dublin (Irlanda), dia 14.<\/span><\/p>\n<\/div>\n<blockquote class=\"instagram-media\" style=\"background: #FFF; border: 0; border-radius: 3px; box-shadow: 0 0 1px 0 rgba(0,0,0,0.5),0 1px 10px 0 rgba(0,0,0,0.15); margin: 1px; max-width: 540px; min-width: 326px; padding: 0; width: calc(100% - 2px);\" data-instgrm-captioned=\"\" data-instgrm-permalink=\"https:\/\/www.instagram.com\/p\/C9vVSExudKt\/?utm_source=ig_embed&amp;utm_campaign=loading\" data-instgrm-version=\"14\">\n<div style=\"padding: 16px;\">\n<p>&nbsp;<\/p>\n<div style=\"display: flex; flex-direction: row; align-items: center;\"><\/div>\n<div style=\"padding: 19% 0;\"><\/div>\n<div style=\"display: block; height: 50px; margin: 0 auto 12px; width: 50px;\"><\/div>\n<div style=\"padding-top: 8px;\">\n<div style=\"color: #3897f0; font-family: Arial,sans-serif; font-size: 14px; font-style: normal; font-weight: 550; line-height: 18px;\">Ver essa foto no Instagram<\/div>\n<\/div>\n<div style=\"padding: 12.5% 0;\"><\/div>\n<div style=\"display: flex; flex-direction: row; margin-bottom: 14px; align-items: center;\"><\/div>\n<div style=\"display: flex; flex-direction: column; flex-grow: 1; justify-content: center; margin-bottom: 24px;\"><\/div>\n<p>&nbsp;<\/p>\n<p style=\"color: #c9c8cd; font-family: Arial,sans-serif; font-size: 14px; line-height: 17px; margin-bottom: 0; margin-top: 8px; overflow: hidden; padding: 8px 0 7px; text-align: center; text-overflow: ellipsis; white-space: nowrap;\"><a style=\"color: #c9c8cd; font-family: Arial,sans-serif; font-size: 14px; font-style: normal; font-weight: normal; line-height: 17px; text-decoration: none;\" href=\"https:\/\/www.instagram.com\/p\/C9vVSExudKt\/?utm_source=ig_embed&amp;utm_campaign=loading\" target=\"_blank\" rel=\"noopener\">Uma publica\u00e7\u00e3o compartilhada por ROCK FESTIVAL NOVA IGUA\u00c7U (@rockfestivalnovaiguacu)<\/a><\/p>\n<\/div>\n<\/blockquote>\n<p><script async src=\"\/\/www.instagram.com\/embed.js\"><\/script><\/p>\n<div data-breakout=\"normal\">\n<p id=\"viewer-7f6uz23837\" class=\"E0qnV MObmT Ms0q1 a144M\" dir=\"auto\"><span class=\"rpoEi\">Fresno est\u00e1 comemorando 24 anos da banda e lan\u00e7ou recentemente o seu d\u00e9cimo trabalho de est\u00fadio, com 7 faixas, al\u00e9m de participa\u00e7\u00f5es especiais de outros artistas, como Pabllo Vittar.<\/span><\/p>\n<\/div>\n<div data-hook=\"rcv-block17\"><\/div>\n<div data-breakout=\"normal\">\n<div id=\"viewer-a6p2a23935\" class=\"E0qnV MObmT Ms0q1 a144M\" dir=\"auto\"><span class=\"rpoEi\">\u00a0<\/span><\/div>\n<\/div>\n<div data-hook=\"rcv-block18\"><\/div>\n<div data-breakout=\"normal\">\n<p id=\"viewer-e51px23839\" class=\"E0qnV MObmT Ms0q1 a144M\" dir=\"auto\"><span class=\"rpoEi\">Para Di Ferrero, 2023 come\u00e7ou com o an\u00fancio da Tour Cedo ou Tarde, que marcou o reencontro do NX Zero nos palcos do Brasil, lotando est\u00e1dios e carregando f\u00e3s nos quatro cantos do Brasil. Agora Di Ferrero leva seu show para o Espa\u00e7o de Eventos da Dutra.<\/span><\/p>\n<\/div>\n<div data-hook=\"rcv-block19\"><\/div>\n<div data-breakout=\"normal\">\n<div id=\"viewer-ywbrg23950\" class=\"E0qnV MObmT Ms0q1 a144M\" dir=\"auto\"><span class=\"rpoEi\">\u00a0<\/span><\/div>\n<\/div>\n<div data-hook=\"rcv-block20\"><\/div>\n<div data-breakout=\"normal\">\n<p id=\"viewer-y9tly23841\" class=\"E0qnV MObmT Ms0q1 a144M\" dir=\"auto\"><span class=\"rpoEi\">E dois dos fundadores da banda Charlie Brown Jr., Marc\u00e3o Britto e Thiago Castanho, autores de grandes sucessos como &#8220;Proibida Pra Mim&#8221; e &#8220;S\u00f3 os Loucos Sabem&#8221;, chegam com a Tour Celebra\u00e7\u00e3o 30 Anos na Baixada Fluminense, marcando o seu retorno aos palcos para apresentar os grandes sucessos da banda.<\/span><\/p>\n<\/div>\n<div data-hook=\"rcv-block21\"><\/div>\n<div data-breakout=\"normal\">\n<div id=\"viewer-8c6cs24283\" class=\"E0qnV MObmT Ms0q1 a144M\" dir=\"auto\"><span class=\"rpoEi\">\u00a0<\/span><\/div>\n<\/div>\n<div data-hook=\"rcv-block22\"><\/div>\n<div data-breakout=\"normal\">\n<p id=\"viewer-v8tea24299\" class=\"E0qnV MObmT Ms0q1 a144M\" dir=\"auto\"><span class=\"rpoEi\"><strong>Fonte: <\/strong>Reda\u00e7\u00e3o<\/span><\/p>\n<\/div>\n<div data-hook=\"rcv-block23\"><\/div>\n<div data-breakout=\"normal\">\n<p id=\"viewer-nikow23843\" class=\"E0qnV MObmT Ms0q1 a144M\" dir=\"auto\"><span class=\"rpoEi\">\u00a0<\/span><\/p>\n<\/div>\n","protected":false},"excerpt":{"rendered":"<p>No domingo, 24 de novembro, Nova Igua\u00e7u recebe, no Espa\u00e7o de Eventos da Dutra, Capital Inicial, Biqu\u00edni, Detonautas, Fresno, Di Ferrero (NX Zero) e Marc\u00e3o Brito e Tiago Castanho (Tributo aos 30 anos do Charlie Brown Jr.) num show que promete agitar a cidade. Esta \u00e9 a segunda edi\u00e7\u00e3o do Festival, que ano passado teve [&hellip;]<\/p>\n","protected":false},"author":12,"featured_media":24974,"comment_status":"closed","ping_status":"open","sticky":false,"template":"","format":"standard","meta":{"footnotes":""},"categories":[4],"tags":[],"class_list":["post-24973","post","type-post","status-publish","format-standard","has-post-thumbnail","hentry","category-noticias"],"_links":{"self":[{"href":"http:\/\/heavymetalonline.com.br\/index.php?rest_route=\/wp\/v2\/posts\/24973","targetHints":{"allow":["GET"]}}],"collection":[{"href":"http:\/\/heavymetalonline.com.br\/index.php?rest_route=\/wp\/v2\/posts"}],"about":[{"href":"http:\/\/heavymetalonline.com.br\/index.php?rest_route=\/wp\/v2\/types\/post"}],"author":[{"embeddable":true,"href":"http:\/\/heavymetalonline.com.br\/index.php?rest_route=\/wp\/v2\/users\/12"}],"replies":[{"embeddable":true,"href":"http:\/\/heavymetalonline.com.br\/index.php?rest_route=%2Fwp%2Fv2%2Fcomments&post=24973"}],"version-history":[{"count":1,"href":"http:\/\/heavymetalonline.com.br\/index.php?rest_route=\/wp\/v2\/posts\/24973\/revisions"}],"predecessor-version":[{"id":24975,"href":"http:\/\/heavymetalonline.com.br\/index.php?rest_route=\/wp\/v2\/posts\/24973\/revisions\/24975"}],"wp:featuredmedia":[{"embeddable":true,"href":"http:\/\/heavymetalonline.com.br\/index.php?rest_route=\/wp\/v2\/media\/24974"}],"wp:attachment":[{"href":"http:\/\/heavymetalonline.com.br\/index.php?rest_route=%2Fwp%2Fv2%2Fmedia&parent=24973"}],"wp:term":[{"taxonomy":"category","embeddable":true,"href":"http:\/\/heavymetalonline.com.br\/index.php?rest_route=%2Fwp%2Fv2%2Fcategories&post=24973"},{"taxonomy":"post_tag","embeddable":true,"href":"http:\/\/heavymetalonline.com.br\/index.php?rest_route=%2Fwp%2Fv2%2Ftags&post=24973"}],"curies":[{"name":"wp","href":"https:\/\/api.w.org\/{rel}","templated":true}]}}