{"id":24976,"date":"2024-09-21T19:25:52","date_gmt":"2024-09-21T19:25:52","guid":{"rendered":"http:\/\/heavymetalonline.com.br\/?p=24976"},"modified":"2024-09-21T19:25:52","modified_gmt":"2024-09-21T19:25:52","slug":"amazonia-para-sempre-rock-in-rio-e-the-town-promovem-espetaculo-emocionante-no-para-ampliando-debate-sobre-as-pautas-da-amazonia-e-da-cop-30","status":"publish","type":"post","link":"http:\/\/heavymetalonline.com.br\/?p=24976","title":{"rendered":"Amaz\u00f4nia para Sempre: Rock in Rio e The Town promovem espet\u00e1culo emocionante no Par\u00e1 ampliando debate sobre as pautas da Amaz\u00f4nia e da COP 30"},"content":{"rendered":"<div style=\"text-align: right;\" data-breakout=\"normal\">\n<p dir=\"auto\" style=\"text-align: center;\"><em>Projeto inclui edital privado de 2 milh\u00f5es de reais para financiar iniciativas em defesa da floresta e se conecta com a edi\u00e7\u00e3o <\/em><\/p>\n<p dir=\"auto\" style=\"text-align: center;\"><em>do The Town em 2025, que est\u00e1 confirmada para os dias 6, 7, 12, 13 e 14 de setembro<\/em><\/p>\n<pre id=\"viewer-vd4c828676\" class=\"aHhMj jcz-J Ms0q1\" dir=\"auto\"><span class=\"\">Foto: Jullia Bustamante<\/span><\/pre>\n<p id=\"viewer-tnzgv30567\" class=\"E0qnV MObmT Ms0q1 a144M\" dir=\"auto\" style=\"text-align: left;\"><span class=\"rpoEi\">Em 2025, um espet\u00e1culo in\u00e9dito vai colocar a Amaz\u00f4nia no centro da m\u00eddia nacional e internacional, celebrando a ic\u00f4nica floresta e chamando a aten\u00e7\u00e3o do mundo para a 30\u00aa Confer\u00eancia das Partes para o Clima (COP 30), promovida pela Organiza\u00e7\u00e3o das Na\u00e7\u00f5es Unidas \u2013 que ser\u00e1 realizada em Bel\u00e9m do Par\u00e1, em novembro de 2025. Juntos, The Town e o Rock in Rio v\u00e3o realizar, com patroc\u00ednio principal da Vale, o evento <strong>Amaz\u00f4nia para Sempre<\/strong>, protagonizado por um grande artista internacional, a ser anunciado em breve. A apresenta\u00e7\u00e3o acontecer\u00e1, em setembro de 2025, em um emblem\u00e1tico palco flutuante, em formato de vit\u00f3ria-r\u00e9gia, no Rio Guam\u00e1, com cenografia e ilumina\u00e7\u00e3o criadas exclusivamente para promover um encontro m\u00e1gico entre a m\u00fasica e a natureza. Esse momento \u00e9pico ser\u00e1 transmitido para todo o pa\u00eds com um conte\u00fado especial que vai mostrar o espet\u00e1culo, al\u00e9m da cultura e da m\u00fasica local. Al\u00e9m do show que ser\u00e1 realizado no cora\u00e7\u00e3o da floresta, a cidade de Bel\u00e9m receber\u00e1 no mesmo dia um espet\u00e1culo aberto, gratuito e com artistas regionais e nacionais, que ser\u00e3o divulgados em breve junto com o local que ser\u00e1 realizado.<\/span><\/p>\n<\/div>\n<div data-hook=\"rcv-block5\"><\/div>\n<div data-breakout=\"normal\">\n<div id=\"viewer-ujpgz26795\" class=\"E0qnV MObmT Ms0q1 a144M\" dir=\"auto\"><span class=\"rpoEi\">\u00a0<\/span><\/div>\n<\/div>\n<div data-hook=\"rcv-block6\"><\/div>\n<div data-breakout=\"normal\">\n<p id=\"viewer-wa1nc26730\" class=\"E0qnV MObmT Ms0q1 a144M\" dir=\"auto\"><span class=\"rpoEi\"><em>\u201cTemos o compromisso de usar nossos festivais como ferramentas de engajamento Por Um Mundo Melhor.\u00a0 Essas quatro palavras resumem nosso prop\u00f3sito, valores, miss\u00e3o e cultura. N\u00e3o h\u00e1 cen\u00e1rio de mundo melhor sem uma Amaz\u00f4nia preservada, na qual as pessoas e a natureza sejam valorizadas. Amaz\u00f4nia para Sempre tem objetivo de dar visibilidade e contribuir para a prote\u00e7\u00e3o do clima e da biodiversidade do planeta. Vamos usar o poder de mobiliza\u00e7\u00e3o de Rock in Rio e The Town para atrair os olhares para esta causa t\u00e3o importante\u201d,<\/em> afirmou Roberta Medina, vice-presidente de reputa\u00e7\u00e3o de marca da Rock World, empresa que criou e organiza o The Town e o Rock in Rio e produz o Lollapalooza.<\/span><\/p>\n<\/div>\n<div data-hook=\"rcv-block7\"><\/div>\n<div data-breakout=\"normal\">\n<p id=\"viewer-3kavj24799\" class=\"E0qnV MObmT iIW52 a144M\" dir=\"auto\"><span class=\"rpoEi iIW52\">\u00a0<\/span><\/p>\n<\/div>\n<div data-hook=\"rcv-block8\"><\/div>\n<div data-breakout=\"normal\">\n<p id=\"viewer-ljycc24801\" class=\"E0qnV MObmT iIW52 a144M\" dir=\"auto\"><span class=\"rpoEi iIW52\"><strong>Dia Brasil no Rock in Rio marca contagem regressiva para The Town e an\u00fancio do espet\u00e1culo Amaz\u00f4nia para Sempre<\/strong><\/span><\/p>\n<\/div>\n<div data-breakout=\"normal\">\n<p id=\"viewer-qemqc24803\" class=\"E0qnV MObmT iIW52 a144M\" dir=\"auto\"><span class=\"rpoEi iIW52\">Enquanto esta data n\u00e3o chega, a convoca\u00e7\u00e3o dos f\u00e3s para essa grande festa marcada para 2025 come\u00e7a hoje, dia 21 de setembro, no momento em que o Rock in Rio celebra a M\u00fasica brasileira, com o Dia Brasil. Diretamente do Palco Mundo um show de proje\u00e7\u00f5es (videomapping), luzes e imagens, exaltando a arte e elementos da floresta, ocupar\u00e1 toda a cenografia, \u00e0s 21h. Neste momento, Rock in Rio e The Town, anunciam juntos para 100 mil pessoas e todo o p\u00fablico de casa, pelas transmiss\u00f5es, suas atua\u00e7\u00f5es no Amaz\u00f4nia para Sempre e iniciam uma contagem regressiva para este momento t\u00e3o importante para o pa\u00eds e para o mundo. Neste mesmo momento, The Town confirma a edi\u00e7\u00e3o de 2025 em S\u00e3o Paulo para as datas 6, 7 12, 13 e 14 de setembro, na Cidade da M\u00fasica, no Aut\u00f3dromo de Interlagos, em S\u00e3o Paulo.<\/span><\/p>\n<\/div>\n<div data-hook=\"rcv-block10\"><\/div>\n<div data-breakout=\"normal\">\n<div id=\"viewer-r4jln26539\" class=\"E0qnV MObmT iIW52 a144M\" dir=\"auto\"><span class=\"rpoEi iIW52\">\u00a0<\/span><\/div>\n<\/div>\n<div data-hook=\"rcv-block11\"><\/div>\n<div data-breakout=\"normal\">\n<p id=\"viewer-b0uy924805\" class=\"E0qnV MObmT iIW52 a144M\" dir=\"auto\"><span class=\"rpoEi iIW52\"><strong>Amaz\u00f4nia para Sempre<\/strong> une o The Town e o Rock in Rio, com patroc\u00ednio principal da Vale e apoio da Rede Brasil do Pacto Global, do Governo do Estado do Par\u00e1 e da Gerdau, e parceria exclusiva de conte\u00fado e m\u00eddia da Globo, para convocar todos para as urg\u00eancias socioambientais e a import\u00e2ncia de se manter a maior floresta tropical do mundo preservada. O objetivo segue a mesma linha da COP 30, de unir as pessoas em torno de uma agenda global \u00fanica, em prol de um mundo melhor e mais sustent\u00e1vel. A iniciativa refor\u00e7a a import\u00e2ncia da atua\u00e7\u00e3o efetiva nos desafios das mudan\u00e7as clim\u00e1ticas, do aquecimento global, dos eventos clim\u00e1ticos extremos, da transi\u00e7\u00e3o energ\u00e9tica e das amea\u00e7as \u00e0 biodiversidade e \u00e0 vida como um todo. Tamb\u00e9m est\u00e1 associada a um longo hist\u00f3rico de atua\u00e7\u00f5es na Amaz\u00f4nia por meio do pilar do Por Um Mundo Melhor, da Rock World \u2013 empresa que criou e realiza os festivais Rock in Rio e The Town \u2013 como por exemplo o Amaz\u00f4nia Live, que j\u00e1 plantou 4 milh\u00f5es de \u00e1rvores na regi\u00e3o desde 2016. A partir de projetos como estes, que mobilizam pessoas para atua\u00e7\u00e3o direta em causas urgentes, o Rock in Rio e o The Town utilizar\u00e3o seu poder mobilizador junto com a for\u00e7a da m\u00fasica para unir pessoas em torno das pautas amaz\u00f4nicas.<\/span><\/p>\n<\/div>\n<div data-hook=\"rcv-block12\"><\/div>\n<div data-breakout=\"normal\">\n<div id=\"viewer-dobr726606\" class=\"E0qnV MObmT iIW52 a144M\" dir=\"auto\"><span class=\"rpoEi iIW52\">\u00a0<\/span><\/div>\n<\/div>\n<div data-hook=\"rcv-block13\"><\/div>\n<div data-breakout=\"normal\">\n<p id=\"viewer-mw0t924808\" class=\"E0qnV MObmT iIW52 a144M\" dir=\"auto\"><span class=\"rpoEi iIW52\"><em>\u201cO projeto \u2018Amaz\u00f4nia Para Sempre\u2019 \u00e9 mais um passo importante para consolidar a lideran\u00e7a do Par\u00e1 na agenda de prote\u00e7\u00e3o da floresta amaz\u00f4nica. Estamos ao lado do Brasil e do Governo do Par\u00e1 na realiza\u00e7\u00e3o da COP 30, que vai colocar Bel\u00e9m e a Amaz\u00f4nia no centro das aten\u00e7\u00f5es globais. Ser\u00e1 uma oportunidade incr\u00edvel para que o mundo conhe\u00e7a ainda mais a diversidade dessa regi\u00e3o. Acreditamos que, juntos, podemos fazer a diferen\u00e7a por um mundo mais inclusivo, com a floresta amaz\u00f4nica preservada\u201d<\/em>, destaca Alexandre D&#8217;Ambrosio, vice-presidente executivo de Assuntos Corporativos e Institucionais da Vale.<\/span><\/p>\n<p dir=\"auto\"><img loading=\"lazy\" decoding=\"async\" class=\"alignnone size-full wp-image-24980\" src=\"http:\/\/heavymetalonline.com.br\/wp-content\/uploads\/2024\/09\/Final11005.png\" alt=\"\" width=\"3840\" height=\"2160\" srcset=\"http:\/\/heavymetalonline.com.br\/wp-content\/uploads\/2024\/09\/Final11005.png 3840w, http:\/\/heavymetalonline.com.br\/wp-content\/uploads\/2024\/09\/Final11005-300x169.png 300w, http:\/\/heavymetalonline.com.br\/wp-content\/uploads\/2024\/09\/Final11005-768x432.png 768w, http:\/\/heavymetalonline.com.br\/wp-content\/uploads\/2024\/09\/Final11005-1024x576.png 1024w, http:\/\/heavymetalonline.com.br\/wp-content\/uploads\/2024\/09\/Final11005-370x208.png 370w\" sizes=\"auto, (max-width: 3840px) 100vw, 3840px\" \/><\/p>\n<div style=\"text-align: right;\" data-breakout=\"normal\">\n<pre id=\"viewer-rpqke31511\" class=\"aHhMj jcz-J Ms0q1\" dir=\"auto\"><span class=\"\">Foto: Jullia Bustamante<\/span><\/pre>\n<div data-breakout=\"normal\">\n<p id=\"viewer-7l4uv26412\" class=\"E0qnV MObmT V7zwv a144M\" dir=\"auto\" style=\"text-align: center;\"><span class=\"rpoEi\"><em>Show in\u00e9dito ter\u00e1 apresenta\u00e7\u00e3o de atra\u00e7\u00e3o internacional em um palco flutuante,\u00a0<\/em><\/span><em>em forma de &#8220;vit\u00f3ria-r\u00e9gia&#8221;, para atrair <\/em><\/p>\n<p class=\"E0qnV MObmT V7zwv a144M\" dir=\"auto\" style=\"text-align: center;\"><em>a aten\u00e7\u00e3o do mundo<\/em><em>para a confer\u00eancia clim\u00e1tica que ocorrer\u00e1 no Brasil<\/em><\/p>\n<\/div>\n<p id=\"viewer-gyiel24810\" class=\"E0qnV MObmT iIW52 a144M\" dir=\"auto\" style=\"text-align: left;\"><span class=\"rpoEi iIW52\">O Pacto Global da ONU, desde a sua cria\u00e7\u00e3o, em 2000, pelo ent\u00e3o secret\u00e1rio-geral da ONU, Kofi Annan, atua como iniciativa de apoio para que as empresas de fato avancem no cumprimento dos Objetivos de Desenvolvimento Sustent\u00e1vel, para ajudar a mitigar as crises e desigualdades do nosso tempo. A rede brasileira, que apoiadora do evento, atrav\u00e9s do Movimento Impacto Amaz\u00f4nia, produra mobilizar empresas e suas cadeias produtivas para abordar quest\u00f5es relacionadas \u00e0 manuten\u00e7\u00e3o da floresta amaz\u00f4nica, bem como a promo\u00e7\u00e3o de pr\u00e1ticas sustent\u00e1veis na regi\u00e3o, por meio de a\u00e7\u00f5es individuais, setoriais e intersetoriais. Isso porque a conserva\u00e7\u00e3o da Amaz\u00f4nia \u00e9 uma das prioridades chave para a Agenda 2030 de Desenvolvimento Sustent\u00e1vel da ONU.<\/span><\/p>\n<\/div>\n<div data-hook=\"rcv-block20\"><\/div>\n<div data-breakout=\"normal\">\n<div id=\"viewer-wde6a26478\" class=\"E0qnV MObmT iIW52 a144M\" dir=\"auto\"><span class=\"rpoEi iIW52\">\u00a0<\/span><\/div>\n<\/div>\n<div data-hook=\"rcv-block21\"><\/div>\n<div data-breakout=\"normal\">\n<p id=\"viewer-mpqwl24812\" class=\"E0qnV MObmT iIW52 a144M\" dir=\"auto\"><span class=\"rpoEi iIW52\"><em>\u201c\u00c9 uma oportunidade \u00edmpar para o Pacto Global da ONU \u2013 Rede Brasil participar desse projeto, que se conecta por m\u00fasica com a sociedade para celebrar a cultura e a arte da Regi\u00e3o Amaz\u00f4nica, mas tamb\u00e9m alertar sobre emerg\u00eancia clim\u00e1tica, desigualdades sociais, entre outras pautas, e mobilizar diferentes atores, mas principalmente, \u00e0s empresas para agirem de forma efetiva na acelera\u00e7\u00e3o dos Objetivos de Desenvolvimento Sustent\u00e1vel propostos pela ONU. Nesse sentido, essa iniciativa da Rock World, do Rock in Rio, \u00e9 muito importante para dar visibilidade e atrair mais investimentos para essa agenda\u201d<\/em>, defende Carlo Pereira, CEO do Pacto Global da ONU \u2013 Rede Brasil.<\/span><\/p>\n<\/div>\n<div data-hook=\"rcv-block22\"><\/div>\n<div data-breakout=\"normal\">\n<div id=\"viewer-zwyb426349\" class=\"E0qnV MObmT iIW52 a144M\" dir=\"auto\"><span class=\"rpoEi iIW52\">\u00a0<\/span><\/div>\n<\/div>\n<div data-hook=\"rcv-block23\"><\/div>\n<div data-breakout=\"normal\">\n<p id=\"viewer-8zor824814\" class=\"E0qnV MObmT iIW52 a144M\" dir=\"auto\"><span class=\"rpoEi iIW52\"><em>&#8220;Com o projeto Amaz\u00f4nia Para Sempre, estamos unindo for\u00e7as com o The Town e o Rock in Rio para mostrar ao mundo o verdadeiro cora\u00e7\u00e3o da Amaz\u00f4nia, dar luz ao nosso povo e \u00e0s nossas culturas. Este \u00e9 um momento extraordin\u00e1rio para promover um encontro de culturas globais, impulsionar o turismo, a economia local, a bioeconomia e a economia criativa, sempre com pr\u00e1ticas sustent\u00e1veis. Queremos mostrar que \u00e9 poss\u00edvel viver, produzir e preservar a Amaz\u00f4nia, reduzindo emiss\u00f5es e adotando uma gest\u00e3o que respeite a floresta e as comunidades que nela vivem&#8221;<\/em>, completou o governador do Par\u00e1, Helder Barbalho.<\/span><\/p>\n<\/div>\n<div data-hook=\"rcv-block24\"><\/div>\n<div data-breakout=\"normal\">\n<p id=\"viewer-crlyz24816\" class=\"E0qnV MObmT iIW52 a144M\" dir=\"auto\"><span class=\"rpoEi iIW52\">\u00a0<\/span><\/p>\n<\/div>\n<div data-hook=\"rcv-block25\"><\/div>\n<div data-breakout=\"normal\">\n<p id=\"viewer-yqhv524818\" class=\"E0qnV MObmT iIW52 a144M\" dir=\"auto\"><span class=\"rpoEi iIW52\"><strong>Amaz\u00f4nia Para Sempre lan\u00e7ar\u00e1 edital privado para financiar iniciativas locais<\/strong><\/span><\/p>\n<\/div>\n<div data-breakout=\"normal\">\n<p id=\"viewer-hvttj24820\" class=\"E0qnV MObmT iIW52 a144M\" dir=\"auto\"><span class=\"rpoEi iIW52\">No \u00e2mbito de <strong>Amaz\u00f4nia para Sempre<\/strong>, The Town e Rock in Rio lan\u00e7ar\u00e3o, com parceria da Vale, no dia 04 de outubro, um edital privado de 2 milh\u00f5es de reais para financiar iniciativas locais que atuem com bioeconomia, povos da floresta e empreendedorismo. Toda esta conversa visa a constru\u00e7\u00e3o de um legado para as pessoas que vivem na regi\u00e3o por meio de apoio aos projetos nas quais elas pr\u00f3prias s\u00e3o sujeitos e agentes de transforma\u00e7\u00e3o. O objetivo \u00e9 contribuir para a prote\u00e7\u00e3o do clima e da biodiversidade do planeta pelo cuidado com as pessoas que vivem na Amaz\u00f4nia. As inscri\u00e7\u00f5es para o edital v\u00e3o at\u00e9 o dia 18 de outubro de 2024. Para mais informa\u00e7\u00f5es e inscri\u00e7\u00f5es, acesse:<u> <\/u><a class=\"Qwps1 _8zT4p\" href=\"https:\/\/rockinrio.com\/pt-br\/amazonia\/\" target=\"_blank\" rel=\"noopener\" data-hook=\"WebLink\"><u>https:\/\/rockinrio.com\/pt-br\/amazonia\/<\/u><\/a><\/span><\/p>\n<p dir=\"auto\"><img loading=\"lazy\" decoding=\"async\" class=\"alignnone size-full wp-image-24979\" src=\"http:\/\/heavymetalonline.com.br\/wp-content\/uploads\/2024\/09\/Final11001.png\" alt=\"\" width=\"3840\" height=\"2160\" srcset=\"http:\/\/heavymetalonline.com.br\/wp-content\/uploads\/2024\/09\/Final11001.png 3840w, http:\/\/heavymetalonline.com.br\/wp-content\/uploads\/2024\/09\/Final11001-300x169.png 300w, http:\/\/heavymetalonline.com.br\/wp-content\/uploads\/2024\/09\/Final11001-768x432.png 768w, http:\/\/heavymetalonline.com.br\/wp-content\/uploads\/2024\/09\/Final11001-1024x576.png 1024w, http:\/\/heavymetalonline.com.br\/wp-content\/uploads\/2024\/09\/Final11001-370x208.png 370w\" sizes=\"auto, (max-width: 3840px) 100vw, 3840px\" \/><\/p>\n<div class=\"nLG8d5\" data-hook=\"post-description\">\n<article class=\"blog-post-page-font\">\n<div class=\"post-content__body stSKMK\">\n<div class=\"moHCnT\">\n<div class=\"moHCnT\">\n<div class=\"fTEXDR\" data-rce-version=\"10.96.1\">\n<div class=\"YPxfE\" dir=\"ltr\" data-id=\"content-viewer\">\n<div class=\"xLN5e\">\n<div class=\"cTrvs\">\n<div style=\"text-align: right;\" data-breakout=\"normal\">\n<pre id=\"viewer-sox3o32353\" class=\"aHhMj jcz-J Ms0q1\" dir=\"auto\"><span class=\"\">Foto: Jullia Bustamante<\/span><\/pre>\n<p id=\"viewer-gszc624825\" class=\"E0qnV MObmT iIW52 a144M\" dir=\"auto\" style=\"text-align: left;\"><span class=\"rpoEi iIW52\"><strong>Document\u00e1rio abordar\u00e1 todos os bastidores da produ\u00e7\u00e3o deste gigantesco projeto na Amaz\u00f4nia<\/strong><\/span><\/p>\n<\/div>\n<div data-breakout=\"normal\">\n<p id=\"viewer-ed0tk24827\" class=\"E0qnV MObmT iIW52 a144M\" dir=\"auto\" style=\"text-align: left;\"><span class=\"rpoEi iIW52\">Amaz\u00f4nia para Sempre prev\u00ea ainda a produ\u00e7\u00e3o de um document\u00e1rio sobre os bastidores e a prepara\u00e7\u00e3o desse show ic\u00f4nico que vai conectar a m\u00fasica ao ativismo clim\u00e1tico para chamar aten\u00e7\u00e3o do mundo para a urg\u00eancia do tema.<\/span><\/p>\n<\/div>\n<div data-hook=\"rcv-block31\"><\/div>\n<div data-breakout=\"normal\">\n<p id=\"viewer-1bh9324829\" class=\"E0qnV MObmT iIW52 a144M\" dir=\"auto\"><span class=\"rpoEi iIW52\">\u00a0<\/span><\/p>\n<\/div>\n<div data-hook=\"rcv-block32\"><\/div>\n<div data-breakout=\"normal\">\n<p id=\"viewer-nnqcm24831\" class=\"E0qnV MObmT iIW52 a144M\" dir=\"auto\"><span class=\"rpoEi iIW52\"><strong>The Town e Amaz\u00f4nia Para Sempre juntos Por Um Mundo Melhor <\/strong>\u00a0<\/span><\/p>\n<\/div>\n<div data-breakout=\"normal\">\n<p id=\"viewer-1dndr24834\" class=\"E0qnV MObmT iIW52 a144M\" dir=\"auto\"><span class=\"rpoEi iIW52\">A contagem regressiva do The Town j\u00e1 come\u00e7ou. O evento, que entra em sua segunda edi\u00e7\u00e3o em 2025, anuncia as datas para os dias 6, 7, 12, 13 e 14 de setembro na Cidade da M\u00fasica, no Aut\u00f3dromo de Interlagos, em S\u00e3o Paulo, levar\u00e1 a tem\u00e1tica Amaz\u00f4nia para Sempre para dentro do festival. Assim como acontecer\u00e1 no Dia Brasil do Rock in Rio, neste dia 21, ao longo doas cinco dias do The Town, uma interven\u00e7\u00e3o art\u00edstica com um videomaping com proje\u00e7\u00f5es de imagens e luzes ganhar\u00e1 o Palco Skyline.<\/span><\/p>\n<\/div>\n<div data-hook=\"rcv-block34\"><\/div>\n<div data-breakout=\"normal\">\n<div id=\"viewer-e6x8i26167\" class=\"E0qnV MObmT iIW52 a144M\" dir=\"auto\"><span class=\"rpoEi iIW52\">\u00a0<\/span><\/div>\n<\/div>\n<div data-hook=\"rcv-block35\"><\/div>\n<div data-breakout=\"normal\">\n<p id=\"viewer-ejwis24836\" class=\"E0qnV MObmT iIW52 a144M\" dir=\"auto\"><span class=\"rpoEi iIW52\"><strong>Sustentabilidade no DNA dos festivais Rock in Rio e The Town<\/strong><\/span><\/p>\n<\/div>\n<div data-breakout=\"normal\">\n<p id=\"viewer-vpz7d24838\" class=\"E0qnV MObmT iIW52 a144M\" dir=\"auto\"><span class=\"rpoEi iIW52\">Quando o assunto \u00e9 sustentabilidade, o engajamento coletivo \u00e9 t\u00e3o importante e potente quanto na manifesta\u00e7\u00e3o musical. O Rock in Rio e o The Town desenvolvem a\u00e7\u00f5es sociais e iniciativas sustent\u00e1veis com impactos de curto, m\u00e9dio e longo prazos e, em quatro d\u00e9cadas, foram investidos R$118 milh\u00f5es em diferentes projetos de educa\u00e7\u00e3o, ind\u00fastria da m\u00fasica e reflorestamento e, desde 2013, o festival tem a certifica\u00e7\u00e3o ISO 20121 &#8211; Eventos Sustent\u00e1veis. Com vis\u00e3o sist\u00eamica e relat\u00f3rios peri\u00f3dicos de sustentabilidade, Rock in Rio e The Town desenvolvem a\u00e7\u00f5es sociais para al\u00e9m dos milh\u00f5es de empregos gerados e dos bilh\u00f5es em impacto econ\u00f4mico dos eventos.<\/span><\/p>\n<\/div>\n<div data-hook=\"rcv-block37\"><\/div>\n<div data-breakout=\"normal\">\n<div id=\"viewer-1mh5126104\" class=\"E0qnV MObmT iIW52 a144M\" dir=\"auto\"><span class=\"rpoEi iIW52\">\u00a0<\/span><\/div>\n<\/div>\n<div data-hook=\"rcv-block38\"><\/div>\n<div data-breakout=\"normal\">\n<p id=\"viewer-udbow24840\" class=\"E0qnV MObmT iIW52 a144M\" dir=\"auto\"><span class=\"rpoEi iIW52\">Os festivais est\u00e3o focados em a\u00e7\u00f5es de curto prazo voltadas para temas emergentes, como a fome. Em parceria com as ONGs A\u00e7\u00e3o da Cidadania e Gerando Falc\u00f5es, as doa\u00e7\u00f5es geradas pelo movimento do Dia Brasil de Rock in Rio foram destinadas ao Rio Grande do Sul, ajudando as v\u00edtimas das chuvas na regi\u00e3o. Isso inclui 1,5 milh\u00e3o de pratos de comida, os direitos da m\u00fasica \u201cDeixa o Cora\u00e7\u00e3o Falar\u201d e as contribui\u00e7\u00f5es dos f\u00e3s.<\/span><\/p>\n<\/div>\n<div data-hook=\"rcv-block39\"><\/div>\n<div data-breakout=\"normal\">\n<div id=\"viewer-e7hdz26235\" class=\"E0qnV MObmT iIW52 a144M\" dir=\"auto\"><span class=\"rpoEi iIW52\">\u00a0<\/span><\/div>\n<\/div>\n<div data-hook=\"rcv-block40\"><\/div>\n<div data-breakout=\"normal\">\n<p id=\"viewer-xl4tg24842\" class=\"E0qnV MObmT iIW52 a144M\" dir=\"auto\"><span class=\"rpoEi iIW52\">Rock in Rio e The Town s\u00e3o pioneiros em acessibilidade e inclus\u00e3o para que todos possam viver os eventos com conforto e seguran\u00e7a. Estes s\u00e3o valores permanentes e transversais a todas as iniciativas promovidas pelos festivais e s\u00e3o aperfei\u00e7oados a cada edi\u00e7\u00e3o. Al\u00e9m de canais de comunica\u00e7\u00e3o e atendimentos exclusivos, a pessoa com defici\u00eancia (PCD) que for aos festivais encontra muitas iniciativas de plataformas e ferramentas assistivas e equipe de atendimento especializada em acessibilidade.<\/span><\/p>\n<\/div>\n<div data-hook=\"rcv-block41\"><\/div>\n<div data-breakout=\"normal\">\n<div id=\"viewer-26skq25846\" class=\"E0qnV MObmT iIW52 a144M\" dir=\"auto\"><span class=\"rpoEi iIW52\">\u00a0<\/span><\/div>\n<\/div>\n<div data-hook=\"rcv-block42\"><\/div>\n<div data-breakout=\"normal\">\n<p id=\"viewer-nuqpg24844\" class=\"E0qnV MObmT iIW52 a144M\" dir=\"auto\"><span class=\"rpoEi iIW52\">A m\u00e9dio prazo, o foco \u00e9 no desenvolvimento social. Nesse caso, a parceria de Rock in Rio, desta vez com a ONG Gerando Falc\u00f5es, Gerdau e Funda\u00e7\u00e3o Grupo Volkswagen, chega para fazer uma grande diferen\u00e7a na vida das pessoas. O projeto Favela 3D (Digital, Digna e Desenvolvida), em 2023, de The Town, interromperam o ciclo de pobreza para fam\u00edlias beneficiadas na Favela do Haiti, em S\u00e3o Paulo, e das \u00e1reas do Buraco e Sessenta, ambas do Morro da Provid\u00eancia, conhecida como a primeira favela do Brasil, situada na Gamboa, no Rio de Janeiro. O Favela 3D prop\u00f5e solu\u00e7\u00f5es de desenvolvimento, gera\u00e7\u00e3o de renda e urbanismo social, co-criadas em participa\u00e7\u00e3o com a popula\u00e7\u00e3o local.<\/span><\/p>\n<\/div>\n<div data-hook=\"rcv-block43\"><\/div>\n<div data-breakout=\"normal\">\n<div id=\"viewer-og6c125977\" class=\"E0qnV MObmT iIW52 a144M\" dir=\"auto\"><span class=\"rpoEi iIW52\">\u00a0<\/span><\/div>\n<\/div>\n<div data-hook=\"rcv-block44\"><\/div>\n<div data-breakout=\"normal\">\n<p id=\"viewer-r911b25912\" class=\"E0qnV MObmT iIW52 a144M\" dir=\"auto\"><span class=\"rpoEi iIW52\">Reduzir e mitigar impactos ambientais s\u00e3o parte dos esfor\u00e7os de longo prazo. O The Town e o Rock in Rio visam engajar seus stakeholders com a\u00e7\u00f5es direcionadas aos parceiros, fornecedores, colaboradores e p\u00fablico. Conduzidos pelo prop\u00f3sito Por um Mundo Melhor, o compromisso \u00e9 deixar um legado positivo e duradouro por onde passam. Essa miss\u00e3o foi refor\u00e7ada por Rock in Rio com Amaz\u00f4nia Live, um grande projeto de apoio a restaura\u00e7\u00e3o da maior floresta tropical do mundo que realizou \u2013 junto com Conserva\u00e7\u00e3o Internacional (CI-Brasil) o plantio de quase 4 milh\u00f5es de \u00e1rvores nas margens do Rio Xingu.<\/span><\/p>\n<\/div>\n<div data-hook=\"rcv-block45\"><\/div>\n<div data-breakout=\"normal\">\n<div id=\"viewer-2jueq26043\" class=\"E0qnV MObmT iIW52 a144M\" dir=\"auto\"><span class=\"rpoEi iIW52\">\u00a0<\/span><\/div>\n<\/div>\n<div data-hook=\"rcv-block46\"><\/div>\n<div data-breakout=\"normal\">\n<p id=\"viewer-ggehk24848\" class=\"E0qnV MObmT iIW52 a144M\" dir=\"auto\"><span class=\"rpoEi iIW52\">Outra iniciativa que marca esse compromisso foi o Rock in Rio Escola Solar, um concurso que instalou 760 pain\u00e9is de energia solar em 38 escolas p\u00fablicas portuguesas. A iniciativa, realizada em 2016, foi reconhecida com o Energy Globe Awards, um prestigiado pr\u00eamio de sustentabilidade. Agora, diante dos desastres clim\u00e1ticos que assolam o mundo, as duas marcas reafirmam este compromisso com Amaz\u00f4nia Para Sempre, por meio do edital que vai contemplar iniciativas locais voltadas para a prote\u00e7\u00e3o da floresta e ao desenvolvimento sustent\u00e1vel.\u00a0\u00a0<\/span><\/p>\n<\/div>\n<div data-hook=\"rcv-block47\"><\/div>\n<div data-breakout=\"normal\">\n<div id=\"viewer-n3i6q25784\" class=\"E0qnV MObmT iIW52 a144M\" dir=\"auto\"><span class=\"rpoEi iIW52\">\u00a0<\/span><\/div>\n<\/div>\n<div data-hook=\"rcv-block48\"><\/div>\n<div data-breakout=\"normal\">\n<p id=\"viewer-z19l224850\" class=\"E0qnV MObmT iIW52 a144M\" dir=\"auto\"><span class=\"rpoEi iIW52\"><strong>Por um Mundo Melhor desde 1985<\/strong><\/span><\/p>\n<\/div>\n<div data-breakout=\"normal\">\n<p id=\"viewer-q3t0w24852\" class=\"E0qnV MObmT iIW52 a144M\" dir=\"auto\"><span class=\"rpoEi iIW52\">Os dados sobre emiss\u00e3o de carbono, energia e gest\u00e3o de res\u00edduos ilustram o caminho que Rock In Rio e The Town est\u00e3o tra\u00e7ando por um mundo melhor. O Rock in Rio neutralizou 100% do carbono emitido em 18 de 22 de suas edi\u00e7\u00f5es realizadas em 40 anos de hist\u00f3ria. Ao todo, 430 mil toneladas foram compensadas por meio de projetos de reflorestamento. Na \u00faltima edi\u00e7\u00e3o, a pegada de carbono do festival foi de cerca de 60 mil toneladas. O The Town j\u00e1 nasceu com consci\u00eancia ambiental.<\/span><\/p>\n<\/div>\n<div data-hook=\"rcv-block50\"><\/div>\n<div data-breakout=\"normal\">\n<div id=\"viewer-n3f8p25656\" class=\"E0qnV MObmT iIW52 a144M\" dir=\"auto\"><span class=\"rpoEi iIW52\">\u00a0<\/span><\/div>\n<\/div>\n<div data-hook=\"rcv-block51\"><\/div>\n<div data-breakout=\"normal\">\n<p id=\"viewer-7ssfs24854\" class=\"E0qnV MObmT iIW52 a144M\" dir=\"auto\"><span class=\"rpoEi iIW52\">Em rela\u00e7\u00e3o a energia, em 2024, o Rock in Rio utiliza 43 postes de pain\u00e9is fotovoltaicos para iluminar parte da Cidade do Rock com energia renov\u00e1vel. As subesta\u00e7\u00f5es respondem por 65% do total da energia consumida no evento.<\/span><\/p>\n<\/div>\n<div data-hook=\"rcv-block52\"><\/div>\n<div data-breakout=\"normal\">\n<div id=\"viewer-14lw925722\" class=\"E0qnV MObmT iIW52 a144M\" dir=\"auto\"><span class=\"rpoEi iIW52\">\u00a0<\/span><\/div>\n<\/div>\n<div data-hook=\"rcv-block53\"><\/div>\n<div data-breakout=\"normal\">\n<p id=\"viewer-mk10024856\" class=\"E0qnV MObmT iIW52 a144M\" dir=\"auto\"><span class=\"rpoEi iIW52\">Desde 2022, o festival passou a contratar a opera\u00e7\u00e3o da Associa\u00e7\u00e3o Nacional de Catadores (ANCAT) para fazer o servi\u00e7o ambiental de separa\u00e7\u00e3o dos res\u00edduos. Al\u00e9m da renda da venda do material separado, eles recebem di\u00e1rias pelo servi\u00e7o, treinamentos e uniformes. Com a a\u00e7\u00e3o, 250 toneladas de res\u00edduo foram para reciclagem, o que representa 75% do total. A expectativa que os festivais se tornem lixo zero em at\u00e9 seis anos.<\/span><\/p>\n<\/div>\n<div data-hook=\"rcv-block54\"><\/div>\n<div data-breakout=\"normal\">\n<div id=\"viewer-m5jkt25593\" class=\"E0qnV MObmT iIW52 a144M\" dir=\"auto\"><span class=\"rpoEi iIW52\">\u00a0<\/span><\/div>\n<\/div>\n<div data-hook=\"rcv-block55\"><\/div>\n<div data-breakout=\"normal\">\n<p id=\"viewer-fadpt24858\" class=\"E0qnV MObmT iIW52 a144M\" dir=\"auto\"><span class=\"rpoEi iIW52\"><strong>Metas de sustentabilidade ambiciosas at\u00e9 2030<\/strong><\/span><\/p>\n<\/div>\n<div data-breakout=\"normal\">\n<p id=\"viewer-37asl24860\" class=\"E0qnV MObmT iIW52 a144M\" dir=\"auto\"><span class=\"rpoEi iIW52\">Em 2022, o Rock in Rio assumiu metas de sustentabilidade ambiciosas at\u00e9 2030 como o uso de 50% de alimenta\u00e7\u00e3o saud\u00e1vel e sustent\u00e1vel, o envolvimento de 100% das suas partes interessadas (stakeholders) na sua pol\u00edtica de sustentabilidade, a elimina\u00e7\u00e3o completa de res\u00edduos em aterro sanit\u00e1rio e ter avalia\u00e7\u00e3o p\u00fablica de 100% em rela\u00e7\u00e3o a acessibilidade, inclus\u00e3o e pluralidade.\u00a0<\/span><\/p>\n<\/div>\n<div data-hook=\"rcv-block57\"><\/div>\n<div data-breakout=\"normal\">\n<p id=\"viewer-s05gs24862\" class=\"E0qnV MObmT iIW52 a144M\" dir=\"auto\"><span class=\"rpoEi iIW52\">Essas a\u00e7\u00f5es refletem o compromisso do Rock in Rio e The Town em fazer um mundo melhor, tanto por meio de pr\u00e1ticas sustent\u00e1veis durante os eventos, como o uso de energia verde e copos, como em promo\u00e7\u00e3o, di\u00e1logos e mobiliza\u00e7\u00f5es espec\u00edficas.<\/span><\/p>\n<\/div>\n<div data-hook=\"rcv-block58\"><\/div>\n<div data-breakout=\"normal\">\n<div id=\"viewer-9es5225336\" class=\"E0qnV MObmT iIW52 a144M\" dir=\"auto\"><span class=\"rpoEi iIW52\">\u00a0<\/span><\/div>\n<\/div>\n<div data-hook=\"rcv-block59\"><\/div>\n<div data-breakout=\"normal\">\n<p id=\"viewer-d6qwg24864\" class=\"E0qnV MObmT iIW52 a144M\" dir=\"auto\"><span class=\"rpoEi iIW52\"><strong>Seis grandes momentos da hist\u00f3ria<\/strong><\/span><\/p>\n<\/div>\n<div data-hook=\"rcv-block60\"><\/div>\n<div data-breakout=\"normal\">\n<p id=\"viewer-dkt0x24866\" class=\"E0qnV MObmT iIW52 a144M\" dir=\"auto\"><span class=\"rpoEi iIW52\">O Rock in Rio foi criado para dar voz a uma juventude que buscava por liberdade de express\u00e3o e usou a m\u00fasica como ferramenta para mostrar que pessoas de origens, ra\u00e7as e cren\u00e7as diferentes poderiam viver em paz e harmonia.\u00a0 Nessas quatro d\u00e9cadas, o Rock in Rio j\u00e1 engajou mais 12 milh\u00f5es de f\u00e3s, entre a\u00e7\u00f5es online e presencial, para agirem em torno da transforma\u00e7\u00e3o por um mundo melhor. S\u00e3o momentos ic\u00f4nicos que fazem parte do imagin\u00e1rio brasileiro e mundial daqueles que buscam a constru\u00e7\u00f5es de condi\u00e7\u00f5es favor\u00e1veis para todos. Lembramos abaixo alguns desses momentos:<\/span><\/p>\n<\/div>\n<div data-hook=\"rcv-block61\"><\/div>\n<div data-breakout=\"normal\">\n<div id=\"viewer-s1h9d25403\" class=\"E0qnV MObmT iIW52 a144M\" dir=\"auto\"><span class=\"rpoEi iIW52\">\u00a0<\/span><\/div>\n<\/div>\n<div data-hook=\"rcv-block62\"><\/div>\n<div data-breakout=\"normal\">\n<p id=\"viewer-d5rk924868\" class=\"E0qnV MObmT iIW52 a144M\" dir=\"auto\"><span class=\"rpoEi iIW52\"><strong>Selo 100R &#8211; <\/strong>Em 2006, o Rock in Rio foi o primeiro festival a receber a certifica\u00e7\u00e3o 100R, selo internacional que atesta boas pr\u00e1ticas em rela\u00e7\u00e3o a res\u00edduos e emiss\u00f5es de carbono zero de carbono e 100% de reciclagem. Atualmente, os eventos brasileiros tamb\u00e9m est\u00e3o certificados.<\/span><\/p>\n<\/div>\n<div data-hook=\"rcv-block63\"><\/div>\n<div data-breakout=\"normal\">\n<div id=\"viewer-8ap0w25535\" class=\"E0qnV MObmT iIW52 a144M\" dir=\"auto\"><span class=\"rpoEi iIW52\">\u00a0<\/span><\/div>\n<\/div>\n<div data-hook=\"rcv-block64\"><\/div>\n<div data-breakout=\"normal\">\n<p id=\"viewer-922up24871\" class=\"E0qnV MObmT iIW52 a144M\" dir=\"auto\"><span class=\"rpoEi iIW52\"><strong>Rock in Rio Escola Solar-<\/strong> Lan\u00e7ado em Portugal em 2008, o concurso incentivou estudantes a criarem projetos sustent\u00e1veis em suas comunidades e instalou 760 pain\u00e9is fotovoltaicos nas 38 escolas p\u00fablicas vencedoras. A renda da energia excedente gerou novos projetos. A iniciativa ganhou o Energy Globe Awards, reconhecido pr\u00eamio de prote\u00e7\u00e3o ambiental.<\/span><\/p>\n<\/div>\n<div data-hook=\"rcv-block65\"><\/div>\n<div data-breakout=\"normal\">\n<div id=\"viewer-2skk225472\" class=\"E0qnV MObmT iIW52 a144M\" dir=\"auto\"><span class=\"rpoEi iIW52\">\u00a0<\/span><\/div>\n<\/div>\n<div data-hook=\"rcv-block66\"><\/div>\n<div data-breakout=\"normal\">\n<p id=\"viewer-6ylwj24874\" class=\"E0qnV MObmT iIW52 a144M\" dir=\"auto\"><span class=\"rpoEi iIW52\"><strong>ISO 2001 \u2013 Eventos Sustent\u00e1vel &#8211; No ano de <\/strong>2013, Rock in Rio conseguiu a sua 1\u00aa certifica\u00e7\u00e3o na norma ISO 20121 \u2013 Eventos Sustent\u00e1veis. Foi um marco hist\u00f3rico no percurso de sustentabilidade do festival, tornando-se um dos primeiros grandes eventos a n\u00edvel mundial a conseguir este feito. A partir dessa conquista, o feito come\u00e7ou a ser implementado em todos os eventos de RIR e The Town.<\/span><\/p>\n<\/div>\n<div data-hook=\"rcv-block67\"><\/div>\n<div data-breakout=\"normal\">\n<div id=\"viewer-sl86g25214\" class=\"E0qnV MObmT iIW52 a144M\" dir=\"auto\"><span class=\"rpoEi iIW52\">\u00a0<\/span><\/div>\n<\/div>\n<div data-hook=\"rcv-block68\"><\/div>\n<div data-breakout=\"normal\">\n<p id=\"viewer-kxlhn24877\" class=\"E0qnV MObmT iIW52 a144M\" dir=\"auto\"><span class=\"rpoEi iIW52\"><strong>Pr\u00eamio Atitude Sustent\u00e1vel &#8211; <\/strong>Criado em 2013 com objetivo de inspirar mudan\u00e7as e promover a\u00e7\u00f5es sustent\u00e1veis, a Rock World reconhece e premia o esfor\u00e7o de parceiros que promovem boas pr\u00e1ticas ambientais, sociais e econ\u00f4micas durante Rock In Rio e o The Town que o ajudam a cumprir as metas de sustentabilidade.<\/span><\/p>\n<\/div>\n<div data-hook=\"rcv-block69\"><\/div>\n<div data-breakout=\"normal\">\n<div id=\"viewer-tpe2d25281\" class=\"E0qnV MObmT iIW52 a144M\" dir=\"auto\"><span class=\"rpoEi iIW52\">\u00a0<\/span><\/div>\n<\/div>\n<div data-hook=\"rcv-block70\"><\/div>\n<div data-breakout=\"normal\">\n<p id=\"viewer-07exb24880\" class=\"E0qnV MObmT iIW52 a144M\" dir=\"auto\"><span class=\"rpoEi iIW52\"><strong>Amaz\u00f4nia Live &#8211; <\/strong>O Rock in Rio lan\u00e7ou o projeto socioambiental Amaz\u00f4nia Live, parceria com o Conserva\u00e7\u00e3o Internacional (CI-Brasil), em 2016. No \u00e2mbito das a\u00e7\u00f5es de reflorestamento, foram realizados um show em Manaus, campanhas de engajamento em Portugal e nas redes, a\u00e7\u00f5es para dissemina\u00e7\u00e3o de arte e cultura ind\u00edgena no Rio de Janeiro e o plantio de quase 4 milh\u00f5es de \u00e1rvores nas margens do Rio Xingu.<\/span><\/p>\n<\/div>\n<div data-hook=\"rcv-block71\"><\/div>\n<div data-breakout=\"normal\">\n<div id=\"viewer-gile825153\" class=\"E0qnV MObmT iIW52 a144M\" dir=\"auto\"><span class=\"rpoEi iIW52\">\u00a0<\/span><\/div>\n<\/div>\n<div data-hook=\"rcv-block72\"><\/div>\n<div data-breakout=\"normal\">\n<p id=\"viewer-cerfu24883\" class=\"E0qnV MObmT iIW52 a144M\" dir=\"auto\"><span class=\"rpoEi iIW52\"><strong>Dia Brasil<\/strong> &#8211; Em um momento in\u00e9dito em sua trajet\u00f3ria, em 2024, o Rock in Rio reuniu mais de 50 cantores brasileiros das diversas gera\u00e7\u00f5es, regi\u00f5es e express\u00f5es art\u00edsticas para a grava\u00e7\u00e3o da m\u00fasica e clipe &#8220;Deixa o Cora\u00e7\u00e3o Falar&#8221; e mais de 70 artistas num dia especial no festival para conduzir uma ampla convoca\u00e7\u00e3o p\u00fablica em prol de um mundo melhor. O Dia Brasil vai atuar no enfrentamento de duas das maiores causas urgentes no pa\u00eds hoje: o combate \u00e0 fome e a supera\u00e7\u00e3o da pobreza.<\/span><\/p>\n<\/div>\n<div data-hook=\"rcv-block73\"><\/div>\n<div data-breakout=\"normal\">\n<div id=\"viewer-ym2iy25090\" class=\"E0qnV MObmT iIW52 a144M\" dir=\"auto\"><span class=\"rpoEi iIW52\">\u00a0<\/span><\/div>\n<\/div>\n<div data-hook=\"rcv-block74\"><\/div>\n<div data-breakout=\"normal\">\n<p id=\"viewer-esdss24886\" class=\"E0qnV MObmT iIW52 a144M\" dir=\"auto\"><span class=\"rpoEi iIW52\"><strong>Evento conta com patroc\u00ednio principal da Va<\/strong><\/span><\/p>\n<\/div>\n<div data-breakout=\"normal\">\n<p id=\"viewer-pr5qv31150\" class=\"E0qnV MObmT iIW52 a144M\" dir=\"auto\"><span class=\"rpoEi iIW52\">A Vale atua na regi\u00e3o amaz\u00f4nica h\u00e1 quase 40 anos, com o compromisso de manter a floresta em p\u00e9 e refletir sobre as diversas formas de viver, conviver e criar na regi\u00e3o. A empresa ajuda a preservar cerca de 1 milh\u00e3o de hectares de florestas no mundo, sendo 800 mil s\u00f3 na Amaz\u00f4nia \u2013 uma \u00e1rea seis vezes maior que a cidade do Rio de Janeiro, em parceria com o Instituto Chico Mendes de Conserva\u00e7\u00e3o da Biodiversidade (ICMBio). Pelo quarto ano consecutivo, a empresa, atrav\u00e9s do Instituto Cultural Vale, \u00e9 a maior apoiadora da Cultura no Brasil, com destaque para o Par\u00e1 e os outros estados onde atua.<\/span><\/p>\n<\/div>\n<div data-hook=\"rcv-block76\"><\/div>\n<div data-breakout=\"normal\">\n<p id=\"viewer-7qnvo24889\" class=\"E0qnV MObmT iIW52 a144M\" dir=\"auto\"><span class=\"rpoEi iIW52\"><strong>\u00a0<\/strong><\/span><\/p>\n<\/div>\n<div data-hook=\"rcv-block77\"><\/div>\n<div data-breakout=\"normal\">\n<p id=\"viewer-ss3ew24891\" class=\"E0qnV MObmT iIW52 a144M\" dir=\"auto\"><span class=\"rpoEi iIW52\"><strong>Sobre Rock in Rio<\/strong><\/span><\/p>\n<\/div>\n<div data-breakout=\"normal\">\n<p id=\"viewer-44ill24893\" class=\"E0qnV MObmT iIW52 a144M\" dir=\"auto\"><span class=\"rpoEi iIW52\">1984 marca o in\u00edcio das prepara\u00e7\u00f5es para a primeira edi\u00e7\u00e3o do evento idealizado por Roberto Medina e que hoje, 40 anos depois, \u00e9 considerado o maior festival de m\u00fasica e entretenimento do mundo \u2013 o Rock in Rio. A hist\u00f3ria do evento se entrela\u00e7a com a do entretenimento no Brasil, sendo respons\u00e1vel por colocar o pa\u00eds na rota dos eventos internacionais, j\u00e1 que pela primeira vez, um pa\u00eds da Am\u00e9rica do Sul sediou um evento musical dessa magnitude. Em uma \u00e1rea de 250 mil m2, em Jacarepagu\u00e1, durante dez dias, 1 milh\u00e3o e 380 mil pessoas foram iluminadas pela primeira vez e come\u00e7aram a fazer parte do grande espet\u00e1culo. No palco \u2014 o maior do mundo na \u00e9poca, com 80m de boca de cena \u2014 15 atra\u00e7\u00f5es nacionais e 16 internacionais. Originalmente organizado no Rio de Janeiro, o festival ganhou o mundo chegando a Lisboa (Portugal), onde \u00e9 realizado at\u00e9 hoje, passando por Madrid (Espanha) e Las Vegas (USA).<\/span><\/p>\n<\/div>\n<div data-hook=\"rcv-block79\"><\/div>\n<div data-breakout=\"normal\">\n<div id=\"viewer-oebpi28448\" class=\"E0qnV MObmT iIW52 a144M\" dir=\"auto\"><span class=\"rpoEi iIW52\">\u00a0<\/span><\/div>\n<\/div>\n<div data-hook=\"rcv-block80\"><\/div>\n<div data-breakout=\"normal\">\n<p id=\"viewer-4i78l24895\" class=\"E0qnV MObmT iIW52 a144M\" dir=\"auto\"><span class=\"rpoEi iIW52\">Desde a primeira edi\u00e7\u00e3o, j\u00e1 gerou mais de 265 mil empregos diretos e indiretos e, apenas na \u00faltima, em 2022, um impacto econ\u00f4mico de mais de 2 bilh\u00f5es na cidade do Rio de Janeiro. Tamb\u00e9m na edi\u00e7\u00e3o passada, o Rock in Rio foi considerado patrim\u00f4nio cultural imaterial do estado do Rio de Janeiro. Pelas Cidades do Rock, desde 1985, j\u00e1 passaram mais de 11.6 milh\u00f5es de visitantes, que assistiram a mais de 4.666 artistas em 141 dias de magia. Dentre os n\u00fameros gigantes do festival, mais de 64 milh\u00f5es de pessoas alcan\u00e7adas nas redes sociais apenas em 2022 e mais de 12 milh\u00f5es de f\u00e3s online.<\/span><\/p>\n<\/div>\n<div data-hook=\"rcv-block81\"><\/div>\n<div data-breakout=\"normal\">\n<div id=\"viewer-zacd725031\" class=\"E0qnV MObmT iIW52 a144M\" dir=\"auto\"><span class=\"rpoEi iIW52\">\u00a0<\/span><\/div>\n<\/div>\n<div data-hook=\"rcv-block82\"><\/div>\n<div data-breakout=\"normal\">\n<p id=\"viewer-2u83424897\" class=\"E0qnV MObmT iIW52 a144M\" dir=\"auto\"><span class=\"rpoEi iIW52\"><strong>Sobre The Town<\/strong><\/span><\/p>\n<\/div>\n<div data-breakout=\"normal\">\n<p id=\"viewer-dbwk024899\" class=\"E0qnV MObmT iIW52 a144M\" dir=\"auto\"><span class=\"rpoEi iIW52\">Dos mesmos criadores do Rock in Rio, The Town estreou na grande metr\u00f3pole no dia 2 de setembro de 2023, e seguiu durante os dias 3, 7, 9 e 10, no Aut\u00f3dromo de Interlagos, em uma \u00e1rea de 360 mil m2, que passou por diversas transforma\u00e7\u00f5es. O novo festival j\u00e1 se posiciona como um evento de grande relev\u00e2ncia, n\u00e3o apenas para a capital paulista, como tamb\u00e9m para todo o Brasil.\u00a0\u00a0\u00a0\u00a0<\/span><\/p>\n<\/div>\n<div data-hook=\"rcv-block84\"><\/div>\n<div data-breakout=\"normal\">\n<div id=\"viewer-cmxda31229\" class=\"E0qnV MObmT iIW52 a144M\" dir=\"auto\"><span class=\"rpoEi iIW52\">\u00a0<\/span><\/div>\n<\/div>\n<div data-hook=\"rcv-block85\"><\/div>\n<div data-breakout=\"normal\">\n<p id=\"viewer-vsmhc24901\" class=\"E0qnV MObmT iIW52 a144M\" dir=\"auto\"><span class=\"rpoEi iIW52\">Com 500 mil ingressos vendidos, o evento teve mais de 235 horas de m\u00fasica, contou com seis palcos, onde o p\u00fablico pode imergir em novas e inesquec\u00edveis experi\u00eancias. Com cenografia inspirada em \u00edcones da arquitetura paulistana e apresentando uma diversidade \u00fanica de ritmo e uni\u00e3o de tribos, The Town chegou a S\u00e3o Paulo com apoio, for\u00e7a e empoderamento de gente grande. De acordo com uma pesquisa realizada pela Funda\u00e7\u00e3o Get\u00falio Vargas o impacto econ\u00f4mico foi de R$1.7 bilh\u00e3o, o maior j\u00e1 visto na capital, al\u00e9m de uma gera\u00e7\u00e3o de mais de 19 mil empregos diretos.<\/span><\/p>\n<\/div>\n<div data-hook=\"rcv-block86\"><\/div>\n<div data-breakout=\"normal\">\n<div id=\"viewer-zfe3h24969\" class=\"E0qnV MObmT iIW52 a144M\" dir=\"auto\"><span class=\"rpoEi iIW52\">\u00a0<\/span><\/div>\n<\/div>\n<div data-hook=\"rcv-block87\"><\/div>\n<div data-breakout=\"normal\">\n<p id=\"viewer-crj4b24903\" class=\"E0qnV MObmT iIW52 a144M\" dir=\"auto\"><span class=\"rpoEi iIW52\"><strong>Sobre a Vale<\/strong><\/span><\/p>\n<\/div>\n<div data-breakout=\"normal\">\n<p id=\"viewer-lwmq724905\" class=\"E0qnV MObmT iIW52 a144M\" dir=\"auto\"><span class=\"rpoEi iIW52\">A Vale \u00e9 uma mineradora global que existe para melhorar a vida e transformar o futuro juntos. Uma das maiores produtoras mundiais de min\u00e9rio de ferro e n\u00edquel e importante produtora de cobre, a Vale tem sede no Brasil e atua\u00e7\u00e3o global. Suas opera\u00e7\u00f5es compreendem sistemas log\u00edsticos integrados, incluindo aproximadamente 2.000 quil\u00f4metros de ferrovias, terminais mar\u00edtimos e 10 portos distribu\u00eddos pelo mundo. A Vale tem as ambi\u00e7\u00f5es de ser reconhecida pela sociedade como refer\u00eancia em seguran\u00e7a, a melhor operadora e a mais confi\u00e1vel, uma organiza\u00e7\u00e3o orientada aos talentos, l\u00edder em minera\u00e7\u00e3o sustent\u00e1vel, e refer\u00eancia em cria\u00e7\u00e3o e compartilhamento de valor.\u00a0<\/span><\/p>\n<\/div>\n<div data-hook=\"rcv-block89\"><\/div>\n<div data-breakout=\"normal\">\n<div id=\"viewer-cb2fk32629\" class=\"E0qnV MObmT iIW52 a144M\" dir=\"auto\"><span class=\"rpoEi iIW52\">\u00a0<\/span><\/div>\n<\/div>\n<div data-hook=\"rcv-block90\"><\/div>\n<div data-breakout=\"normal\">\n<p id=\"viewer-yhz7132706\" class=\"E0qnV MObmT iIW52 a144M\" dir=\"auto\"><span class=\"rpoEi iIW52\"><strong>Fonte: <\/strong>Approach Comunica\u00e7\u00e3o<\/span><\/p>\n<\/div>\n<div data-hook=\"rcv-block91\"><\/div>\n<\/div>\n<div data-hook=\"rcv-block-last\"><\/div>\n<\/div>\n<\/div>\n<\/div>\n<\/div>\n<\/div>\n<\/div>\n<\/article>\n<\/div>\n<div class=\"BL3dva\"><\/div>\n<\/div>\n<\/div>\n","protected":false},"excerpt":{"rendered":"<p>Projeto inclui edital privado de 2 milh\u00f5es de reais para financiar iniciativas em defesa da floresta e se conecta com a edi\u00e7\u00e3o do The Town em 2025, que est\u00e1 confirmada para os dias 6, 7, 12, 13 e 14 de setembro Foto: Jullia Bustamante Em 2025, um espet\u00e1culo in\u00e9dito vai colocar a Amaz\u00f4nia no centro [&hellip;]<\/p>\n","protected":false},"author":12,"featured_media":24978,"comment_status":"closed","ping_status":"open","sticky":false,"template":"","format":"standard","meta":{"footnotes":""},"categories":[4],"tags":[],"class_list":["post-24976","post","type-post","status-publish","format-standard","has-post-thumbnail","hentry","category-noticias"],"_links":{"self":[{"href":"http:\/\/heavymetalonline.com.br\/index.php?rest_route=\/wp\/v2\/posts\/24976","targetHints":{"allow":["GET"]}}],"collection":[{"href":"http:\/\/heavymetalonline.com.br\/index.php?rest_route=\/wp\/v2\/posts"}],"about":[{"href":"http:\/\/heavymetalonline.com.br\/index.php?rest_route=\/wp\/v2\/types\/post"}],"author":[{"embeddable":true,"href":"http:\/\/heavymetalonline.com.br\/index.php?rest_route=\/wp\/v2\/users\/12"}],"replies":[{"embeddable":true,"href":"http:\/\/heavymetalonline.com.br\/index.php?rest_route=%2Fwp%2Fv2%2Fcomments&post=24976"}],"version-history":[{"count":1,"href":"http:\/\/heavymetalonline.com.br\/index.php?rest_route=\/wp\/v2\/posts\/24976\/revisions"}],"predecessor-version":[{"id":24981,"href":"http:\/\/heavymetalonline.com.br\/index.php?rest_route=\/wp\/v2\/posts\/24976\/revisions\/24981"}],"wp:featuredmedia":[{"embeddable":true,"href":"http:\/\/heavymetalonline.com.br\/index.php?rest_route=\/wp\/v2\/media\/24978"}],"wp:attachment":[{"href":"http:\/\/heavymetalonline.com.br\/index.php?rest_route=%2Fwp%2Fv2%2Fmedia&parent=24976"}],"wp:term":[{"taxonomy":"category","embeddable":true,"href":"http:\/\/heavymetalonline.com.br\/index.php?rest_route=%2Fwp%2Fv2%2Fcategories&post=24976"},{"taxonomy":"post_tag","embeddable":true,"href":"http:\/\/heavymetalonline.com.br\/index.php?rest_route=%2Fwp%2Fv2%2Ftags&post=24976"}],"curies":[{"name":"wp","href":"https:\/\/api.w.org\/{rel}","templated":true}]}}