{"id":25018,"date":"2024-09-23T19:36:55","date_gmt":"2024-09-23T19:36:55","guid":{"rendered":"http:\/\/heavymetalonline.com.br\/?p=25018"},"modified":"2024-09-23T19:36:55","modified_gmt":"2024-09-23T19:36:55","slug":"damiano-david-vocalista-do-maneskin-anuncia-estreia-do-seu-projeto-solo-com-o-single-silverlines","status":"publish","type":"post","link":"http:\/\/heavymetalonline.com.br\/?p=25018","title":{"rendered":"Damiano David, vocalista do Maneskin, anuncia estreia do seu projeto solo com o single &#8216;Silverlines&#8217;"},"content":{"rendered":"<div data-breakout=\"normal\">\n<p dir=\"auto\" style=\"text-align: center;\"><em>Produzido por Labrinth, m\u00fasica estar\u00e1 dispon\u00edvel em 27 de setembro<\/em><\/p>\n<p id=\"viewer-wc8y61136\" class=\"bghoi j9i2h HEiMd V6Y3R\" dir=\"auto\"><span class=\"VRSy8\"><strong>Damiano David<\/strong> anunciou seu t\u00e3o aguardado projeto solo com o lan\u00e7amento da nova faixa &#8220;Silverlines&#8221;, que estar\u00e1 dispon\u00edvel globalmente no dia 27 de setembro.<strong> &#8220;Silverlines&#8221;<\/strong> \u00e9 uma colabora\u00e7\u00e3o com o cantor, compositor e produtor ingl\u00eas Labrinth, que ficou respons\u00e1vel pela produ\u00e7\u00e3o do single.<\/span><\/p>\n<\/div>\n<div data-hook=\"rcv-block4\"><\/div>\n<div data-breakout=\"normal\">\n<div id=\"viewer-09i8b102\" class=\"bghoi j9i2h HEiMd V6Y3R\" dir=\"auto\"><span class=\"VRSy8\">\u00a0<\/span><\/div>\n<\/div>\n<div data-hook=\"rcv-block5\"><\/div>\n<div data-breakout=\"normal\">\n<p id=\"viewer-6fqpb95\" class=\"bghoi j9i2h uCsPw V6Y3R\" dir=\"auto\"><span class=\"VRSy8 uCsPw\">Damiano David \u00e9 um renomado cantor e compositor italiano, cuja trajet\u00f3ria das ruas de Roma at\u00e9 o estrelato internacional \u00e9 nada menos que extraordin\u00e1ria. Damiano ganhou reconhecimento global e aclama\u00e7\u00e3o da cr\u00edtica como vocalista principal do M\u00e5neskin, sendo elogiado por sua presen\u00e7a de palco carism\u00e1tica e vocais poderosos, liderando a primeira banda italiana a conquistar o sucesso mundial.<\/span><\/p>\n<\/div>\n<div data-hook=\"rcv-block6\"><\/div>\n<div data-breakout=\"normal\">\n<div id=\"viewer-6ve4d126\" class=\"bghoi j9i2h uCsPw V6Y3R\" dir=\"auto\"><span class=\"VRSy8 uCsPw\">\u00a0<\/span><\/div>\n<\/div>\n<div data-hook=\"rcv-block7\"><\/div>\n<div data-breakout=\"normal\">\n<p id=\"viewer-gcvem97\" class=\"bghoi j9i2h uCsPw V6Y3R\" dir=\"auto\"><span class=\"VRSy8 uCsPw\">A decis\u00e3o de Damiano de embarcar neste projeto solo surgiu da necessidade de expressar um lado mais pessoal e vulner\u00e1vel de si, uma parte que permanece completamente inexplorada nas composi\u00e7\u00f5es do <strong>M\u00e5neskin<\/strong>. Na semana passada, ele come\u00e7ou a provocar seus f\u00e3s nas redes sociais, gerando uma grande expectativa ao sugerir essa nova e altamente pessoal fase da sua carreira, em um <a class=\"jSQiY jSzd-\" href=\"https:\/\/www.instagram.com\/reel\/C_0yRq2uPon\/?igsh=MTY5cjQ1eGZha2dlMg%3D%3D\" target=\"_blank\" rel=\"noopener noreferrer\" data-hook=\"WebLink\"><u>teaser<\/u><\/a> onde ele afirmou: <em>&#8220;Viajei por todo o mundo para encontrar minha voz, apenas para acabar onde tudo come\u00e7ou&#8221;<\/em>, finalizando com <em>&#8220;hoje \u00e9 o primeiro dia da minha vida.&#8221;<\/em><\/span><\/p>\n<\/div>\n<blockquote class=\"instagram-media\" style=\"background: #FFF; border: 0; border-radius: 3px; box-shadow: 0 0 1px 0 rgba(0,0,0,0.5),0 1px 10px 0 rgba(0,0,0,0.15); margin: 1px; max-width: 540px; min-width: 326px; padding: 0; width: calc(100% - 2px);\" data-instgrm-captioned=\"\" data-instgrm-permalink=\"https:\/\/www.instagram.com\/reel\/C_0yRq2uPon\/?utm_source=ig_embed&amp;utm_campaign=loading\" data-instgrm-version=\"14\">\n<div style=\"padding: 16px;\">\n<p>&nbsp;<\/p>\n<div style=\"display: flex; flex-direction: row; align-items: center;\"><\/div>\n<div style=\"padding: 19% 0;\"><\/div>\n<div style=\"display: block; height: 50px; margin: 0 auto 12px; width: 50px;\"><\/div>\n<div style=\"padding-top: 8px;\">\n<div style=\"color: #3897f0; font-family: Arial,sans-serif; font-size: 14px; font-style: normal; font-weight: 550; line-height: 18px;\">Ver essa foto no Instagram<\/div>\n<\/div>\n<div style=\"padding: 12.5% 0;\"><\/div>\n<div style=\"display: flex; flex-direction: row; margin-bottom: 14px; align-items: center;\"><\/div>\n<div style=\"display: flex; flex-direction: column; flex-grow: 1; justify-content: center; margin-bottom: 24px;\"><\/div>\n<p>&nbsp;<\/p>\n<p style=\"color: #c9c8cd; font-family: Arial,sans-serif; font-size: 14px; line-height: 17px; margin-bottom: 0; margin-top: 8px; overflow: hidden; padding: 8px 0 7px; text-align: center; text-overflow: ellipsis; white-space: nowrap;\"><a style=\"color: #c9c8cd; font-family: Arial,sans-serif; font-size: 14px; font-style: normal; font-weight: normal; line-height: 17px; text-decoration: none;\" href=\"https:\/\/www.instagram.com\/reel\/C_0yRq2uPon\/?utm_source=ig_embed&amp;utm_campaign=loading\" target=\"_blank\" rel=\"noopener\">Uma publica\u00e7\u00e3o compartilhada por Damiano David (@damianodavid)<\/a><\/p>\n<\/div>\n<\/blockquote>\n<div class=\"nLG8d5\" data-hook=\"post-description\">\n<article class=\"blog-post-page-font\">\n<div class=\"post-content__body stSKMK\">\n<div class=\"moHCnT\">\n<div class=\"moHCnT\">\n<div class=\"fTEXDR\" data-rce-version=\"10.97.4\">\n<div class=\"_7x4Oy\" dir=\"ltr\" data-id=\"content-viewer\">\n<div class=\"_1XUQV\">\n<div class=\"u6X-w\">\n<div data-breakout=\"normal\">\n<p id=\"viewer-5eci3161\" class=\"bghoi j9i2h wKLZa V6Y3R\" dir=\"auto\"><span class=\"VRSy8\"><strong>&#8220;Silverlines&#8221; <\/strong>ser\u00e1 lan\u00e7ada no dia 27 de setembro.<\/span><\/p>\n<\/div>\n<div data-hook=\"rcv-block12\"><\/div>\n<div data-breakout=\"normal\">\n<div id=\"viewer-o7lxs208\" class=\"bghoi j9i2h wKLZa V6Y3R\" dir=\"auto\"><span class=\"VRSy8\">\u00a0<\/span><\/div>\n<\/div>\n<div data-hook=\"rcv-block13\"><\/div>\n<div data-breakout=\"normal\">\n<p id=\"viewer-qfbl8173\" class=\"bghoi j9i2h wKLZa V6Y3R\" dir=\"auto\"><span class=\"VRSy8\"><strong>Siga Damiano David<\/strong><\/span><\/p>\n<\/div>\n<div data-breakout=\"normal\">\n<p id=\"viewer-l5leh513\" class=\"bghoi j9i2h wKLZa V6Y3R\" dir=\"auto\"><span class=\"VRSy8\"><a class=\"jSQiY jSzd-\" href=\"https:\/\/www.instagram.com\/damianodavid\/?hl=en\" target=\"_blank\" rel=\"noopener noreferrer\" data-hook=\"WebLink\"><u>Instagram<\/u><\/a> | <a class=\"jSQiY jSzd-\" href=\"https:\/\/x.com\/daviddamiano99?ref_src=twsrc%5Egoogle%7Ctwcamp%5Eserp%7Ctwgr%5Eauthor\" target=\"_blank\" rel=\"noopener noreferrer\" data-hook=\"WebLink\"><u>Twitter<\/u><\/a> | <a class=\"jSQiY jSzd-\" href=\"https:\/\/www.tiktok.com\/%40damianodavid?lang=en\" target=\"_blank\" rel=\"noopener noreferrer\" data-hook=\"WebLink\"><u>TikTok<\/u><\/a><\/span><\/p>\n<\/div>\n<div data-hook=\"rcv-block15\"><\/div>\n<div data-breakout=\"normal\">\n<div id=\"viewer-nk2f8540\" class=\"bghoi j9i2h wKLZa V6Y3R\" dir=\"auto\"><span class=\"VRSy8\">\u00a0<\/span><\/div>\n<\/div>\n<div data-hook=\"rcv-block16\"><\/div>\n<div data-breakout=\"normal\">\n<p id=\"viewer-t247l562\" class=\"bghoi j9i2h wKLZa V6Y3R\" dir=\"auto\"><span class=\"VRSy8\"><strong>Fonte:<\/strong> Sony Music<\/span><\/p>\n<\/div>\n<div data-hook=\"rcv-block17\"><\/div>\n<\/div>\n<div data-hook=\"rcv-block-last\"><\/div>\n<\/div>\n<\/div>\n<\/div>\n<\/div>\n<\/div>\n<\/div>\n<\/article>\n<\/div>\n<div class=\"BL3dva\"><\/div>\n","protected":false},"excerpt":{"rendered":"<p>Produzido por Labrinth, m\u00fasica estar\u00e1 dispon\u00edvel em 27 de setembro Damiano David anunciou seu t\u00e3o aguardado projeto solo com o lan\u00e7amento da nova faixa &#8220;Silverlines&#8221;, que estar\u00e1 dispon\u00edvel globalmente no dia 27 de setembro. &#8220;Silverlines&#8221; \u00e9 uma colabora\u00e7\u00e3o com o cantor, compositor e produtor ingl\u00eas Labrinth, que ficou respons\u00e1vel pela produ\u00e7\u00e3o do single. \u00a0 Damiano [&hellip;]<\/p>\n","protected":false},"author":12,"featured_media":25019,"comment_status":"closed","ping_status":"open","sticky":false,"template":"","format":"standard","meta":{"footnotes":""},"categories":[4],"tags":[],"class_list":["post-25018","post","type-post","status-publish","format-standard","has-post-thumbnail","hentry","category-noticias"],"_links":{"self":[{"href":"http:\/\/heavymetalonline.com.br\/index.php?rest_route=\/wp\/v2\/posts\/25018","targetHints":{"allow":["GET"]}}],"collection":[{"href":"http:\/\/heavymetalonline.com.br\/index.php?rest_route=\/wp\/v2\/posts"}],"about":[{"href":"http:\/\/heavymetalonline.com.br\/index.php?rest_route=\/wp\/v2\/types\/post"}],"author":[{"embeddable":true,"href":"http:\/\/heavymetalonline.com.br\/index.php?rest_route=\/wp\/v2\/users\/12"}],"replies":[{"embeddable":true,"href":"http:\/\/heavymetalonline.com.br\/index.php?rest_route=%2Fwp%2Fv2%2Fcomments&post=25018"}],"version-history":[{"count":1,"href":"http:\/\/heavymetalonline.com.br\/index.php?rest_route=\/wp\/v2\/posts\/25018\/revisions"}],"predecessor-version":[{"id":25020,"href":"http:\/\/heavymetalonline.com.br\/index.php?rest_route=\/wp\/v2\/posts\/25018\/revisions\/25020"}],"wp:featuredmedia":[{"embeddable":true,"href":"http:\/\/heavymetalonline.com.br\/index.php?rest_route=\/wp\/v2\/media\/25019"}],"wp:attachment":[{"href":"http:\/\/heavymetalonline.com.br\/index.php?rest_route=%2Fwp%2Fv2%2Fmedia&parent=25018"}],"wp:term":[{"taxonomy":"category","embeddable":true,"href":"http:\/\/heavymetalonline.com.br\/index.php?rest_route=%2Fwp%2Fv2%2Fcategories&post=25018"},{"taxonomy":"post_tag","embeddable":true,"href":"http:\/\/heavymetalonline.com.br\/index.php?rest_route=%2Fwp%2Fv2%2Ftags&post=25018"}],"curies":[{"name":"wp","href":"https:\/\/api.w.org\/{rel}","templated":true}]}}