{"id":25634,"date":"2024-10-17T15:46:55","date_gmt":"2024-10-17T15:46:55","guid":{"rendered":"http:\/\/heavymetalonline.com.br\/?p=25634"},"modified":"2024-10-17T15:46:55","modified_gmt":"2024-10-17T15:46:55","slug":"julico-the-baggios-tera-participacao-de-marcos-valle-em-show-especial-no-rj","status":"publish","type":"post","link":"http:\/\/heavymetalonline.com.br\/?p=25634","title":{"rendered":"Julico (The Baggios) ter\u00e1 participa\u00e7\u00e3o de Marcos Valle em show especial no RJ"},"content":{"rendered":"<div data-breakout=\"normal\">\n<p id=\"viewer-hk8nt16047\" class=\"_1LjrE w3vlT nbFRJ hDW84\" dir=\"auto\"><span class=\"XYDbY\">Paralelo ao<strong> The Baggios,<\/strong> banda sergipana com duas indica\u00e7\u00f5es ao Grammy, turn\u00eas internacionais e nome recorrente no circuito da m\u00fasica brasileira, o vocalista, guitarrista e compositor <strong>Julio Andrade<\/strong>, o <strong>Julico<\/strong>, est\u00e1 diante de mais uma conquista: o primeiro show da sua tamb\u00e9m elogiada carreira solo fora da terra natal, que acontece dia 27 de outubro, \u00e0s 19h, no <strong>Sesc Tijuca (Rio de Janeiro)<\/strong>. A entrada \u00e9 gratuita.<\/span><\/p>\n<\/div>\n<div data-hook=\"rcv-block4\"><\/div>\n<div data-breakout=\"normal\">\n<div id=\"viewer-635tk13164\" class=\"_1LjrE w3vlT nbFRJ hDW84\" dir=\"auto\"><span class=\"XYDbY\">\u00a0<\/span><\/div>\n<\/div>\n<div data-hook=\"rcv-block5\"><\/div>\n<div data-breakout=\"normal\">\n<p id=\"viewer-dfn3h12882\" class=\"_1LjrE w3vlT z18dE hDW84\" dir=\"auto\"><span class=\"XYDbY z18dE\">Os ingressos estar\u00e3o dispon\u00edveis durante o hor\u00e1rio de funcionamento da unidade Sesc Tijuca. O limite \u00e9 de dois ingressos por CPF.<\/span><\/p>\n<\/div>\n<div data-hook=\"rcv-block6\"><\/div>\n<div data-breakout=\"normal\">\n<div id=\"viewer-hg7be13196\" class=\"_1LjrE w3vlT z18dE hDW84\" dir=\"auto\"><span class=\"XYDbY z18dE\">\u00a0<\/span><\/div>\n<\/div>\n<div data-hook=\"rcv-block7\"><\/div>\n<div data-breakout=\"normal\">\n<p id=\"viewer-9m6iv12884\" class=\"_1LjrE w3vlT z18dE hDW84\" dir=\"auto\"><span class=\"XYDbY z18dE\">O show acontece dentro do projeto Nova M\u00fasica Convida, do Sesc Rio de Janeiro. Em palco, Julico ter\u00e1 a participa\u00e7\u00e3o luxuosa do grande compositor, instrumentista e arranjador brasileiro <strong>Marcos Valle<\/strong>, que participar\u00e1 em cinco m\u00fasicas.<\/span><\/p>\n<\/div>\n<div data-hook=\"rcv-block8\"><\/div>\n<div data-breakout=\"normal\">\n<div id=\"viewer-lyg4d13230\" class=\"_1LjrE w3vlT z18dE hDW84\" dir=\"auto\"><span class=\"XYDbY z18dE\">\u00a0<\/span><\/div>\n<\/div>\n<div data-hook=\"rcv-block9\"><\/div>\n<div data-breakout=\"normal\">\n<p id=\"viewer-02uuj12888\" class=\"_1LjrE w3vlT z18dE hDW84\" dir=\"auto\"><span class=\"XYDbY z18dE\">Neste espet\u00e1culo, Julico e Valle tocar\u00e3o e cantar\u00e3o quatro cl\u00e1ssicos do compositor carioca, como &#8220;\u00c9 Mentira e &#8220;A Para\u00edba n\u00e3o \u00e9 Chicago&#8221; Juntos tamb\u00e9m tocar\u00e3o uma m\u00fasica do Julico.<\/span><\/p>\n<\/div>\n<div data-hook=\"rcv-block10\"><\/div>\n<div data-breakout=\"normal\">\n<p id=\"viewer-67zfh12890\" class=\"_1LjrE w3vlT z18dE hDW84\" dir=\"auto\"><span class=\"XYDbY z18dE\">Julico afirma que tocar no Rio de Janeiro significa realizar um sonho por poder levar sua m\u00fasica ao vivo a outro estados e tamb\u00e9m comenta sobre o encontro de duas gera\u00e7\u00f5es de compositores da m\u00fasica brasileira.<\/span><\/p>\n<\/div>\n<div data-hook=\"rcv-block11\"><\/div>\n<div data-breakout=\"normal\">\n<div id=\"viewer-7tobt13263\" class=\"_1LjrE w3vlT z18dE hDW84\" dir=\"auto\"><span class=\"XYDbY z18dE\">\u00a0<\/span><\/div>\n<\/div>\n<div data-hook=\"rcv-block12\"><\/div>\n<div data-breakout=\"normal\">\n<p id=\"viewer-ye1zs12892\" class=\"_1LjrE w3vlT z18dE hDW84\" dir=\"auto\"><span class=\"XYDbY z18dE\"><em>&#8220;S\u00e3o dois discos solos que vou levar neste show do Rio de Janeiro em um evento que me re\u00fane com Marcos Valle, que tem um peso hist\u00f3rico na m\u00fasica brasileira. Ele vem da bossa nova, passando pelo funk e boogie, que ultrapassa gera\u00e7\u00f5es. Valle me inspirou muito nessa fase solo. Ser\u00e1 uma emo\u00e7\u00e3o tocar suas m\u00fasicas e fazer arranjos para essas musicas \u00e9 uma grande responsabilidade. \u00c9 estimulante, mais uma inje\u00e7\u00e3o de \u00e2nimo neste mecanismo da m\u00fasica&#8221;<\/em>, comenta Julico.<\/span><\/p>\n<\/div>\n<div data-hook=\"rcv-block13\"><\/div>\n<div data-breakout=\"normal\">\n<div id=\"viewer-r037613295\" class=\"_1LjrE w3vlT z18dE hDW84\" dir=\"auto\"><span class=\"XYDbY z18dE\">\u00a0<\/span><\/div>\n<\/div>\n<div data-hook=\"rcv-block14\"><\/div>\n<div data-breakout=\"normal\">\n<p id=\"viewer-xe9c012894\" class=\"_1LjrE w3vlT z18dE hDW84\" dir=\"auto\"><span class=\"XYDbY z18dE\">O disco solo mais recente de Julico \u00e9 <em>Onirikum<\/em>, nas plataformas de streaming por meio do selo Toca Discos, criado e administrado pelos renomados produtores Felipe Rodarte e Constan\u00e7a Scofield, do renomado est\u00fadio carioca Toca do Bandido. <\/span><\/p>\n<\/div>\n<div data-hook=\"rcv-block15\"><\/div>\n<div data-breakout=\"normal\">\n<div id=\"viewer-7thzm13329\" class=\"_1LjrE w3vlT z18dE hDW84\" dir=\"auto\"><span class=\"XYDbY z18dE\">\u00a0<\/span><\/div>\n<\/div>\n<div data-hook=\"rcv-block16\"><\/div>\n<div data-breakout=\"normal\">\n<p id=\"viewer-j8gdy13361\" class=\"_1LjrE w3vlT z18dE hDW84\" dir=\"auto\"><span class=\"XYDbY z18dE\">Ou\u00e7a: <a class=\"K8grn VzvvI\" href=\"https:\/\/links.altafonte.com\/Julico_OnirikumAlbum\" target=\"_blank\" rel=\"noopener noreferrer\" data-hook=\"WebLink\"><u>https:\/\/links.altafonte.com\/Julico_OnirikumAlbum<\/u><\/a><\/span><\/p>\n<\/div>\n<div data-hook=\"rcv-block17\"><\/div>\n<div data-breakout=\"normal\">\n<div id=\"viewer-99row13395\" class=\"_1LjrE w3vlT z18dE hDW84\" dir=\"auto\"><span class=\"XYDbY z18dE\">\u00a0<\/span><\/div>\n<\/div>\n<div data-hook=\"rcv-block18\"><\/div>\n<div data-breakout=\"normal\">\n<p id=\"viewer-37wmo12899\" class=\"_1LjrE w3vlT z18dE hDW84\" dir=\"auto\"><span class=\"XYDbY z18dE\">O disco tamb\u00e9m foi lan\u00e7ado no formato vinil, \u00e0 venda na Limaia Discos, loja online do pr\u00f3prio Julico: <a class=\"K8grn VzvvI\" href=\"https:\/\/www.limaiadiscos.com.br\/\" target=\"_blank\" rel=\"noopener noreferrer\" data-hook=\"WebLink\"><u>https:\/\/www.limaiadiscos.com.br<\/u><\/a>.<\/span><\/p>\n<\/div>\n<div data-hook=\"rcv-block19\"><\/div>\n<div data-breakout=\"normal\">\n<div id=\"viewer-ktdqw13118\" class=\"_1LjrE w3vlT z18dE hDW84\" dir=\"auto\"><span class=\"XYDbY z18dE\">\u00a0<\/span><\/div>\n<\/div>\n<div data-hook=\"rcv-block20\"><\/div>\n<div data-breakout=\"normal\">\n<p id=\"viewer-2qzp312903\" class=\"_1LjrE w3vlT z18dE hDW84\" dir=\"auto\"><span class=\"XYDbY z18dE\">A palavra que d\u00e1 t\u00edtulo do \u00e1lbum \u00e9 um neologismo, isto \u00e9, uma inven\u00e7\u00e3o de Julico para apontar algumas diretrizes das 13 faixas deste lan\u00e7amento. Deriva da palavra on\u00edrico(a), como ele explica:<\/span><\/p>\n<\/div>\n<div data-hook=\"rcv-block21\"><\/div>\n<div data-breakout=\"normal\">\n<p id=\"viewer-u82sz12905\" class=\"_1LjrE w3vlT z18dE hDW84\" dir=\"auto\"><span class=\"XYDbY z18dE\"><em>&#8220;Representa para mim um estado de esp\u00edrito onde acesso aos devaneios e sentimentos mais profundos. Os sonhos s\u00e3o como janelas que nosso subconsciente acessa e revela mensagens, imagens, ideias, sons e os mais variados desejos e sensa\u00e7\u00f5es. Nesse universo me inspirei para compor esse \u00e1lbum, mergulhando nas minhas mem\u00f3rias l\u00edmpidas e turvas traduzindo atrav\u00e9s do som e da escrita meus sentimentos sobre temas que me angustiam, me deixa feliz, me alivia ou simplesmente me move&#8221;<\/em>.<\/span><\/p>\n<\/div>\n<div data-hook=\"rcv-block22\"><\/div>\n<div data-breakout=\"normal\">\n<div id=\"viewer-gswuy13090\" class=\"_1LjrE w3vlT z18dE hDW84\" dir=\"auto\"><span class=\"XYDbY z18dE\">\u00a0<\/span><\/div>\n<\/div>\n<div data-hook=\"rcv-block23\"><\/div>\n<div data-breakout=\"normal\">\n<p id=\"viewer-1cmz112907\" class=\"_1LjrE w3vlT z18dE hDW84\" dir=\"auto\"><span class=\"XYDbY z18dE\">Para esta nova viagem, Julico tamb\u00e9m mergulhou ainda mais na m\u00fasica brasileira, principalmente na soul music. Mas tem tamb\u00e9m muito de samba rock, samba jazz, m\u00fasica nordestina, MPB, assim como pitadas do blues rock, apesar de mais sutis.<\/span><\/p>\n<\/div>\n<div data-hook=\"rcv-block24\"><\/div>\n<div data-breakout=\"normal\">\n<div id=\"viewer-649li16324\" class=\"_1LjrE w3vlT z18dE hDW84\" dir=\"auto\"><span class=\"XYDbY z18dE\">\u00a0<\/span><\/div>\n<\/div>\n<div data-hook=\"rcv-block25\"><\/div>\n<div data-breakout=\"normal\">\n<p id=\"viewer-qd8wn12909\" class=\"_1LjrE w3vlT z18dE hDW84\" dir=\"auto\"><span class=\"XYDbY z18dE\">Onirikum \u00e9 o sucessor do elogiado Ik\u00ea Mar\u00e9, de 2020, que figurou em diversas listas de melhores do ano.<\/span><\/p>\n<p dir=\"auto\"><img loading=\"lazy\" decoding=\"async\" class=\"alignnone size-full wp-image-25635\" src=\"http:\/\/heavymetalonline.com.br\/wp-content\/uploads\/2024\/10\/Julico-flyer-RJ.jpg\" alt=\"\" width=\"1080\" height=\"1080\" srcset=\"http:\/\/heavymetalonline.com.br\/wp-content\/uploads\/2024\/10\/Julico-flyer-RJ.jpg 1080w, http:\/\/heavymetalonline.com.br\/wp-content\/uploads\/2024\/10\/Julico-flyer-RJ-500x500.jpg 500w, http:\/\/heavymetalonline.com.br\/wp-content\/uploads\/2024\/10\/Julico-flyer-RJ-300x300.jpg 300w, http:\/\/heavymetalonline.com.br\/wp-content\/uploads\/2024\/10\/Julico-flyer-RJ-768x768.jpg 768w, http:\/\/heavymetalonline.com.br\/wp-content\/uploads\/2024\/10\/Julico-flyer-RJ-1024x1024.jpg 1024w, http:\/\/heavymetalonline.com.br\/wp-content\/uploads\/2024\/10\/Julico-flyer-RJ-250x250.jpg 250w, http:\/\/heavymetalonline.com.br\/wp-content\/uploads\/2024\/10\/Julico-flyer-RJ-45x45.jpg 45w\" sizes=\"auto, (max-width: 1080px) 100vw, 1080px\" \/><\/p>\n<div class=\"nLG8d5\" data-hook=\"post-description\">\n<article class=\"blog-post-page-font\">\n<div class=\"post-content__body stSKMK\">\n<div class=\"moHCnT\">\n<div class=\"moHCnT\">\n<div class=\"fTEXDR\" data-rce-version=\"10.100.0\">\n<div class=\"oqY-Y\" dir=\"ltr\" data-id=\"content-viewer\">\n<div class=\"_4WoJ9\">\n<div class=\"Zczyg\">\n<div data-breakout=\"normal\">\n<p id=\"viewer-2q6b316588\" class=\"_1LjrE w3vlT z18dE hDW84\" dir=\"auto\"><span class=\"XYDbY z18dE\">O Sesc Tijuca fica na rua Bar\u00e3o de Mesquita, 539, na Tijuca, Rio de Janeiro &#8211; RJ.<\/span><\/p>\n<\/div>\n<div data-hook=\"rcv-block30\"><\/div>\n<div data-breakout=\"normal\">\n<div id=\"viewer-fc8yh13033\" class=\"_1LjrE w3vlT z18dE hDW84\" dir=\"auto\"><span class=\"XYDbY z18dE\">\u00a0<\/span><\/div>\n<\/div>\n<div data-hook=\"rcv-block31\"><\/div>\n<div data-breakout=\"normal\">\n<p id=\"viewer-71mfm12913\" class=\"_1LjrE w3vlT SbDJK hDW84\" dir=\"auto\"><span class=\"XYDbY\"><strong>Sobre Julico<\/strong><\/span><\/p>\n<\/div>\n<div data-breakout=\"normal\">\n<p id=\"viewer-ydlfa12915\" class=\"_1LjrE w3vlT z18dE hDW84\" dir=\"auto\"><span class=\"XYDbY z18dE\">Nascido e criado na hist\u00f3rica cidade de S\u00e3o Crist\u00f3v\u00e3o &#8211; Sergipe, Julico \u00e9 um compositor, produtor musical, designer gr\u00e1fico e multi-instrumentista autodidata. De maneira \u00edmpar, suas m\u00fasicas mesclam a pluralidade da m\u00fasica brasileira a ritmos como blues, funk, soul, e rock, carregando no sotaque refer\u00eancias contempor\u00e2neas e de ritmos folcl\u00f3ricos sergipanos.<\/span><\/p>\n<\/div>\n<div data-hook=\"rcv-block33\"><\/div>\n<div data-breakout=\"normal\">\n<p id=\"viewer-bjnsl12917\" class=\"_1LjrE w3vlT z18dE hDW84\" dir=\"auto\"><span class=\"XYDbY z18dE\">Fundador da banda The Baggios, e prestes a lan\u00e7ar seu segundo \u00e1lbum solo Onirikum, j\u00e1 foi indicado diversas vezes ao Pr\u00eamio APCA, Pr\u00eamio Bravo e duas vezes ao Grammy Latino consecutivas, al\u00e9m de estar presente em dezenas de listas de melhores lan\u00e7amentos do ano.<\/span><\/p>\n<\/div>\n<div data-hook=\"rcv-block34\"><\/div>\n<div data-breakout=\"normal\">\n<p id=\"viewer-am5gz13688\" class=\"_1LjrE w3vlT z18dE hDW84\" dir=\"auto\"><span class=\"XYDbY z18dE\"> <strong>Julico nas redes<\/strong><\/span><\/p>\n<\/div>\n<div data-breakout=\"normal\">\n<p id=\"viewer-llb2a13756\" class=\"_1LjrE w3vlT z18dE hDW84\" dir=\"auto\"><span class=\"XYDbY z18dE\"><a class=\"K8grn VzvvI\" href=\"http:\/\/www.instagram.com\/julicovisk\" target=\"_blank\" rel=\"noopener noreferrer\" data-hook=\"WebLink\"><u>www.instagram.com\/julicovisk<\/u><\/a><\/span><\/p>\n<\/div>\n<div data-breakout=\"normal\">\n<p id=\"viewer-7oc7v13758\" class=\"_1LjrE w3vlT z18dE hDW84\" dir=\"auto\"><span class=\"XYDbY z18dE\"><a class=\"K8grn VzvvI\" href=\"https:\/\/linktr.ee\/julico\" target=\"_blank\" rel=\"noopener\" data-hook=\"WebLink\"><u>https:\/\/linktr.ee\/julico<\/u><\/a><\/span><\/p>\n<\/div>\n<div data-hook=\"rcv-block37\"><\/div>\n<div data-breakout=\"normal\">\n<div id=\"viewer-jueve14363\" class=\"_1LjrE w3vlT z18dE hDW84\" dir=\"auto\"><span class=\"XYDbY z18dE\">\u00a0<\/span><\/div>\n<\/div>\n<div data-hook=\"rcv-block38\"><\/div>\n<div data-breakout=\"normal\">\n<p id=\"viewer-58d2h14400\" class=\"_1LjrE w3vlT z18dE hDW84\" dir=\"auto\"><span class=\"XYDbY z18dE\"><strong>Fonte:<\/strong> Tedesco Comunica\u00e7\u00e3o &amp; M\u00eddia<\/span><\/p>\n<\/div>\n<div data-hook=\"rcv-block39\"><\/div>\n<\/div>\n<div data-hook=\"rcv-block-last\"><\/div>\n<\/div>\n<\/div>\n<\/div>\n<\/div>\n<\/div>\n<\/div>\n<\/article>\n<\/div>\n<div class=\"BL3dva\"><\/div>\n<\/div>\n<div data-hook=\"rcv-block26\"><\/div>\n<div data-breakout=\"normal\"><\/div>\n","protected":false},"excerpt":{"rendered":"<p>Paralelo ao The Baggios, banda sergipana com duas indica\u00e7\u00f5es ao Grammy, turn\u00eas internacionais e nome recorrente no circuito da m\u00fasica brasileira, o vocalista, guitarrista e compositor Julio Andrade, o Julico, est\u00e1 diante de mais uma conquista: o primeiro show da sua tamb\u00e9m elogiada carreira solo fora da terra natal, que acontece dia 27 de outubro, [&hellip;]<\/p>\n","protected":false},"author":12,"featured_media":25636,"comment_status":"closed","ping_status":"open","sticky":false,"template":"","format":"standard","meta":{"footnotes":""},"categories":[4],"tags":[],"class_list":["post-25634","post","type-post","status-publish","format-standard","has-post-thumbnail","hentry","category-noticias"],"_links":{"self":[{"href":"http:\/\/heavymetalonline.com.br\/index.php?rest_route=\/wp\/v2\/posts\/25634","targetHints":{"allow":["GET"]}}],"collection":[{"href":"http:\/\/heavymetalonline.com.br\/index.php?rest_route=\/wp\/v2\/posts"}],"about":[{"href":"http:\/\/heavymetalonline.com.br\/index.php?rest_route=\/wp\/v2\/types\/post"}],"author":[{"embeddable":true,"href":"http:\/\/heavymetalonline.com.br\/index.php?rest_route=\/wp\/v2\/users\/12"}],"replies":[{"embeddable":true,"href":"http:\/\/heavymetalonline.com.br\/index.php?rest_route=%2Fwp%2Fv2%2Fcomments&post=25634"}],"version-history":[{"count":1,"href":"http:\/\/heavymetalonline.com.br\/index.php?rest_route=\/wp\/v2\/posts\/25634\/revisions"}],"predecessor-version":[{"id":25637,"href":"http:\/\/heavymetalonline.com.br\/index.php?rest_route=\/wp\/v2\/posts\/25634\/revisions\/25637"}],"wp:featuredmedia":[{"embeddable":true,"href":"http:\/\/heavymetalonline.com.br\/index.php?rest_route=\/wp\/v2\/media\/25636"}],"wp:attachment":[{"href":"http:\/\/heavymetalonline.com.br\/index.php?rest_route=%2Fwp%2Fv2%2Fmedia&parent=25634"}],"wp:term":[{"taxonomy":"category","embeddable":true,"href":"http:\/\/heavymetalonline.com.br\/index.php?rest_route=%2Fwp%2Fv2%2Fcategories&post=25634"},{"taxonomy":"post_tag","embeddable":true,"href":"http:\/\/heavymetalonline.com.br\/index.php?rest_route=%2Fwp%2Fv2%2Ftags&post=25634"}],"curies":[{"name":"wp","href":"https:\/\/api.w.org\/{rel}","templated":true}]}}