{"id":25726,"date":"2024-10-23T20:28:51","date_gmt":"2024-10-23T20:28:51","guid":{"rendered":"http:\/\/heavymetalonline.com.br\/?p=25726"},"modified":"2024-10-23T20:28:51","modified_gmt":"2024-10-23T20:28:51","slug":"pense-lanca-tudo-que-temos-de-lembrar-primeiro-album-da-banda-em-seis-anos","status":"publish","type":"post","link":"http:\/\/heavymetalonline.com.br\/?p=25726","title":{"rendered":"PENSE lan\u00e7a \u201cTudo Que Temos de Lembrar\u201d, primeiro \u00e1lbum da banda em seis anos"},"content":{"rendered":"<div style=\"text-align: right;\" data-breakout=\"normal\">\n<p dir=\"auto\" style=\"text-align: center;\"><em>Novo trabalho, que explora temas como fam\u00edlia, amor e quest\u00f5es sociopol\u00edticas, chega \u00e0s plataformas digitais hoje, 23 de outubro<\/em><\/p>\n<pre id=\"viewer-9jtii4859\" class=\"Rreaj _4EUF1 mQspv\" dir=\"auto\"><span class=\"\">Cr\u00e9dito: Larissa Queiroz<\/span><\/pre>\n<p id=\"viewer-oxkbu4711\" class=\"qWK-6 Twp3y WmV-K Lbx1y\" dir=\"auto\" style=\"text-align: left;\"><span class=\"AT4Tn\">A banda<strong> PENSE<\/strong> &#8211; refer\u00eancia no cen\u00e1rio do hardcore nacional e formada por <strong>\u00cdtalo Nonato<\/strong> e<strong> Alexandre Magno <\/strong>(<em>que assumem a produ\u00e7\u00e3o do novo disco<\/em>), <strong>Daniel Avelar<\/strong>, <strong>Jud\u00e1 Ramos <\/strong>e<strong> Rapha &#8211; <\/strong>lan\u00e7a o novo \u00e1lbum \u201c<em>Tudo Que Temos de Lembrar<\/em>\u201d hoje, 23 de outubro. O disco \u00e9 o primeiro projeto in\u00e9dito da <strong>PENSE<\/strong> em seis anos e o primeiro desta nova forma\u00e7\u00e3<strong>o<\/strong>. A produ\u00e7\u00e3o ainda conta com a edi\u00e7\u00e3o de<strong> Marco T\u00falio Nonato. <\/strong>O renomado <strong>Gabriel Zander<\/strong>, respons\u00e1vel por trabalhos para <strong>BAD LUV, Sugar Kane, Radical Karma<\/strong>, entre outros, ficou a cargo da mixagem e masteriza\u00e7\u00e3o.\u00a0<\/span><\/p>\n<\/div>\n<div data-hook=\"rcv-block5\"><\/div>\n<div data-breakout=\"normal\">\n<div id=\"viewer-klntl935\" class=\"qWK-6 Twp3y WmV-K Lbx1y\" dir=\"auto\"><span class=\"AT4Tn\">\u00a0<\/span><\/div>\n<\/div>\n<div data-hook=\"rcv-block6\"><\/div>\n<div data-breakout=\"normal\">\n<p id=\"viewer-fgk8z213\" class=\"qWK-6 Twp3y Pohl9 Lbx1y\" dir=\"auto\"><span class=\"AT4Tn Pohl9\">Para <strong>\u00cdtalo<\/strong>, o trabalho ao longo de 11 faixas reflete o momento atual da banda e quest\u00f5es pessoais que os integrantes consideraram importantes para compartilhar com o p\u00fablico:<\/span><\/p>\n<\/div>\n<div data-hook=\"rcv-block7\"><\/div>\n<div data-breakout=\"normal\">\n<p id=\"viewer-9767y217\" class=\"qWK-6 Twp3y Pohl9 Lbx1y\" dir=\"auto\"><span class=\"AT4Tn Pohl9\">\u201c<em>Essas m\u00fasicas sintetizam o momento que estamos vivendo, com v\u00e1rias coisas que a gente achou importante registrar e quis transmitir tamb\u00e9m. <\/em><em>Este disco sintetiza a fagulha da igni\u00e7\u00e3o e inicia o processo de acender uma chama de novo no meio da escurid\u00e3o. Ela \u00e9 uma reflex\u00e3o sobre tudo o que a gente j\u00e1 passou at\u00e9 aqui e sobre esse renascimento. \u00c9 um novo momento de redescoberta, de reaprender a andar, e nele a gente tenta amarrar tudo o que a gente precisa lembrar para sair desse t\u00fanel, desse lado escuro<\/em>.\u201d<\/span><\/p>\n<\/div>\n<div data-hook=\"rcv-block8\"><\/div>\n<div data-breakout=\"normal\">\n<div id=\"viewer-6kp5d1029\" class=\"qWK-6 Twp3y Pohl9 Lbx1y\" dir=\"auto\"><span class=\"AT4Tn Pohl9\">\u00a0<\/span><\/div>\n<\/div>\n<div data-hook=\"rcv-block9\"><\/div>\n<div data-breakout=\"normal\">\n<p id=\"viewer-mud37222\" class=\"qWK-6 Twp3y Pohl9 Lbx1y\" dir=\"auto\"><span class=\"AT4Tn Pohl9\">Cada can\u00e7\u00e3o aborda temas relevantes para a exist\u00eancia humana, como fam\u00edlia, amizade e amor, al\u00e9m de t\u00f3picos mais complexos como sa\u00fade mental e quest\u00f5es sociopol\u00edticas. Para os integrantes da banda, esse disco marca um amadurecimento criativo, onde o processo de produ\u00e7\u00e3o tamb\u00e9m envolveu uma redescoberta pessoal.<\/span><\/p>\n<\/div>\n<div data-hook=\"rcv-block10\"><\/div>\n<div data-breakout=\"normal\">\n<div id=\"viewer-291n8224\" class=\"qWK-6 Twp3y WmV-K Lbx1y\" dir=\"auto\"><span class=\"AT4Tn\">\u00a0<\/span><\/div>\n<\/div>\n<div data-hook=\"rcv-block11\"><\/div>\n<div data-breakout=\"normal\">\n<p id=\"viewer-lxjxa225\" class=\"qWK-6 Twp3y Pohl9 Lbx1y\" dir=\"auto\"><span class=\"AT4Tn Pohl9\"><strong>Obra visual<\/strong><\/span><\/p>\n<\/div>\n<div data-hook=\"rcv-block12\"><\/div>\n<div data-breakout=\"normal\">\n<p id=\"viewer-a4uc7227\" class=\"qWK-6 Twp3y Pohl9 Lbx1y\" dir=\"auto\"><span class=\"AT4Tn Pohl9\">Tr\u00eas singles precederam o \u00e1lbum <strong>\u201c<\/strong><strong><em>Tudo Que Temos de Lembrar<\/em><\/strong><strong>\u201d<\/strong>. Em 2022, a faixa \u201cAs Cores S\u00e3o Bem Diferentes\u201d introduziu a nova forma\u00e7\u00e3o. No ano seguinte foi a vez de \u201cSala de Controle\u201d. E a \u00faltima amostra foi \u201cDe Onde Viemos\u201d, em maio deste ano. Assim como essas tr\u00eas m\u00fasicas pr\u00e9vias, a faixa-t\u00edtulo ganhar\u00e1 um videoclipe.\u00a0<\/span><\/p>\n<\/div>\n<div data-hook=\"rcv-block13\"><\/div>\n<div data-breakout=\"normal\">\n<div id=\"viewer-uhk5v776\" class=\"qWK-6 Twp3y Pohl9 Lbx1y\" dir=\"auto\"><span class=\"AT4Tn Pohl9\">\u00a0<\/span><\/div>\n<\/div>\n<div data-hook=\"rcv-block14\"><\/div>\n<div data-breakout=\"normal\">\n<p id=\"viewer-0gdds231\" class=\"qWK-6 Twp3y Pohl9 Lbx1y\" dir=\"auto\"><span class=\"AT4Tn Pohl9\">O clipe da faixa hom\u00f4nima foi gravado no<strong> Tendal da Lapa<\/strong>, em S\u00e3o Paulo. Dirigido por <strong>Felipe Hervoso<\/strong>, a ideia foi conectar visualmente com as fotos promocionais do \u00e1lbum e jogar luz sobre a banda tocando, com foco nas emo\u00e7\u00f5es que a m\u00fasica desperta nos integrantes:<\/span><\/p>\n<\/div>\n<div data-hook=\"rcv-block15\"><\/div>\n<div data-breakout=\"normal\">\n<p id=\"viewer-vuaiw235\" class=\"qWK-6 Twp3y Pohl9 Lbx1y\" dir=\"auto\"><span class=\"AT4Tn Pohl9\">\u201c<em>\u00c9 como se fosse o primeiro sinal de luz no meio da escurid\u00e3o. Aquela m\u00e3o que te puxa antes de cair num precip\u00edcio. Talvez o primeiro degrau de um novo recome\u00e7o, ent\u00e3o essa m\u00fasica sintetiza isso. A situa\u00e7\u00e3o \u00e9 essa, talvez a gente esteja num lugar em que a gente n\u00e3o espera, mas levanta, um dia por vez, um passo por vez. Sobe um degrau de novo e j\u00e1 ser\u00e1 um avan\u00e7o bem grande<\/em>\u201d, enfatiza <strong>\u00cdtalo<\/strong>.<\/span><\/p>\n<\/div>\n<div data-hook=\"rcv-block16\"><\/div>\n<div data-breakout=\"normal\">\n<div id=\"viewer-7jxxq602\" class=\"qWK-6 Twp3y Pohl9 Lbx1y\" dir=\"auto\"><span class=\"AT4Tn Pohl9\">\u00a0<\/span><\/div>\n<\/div>\n<div data-hook=\"rcv-block17\"><\/div>\n<div data-breakout=\"normal\">\n<p id=\"viewer-frmh7241\" class=\"qWK-6 Twp3y Pohl9 Lbx1y\" dir=\"auto\"><span class=\"AT4Tn Pohl9\">Al\u00e9m das letras e melodias poderosas, o \u00e1lbum ainda traz fortes influ\u00eancias de bandas como <strong>Architects, Polaris, The Story So Far, Limp Bizkit<\/strong> e<strong> Neck Deep<\/strong>.\u00a0<\/span><\/p>\n<\/div>\n<p><iframe loading=\"lazy\" style=\"border-radius: 12px;\" src=\"https:\/\/open.spotify.com\/embed\/album\/2ut8tPs4bBPvKKV8QUWi9q?utm_source=generator\" width=\"100%\" height=\"352\" frameborder=\"0\" allowfullscreen=\"allowfullscreen\"><\/iframe><\/p>\n<div data-breakout=\"normal\">\n<p id=\"viewer-x4fqq248\" class=\"qWK-6 Twp3y Pohl9 Lbx1y\" dir=\"auto\"><span class=\"AT4Tn Pohl9\"><strong>Tracklist de \u201c<\/strong><strong><em>Tudo Que Temos de Lembrar<\/em><\/strong><strong>\u201d:<\/strong><\/span><\/p>\n<\/div>\n<div data-breakout=\"normal\">\n<p id=\"viewer-l4j2d252\" class=\"qWK-6 Twp3y Pohl9 Lbx1y\" dir=\"auto\"><span class=\"AT4Tn Pohl9\">1- \u201cO que as palavras dizem\u201d<\/span><\/p>\n<\/div>\n<div data-breakout=\"normal\">\n<p id=\"viewer-0tbph254\" class=\"qWK-6 Twp3y Pohl9 Lbx1y\" dir=\"auto\"><span class=\"AT4Tn Pohl9\">2- \u201cN\u00e3o vou recuar pra ningu\u00e9m \u201c<\/span><\/p>\n<\/div>\n<div data-breakout=\"normal\">\n<p id=\"viewer-dv2am256\" class=\"qWK-6 Twp3y Pohl9 Lbx1y\" dir=\"auto\"><span class=\"AT4Tn Pohl9\">3- \u201cO que nos movimenta\u201d<\/span><\/p>\n<\/div>\n<div data-breakout=\"normal\">\n<p id=\"viewer-oo0ox258\" class=\"qWK-6 Twp3y Pohl9 Lbx1y\" dir=\"auto\"><span class=\"AT4Tn Pohl9\">4- \u201cAmpliar a vis\u00e3o\u201d<\/span><\/p>\n<\/div>\n<div data-breakout=\"normal\">\n<p id=\"viewer-k46mf260\" class=\"qWK-6 Twp3y Pohl9 Lbx1y\" dir=\"auto\"><span class=\"AT4Tn Pohl9\">5- \u201cDias especiais\u201d<\/span><\/p>\n<\/div>\n<div data-breakout=\"normal\">\n<p id=\"viewer-xr8tl262\" class=\"qWK-6 Twp3y Pohl9 Lbx1y\" dir=\"auto\"><span class=\"AT4Tn Pohl9\">6- \u201cDe onde viemos\u201d<\/span><\/p>\n<\/div>\n<div data-breakout=\"normal\">\n<p id=\"viewer-6hx1f264\" class=\"qWK-6 Twp3y Pohl9 Lbx1y\" dir=\"auto\"><span class=\"AT4Tn Pohl9\">7- \u201cTudo que temos de lembrar\u201d<\/span><\/p>\n<\/div>\n<div data-breakout=\"normal\">\n<p id=\"viewer-u70g4266\" class=\"qWK-6 Twp3y Pohl9 Lbx1y\" dir=\"auto\"><span class=\"AT4Tn Pohl9\">8- \u201cSala de controle\u201d<\/span><\/p>\n<\/div>\n<div data-breakout=\"normal\">\n<p id=\"viewer-9gnqw268\" class=\"qWK-6 Twp3y Pohl9 Lbx1y\" dir=\"auto\"><span class=\"AT4Tn Pohl9\">9- \u201cS\u00f3 depende de n\u00f3s\u201d<\/span><\/p>\n<\/div>\n<div data-breakout=\"normal\">\n<p id=\"viewer-a0p1k270\" class=\"qWK-6 Twp3y Pohl9 Lbx1y\" dir=\"auto\"><span class=\"AT4Tn Pohl9\">10- \u201cVer o mundo al\u00e9m das paredes\u201d<\/span><\/p>\n<\/div>\n<div data-breakout=\"normal\">\n<p id=\"viewer-7mh5q272\" class=\"qWK-6 Twp3y Pohl9 Lbx1y\" dir=\"auto\"><span class=\"AT4Tn Pohl9\">11- \u201cAs cores s\u00e3o bem diferentes\u201d<\/span><\/p>\n<\/div>\n<div data-hook=\"rcv-block33\"><\/div>\n<div data-breakout=\"normal\">\n<div id=\"viewer-bjguy274\" class=\"qWK-6 Twp3y WmV-K Lbx1y\" dir=\"auto\"><span class=\"AT4Tn\">\u00a0<\/span><\/div>\n<\/div>\n<div data-hook=\"rcv-block34\"><\/div>\n<div data-breakout=\"normal\">\n<p id=\"viewer-r8zv2275\" class=\"qWK-6 Twp3y Pohl9 Lbx1y\" dir=\"auto\"><span class=\"AT4Tn Pohl9\"><strong>Sobre PENSE<\/strong><\/span><\/p>\n<\/div>\n<div data-breakout=\"normal\">\n<p id=\"viewer-jm4ok277\" class=\"qWK-6 Twp3y Pohl9 Lbx1y\" dir=\"auto\"><span class=\"AT4Tn Pohl9\">A <strong>PENSE <\/strong>foi formada em Belo Horizonte\/MG, em 2007 e \u00e9 conhecida por suas letras intensas e mensagens reflexivas, que abordam temas como luta contra injusti\u00e7as sociais, autoconhecimento, resist\u00eancia e motiva\u00e7\u00e3o pessoal. A banda combina o peso do hardcore com influ\u00eancias de metal, resultando em uma sonoridade agressiva e energ\u00e9tica, que atrai f\u00e3s de diversas vertentes do rock.<\/span><\/p>\n<\/div>\n<div data-hook=\"rcv-block36\"><\/div>\n<div data-breakout=\"normal\">\n<div id=\"viewer-7bhjc370\" class=\"qWK-6 Twp3y Pohl9 Lbx1y\" dir=\"auto\"><span class=\"AT4Tn Pohl9\">\u00a0<\/span><\/div>\n<\/div>\n<div data-hook=\"rcv-block37\"><\/div>\n<div data-breakout=\"normal\">\n<p id=\"viewer-qm1fu281\" class=\"qWK-6 Twp3y Pohl9 Lbx1y\" dir=\"auto\"><span class=\"AT4Tn Pohl9\">O primeiro \u00e1lbum, &#8220;<em>Espelho da Alma<\/em>&#8221; (2011), logo chamou aten\u00e7\u00e3o pela originalidade e pelo teor emocional das letras. Em 2014, o segundo \u00e1lbum, &#8220;<em>Al\u00e9m Daquilo que te Cega<\/em>&#8220;, solidificou a posi\u00e7\u00e3o da <strong>PENSE <\/strong>no cen\u00e1rio nacional, trazendo letras mais diretas sobre temas de empoderamento pessoal e cr\u00edtica social.<\/span><\/p>\n<\/div>\n<div data-hook=\"rcv-block38\"><\/div>\n<div data-breakout=\"normal\">\n<div id=\"viewer-5kndb462\" class=\"qWK-6 Twp3y Pohl9 Lbx1y\" dir=\"auto\"><span class=\"AT4Tn Pohl9\">\u00a0<\/span><\/div>\n<\/div>\n<div data-hook=\"rcv-block39\"><\/div>\n<div data-breakout=\"normal\">\n<p id=\"viewer-0wgp6289\" class=\"qWK-6 Twp3y Pohl9 Lbx1y\" dir=\"auto\"><span class=\"AT4Tn Pohl9\">O terceiro \u00e1lbum, &#8220;<em>Realidade, Vida e F\u00e9<\/em>&#8221; (2018), foi um grande sucesso no meio underground e ampliou ainda mais o p\u00fablico da banda. Com letras que abordam quest\u00f5es pol\u00edticas e existenciais, esse disco mostra uma banda madura e em sintonia com os problemas sociais contempor\u00e2neos.<\/span><\/p>\n<\/div>\n<div data-hook=\"rcv-block40\"><\/div>\n<div data-breakout=\"normal\">\n<div id=\"viewer-y4z4i550\" class=\"qWK-6 Twp3y Pohl9 Lbx1y\" dir=\"auto\"><span class=\"AT4Tn Pohl9\">\u00a0<\/span><\/div>\n<\/div>\n<div data-hook=\"rcv-block41\"><\/div>\n<div data-breakout=\"normal\">\n<p id=\"viewer-w5ier293\" class=\"qWK-6 Twp3y WmV-K Lbx1y\" dir=\"auto\"><span class=\"AT4Tn\">A <strong>PENSE <\/strong>cresceu no cen\u00e1rio atrav\u00e9s de uma base fiel de f\u00e3s e uma postura independente, participando de festivais e tocando em diversas cidades pelo pa\u00eds. Seus shows s\u00e3o conhecidos pela intensidade e pela conex\u00e3o emocional com o p\u00fablico, com a banda incentivando frequentemente a participa\u00e7\u00e3o ativa e cantos coletivos durante as apresenta\u00e7\u00f5es.<\/span><\/p>\n<\/div>\n<div data-hook=\"rcv-block42\"><\/div>\n<div data-breakout=\"normal\">\n<div id=\"viewer-dpuoc2799\" class=\"qWK-6 Twp3y WmV-K Lbx1y\" dir=\"auto\"><span class=\"AT4Tn\">\u00a0<\/span><\/div>\n<\/div>\n<div data-hook=\"rcv-block43\"><\/div>\n<div data-breakout=\"normal\">\n<p id=\"viewer-082t72890\" class=\"qWK-6 Twp3y WmV-K Lbx1y\" dir=\"auto\"><span class=\"AT4Tn\"><strong>Fonte: <\/strong>Musique Press<\/span><\/p>\n<\/div>\n<div data-hook=\"rcv-block44\"><\/div>\n<div data-breakout=\"normal\"><\/div>\n","protected":false},"excerpt":{"rendered":"<p>Novo trabalho, que explora temas como fam\u00edlia, amor e quest\u00f5es sociopol\u00edticas, chega \u00e0s plataformas digitais hoje, 23 de outubro Cr\u00e9dito: Larissa Queiroz A banda PENSE &#8211; refer\u00eancia no cen\u00e1rio do hardcore nacional e formada por \u00cdtalo Nonato e Alexandre Magno (que assumem a produ\u00e7\u00e3o do novo disco), Daniel Avelar, Jud\u00e1 Ramos e Rapha &#8211; lan\u00e7a [&hellip;]<\/p>\n","protected":false},"author":12,"featured_media":25727,"comment_status":"closed","ping_status":"open","sticky":false,"template":"","format":"standard","meta":{"footnotes":""},"categories":[4],"tags":[],"class_list":["post-25726","post","type-post","status-publish","format-standard","has-post-thumbnail","hentry","category-noticias"],"_links":{"self":[{"href":"http:\/\/heavymetalonline.com.br\/index.php?rest_route=\/wp\/v2\/posts\/25726","targetHints":{"allow":["GET"]}}],"collection":[{"href":"http:\/\/heavymetalonline.com.br\/index.php?rest_route=\/wp\/v2\/posts"}],"about":[{"href":"http:\/\/heavymetalonline.com.br\/index.php?rest_route=\/wp\/v2\/types\/post"}],"author":[{"embeddable":true,"href":"http:\/\/heavymetalonline.com.br\/index.php?rest_route=\/wp\/v2\/users\/12"}],"replies":[{"embeddable":true,"href":"http:\/\/heavymetalonline.com.br\/index.php?rest_route=%2Fwp%2Fv2%2Fcomments&post=25726"}],"version-history":[{"count":1,"href":"http:\/\/heavymetalonline.com.br\/index.php?rest_route=\/wp\/v2\/posts\/25726\/revisions"}],"predecessor-version":[{"id":25728,"href":"http:\/\/heavymetalonline.com.br\/index.php?rest_route=\/wp\/v2\/posts\/25726\/revisions\/25728"}],"wp:featuredmedia":[{"embeddable":true,"href":"http:\/\/heavymetalonline.com.br\/index.php?rest_route=\/wp\/v2\/media\/25727"}],"wp:attachment":[{"href":"http:\/\/heavymetalonline.com.br\/index.php?rest_route=%2Fwp%2Fv2%2Fmedia&parent=25726"}],"wp:term":[{"taxonomy":"category","embeddable":true,"href":"http:\/\/heavymetalonline.com.br\/index.php?rest_route=%2Fwp%2Fv2%2Fcategories&post=25726"},{"taxonomy":"post_tag","embeddable":true,"href":"http:\/\/heavymetalonline.com.br\/index.php?rest_route=%2Fwp%2Fv2%2Ftags&post=25726"}],"curies":[{"name":"wp","href":"https:\/\/api.w.org\/{rel}","templated":true}]}}