{"id":25739,"date":"2024-10-24T14:08:47","date_gmt":"2024-10-24T14:08:47","guid":{"rendered":"http:\/\/heavymetalonline.com.br\/?p=25739"},"modified":"2024-10-24T14:08:47","modified_gmt":"2024-10-24T14:08:47","slug":"nasi-lancamento-do-disco-rocksoulblues-no-teatro-sabesp-frei-caneca","status":"publish","type":"post","link":"http:\/\/heavymetalonline.com.br\/?p=25739","title":{"rendered":"NASI, lan\u00e7amento do disco &#8220;RockSoulBlues&#8221;, no Teatro Sabesp Frei Caneca"},"content":{"rendered":"<div data-breakout=\"normal\">\n<div style=\"text-align: right;\" data-breakout=\"normal\">\n<p id=\"viewer-l6lez4431\" class=\"qWK-6 Twp3y -XYEb Lbx1y\" dir=\"auto\" style=\"text-align: center;\"><span class=\"AT4Tn\"><em>O cantor e \u00edcone do rock nacional sobe ao palco no dia\u00a0<\/em><\/span><em>5 de novembro, em S\u00e3o Paulo\u00a0<\/em><\/p>\n<pre id=\"viewer-jshzc3645\" class=\"Rreaj _4EUF1 WmV-K\" dir=\"auto\"><span class=\"\">Cr\u00e9dito: Ana Karina Zaratin<\/span><\/pre>\n<\/div>\n<p id=\"viewer-ishhy3857\" class=\"qWK-6 Twp3y WmV-K Lbx1y\" dir=\"auto\"><span class=\"AT4Tn\"><strong>Nasi<\/strong>, lend\u00e1rio vocalista da banda <strong>IRA<\/strong>! e uma das vozes mais marcantes do rock brasileiro, lan\u00e7a seu novo \u00e1lbum <strong>&#8220;Rocksoulblues&#8221;<\/strong> em um show imperd\u00edvel no Teatro Sabesp Frei Caneca. A apresenta\u00e7\u00e3o acontece no dia 5 de novembro, \u00e0s 21h, em S\u00e3o Paulo, e promete uma noite de grandes sucessos e vers\u00f5es surpreendentes de m\u00fasicas de artistas que sempre influenciaram sua carreira, como Z\u00e9 Rodrix, Tim Maia, Erasmo Carlos, Jerry Lee Lewis e Martinho da Vila.<\/span><\/p>\n<\/div>\n<div data-hook=\"rcv-block6\"><\/div>\n<div data-breakout=\"normal\">\n<p id=\"viewer-1ankm1398\" class=\"qWK-6 Twp3y WmV-K Lbx1y\" dir=\"auto\"><span class=\"AT4Tn\">\u00a0<\/span><\/p>\n<\/div>\n<div data-hook=\"rcv-block7\"><\/div>\n<div data-breakout=\"normal\">\n<p id=\"viewer-5sqts1400\" class=\"qWK-6 Twp3y WmV-K Lbx1y\" dir=\"auto\"><span class=\"AT4Tn\">O novo trabalho, composto por oito faixas, explora a diversidade musical que sempre permeou a trajet\u00f3ria de Nasi. Em &#8220;Rocksoulblues&#8221;, ele revisita cl\u00e1ssicos de diferentes g\u00eaneros, trazendo novas interpreta\u00e7\u00f5es e arranjos que v\u00e3o do rock ao blues, passando pelo soul e pela m\u00fasica brasileira.<\/span><\/p>\n<\/div>\n<div data-hook=\"rcv-block8\"><\/div>\n<div data-breakout=\"normal\">\n<p id=\"viewer-h7nll1402\" class=\"qWK-6 Twp3y WmV-K Lbx1y\" dir=\"auto\"><span class=\"AT4Tn\">\u00a0<\/span><\/p>\n<\/div>\n<div data-hook=\"rcv-block9\"><\/div>\n<div data-breakout=\"normal\">\n<p id=\"viewer-iebal1404\" class=\"qWK-6 Twp3y WmV-K Lbx1y\" dir=\"auto\"><span class=\"AT4Tn\">Entre as can\u00e7\u00f5es est\u00e3o &#8220;Rosa Selvagem&#8221;, um cl\u00e1ssico do MC5, e &#8220;N\u00e3o Te Quero Santa&#8221;, de Erasmo Carlos. Nasi tamb\u00e9m apresenta &#8220;O Caveira&#8221;, de Martinho da Vila, com participa\u00e7\u00e3o especial de Nanda Moura, e &#8220;N\u00e3o V\u00e1 Me Machucar&#8221; (Rolling and Tumblin), com outra participa\u00e7\u00e3o especial.\u00a0\u00a0\u00a0O disco inclui ainda &#8220;Voc\u00ea Quer Apostar?&#8221;, de Tim Maia, &#8220;Devolve Meus LP\u2019s&#8221;, de Z\u00e9 Rodrix, com participa\u00e7\u00e3o de Denilson Martins, &#8220;Blues do Gato Preto&#8221;, de Johnny Boy &amp; Nasi, com a participa\u00e7\u00e3o de Igor Prado, e uma nova vers\u00e3o de &#8220;Dias de Luta&#8221;, de Edgard Scandurra, tamb\u00e9m com Igor Prado.<\/span><\/p>\n<\/div>\n<div data-hook=\"rcv-block10\"><\/div>\n<div data-breakout=\"normal\">\n<p id=\"viewer-ozctt1406\" class=\"qWK-6 Twp3y WmV-K Lbx1y\" dir=\"auto\"><span class=\"AT4Tn\">\u00a0<\/span><\/p>\n<\/div>\n<div data-hook=\"rcv-block11\"><\/div>\n<div data-breakout=\"normal\">\n<p id=\"viewer-by90m1408\" class=\"qWK-6 Twp3y WmV-K Lbx1y\" dir=\"auto\"><span class=\"AT4Tn\">Al\u00e9m das faixas do novo \u00e1lbum, o p\u00fablico poder\u00e1 relembrar cl\u00e1ssicos da carreira solo de Nasi, como &#8220;Feiti\u00e7o&#8221;, &#8220;Perigoso&#8221;, &#8220;Rockixe&#8221; e &#8220;O Rei da Cocada Preta\u201d, IRA! n\u00e3o pode faltar, com\u00a0&#8220;Dias de Luta&#8221;, apresentada em uma poderosa vers\u00e3o blues,\u00a0assim como\u00a0a\u00a0cl\u00e1ssica \u201cHoochie Coochie Man\u201d (Muddy Waters).<\/span><\/p>\n<\/div>\n<div data-hook=\"rcv-block12\"><\/div>\n<div data-breakout=\"normal\">\n<p id=\"viewer-we65o1410\" class=\"qWK-6 Twp3y WmV-K Lbx1y\" dir=\"auto\"><span class=\"AT4Tn\">\u00a0<\/span><\/p>\n<\/div>\n<div data-hook=\"rcv-block13\"><\/div>\n<div data-breakout=\"normal\">\n<p id=\"viewer-bje1w1412\" class=\"qWK-6 Twp3y WmV-K Lbx1y\" dir=\"auto\"><span class=\"AT4Tn\">O show conta com uma banda de m\u00fasicos experientes: Evaristo de P\u00e1dua (bateria), Johnny Boy (baixo), Dig\u00e3o Lancelotti (guitarra) e Andr\u00e9 Youssef (teclados), prometendo uma noite inesquec\u00edvel para os f\u00e3s de rock, blues e boa m\u00fasica.<\/span><\/p>\n<\/div>\n<div data-hook=\"rcv-block14\">\u00a0<img loading=\"lazy\" decoding=\"async\" class=\"alignnone size-full wp-image-25740\" src=\"http:\/\/heavymetalonline.com.br\/wp-content\/uploads\/2024\/10\/Nasi-flyer.png\" alt=\"\" width=\"567\" height=\"567\" srcset=\"http:\/\/heavymetalonline.com.br\/wp-content\/uploads\/2024\/10\/Nasi-flyer.png 567w, http:\/\/heavymetalonline.com.br\/wp-content\/uploads\/2024\/10\/Nasi-flyer-500x500.png 500w, http:\/\/heavymetalonline.com.br\/wp-content\/uploads\/2024\/10\/Nasi-flyer-300x300.png 300w, http:\/\/heavymetalonline.com.br\/wp-content\/uploads\/2024\/10\/Nasi-flyer-250x250.png 250w, http:\/\/heavymetalonline.com.br\/wp-content\/uploads\/2024\/10\/Nasi-flyer-45x45.png 45w\" sizes=\"auto, (max-width: 567px) 100vw, 567px\" \/><\/div>\n<div data-hook=\"rcv-block14\">\n<div class=\"nLG8d5\" data-hook=\"post-description\">\n<article class=\"blog-post-page-font\">\n<div class=\"post-content__body stSKMK\">\n<div class=\"moHCnT\">\n<div class=\"moHCnT\">\n<div class=\"fTEXDR\" data-rce-version=\"10.103.0\">\n<div class=\"Y9hzn\" dir=\"ltr\" data-id=\"content-viewer\">\n<div class=\"qlhuS\">\n<div class=\"B84Eo\">\n<div data-breakout=\"normal\">\n<p id=\"viewer-fb6om1479\" class=\"qWK-6 Twp3y WmV-K Lbx1y\" dir=\"auto\"><span class=\"AT4Tn\"><strong>SERVI\u00c7O<\/strong><\/span><\/p>\n<\/div>\n<div data-breakout=\"normal\">\n<p id=\"viewer-adz421495\" class=\"qWK-6 Twp3y WmV-K Lbx1y\" dir=\"auto\"><span class=\"AT4Tn\"><strong>NASI<\/strong><\/span><\/p>\n<\/div>\n<div data-breakout=\"normal\">\n<p id=\"viewer-nw0my1497\" class=\"qWK-6 Twp3y WmV-K Lbx1y\" dir=\"auto\"><span class=\"AT4Tn\">Minist\u00e9rio da Cultura e Sabesp apresentam: BLUES BOSSA JAM SESSION<\/span><\/p>\n<\/div>\n<div data-breakout=\"normal\">\n<p id=\"viewer-cce8n1499\" class=\"qWK-6 Twp3y WmV-K Lbx1y\" dir=\"auto\"><span class=\"AT4Tn\">PRONAC 234087<\/span><\/p>\n<\/div>\n<div data-breakout=\"normal\">\n<p id=\"viewer-b96r21501\" class=\"qWK-6 Twp3y WmV-K Lbx1y\" dir=\"auto\"><span class=\"AT4Tn\">Lei Federal de Incentivo \u00e0 Cultura<\/span><\/p>\n<\/div>\n<div data-breakout=\"normal\">\n<p id=\"viewer-wzbjq1503\" class=\"qWK-6 Twp3y WmV-K Lbx1y\" dir=\"auto\"><span class=\"AT4Tn\">Realiza\u00e7\u00e3o: Opus Entretenimento e Minist\u00e9rio da Cultura, Governo Federal &#8211; Brasil, Uni\u00e3o e Reconstru\u00e7\u00e3o<\/span><\/p>\n<\/div>\n<div data-hook=\"rcv-block22\"><\/div>\n<div data-breakout=\"normal\">\n<div id=\"viewer-3g2h81525\" class=\"qWK-6 Twp3y WmV-K Lbx1y\" dir=\"auto\"><span class=\"AT4Tn\">\u00a0<\/span><\/div>\n<\/div>\n<div data-hook=\"rcv-block23\"><\/div>\n<div data-breakout=\"normal\">\n<p id=\"viewer-qhwlh1546\" class=\"qWK-6 Twp3y WmV-K Lbx1y\" dir=\"auto\"><span class=\"AT4Tn\"><strong>Teatro Sabesp Frei Caneca<\/strong><\/span><\/p>\n<\/div>\n<div data-breakout=\"normal\">\n<p id=\"viewer-o3jwc1568\" class=\"qWK-6 Twp3y WmV-K Lbx1y\" dir=\"auto\"><span class=\"AT4Tn\">Shopping Frei Caneca &#8211; R. Frei Caneca, 569 &#8211; Consola\u00e7\u00e3o, S\u00e3o Paulo &#8211; SP, 01307-001<\/span><\/p>\n<\/div>\n<div data-breakout=\"normal\">\n<p id=\"viewer-9zz9n1570\" class=\"qWK-6 Twp3y WmV-K Lbx1y\" dir=\"auto\"><span class=\"AT4Tn\"><a class=\"hEuCV uw4qb\" href=\"https:\/\/www.teatrosabespfreicaneca.com\/\" target=\"_blank\" rel=\"noopener\" data-hook=\"WebLink\"><u>https:\/\/www.teatrosabespfreicaneca.com\/<\/u><\/a><\/span><\/p>\n<\/div>\n<div data-hook=\"rcv-block26\"><\/div>\n<div data-breakout=\"normal\">\n<div id=\"viewer-atfjk1779\" class=\"qWK-6 Twp3y WmV-K Lbx1y\" dir=\"auto\"><span class=\"AT4Tn\">\u00a0<\/span><\/div>\n<\/div>\n<div data-hook=\"rcv-block27\"><\/div>\n<div data-breakout=\"normal\">\n<p id=\"viewer-ot3sz1803\" class=\"qWK-6 Twp3y WmV-K Lbx1y\" dir=\"auto\"><span class=\"AT4Tn\"><strong>Dura\u00e7\u00e3o<\/strong>: 90 min.<\/span><\/p>\n<\/div>\n<div data-breakout=\"normal\">\n<p id=\"viewer-30t7s1829\" class=\"qWK-6 Twp3y WmV-K Lbx1y\" dir=\"auto\"><span class=\"AT4Tn\"><strong>Classifica\u00e7\u00e3o<\/strong>: Livre<\/span><\/p>\n<\/div>\n<div data-breakout=\"normal\">\n<p id=\"viewer-0rfjq1832\" class=\"qWK-6 Twp3y WmV-K Lbx1y\" dir=\"auto\"><span class=\"AT4Tn\">Acessibilidade<\/span><\/p>\n<\/div>\n<div data-breakout=\"normal\">\n<p id=\"viewer-c4d821834\" class=\"qWK-6 Twp3y WmV-K Lbx1y\" dir=\"auto\"><span class=\"AT4Tn\">Ar-condicionado<\/span><\/p>\n<\/div>\n<div data-breakout=\"normal\">\n<p id=\"viewer-1cjl11836\" class=\"qWK-6 Twp3y WmV-K Lbx1y\" dir=\"auto\"><span class=\"AT4Tn\">Capacidade: 600 pessoas<\/span><\/p>\n<\/div>\n<div data-hook=\"rcv-block32\"><\/div>\n<div data-breakout=\"normal\">\n<p id=\"viewer-17cnq1838\" class=\"qWK-6 Twp3y WmV-K Lbx1y\" dir=\"auto\"><span class=\"AT4Tn\">\u00a0<\/span><\/p>\n<\/div>\n<div data-hook=\"rcv-block33\"><\/div>\n<div data-breakout=\"normal\">\n<p id=\"viewer-k24881840\" class=\"qWK-6 Twp3y WmV-K Lbx1y\" dir=\"auto\"><span class=\"AT4Tn\"><strong>DATA E HORA<\/strong><\/span><\/p>\n<\/div>\n<div data-breakout=\"normal\">\n<p id=\"viewer-jlkcd1842\" class=\"qWK-6 Twp3y WmV-K Lbx1y\" dir=\"auto\"><span class=\"AT4Tn\">05 de novembro de 2024 &#8211; 21h<\/span><\/p>\n<\/div>\n<div data-hook=\"rcv-block35\"><\/div>\n<div data-breakout=\"normal\">\n<p id=\"viewer-7yh5a1844\" class=\"qWK-6 Twp3y WmV-K Lbx1y\" dir=\"auto\"><span class=\"AT4Tn\">\u00a0<\/span><\/p>\n<\/div>\n<div data-hook=\"rcv-block36\"><\/div>\n<div data-breakout=\"normal\">\n<p id=\"viewer-3gtiu1846\" class=\"qWK-6 Twp3y WmV-K Lbx1y\" dir=\"auto\"><span class=\"AT4Tn\"><strong>INGRESSOS<\/strong><\/span><\/p>\n<\/div>\n<div data-breakout=\"normal\">\n<p id=\"viewer-n3fwr1848\" class=\"qWK-6 Twp3y WmV-K Lbx1y\" dir=\"auto\"><span class=\"AT4Tn\">A partir de R$38<\/span><\/p>\n<\/div>\n<div data-breakout=\"normal\">\n<p id=\"viewer-3kigi1850\" class=\"qWK-6 Twp3y WmV-K Lbx1y\" dir=\"auto\"><span class=\"AT4Tn\"><em>Obs: Confira a legisla\u00e7\u00e3o vigente para meia-entrada.<\/em><\/span><\/p>\n<\/div>\n<div data-hook=\"rcv-block39\"><\/div>\n<div data-breakout=\"normal\">\n<p id=\"viewer-77yg61852\" class=\"qWK-6 Twp3y WmV-K Lbx1y\" dir=\"auto\"><span class=\"AT4Tn\">\u00a0<\/span><\/p>\n<\/div>\n<div data-hook=\"rcv-block40\"><\/div>\n<div data-breakout=\"normal\">\n<p id=\"viewer-ji6wy1854\" class=\"qWK-6 Twp3y WmV-K Lbx1y\" dir=\"auto\"><span class=\"AT4Tn\"><strong>CANAIS DE VENDAS OFICIAIS<\/strong><\/span><\/p>\n<\/div>\n<div data-breakout=\"normal\">\n<p id=\"viewer-l2r7v1856\" class=\"qWK-6 Twp3y WmV-K Lbx1y\" dir=\"auto\"><span class=\"AT4Tn\"><a class=\"hEuCV uw4qb\" href=\"http:\/\/uhuu.com\/\" target=\"_blank\" rel=\"noopener\" data-hook=\"WebLink\">Uhuu.com<\/a> \u2013 com taxa de servi\u00e7o<\/span><\/p>\n<\/div>\n<div data-breakout=\"normal\">\n<p id=\"viewer-gq8321859\" class=\"qWK-6 Twp3y WmV-K Lbx1y\" dir=\"auto\"><span class=\"AT4Tn\"><strong>Bilheteria f\u00edsica<\/strong> \u2013 sem taxa de servi\u00e7o<\/span><\/p>\n<\/div>\n<div data-breakout=\"normal\">\n<p id=\"viewer-9my731862\" class=\"qWK-6 Twp3y WmV-K Lbx1y\" dir=\"auto\"><span class=\"AT4Tn\">\u25cf\u00a0\u00a0\u00a0\u00a0\u00a0Teatro Sabesp Frei Caneca (Shopping Frei Caneca)<\/span><\/p>\n<\/div>\n<div data-breakout=\"normal\">\n<p id=\"viewer-kf2b21864\" class=\"qWK-6 Twp3y WmV-K Lbx1y\" dir=\"auto\"><span class=\"AT4Tn\">De ter\u00e7a a domingo, das 12h \u00e0s 20h (pausa almo\u00e7o: 15h \u00e0s 16h)<\/span><\/p>\n<\/div>\n<div data-hook=\"rcv-block45\"><\/div>\n<div data-breakout=\"normal\">\n<p id=\"viewer-o4hpw1866\" class=\"qWK-6 Twp3y WmV-K Lbx1y\" dir=\"auto\"><span class=\"AT4Tn\"><strong>Formas de pagamento:<\/strong><\/span><\/p>\n<\/div>\n<div data-breakout=\"normal\">\n<p id=\"viewer-viyhr1868\" class=\"qWK-6 Twp3y WmV-K Lbx1y\" dir=\"auto\"><span class=\"AT4Tn\">\u25cf\u00a0\u00a0\u00a0\u00a0\u00a0Bilheteria do teatro: dinheiro, cart\u00e3o de cr\u00e9dito e cart\u00e3o de d\u00e9bito<\/span><\/p>\n<\/div>\n<div data-breakout=\"normal\">\n<p id=\"viewer-zb0bq1870\" class=\"qWK-6 Twp3y WmV-K Lbx1y\" dir=\"auto\"><span class=\"AT4Tn\">\u25cf\u00a0\u00a0\u00a0\u00a0\u00a0Site da<a class=\"hEuCV uw4qb\" href=\"http:\/\/uhuu.com\/\" target=\"_blank\" rel=\"noopener noreferrer\" data-hook=\"WebLink\"><u> Uhuu.com<\/u><\/a> e outros pontos de venda<\/span><\/p>\n<\/div>\n<div data-hook=\"rcv-block48\"><\/div>\n<div data-breakout=\"normal\">\n<div id=\"viewer-k299h1924\" class=\"qWK-6 Twp3y WmV-K Lbx1y\" dir=\"auto\"><span class=\"AT4Tn\">\u00a0<\/span><\/div>\n<\/div>\n<div data-hook=\"rcv-block49\"><\/div>\n<div data-breakout=\"normal\">\n<p id=\"viewer-s8cap1975\" class=\"qWK-6 Twp3y WmV-K Lbx1y\" dir=\"auto\"><span class=\"AT4Tn\"><strong>Fonte:<\/strong> Catto Comunica\u00e7\u00e3o<\/span><\/p>\n<\/div>\n<div data-hook=\"rcv-block50\"><\/div>\n<\/div>\n<div data-hook=\"rcv-block-last\"><\/div>\n<\/div>\n<\/div>\n<\/div>\n<\/div>\n<\/div>\n<\/div>\n<\/article>\n<\/div>\n<div class=\"BL3dva\"><\/div>\n<\/div>\n","protected":false},"excerpt":{"rendered":"<p>O cantor e \u00edcone do rock nacional sobe ao palco no dia\u00a05 de novembro, em S\u00e3o Paulo\u00a0 Cr\u00e9dito: Ana Karina Zaratin Nasi, lend\u00e1rio vocalista da banda IRA! e uma das vozes mais marcantes do rock brasileiro, lan\u00e7a seu novo \u00e1lbum &#8220;Rocksoulblues&#8221; em um show imperd\u00edvel no Teatro Sabesp Frei Caneca. A apresenta\u00e7\u00e3o acontece no dia [&hellip;]<\/p>\n","protected":false},"author":12,"featured_media":25741,"comment_status":"closed","ping_status":"open","sticky":false,"template":"","format":"standard","meta":{"footnotes":""},"categories":[4],"tags":[],"class_list":["post-25739","post","type-post","status-publish","format-standard","has-post-thumbnail","hentry","category-noticias"],"_links":{"self":[{"href":"http:\/\/heavymetalonline.com.br\/index.php?rest_route=\/wp\/v2\/posts\/25739","targetHints":{"allow":["GET"]}}],"collection":[{"href":"http:\/\/heavymetalonline.com.br\/index.php?rest_route=\/wp\/v2\/posts"}],"about":[{"href":"http:\/\/heavymetalonline.com.br\/index.php?rest_route=\/wp\/v2\/types\/post"}],"author":[{"embeddable":true,"href":"http:\/\/heavymetalonline.com.br\/index.php?rest_route=\/wp\/v2\/users\/12"}],"replies":[{"embeddable":true,"href":"http:\/\/heavymetalonline.com.br\/index.php?rest_route=%2Fwp%2Fv2%2Fcomments&post=25739"}],"version-history":[{"count":1,"href":"http:\/\/heavymetalonline.com.br\/index.php?rest_route=\/wp\/v2\/posts\/25739\/revisions"}],"predecessor-version":[{"id":25742,"href":"http:\/\/heavymetalonline.com.br\/index.php?rest_route=\/wp\/v2\/posts\/25739\/revisions\/25742"}],"wp:featuredmedia":[{"embeddable":true,"href":"http:\/\/heavymetalonline.com.br\/index.php?rest_route=\/wp\/v2\/media\/25741"}],"wp:attachment":[{"href":"http:\/\/heavymetalonline.com.br\/index.php?rest_route=%2Fwp%2Fv2%2Fmedia&parent=25739"}],"wp:term":[{"taxonomy":"category","embeddable":true,"href":"http:\/\/heavymetalonline.com.br\/index.php?rest_route=%2Fwp%2Fv2%2Fcategories&post=25739"},{"taxonomy":"post_tag","embeddable":true,"href":"http:\/\/heavymetalonline.com.br\/index.php?rest_route=%2Fwp%2Fv2%2Ftags&post=25739"}],"curies":[{"name":"wp","href":"https:\/\/api.w.org\/{rel}","templated":true}]}}