{"id":25747,"date":"2024-10-24T14:52:10","date_gmt":"2024-10-24T14:52:10","guid":{"rendered":"http:\/\/heavymetalonline.com.br\/?p=25747"},"modified":"2024-10-24T14:52:10","modified_gmt":"2024-10-24T14:52:10","slug":"banda-de-metal-brasileira-flagelador-faz-show-no-sesc-belenzinho","status":"publish","type":"post","link":"http:\/\/heavymetalonline.com.br\/?p=25747","title":{"rendered":"Banda de Metal Brasileira Flagelad\u00f6r faz show no Sesc Belenzinho"},"content":{"rendered":"<div style=\"text-align: right;\" data-breakout=\"normal\">\n<pre id=\"viewer-89mmb14061\" class=\"Rreaj _4EUF1 WmV-K\" dir=\"auto\"><span class=\"\">Flagelad\u00f6r em show do La Iglesia - Cr\u00e9dito da Foto: Nat\u00e1lia Eidt (Metal no Papel)<\/span><\/pre>\n<p id=\"viewer-z3kpw13960\" class=\"qWK-6 Twp3y WmV-K Lbx1y\" dir=\"auto\" style=\"text-align: left;\"><span class=\"AT4Tn\">O <strong>Sesc Belenzinho<\/strong>\u00a0traz a banda de Speed\/ Trash <strong>Flagelad\u00f6r <\/strong>no dia <strong>1\u00ba de novembro<\/strong>, sexta \u00e0s 20h30 na Comedoria, com ingressos de <strong>R$ 18<\/strong>\u00a0(Credencial Sesc) a <strong>R$ 60<\/strong>\u00a0(inteira).\u00a0<\/span><\/p>\n<\/div>\n<div data-hook=\"rcv-block4\"><\/div>\n<div data-breakout=\"normal\">\n<p id=\"viewer-1akhc12162\" class=\"qWK-6 Twp3y Pohl9 Lbx1y\" dir=\"auto\"><span class=\"AT4Tn Pohl9\">A banda de Speed\/ Trash Metal brasileira apresenta show de divulga\u00e7\u00e3o do seu quinto disco de est\u00fadio, <em>Culto aos Decib\u00e9is<\/em>, que contar\u00e1 com o setlist exclusivo, apresentando n\u00e3o apenas m\u00fasicas do disco novo, mas tamb\u00e9m os sucessos da banda.<\/span><\/p>\n<\/div>\n<div data-hook=\"rcv-block5\"><\/div>\n<div data-breakout=\"normal\">\n<div id=\"viewer-gkkod13684\" class=\"qWK-6 Twp3y Pohl9 Lbx1y\" dir=\"auto\"><span class=\"AT4Tn Pohl9\">\u00a0<\/span><\/div>\n<\/div>\n<div data-hook=\"rcv-block6\"><\/div>\n<div data-breakout=\"normal\">\n<p id=\"viewer-oi71u12166\" class=\"qWK-6 Twp3y Pohl9 Lbx1y\" dir=\"auto\"><span class=\"AT4Tn Pohl9\">A banda <strong>Flagelad\u00f6r<\/strong>\u00a0se formou no ano 2000, por Armando Macedo, \u00fanico integrante remanescente desta \u00e9poca, na cidade de Niter\u00f3i\/ RJ, e \u00e9 considerada uma das bandas respons\u00e1veis pelo \u201crevival\u201d do Trash Metal no Brasil, tendo surgido ap\u00f3s um longo per\u00edodo de escassez de bandas do g\u00eanero no pa\u00eds.<\/span><\/p>\n<\/div>\n<div data-hook=\"rcv-block7\"><\/div>\n<div data-breakout=\"normal\">\n<div id=\"viewer-8k1wd13745\" class=\"qWK-6 Twp3y Pohl9 Lbx1y\" dir=\"auto\"><span class=\"AT4Tn Pohl9\">\u00a0<\/span><\/div>\n<\/div>\n<div data-hook=\"rcv-block8\"><\/div>\n<div data-breakout=\"normal\">\n<p id=\"viewer-dc62c12170\" class=\"qWK-6 Twp3y Pohl9 Lbx1y\" dir=\"auto\"><span class=\"AT4Tn Pohl9\">Hoje sua forma\u00e7\u00e3o conta com Armando Macedo, Alan Magno, Vin\u00edcius Talamonte e Junior Bezerra. Com m\u00fasicas marcantes e cantadas na nossa l\u00edngua materna, conquistou rapidamente uma legi\u00e3o de seguidores, tendo lan\u00e7ado j\u00e1 quatro discos oficiais, al\u00e9m de diversos splits e demos pelo mundo afora.<\/span><\/p>\n<\/div>\n<div data-hook=\"rcv-block9\"><\/div>\n<div data-breakout=\"normal\">\n<div id=\"viewer-b9kx613804\" class=\"qWK-6 Twp3y Pohl9 Lbx1y\" dir=\"auto\"><span class=\"AT4Tn Pohl9\">\u00a0<\/span><\/div>\n<\/div>\n<div data-hook=\"rcv-block10\"><\/div>\n<div data-breakout=\"normal\">\n<p id=\"viewer-7k03l12172\" class=\"qWK-6 Twp3y Pohl9 Lbx1y\" dir=\"auto\"><span class=\"AT4Tn Pohl9\">Ao longo dos anos a banda j\u00e1 excursionou por todo o territ\u00f3rio nacional e Europa, nos \u00faltimos anos tem feito shows marcantes com bandas internacionais, como Toxic Holocaust, Evil Invaders, Exciter, Grim Reaper, Mayhem, entre outros nomes importantes da cena.\u00a0<\/span><\/p>\n<\/div>\n<div data-hook=\"rcv-block11\"><\/div>\n<div data-breakout=\"normal\">\n<div id=\"viewer-pey4c13921\" class=\"qWK-6 Twp3y Pohl9 Lbx1y\" dir=\"auto\"><span class=\"AT4Tn Pohl9\">\u00a0<\/span><\/div>\n<\/div>\n<div data-hook=\"rcv-block12\"><\/div>\n<div data-breakout=\"normal\">\n<p id=\"viewer-bhmpj12174\" class=\"qWK-6 Twp3y Pohl9 Lbx1y\" dir=\"auto\"><span class=\"AT4Tn Pohl9\">Em 2022 a banda lan\u00e7ou seu primeiro \u00e1lbum\/ dvd ao vivo, gravado no Sesc em 2020 alguns meses antes da pandemia, lan\u00e7ado pela Dies Irae Records em formato f\u00edsico e digital.\u00a0<\/span><\/p>\n<\/div>\n<div data-hook=\"rcv-block13\"><\/div>\n<div data-breakout=\"normal\">\n<div id=\"viewer-buvzy13864\" class=\"qWK-6 Twp3y Pohl9 Lbx1y\" dir=\"auto\"><span class=\"AT4Tn Pohl9\">\u00a0<\/span><\/div>\n<\/div>\n<div data-hook=\"rcv-block14\"><\/div>\n<div data-breakout=\"normal\">\n<p id=\"viewer-moy0z12176\" class=\"qWK-6 Twp3y Pohl9 Lbx1y\" dir=\"auto\"><span class=\"AT4Tn Pohl9\">Esse ano a banda lan\u00e7ou seu quinto \u00e1lbum de est\u00fadio, chamado <em>Culto aos Decib\u00e9is<\/em>, que teve \u00f3timo feedback dos f\u00e3s e da cr\u00edtica, o \u00e1lbum apresenta uma nova fase da banda com a nova forma\u00e7\u00e3o\/ atual, mas mantendo a proposta de sempre, peso, velocidade e o mais puro Heavy Metal nacional.<\/span><\/p>\n<p dir=\"auto\"><img loading=\"lazy\" decoding=\"async\" class=\"alignnone size-full wp-image-25749\" src=\"http:\/\/heavymetalonline.com.br\/wp-content\/uploads\/2024\/10\/Flagelador-flyer.png\" alt=\"\" width=\"615\" height=\"723\" srcset=\"http:\/\/heavymetalonline.com.br\/wp-content\/uploads\/2024\/10\/Flagelador-flyer.png 615w, http:\/\/heavymetalonline.com.br\/wp-content\/uploads\/2024\/10\/Flagelador-flyer-255x300.png 255w, http:\/\/heavymetalonline.com.br\/wp-content\/uploads\/2024\/10\/Flagelador-flyer-213x250.png 213w\" sizes=\"auto, (max-width: 615px) 100vw, 615px\" \/><\/p>\n<div data-breakout=\"normal\">\n<p id=\"viewer-om5lu12182\" class=\"qWK-6 Twp3y Pohl9 Lbx1y\" dir=\"auto\"><span class=\"AT4Tn Pohl9\"><strong>Servi\u00e7o<\/strong><\/span><\/p>\n<\/div>\n<div data-breakout=\"normal\">\n<p id=\"viewer-dpb3p12186\" class=\"qWK-6 Twp3y Pohl9 Lbx1y\" dir=\"auto\"><span class=\"AT4Tn Pohl9\">Show: <strong>Flagelad\u00f6r<\/strong><\/span><\/p>\n<\/div>\n<div data-breakout=\"normal\">\n<p id=\"viewer-a2qq212189\" class=\"qWK-6 Twp3y Pohl9 Lbx1y\" dir=\"auto\"><span class=\"AT4Tn Pohl9\"><strong>Dia 1\u00ba de novembro. Sexta, \u00e0s 20h30.<\/strong><\/span><\/p>\n<\/div>\n<div data-breakout=\"normal\">\n<p id=\"viewer-uslgk12191\" class=\"qWK-6 Twp3y Pohl9 Lbx1y\" dir=\"auto\"><span class=\"AT4Tn Pohl9\">Valores: R$ 60 (inteira), R$ 30 (meia-entrada), R$ 18 (Credencial Sesc).<\/span><\/p>\n<\/div>\n<div data-breakout=\"normal\">\n<p id=\"viewer-8phc812193\" class=\"qWK-6 Twp3y Pohl9 Lbx1y\" dir=\"auto\"><span class=\"AT4Tn Pohl9\">Ingressos \u00e0 venda no portal<u> <\/u><a class=\"hEuCV uw4qb\" href=\"http:\/\/sescsp.org.br\/\" target=\"_blank\" rel=\"noopener noreferrer\" data-hook=\"WebLink\"><u>sescsp.org.br<\/u><\/a> e nas bilheterias das unidades Sesc.<\/span><\/p>\n<\/div>\n<div data-breakout=\"normal\">\n<p id=\"viewer-p38dw12197\" class=\"qWK-6 Twp3y Pohl9 Lbx1y\" dir=\"auto\"><span class=\"AT4Tn Pohl9\"><em>Limite de 2 ingressos por pessoa.<\/em><\/span><\/p>\n<\/div>\n<div data-breakout=\"normal\">\n<p id=\"viewer-li84y12199\" class=\"qWK-6 Twp3y Pohl9 Lbx1y\" dir=\"auto\"><span class=\"AT4Tn Pohl9\">Local: Comedoria (650 lugares). Classifica\u00e7\u00e3o: 14 anos. Dura\u00e7\u00e3o: 90 min.<\/span><\/p>\n<\/div>\n<div data-hook=\"rcv-block23\"><\/div>\n<div data-breakout=\"normal\">\n<p id=\"viewer-vk9f712201\" class=\"qWK-6 Twp3y Pohl9 Lbx1y\" dir=\"auto\"><span class=\"AT4Tn Pohl9\">\u00a0<\/span><\/p>\n<\/div>\n<div data-hook=\"rcv-block24\"><\/div>\n<div data-breakout=\"normal\">\n<p id=\"viewer-sosgo12203\" class=\"qWK-6 Twp3y Pohl9 Lbx1y\" dir=\"auto\"><span class=\"AT4Tn Pohl9\"><strong>SESC BELENZINHO<\/strong>\u00a0\u00a0<\/span><\/p>\n<\/div>\n<div data-breakout=\"normal\">\n<p id=\"viewer-viewer-viewer-viewer-viewer-viewer-85is2\" class=\"qWK-6 Twp3y WmV-K Lbx1y\" dir=\"auto\"><span class=\"AT4Tn\">Endere\u00e7o: Rua Padre Adelino, 1000.<\/span><\/p>\n<\/div>\n<div data-breakout=\"normal\">\n<p id=\"viewer-viewer-viewer-viewer-viewer-viewer-estkf\" class=\"qWK-6 Twp3y WmV-K Lbx1y\" dir=\"auto\"><span class=\"AT4Tn\">Belenzinho \u2013 S\u00e3o Paulo (SP)<\/span><\/p>\n<\/div>\n<div data-breakout=\"normal\">\n<p id=\"viewer-viewer-viewer-viewer-viewer-viewer-erc9n\" class=\"qWK-6 Twp3y WmV-K Lbx1y\" dir=\"auto\"><span class=\"AT4Tn\">Telefone: (11) 2076-9700<\/span><\/p>\n<\/div>\n<div data-breakout=\"normal\">\n<p id=\"viewer-viewer-viewer-viewer-viewer-viewer-ehunt\" class=\"qWK-6 Twp3y WmV-K Lbx1y\" dir=\"auto\"><span class=\"AT4Tn\"><a class=\"hEuCV uw4qb\" href=\"http:\/\/sescsp.org.br\/Belenzinho\" target=\"_blank\" rel=\"noopener\" data-hook=\"WebLink\"><u>sescsp.org.br\/Belenzinho<\/u><\/a><\/span><\/p>\n<\/div>\n<div data-hook=\"rcv-block29\"><\/div>\n<div data-breakout=\"normal\">\n<div id=\"viewer-jpr9h12612\" class=\"qWK-6 Twp3y WmV-K Lbx1y\" dir=\"auto\"><span class=\"AT4Tn\">\u00a0<\/span><\/div>\n<\/div>\n<div data-hook=\"rcv-block30\"><\/div>\n<div data-breakout=\"normal\">\n<p id=\"viewer-viewer-viewer-viewer-viewer-viewer-73fiv\" class=\"qWK-6 Twp3y WmV-K Lbx1y\" dir=\"auto\"><span class=\"AT4Tn\"><strong>Estacionamento<\/strong>\u00a0<\/span><\/p>\n<\/div>\n<div data-breakout=\"normal\">\n<p id=\"viewer-viewer-viewer-viewer-viewer-viewer-10jm9\" class=\"qWK-6 Twp3y WmV-K Lbx1y\" dir=\"auto\"><span class=\"AT4Tn\">De ter\u00e7a a s\u00e1bado, das 9h \u00e0s 21h. Domingos e feriados, das 9h \u00e0s 18h.<\/span><\/p>\n<\/div>\n<div data-breakout=\"normal\">\n<p id=\"viewer-viewer-viewer-viewer-viewer-viewer-df0a0\" class=\"qWK-6 Twp3y WmV-K Lbx1y\" dir=\"auto\"><span class=\"AT4Tn\">Valores: Credenciados plenos do Sesc: R$ 5,50 a primeira hora e R$ 2,00 por hora adicional. N\u00e3o credenciados no Sesc: R$ 12,00 a primeira hora e R$ 3,00 por hora adicional.<\/span><\/p>\n<\/div>\n<div data-hook=\"rcv-block33\"><\/div>\n<div data-breakout=\"normal\">\n<div id=\"viewer-vez5212617\" class=\"qWK-6 Twp3y WmV-K Lbx1y\" dir=\"auto\"><span class=\"AT4Tn\">\u00a0<\/span><\/div>\n<\/div>\n<div data-hook=\"rcv-block34\"><\/div>\n<div data-breakout=\"normal\">\n<p id=\"viewer-viewer-viewer-viewer-viewer-viewer-asv0f\" class=\"qWK-6 Twp3y WmV-K Lbx1y\" dir=\"auto\"><span class=\"AT4Tn\"><strong>Transporte P\u00fablico<\/strong>\u00a0<\/span><\/p>\n<\/div>\n<div data-breakout=\"normal\">\n<p id=\"viewer-viewer-viewer-viewer-viewer-viewer-almsf\" class=\"qWK-6 Twp3y WmV-K Lbx1y\" dir=\"auto\"><span class=\"AT4Tn\">Metro Bel\u00e9m (550m) | Esta\u00e7\u00e3o Tatuap\u00e9 (1400m)<\/span><\/p>\n<\/div>\n<div data-hook=\"rcv-block36\"><\/div>\n<div data-breakout=\"normal\">\n<div id=\"viewer-wups412621\" class=\"qWK-6 Twp3y WmV-K Lbx1y\" dir=\"auto\"><span class=\"AT4Tn\">\u00a0<\/span><\/div>\n<\/div>\n<div data-hook=\"rcv-block37\"><\/div>\n<div data-breakout=\"normal\">\n<p id=\"viewer-viewer-viewer-viewer-viewer-viewer-2gp9v\" class=\"qWK-6 Twp3y WmV-K Lbx1y\" dir=\"auto\"><span class=\"AT4Tn\"><strong>Sesc Belenzinho nas redes<\/strong>\u00a0<\/span><\/p>\n<\/div>\n<div data-breakout=\"normal\">\n<p id=\"viewer-viewer-viewer-viewer-viewer-viewer-arjeb\" class=\"qWK-6 Twp3y WmV-K Lbx1y\" dir=\"auto\"><span class=\"AT4Tn\"><a class=\"hEuCV uw4qb\" href=\"https:\/\/www.facebook.com\/sescbelenzinho\" target=\"_blank\" rel=\"noopener\" data-hook=\"WebLink\"><u>Facebook<\/u><\/a>\u00a0|<a class=\"hEuCV uw4qb\" href=\"https:\/\/www.instagram.com\/sescbelenzinho\/?hl=pt-br\" target=\"_blank\" rel=\"noopener\" data-hook=\"WebLink\"><u>\u00a0Instagram<\/u><\/a>\u00a0|<\/span><\/p>\n<\/div>\n<div data-hook=\"rcv-block39\"><\/div>\n<div data-breakout=\"normal\">\n<div id=\"viewer-hkyo512628\" class=\"qWK-6 Twp3y WmV-K Lbx1y\" dir=\"auto\"><span class=\"AT4Tn\">\u00a0<\/span><\/div>\n<\/div>\n<div data-hook=\"rcv-block40\"><\/div>\n<div data-breakout=\"normal\">\n<p id=\"viewer-viewer-viewer-viewer-viewer-viewer-9v5h2\" class=\"qWK-6 Twp3y WmV-K Lbx1y\" dir=\"auto\"><span class=\"AT4Tn\"><strong>Fonte:<\/strong>\u00a0Priscila Dias\/Sesc Belenzinho<\/span><\/p>\n<\/div>\n<\/div>\n","protected":false},"excerpt":{"rendered":"<p>Flagelad\u00f6r em show do La Iglesia &#8211; Cr\u00e9dito da Foto: Nat\u00e1lia Eidt (Metal no Papel) O Sesc Belenzinho\u00a0traz a banda de Speed\/ Trash Flagelad\u00f6r no dia 1\u00ba de novembro, sexta \u00e0s 20h30 na Comedoria, com ingressos de R$ 18\u00a0(Credencial Sesc) a R$ 60\u00a0(inteira).\u00a0 A banda de Speed\/ Trash Metal brasileira apresenta show de divulga\u00e7\u00e3o do [&hellip;]<\/p>\n","protected":false},"author":12,"featured_media":25748,"comment_status":"closed","ping_status":"open","sticky":false,"template":"","format":"standard","meta":{"footnotes":""},"categories":[4],"tags":[],"class_list":["post-25747","post","type-post","status-publish","format-standard","has-post-thumbnail","hentry","category-noticias"],"_links":{"self":[{"href":"http:\/\/heavymetalonline.com.br\/index.php?rest_route=\/wp\/v2\/posts\/25747","targetHints":{"allow":["GET"]}}],"collection":[{"href":"http:\/\/heavymetalonline.com.br\/index.php?rest_route=\/wp\/v2\/posts"}],"about":[{"href":"http:\/\/heavymetalonline.com.br\/index.php?rest_route=\/wp\/v2\/types\/post"}],"author":[{"embeddable":true,"href":"http:\/\/heavymetalonline.com.br\/index.php?rest_route=\/wp\/v2\/users\/12"}],"replies":[{"embeddable":true,"href":"http:\/\/heavymetalonline.com.br\/index.php?rest_route=%2Fwp%2Fv2%2Fcomments&post=25747"}],"version-history":[{"count":1,"href":"http:\/\/heavymetalonline.com.br\/index.php?rest_route=\/wp\/v2\/posts\/25747\/revisions"}],"predecessor-version":[{"id":25750,"href":"http:\/\/heavymetalonline.com.br\/index.php?rest_route=\/wp\/v2\/posts\/25747\/revisions\/25750"}],"wp:featuredmedia":[{"embeddable":true,"href":"http:\/\/heavymetalonline.com.br\/index.php?rest_route=\/wp\/v2\/media\/25748"}],"wp:attachment":[{"href":"http:\/\/heavymetalonline.com.br\/index.php?rest_route=%2Fwp%2Fv2%2Fmedia&parent=25747"}],"wp:term":[{"taxonomy":"category","embeddable":true,"href":"http:\/\/heavymetalonline.com.br\/index.php?rest_route=%2Fwp%2Fv2%2Fcategories&post=25747"},{"taxonomy":"post_tag","embeddable":true,"href":"http:\/\/heavymetalonline.com.br\/index.php?rest_route=%2Fwp%2Fv2%2Ftags&post=25747"}],"curies":[{"name":"wp","href":"https:\/\/api.w.org\/{rel}","templated":true}]}}