{"id":25760,"date":"2024-10-24T19:47:11","date_gmt":"2024-10-24T19:47:11","guid":{"rendered":"http:\/\/heavymetalonline.com.br\/?p=25760"},"modified":"2024-10-24T19:47:11","modified_gmt":"2024-10-24T19:47:11","slug":"7o-carioca-progfestival-tera-3-edicoes-no-rj-e-estreia-em-sp","status":"publish","type":"post","link":"http:\/\/heavymetalonline.com.br\/?p=25760","title":{"rendered":"7\u00ba CaRIOca ProgFestival ter\u00e1 3 edi\u00e7\u00f5es no RJ e estreia em SP"},"content":{"rendered":"<div data-breakout=\"normal\">\n<div data-breakout=\"normal\">\n<p id=\"viewer-zlo9b2765\" class=\"qWK-6 Twp3y -XYEb Lbx1y\" dir=\"auto\" style=\"text-align: center;\"><span class=\"AT4Tn\"><em>Expans\u00e3o de territ\u00f3rio marca a realiza\u00e7\u00e3o da 7\u00aa edi\u00e7\u00e3o do\u00a0<\/em><\/span><em>CaRIOca ProgFestival, entre outubro e novembro<\/em><\/p>\n<\/div>\n<p id=\"viewer-m23co2677\" class=\"qWK-6 Twp3y WmV-K Lbx1y\" dir=\"auto\"><span class=\"AT4Tn\">Chegamos a outubro, m\u00eas em que o <strong>CaRIOca ProgFestival<\/strong> d\u00e1 in\u00edcio a sua 7\u00aa edi\u00e7\u00e3o. E desta vez, vem trazendo uma grande novidade! Al\u00e9m da j\u00e1 tradicional programa\u00e7\u00e3o nos palcos do <strong>Rio de Janeiro<\/strong>, o festival chega a <strong>S\u00e3o Paulo<\/strong>. Ao todo, ser\u00e3o sete dias de muito rock progressivo entre o Rio, Niter\u00f3i e a capital paulista. Anote as datas: 26, 30, 31 de outubro e 1, 2, 7 e 8 de novembro.<\/span><\/p>\n<\/div>\n<div data-hook=\"rcv-block5\"><\/div>\n<div data-breakout=\"normal\">\n<div id=\"viewer-envgz8674\" class=\"qWK-6 Twp3y WmV-K Lbx1y\" dir=\"auto\"><span class=\"AT4Tn\">\u00a0<\/span><\/div>\n<\/div>\n<div data-hook=\"rcv-block6\"><\/div>\n<div data-breakout=\"normal\">\n<p id=\"viewer-s1qxn8575\" class=\"qWK-6 Twp3y Pohl9 Lbx1y\" dir=\"auto\"><span class=\"AT4Tn Pohl9\"><strong>Ingressos \u00e0 venda aqui<\/strong>: <a class=\"hEuCV uw4qb\" href=\"https:\/\/linktr.ee\/cariocaprogfestival\" target=\"_blank\" rel=\"noopener noreferrer\" data-hook=\"WebLink\"><u>https:\/\/linktr.ee\/cariocaprogfestival<\/u><\/a>. <\/span><\/p>\n<\/div>\n<div data-hook=\"rcv-block7\"><\/div>\n<div data-breakout=\"normal\">\n<p id=\"viewer-a7bij9086\" class=\"qWK-6 Twp3y Pohl9 Lbx1y\" dir=\"auto\"><span class=\"AT4Tn Pohl9\">Os ingressos custam entre R$25,00 e R$140,00.<\/span><\/p>\n<\/div>\n<div data-hook=\"rcv-block8\"><\/div>\n<div data-breakout=\"normal\">\n<div id=\"viewer-2w0298701\" class=\"qWK-6 Twp3y Pohl9 Lbx1y\" dir=\"auto\"><span class=\"AT4Tn Pohl9\">\u00a0<\/span><\/div>\n<\/div>\n<div data-hook=\"rcv-block9\"><\/div>\n<div data-breakout=\"normal\">\n<p id=\"viewer-faiy28580\" class=\"qWK-6 Twp3y Pohl9 Lbx1y\" dir=\"auto\"><span class=\"AT4Tn Pohl9\">A produ\u00e7\u00e3o do festival dividiu as apresenta\u00e7\u00f5es em quatro etapas. A primeira acontece na capital carioca, no dia 26 de outubro, na Areninha Cultural Hermeto Pascoal (Lona Cultural de Bangu).<\/span><\/p>\n<\/div>\n<div data-hook=\"rcv-block10\"><\/div>\n<div data-breakout=\"normal\">\n<div id=\"viewer-6ipgv8656\" class=\"qWK-6 Twp3y Pohl9 Lbx1y\" dir=\"auto\"><span class=\"AT4Tn Pohl9\">\u00a0<\/span><\/div>\n<\/div>\n<div data-hook=\"rcv-block11\"><\/div>\n<div data-breakout=\"normal\">\n<p id=\"viewer-e9ofm8582\" class=\"qWK-6 Twp3y Pohl9 Lbx1y\" dir=\"auto\"><span class=\"AT4Tn Pohl9\">A segunda etapa, ser\u00e1 nos dias 30 e 31, no Centro da M\u00fasica Carioca, na Tijuca. Completando a terceira etapa, nos dias 1 e 2 de novembro o festival aterriza na cidade de Niter\u00f3i, onde ser\u00e1 realizada no Theatro Municipal Jo\u00e3o Caetano.<\/span><\/p>\n<\/div>\n<div data-hook=\"rcv-block12\"><\/div>\n<div data-breakout=\"normal\">\n<div id=\"viewer-0cwea8634\" class=\"qWK-6 Twp3y Pohl9 Lbx1y\" dir=\"auto\"><span class=\"AT4Tn Pohl9\">\u00a0<\/span><\/div>\n<\/div>\n<div data-hook=\"rcv-block13\"><\/div>\n<div data-breakout=\"normal\">\n<p id=\"viewer-gfxdw8584\" class=\"qWK-6 Twp3y Pohl9 Lbx1y\" dir=\"auto\"><span class=\"AT4Tn Pohl9\">J\u00e1 a quarta e \u00faltima etapa acontece em S\u00e3o Paulo, nos dias 7 e 8 de novembro, no Teatro UNICID, no bairro da Vila Leopoldina.<\/span><\/p>\n<\/div>\n<div data-hook=\"rcv-block14\"><\/div>\n<div data-breakout=\"normal\">\n<div id=\"viewer-j8z2u8612\" class=\"qWK-6 Twp3y Pohl9 Lbx1y\" dir=\"auto\"><span class=\"AT4Tn Pohl9\">\u00a0<\/span><\/div>\n<\/div>\n<div data-hook=\"rcv-block15\"><\/div>\n<div data-breakout=\"normal\">\n<p id=\"viewer-okn8s8586\" class=\"qWK-6 Twp3y Pohl9 Lbx1y\" dir=\"auto\"><span class=\"AT4Tn Pohl9\">Entre as atra\u00e7\u00f5es que se apresentam nos sete dias de festival est\u00e3o bandas de v\u00e1rios cantos do pa\u00eds. S\u00e3o elas: Ultranova; Luiz Zamith &amp; Banda; Caravela Escarlate; Montechiari Project; Jubal Troupe; Stratus Luna, Anxtron e as bandas setentistas: Veludo; Som Nosso de Cada Dia e Patrulha do Espa\u00e7o.<\/span><\/p>\n<\/div>\n<div data-hook=\"rcv-block16\"><\/div>\n<div data-breakout=\"normal\">\n<div id=\"viewer-opxjv8728\" class=\"qWK-6 Twp3y Pohl9 Lbx1y\" dir=\"auto\"><span class=\"AT4Tn Pohl9\">\u00a0<\/span><\/div>\n<\/div>\n<div data-hook=\"rcv-block17\"><\/div>\n<div data-breakout=\"normal\">\n<p id=\"viewer-f44to8588\" class=\"qWK-6 Twp3y Pohl9 Lbx1y\" dir=\"auto\"><span class=\"AT4Tn Pohl9\">Se consolidando como refer\u00eancia nacional na m\u00fasica progressiva, o <strong>CaRIOca ProgFestival<\/strong> conquistou um p\u00fablico fiel e al\u00e7ou novos voos. Foi pensando na dissemina\u00e7\u00e3o deste tipo de m\u00fasica no pa\u00eds, que em 2024 o festival incluiu em sua rota a cidade de S\u00e3o Paulo, baseado num planejamento dos curadores e produtores, Cl\u00e1udio Paula e Vladimir Ribeiro.<\/span><\/p>\n<\/div>\n<div data-hook=\"rcv-block18\"><\/div>\n<div data-breakout=\"normal\">\n<div id=\"viewer-vt3y78754\" class=\"qWK-6 Twp3y Pohl9 Lbx1y\" dir=\"auto\"><span class=\"AT4Tn Pohl9\">\u00a0<\/span><\/div>\n<\/div>\n<div data-hook=\"rcv-block19\"><\/div>\n<div data-breakout=\"normal\">\n<p id=\"viewer-gkb9f8592\" class=\"qWK-6 Twp3y Pohl9 Lbx1y\" dir=\"auto\"><span class=\"AT4Tn Pohl9\">&#8220;S\u00e3o Paulo \u00e9 nossa primeira inser\u00e7\u00e3o na regi\u00e3o. Uma cidade que possui um ber\u00e7o de rock progressivo e de rock\u2019n roll muito forte. Estamos muito animados. J\u00e1 no Rio de Janeiro, a nossa inten\u00e7\u00e3o \u00e9 come\u00e7ar a levar o festival para o interior. Bem poss\u00edvel que na regi\u00e3o serrana tenhamos uma edi\u00e7\u00e3o l\u00e1, mas ainda n\u00e3o podemos divulgar. Estamos na fase de conversas e ajustes&#8221;, segundo Cl\u00e1udio Paula.<\/span><\/p>\n<\/div>\n<div data-hook=\"rcv-block20\"><\/div>\n<div data-breakout=\"normal\">\n<div id=\"viewer-no22y8778\" class=\"qWK-6 Twp3y Pohl9 Lbx1y\" dir=\"auto\"><span class=\"AT4Tn Pohl9\">\u00a0<\/span><\/div>\n<\/div>\n<div data-hook=\"rcv-block21\"><\/div>\n<div data-breakout=\"normal\">\n<p id=\"viewer-692da8594\" class=\"qWK-6 Twp3y Pohl9 Lbx1y\" dir=\"auto\"><span class=\"AT4Tn Pohl9\">Para mais informa\u00e7\u00f5es sobre o Carioca ProgFestival: <a class=\"hEuCV uw4qb\" href=\"https:\/\/beprog.tv\/artist\/progfest\" target=\"_blank\" rel=\"noopener noreferrer\" data-hook=\"WebLink\"><u>https:\/\/beprog.tv\/artist\/progfest<\/u><\/a><a class=\"hEuCV uw4qb\" href=\"https:\/\/beprog.tv\/artist\/progfest\" target=\"_blank\" rel=\"noopener noreferrer\" data-hook=\"WebLink\"><u>.<\/u><\/a><\/span><img loading=\"lazy\" decoding=\"async\" class=\"alignnone size-full wp-image-25761\" src=\"http:\/\/heavymetalonline.com.br\/wp-content\/uploads\/2024\/10\/7\u00ba-CaRIOca-flyer.png\" alt=\"\" width=\"1080\" height=\"1350\" srcset=\"http:\/\/heavymetalonline.com.br\/wp-content\/uploads\/2024\/10\/7\u00ba-CaRIOca-flyer.png 1080w, http:\/\/heavymetalonline.com.br\/wp-content\/uploads\/2024\/10\/7\u00ba-CaRIOca-flyer-240x300.png 240w, http:\/\/heavymetalonline.com.br\/wp-content\/uploads\/2024\/10\/7\u00ba-CaRIOca-flyer-768x960.png 768w, http:\/\/heavymetalonline.com.br\/wp-content\/uploads\/2024\/10\/7\u00ba-CaRIOca-flyer-819x1024.png 819w, http:\/\/heavymetalonline.com.br\/wp-content\/uploads\/2024\/10\/7\u00ba-CaRIOca-flyer-200x250.png 200w\" sizes=\"auto, (max-width: 1080px) 100vw, 1080px\" \/><\/p>\n<div data-breakout=\"normal\">\n<p id=\"viewer-qr6y464\" class=\"qWK-6 Twp3y Pohl9 Lbx1y\" dir=\"auto\"><span class=\"AT4Tn Pohl9\"><strong>O festival<\/strong><\/span><\/p>\n<\/div>\n<div data-breakout=\"normal\">\n<p id=\"viewer-gtko489\" class=\"qWK-6 Twp3y Pohl9 Lbx1y\" dir=\"auto\"><span class=\"AT4Tn Pohl9\">O <strong>CaRIOca ProgFestival<\/strong> surgiu em 2017, com sua 1\u00aa edi\u00e7\u00e3o de quatro dias pautados no Centro da M\u00fasica Carioca, no bairro da Tijuca, no Rio de Janeiro, com a proposta de promover um festival com bandas de rock progressivo na semana dedicada ao rock, no m\u00eas de julho.<\/span><\/p>\n<\/div>\n<div data-hook=\"rcv-block26\"><\/div>\n<div data-breakout=\"normal\">\n<p id=\"viewer-wy8qc93\" class=\"qWK-6 Twp3y Pohl9 Lbx1y\" dir=\"auto\"><span class=\"AT4Tn Pohl9\">A partir de 2018, em sua 2\u00aa edi\u00e7\u00e3o, o festival cresceu fazendo um circuito integrado de rock progressivo, tanto em teatros p\u00fablicos quanto privados, no Rio de Janeiro e em Niter\u00f3i, adquirindo uma maior credibilidade no cen\u00e1rio cultural.<\/span><\/p>\n<\/div>\n<div data-hook=\"rcv-block27\"><\/div>\n<div data-breakout=\"normal\">\n<p id=\"viewer-5c44t95\" class=\"qWK-6 Twp3y Pohl9 Lbx1y\" dir=\"auto\"><span class=\"AT4Tn Pohl9\">Desde a primeira edi\u00e7\u00e3o, em 2017, passaram pelos palcos culturais do <strong>CaRIOca ProgFestival<\/strong> bandas de v\u00e1rios estados do pa\u00eds, como Rond\u00f4nia, Par\u00e1, S\u00e3o Paulo, Rio Grande do Sul, e do Rio de Janeiro.<\/span><\/p>\n<\/div>\n<div data-hook=\"rcv-block28\"><\/div>\n<div data-breakout=\"normal\">\n<div id=\"viewer-81bjy142\" class=\"qWK-6 Twp3y Pohl9 Lbx1y\" dir=\"auto\"><span class=\"AT4Tn Pohl9\">\u00a0<\/span><\/div>\n<\/div>\n<div data-hook=\"rcv-block29\"><\/div>\n<div data-breakout=\"normal\">\n<p id=\"viewer-1gqcy99\" class=\"qWK-6 Twp3y Pohl9 Lbx1y\" dir=\"auto\"><span class=\"AT4Tn Pohl9\">Tendo em sua concep\u00e7\u00e3o fundamental, a dissemina\u00e7\u00e3o deste tipo de m\u00fasica no pa\u00eds, o <strong>CaRIOca ProgFestival<\/strong> tamb\u00e9m busca a renova\u00e7\u00e3o de p\u00fablico, diversificando a faixa et\u00e1ria bem como o processo de forma\u00e7\u00e3o de plateia para este segmento, como conta o produtor Vladimir Ribeiro.<\/span><\/p>\n<\/div>\n<div data-hook=\"rcv-block30\"><\/div>\n<div data-breakout=\"normal\">\n<div id=\"viewer-vn0rl185\" class=\"qWK-6 Twp3y Pohl9 Lbx1y\" dir=\"auto\"><span class=\"AT4Tn Pohl9\">\u00a0<\/span><\/div>\n<\/div>\n<div data-hook=\"rcv-block31\"><\/div>\n<div data-breakout=\"normal\">\n<p id=\"viewer-fkgd1103\" class=\"qWK-6 Twp3y Pohl9 Lbx1y\" dir=\"auto\"><span class=\"AT4Tn Pohl9\"><em>&#8220;Desde a edi\u00e7\u00e3o de 2019, a maior de todas, j\u00e1 havia a certeza que era necess\u00e1rio expandir o festival para outras regi\u00f5es e cidades, mas em seguida veio a pandemia e tivemos que adiar nossos planos por alguns anos. Nunca desanimamos e essa ideia permaneceu viva. Agora em 2024 retomamos com for\u00e7a total e a etapa S\u00e3o Paulo estreia com quatro shows incr\u00edveis. A 7\u00aa edi\u00e7\u00e3o ainda nem come\u00e7ou e j\u00e1 estamos preparando uma ainda maior para 2025. Aguardem&#8221;.<\/em><\/span><\/p>\n<\/div>\n<div data-hook=\"rcv-block32\"><\/div>\n<div data-breakout=\"normal\">\n<div id=\"viewer-ts72s265\" class=\"qWK-6 Twp3y Pohl9 Lbx1y\" dir=\"auto\"><span class=\"AT4Tn Pohl9\">\u00a0<\/span><\/div>\n<\/div>\n<div data-hook=\"rcv-block33\"><\/div>\n<div data-breakout=\"normal\">\n<p id=\"viewer-5dtw5105\" class=\"qWK-6 Twp3y Pohl9 Lbx1y\" dir=\"auto\"><span class=\"AT4Tn Pohl9\">Ao longo das seis edi\u00e7\u00f5es realizadas, o festival alcan\u00e7ou um p\u00fablico presente de 3.654 pessoas presentes, em teatros que variam de 150 a 400 lugares. E a expectativa para este ano \u00e9 enorme.<\/span><\/p>\n<p dir=\"auto\"><img loading=\"lazy\" decoding=\"async\" class=\"alignnone size-full wp-image-25762\" src=\"http:\/\/heavymetalonline.com.br\/wp-content\/uploads\/2024\/10\/7\u00ba-CaRIOca-flyers.png\" alt=\"\" width=\"842\" height=\"1191\" srcset=\"http:\/\/heavymetalonline.com.br\/wp-content\/uploads\/2024\/10\/7\u00ba-CaRIOca-flyers.png 842w, http:\/\/heavymetalonline.com.br\/wp-content\/uploads\/2024\/10\/7\u00ba-CaRIOca-flyers-212x300.png 212w, http:\/\/heavymetalonline.com.br\/wp-content\/uploads\/2024\/10\/7\u00ba-CaRIOca-flyers-768x1086.png 768w, http:\/\/heavymetalonline.com.br\/wp-content\/uploads\/2024\/10\/7\u00ba-CaRIOca-flyers-724x1024.png 724w, http:\/\/heavymetalonline.com.br\/wp-content\/uploads\/2024\/10\/7\u00ba-CaRIOca-flyers-177x250.png 177w\" sizes=\"auto, (max-width: 842px) 100vw, 842px\" \/><\/p>\n<div data-breakout=\"normal\">\n<p id=\"viewer-i73o1107\" class=\"qWK-6 Twp3y Pohl9 Lbx1y\" dir=\"auto\"><span class=\"AT4Tn Pohl9\"><em>&#8220;A expectativa \u00e9 grande. Estamos chamando a 7\u00aa edi\u00e7\u00e3o de \u201cvirada de mesa\u201d. E a gente n\u00e3o para. J\u00e1 para 2025, temos duas bandas confirmadas para a 8a edi\u00e7\u00e3o: a banda Tryo (do Chile) e a banda Anjo Gabriel (de Pernambuco)&#8221;<\/em>. <em>Queremos ver o <\/em><strong><em>CaRIOca ProgFestival<\/em><\/strong><em> crescendo e chegando a mais pessoas e lugares\u201d<\/em>, finaliza Cl\u00e1udio Paula.<\/span><\/p>\n<\/div>\n<div data-hook=\"rcv-block37\"><\/div>\n<div data-breakout=\"normal\">\n<div id=\"viewer-nnmkf1170\" class=\"qWK-6 Twp3y Pohl9 Lbx1y\" dir=\"auto\"><span class=\"AT4Tn Pohl9\">\u00a0<\/span><\/div>\n<\/div>\n<div data-hook=\"rcv-block38\"><\/div>\n<div data-breakout=\"normal\">\n<p id=\"viewer-83iq01213\" class=\"qWK-6 Twp3y Pohl9 Lbx1y\" dir=\"auto\"><span class=\"AT4Tn Pohl9\"><strong>Fonte:<\/strong> Tedesco Comunica\u00e7\u00e3o &amp; M\u00edda<\/span><\/p>\n<\/div>\n<\/div>\n<\/div>\n","protected":false},"excerpt":{"rendered":"<p>Expans\u00e3o de territ\u00f3rio marca a realiza\u00e7\u00e3o da 7\u00aa edi\u00e7\u00e3o do\u00a0CaRIOca ProgFestival, entre outubro e novembro Chegamos a outubro, m\u00eas em que o CaRIOca ProgFestival d\u00e1 in\u00edcio a sua 7\u00aa edi\u00e7\u00e3o. E desta vez, vem trazendo uma grande novidade! Al\u00e9m da j\u00e1 tradicional programa\u00e7\u00e3o nos palcos do Rio de Janeiro, o festival chega a S\u00e3o Paulo. [&hellip;]<\/p>\n","protected":false},"author":12,"featured_media":25763,"comment_status":"closed","ping_status":"open","sticky":false,"template":"","format":"standard","meta":{"footnotes":""},"categories":[4],"tags":[],"class_list":["post-25760","post","type-post","status-publish","format-standard","has-post-thumbnail","hentry","category-noticias"],"_links":{"self":[{"href":"http:\/\/heavymetalonline.com.br\/index.php?rest_route=\/wp\/v2\/posts\/25760","targetHints":{"allow":["GET"]}}],"collection":[{"href":"http:\/\/heavymetalonline.com.br\/index.php?rest_route=\/wp\/v2\/posts"}],"about":[{"href":"http:\/\/heavymetalonline.com.br\/index.php?rest_route=\/wp\/v2\/types\/post"}],"author":[{"embeddable":true,"href":"http:\/\/heavymetalonline.com.br\/index.php?rest_route=\/wp\/v2\/users\/12"}],"replies":[{"embeddable":true,"href":"http:\/\/heavymetalonline.com.br\/index.php?rest_route=%2Fwp%2Fv2%2Fcomments&post=25760"}],"version-history":[{"count":1,"href":"http:\/\/heavymetalonline.com.br\/index.php?rest_route=\/wp\/v2\/posts\/25760\/revisions"}],"predecessor-version":[{"id":25764,"href":"http:\/\/heavymetalonline.com.br\/index.php?rest_route=\/wp\/v2\/posts\/25760\/revisions\/25764"}],"wp:featuredmedia":[{"embeddable":true,"href":"http:\/\/heavymetalonline.com.br\/index.php?rest_route=\/wp\/v2\/media\/25763"}],"wp:attachment":[{"href":"http:\/\/heavymetalonline.com.br\/index.php?rest_route=%2Fwp%2Fv2%2Fmedia&parent=25760"}],"wp:term":[{"taxonomy":"category","embeddable":true,"href":"http:\/\/heavymetalonline.com.br\/index.php?rest_route=%2Fwp%2Fv2%2Fcategories&post=25760"},{"taxonomy":"post_tag","embeddable":true,"href":"http:\/\/heavymetalonline.com.br\/index.php?rest_route=%2Fwp%2Fv2%2Ftags&post=25760"}],"curies":[{"name":"wp","href":"https:\/\/api.w.org\/{rel}","templated":true}]}}