{"id":26052,"date":"2024-10-29T13:55:21","date_gmt":"2024-10-29T13:55:21","guid":{"rendered":"http:\/\/heavymetalonline.com.br\/?p=26052"},"modified":"2024-10-29T13:55:21","modified_gmt":"2024-10-29T13:55:21","slug":"flagelador-se-apresenta-nesta-sexta-01-no-sesc-belenzinho","status":"publish","type":"post","link":"http:\/\/heavymetalonline.com.br\/?p=26052","title":{"rendered":"Flagelad\u00f6r se apresenta nesta sexta (01) no SESC Belenzinho"},"content":{"rendered":"<div style=\"text-align: right;\" data-breakout=\"normal\">\n<pre id=\"viewer-j6g0z3734\" class=\"O4V0h pVhoP mcSBi\" dir=\"auto\"><span class=\"\">Flagelad\u00f6r em show do La Iglesia - Cr\u00e9dito da Foto: Nat\u00e1lia Eidt (Metal no Papel)<\/span><\/pre>\n<p id=\"viewer-u4xm73623\" class=\"thtTy -PN3w mcSBi iCJIo\" dir=\"auto\" style=\"text-align: left;\"><span class=\"wnQOX\">O<strong> Flagelad\u00f6r<\/strong>, banda de speed\/thrash metal formada em 2000 em Niter\u00f3i\/RJ e que atualmente est\u00e1 baseada em S\u00e3o Paulo, atualmente promove o 5\u00ba \u00e1lbum da carreira, &#8220;Culto Aos Decib\u00e9is&#8221;. Armand\u00f6 Maced\u00f6 (vocal e guitarra), Alan Magno (baixo e backing vocals), Junior Bezerra (guitarra) e Vin\u00edcius Talamonte (bateria) se apresentar\u00e3o no SESC Belenzinho (SP) na sexta-feira (01\/11), \u00e0s 20h30, fazendo um set com faixas do novo trabalho, al\u00e9m de m\u00fasicas de outros \u00e1lbuns, incluindo surpresas que est\u00e3o h\u00e1 alguns anos fora do repert\u00f3rio.<\/span><\/p>\n<\/div>\n<div data-hook=\"rcv-block4\"><\/div>\n<div data-breakout=\"normal\">\n<div id=\"viewer-rkzg619\" class=\"thtTy -PN3w mcSBi iCJIo\" dir=\"auto\"><span class=\"wnQOX\">\u00a0<\/span><\/div>\n<\/div>\n<div data-hook=\"rcv-block5\"><\/div>\n<div data-breakout=\"normal\">\n<p id=\"viewer-d3g3j22\" class=\"thtTy -PN3w mcSBi iCJIo\" dir=\"auto\"><span class=\"wnQOX\"><em>&#8220;Tocar no SESC \u00e9 uma experi\u00eancia maravilhosa, que todo m\u00fasico almeja conquistar. Quando tocamos pela primeira vez, foi a realiza\u00e7\u00e3o de um sonho para n\u00f3s&#8221;<\/em>, comentou Armand\u00f6 Maced\u00f6. <em>&#8220;Agora, nas v\u00e9speras da nossa segunda apresenta\u00e7\u00e3o, a sensa\u00e7\u00e3o \u00e9 de dever cumprido, de reconhecimento ao nosso trabalho \u00e1rduo ao longo de anos dedicados a um nicho musical muito espec\u00edfico, mas que conta com seguidores extremamente fi\u00e9is. Por isso, preparamos um setlist pensado com muito cuidado, na inten\u00e7\u00e3o de agradar em cheio aos nossos f\u00e3s e de mostrar com muita clareza, aos novos expectadores, o que pretendemos (musicalmente falando) com a nossa arte&#8221;<\/em>, acrescentou.<\/span><\/p>\n<\/div>\n<div data-hook=\"rcv-block6\"><\/div>\n<div data-breakout=\"normal\">\n<div id=\"viewer-re7vm25\" class=\"thtTy -PN3w mcSBi iCJIo\" dir=\"auto\"><span class=\"wnQOX\">\u00a0<\/span><\/div>\n<\/div>\n<div data-hook=\"rcv-block7\"><\/div>\n<div data-breakout=\"normal\">\n<p id=\"viewer-hofxa28\" class=\"thtTy -PN3w mcSBi iCJIo\" dir=\"auto\"><span class=\"wnQOX\">Em seus mais de 20 anos de hist\u00f3ria, o <strong>Flagelad\u00f6r<\/strong>, que voltou recentemente de um giro pelo Europa, realizou diversas turn\u00eas nacionais, al\u00e9m de shows ao lado de Exciter, Nuclear Assault, Ratos de Por\u00e3o, Nifelheim, Mayhem, Grim Reaper, Krisiun, Suffocation, Mortiis, Agathocles, entre outras.<\/span><\/p>\n<p dir=\"auto\"><img loading=\"lazy\" decoding=\"async\" class=\"alignnone size-full wp-image-25749\" src=\"http:\/\/heavymetalonline.com.br\/wp-content\/uploads\/2024\/10\/Flagelador-flyer.png\" alt=\"\" width=\"615\" height=\"723\" srcset=\"http:\/\/heavymetalonline.com.br\/wp-content\/uploads\/2024\/10\/Flagelador-flyer.png 615w, http:\/\/heavymetalonline.com.br\/wp-content\/uploads\/2024\/10\/Flagelador-flyer-255x300.png 255w, http:\/\/heavymetalonline.com.br\/wp-content\/uploads\/2024\/10\/Flagelador-flyer-213x250.png 213w\" sizes=\"auto, (max-width: 615px) 100vw, 615px\" \/><\/p>\n<div data-breakout=\"normal\">\n<p id=\"viewer-0i63b34\" class=\"thtTy -PN3w mcSBi iCJIo\" dir=\"auto\"><span class=\"wnQOX\"><strong>Servi\u00e7o:<\/strong><\/span><\/p>\n<\/div>\n<div data-breakout=\"normal\">\n<p id=\"viewer-2unp137\" class=\"thtTy -PN3w mcSBi iCJIo\" dir=\"auto\"><span class=\"wnQOX\">Data: 01 de novembro (sexta-feira)<\/span><\/p>\n<\/div>\n<div data-breakout=\"normal\">\n<p id=\"viewer-dtumz40\" class=\"thtTy -PN3w mcSBi iCJIo\" dir=\"auto\"><span class=\"wnQOX\">Hor\u00e1rio: 20h30<\/span><\/p>\n<\/div>\n<div data-breakout=\"normal\">\n<p id=\"viewer-1bqee43\" class=\"thtTy -PN3w mcSBi iCJIo\" dir=\"auto\"><span class=\"wnQOX\">Local: Comedoria do SESC Belenzinho<\/span><\/p>\n<\/div>\n<div data-breakout=\"normal\">\n<p id=\"viewer-ce8j346\" class=\"thtTy -PN3w mcSBi iCJIo\" dir=\"auto\"><span class=\"wnQOX\">Endere\u00e7o: Rua Padre Adelino, 1000 &#8211; Belenzinho, S\u00e3o Paulo\/SP<\/span><\/p>\n<\/div>\n<div data-breakout=\"normal\">\n<p id=\"viewer-8y3er49\" class=\"thtTy -PN3w mcSBi iCJIo\" dir=\"auto\"><span class=\"wnQOX\">Ingressos antecipados: <a class=\"RtUmt XgxHi\" href=\"https:\/\/www.sescsp.org.br\/programacao\/flagelador-culto-aos-decibeis\" target=\"_blank\" rel=\"noopener\" data-hook=\"WebLink\"><u>https:\/\/www.sescsp.org.br\/programacao\/flagelador-culto-aos-decibeis<\/u><\/a><\/span><\/p>\n<\/div>\n<div data-hook=\"rcv-block15\"><\/div>\n<div data-breakout=\"normal\">\n<div id=\"viewer-232av53\" class=\"thtTy -PN3w mcSBi iCJIo\" dir=\"auto\"><span class=\"wnQOX\">\u00a0<\/span><\/div>\n<\/div>\n<div data-hook=\"rcv-block16\"><\/div>\n<div data-breakout=\"normal\">\n<p id=\"viewer-vtecl56\" class=\"thtTy -PN3w mcSBi iCJIo\" dir=\"auto\"><span class=\"wnQOX\"><strong>M\u00eddias sociais:<\/strong><\/span><\/p>\n<\/div>\n<div data-breakout=\"normal\">\n<p id=\"viewer-iuc6p59\" class=\"thtTy -PN3w mcSBi iCJIo\" dir=\"auto\"><span class=\"wnQOX\"><a class=\"RtUmt XgxHi\" href=\"https:\/\/www.instagram.com\/flagelador\/\" target=\"_blank\" rel=\"noopener\" data-hook=\"WebLink\"><u>https:\/\/www.instagram.com\/flagelador\/<\/u><\/a><\/span><\/p>\n<\/div>\n<div data-breakout=\"normal\">\n<p id=\"viewer-p7r7d62\" class=\"thtTy -PN3w mcSBi iCJIo\" dir=\"auto\"><span class=\"wnQOX\"><a class=\"RtUmt XgxHi\" href=\"https:\/\/www.facebook.com\/flagelador.oficial\/\" target=\"_blank\" rel=\"noopener\" data-hook=\"WebLink\"><u>https:\/\/www.facebook.com\/flagelador.oficial\/<\/u><\/a><\/span><\/p>\n<\/div>\n<div data-hook=\"rcv-block19\"><\/div>\n<div data-breakout=\"normal\">\n<div id=\"viewer-p7k7565\" class=\"thtTy -PN3w mcSBi iCJIo\" dir=\"auto\"><span class=\"wnQOX\">\u00a0<\/span><\/div>\n<\/div>\n<div data-hook=\"rcv-block20\"><\/div>\n<div data-breakout=\"normal\">\n<p id=\"viewer-hkuqx68\" class=\"thtTy -PN3w mcSBi iCJIo\" dir=\"auto\"><span class=\"wnQOX\">E-mail: <a class=\"RtUmt XgxHi\" href=\"mailto:venenosonoro@gmail.co\" target=\"_blank\" rel=\"noopener\" data-hook=\"WebLink\"><u>venenosonoro@gmail.co<\/u><\/a><\/span><\/p>\n<\/div>\n<div data-hook=\"rcv-block21\"><\/div>\n<div data-breakout=\"normal\">\n<div id=\"viewer-zow6z1787\" class=\"thtTy -PN3w mcSBi iCJIo\" dir=\"auto\"><span class=\"wnQOX\">\u00a0<\/span><\/div>\n<\/div>\n<div data-hook=\"rcv-block22\"><\/div>\n<div data-breakout=\"normal\">\n<p id=\"viewer-6fc001856\" class=\"thtTy -PN3w mcSBi iCJIo\" dir=\"auto\"><span class=\"wnQOX\">Confira o v\u00eddeo de &#8220;Estigiofobia&#8221; :<\/span><\/p>\n<\/div>\n<\/div>\n<p><iframe loading=\"lazy\" title=\"YouTube video player\" src=\"https:\/\/www.youtube.com\/embed\/w5CDL1F8phc?si=RyKavCZ_H0oiB82V\" width=\"560\" height=\"315\" frameborder=\"0\" allowfullscreen=\"allowfullscreen\"><\/iframe><\/p>\n<p><strong>Fonte:<\/strong> ASE Music Press<\/p>\n","protected":false},"excerpt":{"rendered":"<p>Flagelad\u00f6r em show do La Iglesia &#8211; Cr\u00e9dito da Foto: Nat\u00e1lia Eidt (Metal no Papel) O Flagelad\u00f6r, banda de speed\/thrash metal formada em 2000 em Niter\u00f3i\/RJ e que atualmente est\u00e1 baseada em S\u00e3o Paulo, atualmente promove o 5\u00ba \u00e1lbum da carreira, &#8220;Culto Aos Decib\u00e9is&#8221;. Armand\u00f6 Maced\u00f6 (vocal e guitarra), Alan Magno (baixo e backing vocals), [&hellip;]<\/p>\n","protected":false},"author":12,"featured_media":26053,"comment_status":"closed","ping_status":"open","sticky":false,"template":"","format":"standard","meta":{"footnotes":""},"categories":[4],"tags":[],"class_list":["post-26052","post","type-post","status-publish","format-standard","has-post-thumbnail","hentry","category-noticias"],"_links":{"self":[{"href":"http:\/\/heavymetalonline.com.br\/index.php?rest_route=\/wp\/v2\/posts\/26052","targetHints":{"allow":["GET"]}}],"collection":[{"href":"http:\/\/heavymetalonline.com.br\/index.php?rest_route=\/wp\/v2\/posts"}],"about":[{"href":"http:\/\/heavymetalonline.com.br\/index.php?rest_route=\/wp\/v2\/types\/post"}],"author":[{"embeddable":true,"href":"http:\/\/heavymetalonline.com.br\/index.php?rest_route=\/wp\/v2\/users\/12"}],"replies":[{"embeddable":true,"href":"http:\/\/heavymetalonline.com.br\/index.php?rest_route=%2Fwp%2Fv2%2Fcomments&post=26052"}],"version-history":[{"count":1,"href":"http:\/\/heavymetalonline.com.br\/index.php?rest_route=\/wp\/v2\/posts\/26052\/revisions"}],"predecessor-version":[{"id":26054,"href":"http:\/\/heavymetalonline.com.br\/index.php?rest_route=\/wp\/v2\/posts\/26052\/revisions\/26054"}],"wp:featuredmedia":[{"embeddable":true,"href":"http:\/\/heavymetalonline.com.br\/index.php?rest_route=\/wp\/v2\/media\/26053"}],"wp:attachment":[{"href":"http:\/\/heavymetalonline.com.br\/index.php?rest_route=%2Fwp%2Fv2%2Fmedia&parent=26052"}],"wp:term":[{"taxonomy":"category","embeddable":true,"href":"http:\/\/heavymetalonline.com.br\/index.php?rest_route=%2Fwp%2Fv2%2Fcategories&post=26052"},{"taxonomy":"post_tag","embeddable":true,"href":"http:\/\/heavymetalonline.com.br\/index.php?rest_route=%2Fwp%2Fv2%2Ftags&post=26052"}],"curies":[{"name":"wp","href":"https:\/\/api.w.org\/{rel}","templated":true}]}}