{"id":26126,"date":"2024-11-02T17:15:58","date_gmt":"2024-11-02T17:15:58","guid":{"rendered":"http:\/\/heavymetalonline.com.br\/?p=26126"},"modified":"2024-11-02T17:15:58","modified_gmt":"2024-11-02T17:15:58","slug":"banda-pense-leva-turne-do-album-tudo-que-temos-de-lembrar-ao-sul-do-pais-neste-fim-de-semana","status":"publish","type":"post","link":"http:\/\/heavymetalonline.com.br\/?p=26126","title":{"rendered":"Banda PENSE leva turn\u00ea do \u00e1lbum \u201cTudo que Temos de Lembrar\u201d ao Sul do pa\u00eds neste fim de semana"},"content":{"rendered":"<div style=\"text-align: right;\" data-breakout=\"normal\">\n<p dir=\"auto\" style=\"text-align: center;\"><em>Com passagem marcada por Porto Alegre e Florian\u00f3polis, o grupo promete apresentar <\/em><\/p>\n<p dir=\"auto\" style=\"text-align: center;\"><em>as novas can\u00e7\u00f5es e antigos sucessos em espet\u00e1culos especiais<\/em><\/p>\n<pre id=\"viewer-qz3m216648\" class=\"O4V0h pVhoP mcSBi\" dir=\"auto\"><span class=\"\">Cr\u00e9dito: Larissa Queiroz<\/span><\/pre>\n<p id=\"viewer-19pgj16200\" class=\"thtTy -PN3w mcSBi iCJIo\" dir=\"auto\" style=\"text-align: left;\"><span class=\"wnQOX\">Ap\u00f3s seis anos, a banda <strong>PENSE <\/strong>&#8211; refer\u00eancia no cen\u00e1rio hardcore brazuca -, acaba de lan\u00e7ar um novo \u00e1lbum de in\u00e9ditas, \u201c<em>Tudo que Temos de Lembrar<\/em>\u201d, e j\u00e1 est\u00e1 na estrada apresentando o novo espet\u00e1culo. At\u00e9 dezembro, o grupo percorre o pa\u00eds tocando novas m\u00fasicas e velhos sucessos. Neste s\u00e1bado (2) \u00e9 a vez dos f\u00e3s de Florian\u00f3polis-SC marcarem presen\u00e7a no Desgosto Bar, enquanto que no domingo (3) s\u00e3o os f\u00e3s de Porto Alegre-RS que ir\u00e3o curtir o show no Gravador Pub.<\/span><\/p>\n<\/div>\n<div style=\"text-align: left;\" data-hook=\"rcv-block5\"><\/div>\n<div data-breakout=\"normal\">\n<div id=\"viewer-phz7a14862\" class=\"thtTy -PN3w mcSBi iCJIo\" dir=\"auto\"><span class=\"wnQOX\">\u00a0<\/span><\/div>\n<\/div>\n<div data-hook=\"rcv-block6\"><\/div>\n<div data-breakout=\"normal\">\n<p id=\"viewer-symt014863\" class=\"thtTy -PN3w vamab iCJIo\" dir=\"auto\"><span class=\"wnQOX vamab\">\u201c<em>Neste s\u00e1bado estaremos de volta \u00e0 Floripa e no domingo em Porto Alegre. S\u00e3o cidades que sempre receberam a gente muito bem, que t\u00eam uma vibe muito massa, com uma galera que sempre escutou muito punk rock e hardcore. Temos muitos amigos na regi\u00e3o Sul do Brasil, conhecemos v\u00e1rias bandas. Vamos tocar no Desgosto e no Gravador Pub e vai ser muito massa levar um show novo para nossos f\u00e3s que nos acompanham desde 2014<\/em>\u201d, promete o vocalista <strong>\u00cdtalo Nonato<\/strong>.<\/span><\/p>\n<\/div>\n<div data-hook=\"rcv-block7\"><\/div>\n<div data-breakout=\"normal\">\n<div id=\"viewer-t8owf16147\" class=\"thtTy -PN3w vamab iCJIo\" dir=\"auto\"><span class=\"wnQOX vamab\">\u00a0<\/span><\/div>\n<\/div>\n<div data-hook=\"rcv-block8\"><\/div>\n<div data-breakout=\"normal\">\n<p id=\"viewer-pb58q14869\" class=\"thtTy -PN3w vamab iCJIo\" dir=\"auto\"><span class=\"wnQOX vamab\">Formada por <strong>Nonato, Alexandre Magno <\/strong>(que produziu o novo disco), <strong>Daniel Avelar, Jud\u00e1 Ramos e Rapha<\/strong>, a <strong>PENSE <\/strong>traz um disco autoral com uma mensagem mais do que especial: acender uma chama em um mar de escurid\u00e3o. O projeto ainda conta com a edi\u00e7\u00e3o de <strong>Marco T\u00falio Nonato<\/strong>. <strong>Gabriel Zander<\/strong>, respons\u00e1vel por trabalhos para<strong> BAD LUV, Sugar Kane, Radical Karma<\/strong>, entre outros, ficou a cargo da mixagem e masteriza\u00e7\u00e3o.\u00a0<\/span><\/p>\n<\/div>\n<div data-hook=\"rcv-block9\"><\/div>\n<div data-breakout=\"normal\">\n<div id=\"viewer-rkw7g14883\" class=\"thtTy -PN3w mcSBi iCJIo\" dir=\"auto\"><span class=\"wnQOX\">\u00a0<\/span><\/div>\n<\/div>\n<div data-hook=\"rcv-block10\"><\/div>\n<div data-breakout=\"normal\">\n<p id=\"viewer-ofxoc14884\" class=\"thtTy -PN3w vamab iCJIo\" dir=\"auto\"><span class=\"wnQOX vamab\">\u201c<em>Essas m\u00fasicas sintetizam o momento que estamos vivendo, com v\u00e1rias coisas que a gente achou importante registrar e quis transmitir tamb\u00e9m. Este disco sintetiza a fagulha da igni\u00e7\u00e3o e inicia o processo de acender uma chama de novo no meio da escurid\u00e3o. Ela \u00e9 uma reflex\u00e3o sobre tudo o que a gente j\u00e1 passou at\u00e9 aqui e sobre esse renascimento. \u00c9 um novo momento de redescoberta, de reaprender a andar, e nele a gente tenta amarrar tudo o que a gente precisa lembrar para sair desse t\u00fanel, desse lado escuro<\/em>\u201d, finaliza <strong>\u00cdtalo<\/strong>.<\/span><\/p>\n<\/div>\n<div data-hook=\"rcv-block11\"><\/div>\n<div data-breakout=\"normal\">\n<div id=\"viewer-do8ii14891\" class=\"thtTy -PN3w mcSBi iCJIo\" dir=\"auto\"><span class=\"wnQOX\">\u00a0<\/span><\/div>\n<\/div>\n<div data-hook=\"rcv-block12\"><\/div>\n<div data-breakout=\"normal\">\n<p id=\"viewer-d1v8e14892\" class=\"thtTy -PN3w vamab iCJIo\" dir=\"auto\"><span class=\"wnQOX vamab\"><strong>SERVI\u00c7O:<\/strong><\/span><\/p>\n<\/div>\n<div data-breakout=\"normal\">\n<p id=\"viewer-7e8ja14894\" class=\"thtTy -PN3w vamab iCJIo\" dir=\"auto\"><span class=\"wnQOX vamab\"><strong><em>PENSE &#8211; Lan\u00e7amento do \u00e1lbum &#8220;Tudo que Temos de Lembrar&#8221;<\/em><\/strong><\/span><\/p>\n<\/div>\n<div data-hook=\"rcv-block14\"><span class=\"wnQOX vamab\">Data: 02\/10\/2024 (s\u00e1bado)<\/span><\/div>\n<div data-breakout=\"normal\"><\/div>\n<div data-breakout=\"normal\">\n<p id=\"viewer-y5f7414899\" class=\"thtTy -PN3w vamab iCJIo\" dir=\"auto\"><span class=\"wnQOX vamab\">Local: Desgosto Bar (R. Padre Roma, 174, Centro, Florian\u00f3polis)<\/span><\/p>\n<\/div>\n<div data-breakout=\"normal\">\n<p id=\"viewer-h1uhf14901\" class=\"thtTy -PN3w vamab iCJIo\" dir=\"auto\"><span class=\"wnQOX vamab\">In\u00edcio do Evento: 21h<\/span><\/p>\n<\/div>\n<div data-breakout=\"normal\">\n<p id=\"viewer-v8zfr14903\" class=\"thtTy -PN3w vamab iCJIo\" dir=\"auto\"><span class=\"wnQOX vamab\">Classifica\u00e7\u00e3o: +18<\/span><\/p>\n<\/div>\n<div data-breakout=\"normal\">\n<p id=\"viewer-mstce14905\" class=\"thtTy -PN3w vamab iCJIo\" dir=\"auto\"><span class=\"wnQOX vamab\">Ingressos: a partir de R$ 60 via <a class=\"RtUmt XgxHi\" href=\"https:\/\/101tickets.com.br\/events\/details\/Desgosto-Apresenta:-Pense\" target=\"_blank\" rel=\"noopener noreferrer\" data-hook=\"WebLink\"><u>101tickets<\/u><\/a><\/span><\/p>\n<\/div>\n<div data-breakout=\"normal\">\n<p id=\"viewer-oqtf714909\" class=\"thtTy -PN3w vamab iCJIo\" dir=\"auto\"><span class=\"wnQOX vamab\">Data: 03\/10\/2024 (domingo)<\/span><\/p>\n<\/div>\n<div data-breakout=\"normal\">\n<p id=\"viewer-nzurm14911\" class=\"thtTy -PN3w vamab iCJIo\" dir=\"auto\"><span class=\"wnQOX vamab\">Local: Gravador Pub (R. Ernesto da Fontoura, 962 &#8211; S\u00e3o Geraldo)<\/span><\/p>\n<\/div>\n<div data-breakout=\"normal\">\n<p id=\"viewer-rooe014913\" class=\"thtTy -PN3w vamab iCJIo\" dir=\"auto\"><span class=\"wnQOX vamab\">Abertura dos port\u00f5es: 17h<\/span><\/p>\n<\/div>\n<div data-breakout=\"normal\">\n<p id=\"viewer-abzd614915\" class=\"thtTy -PN3w vamab iCJIo\" dir=\"auto\"><span class=\"wnQOX vamab\">In\u00edcio do Evento: 18h<\/span><\/p>\n<\/div>\n<div data-breakout=\"normal\">\n<p id=\"viewer-6iypl14917\" class=\"thtTy -PN3w vamab iCJIo\" dir=\"auto\"><span class=\"wnQOX vamab\">Classifica\u00e7\u00e3o: +18<\/span><\/p>\n<\/div>\n<div data-breakout=\"normal\">\n<p id=\"viewer-rb8wf14919\" class=\"thtTy -PN3w vamab iCJIo\" dir=\"auto\"><span class=\"wnQOX vamab\">Ingressos: a partir de R$ 70 via<u> <\/u><a class=\"RtUmt XgxHi\" href=\"https:\/\/www.bilheto.com.br\/comprar\/2782\/pense-porto-alegre\" target=\"_blank\" rel=\"noopener noreferrer\" data-hook=\"WebLink\"><u>Bilheto<\/u><\/a><a class=\"RtUmt XgxHi\" href=\"https:\/\/www.bilheto.com.br\/comprar\/2782\/pense-porto-alegre\" target=\"_blank\" rel=\"noopener noreferrer\" data-hook=\"WebLink\"><u>\u00a0<\/u><\/a><\/span><\/p>\n<\/div>\n<div data-hook=\"rcv-block26\"><\/div>\n<div data-breakout=\"normal\">\n<div id=\"viewer-i07k714924\" class=\"thtTy -PN3w mcSBi iCJIo\" dir=\"auto\"><span class=\"wnQOX\">\u00a0<\/span><\/div>\n<\/div>\n<div data-hook=\"rcv-block27\"><\/div>\n<div data-breakout=\"normal\">\n<p id=\"viewer-0xnxy14925\" class=\"thtTy -PN3w vamab iCJIo\" dir=\"auto\"><span class=\"wnQOX vamab\"><strong>Sobre PENSE<\/strong><\/span><\/p>\n<\/div>\n<div data-breakout=\"normal\">\n<p id=\"viewer-m79m914927\" class=\"thtTy -PN3w vamab iCJIo\" dir=\"auto\"><span class=\"wnQOX vamab\">A <strong>PENSE <\/strong>foi formada em Belo Horizonte\/MG, em 2007 e \u00e9 conhecida por suas letras intensas e mensagens reflexivas, que abordam temas como luta contra injusti\u00e7as sociais, autoconhecimento, resist\u00eancia e motiva\u00e7\u00e3o pessoal. A banda combina o peso do hardcore com influ\u00eancias de metal, resultando em uma sonoridade agressiva e energ\u00e9tica, que atrai f\u00e3s de diversas vertentes do rock.<\/span><\/p>\n<\/div>\n<div data-hook=\"rcv-block29\"><\/div>\n<div data-breakout=\"normal\">\n<div id=\"viewer-k03f414995\" class=\"thtTy -PN3w vamab iCJIo\" dir=\"auto\"><span class=\"wnQOX vamab\">\u00a0<\/span><\/div>\n<\/div>\n<div data-hook=\"rcv-block30\"><\/div>\n<div data-breakout=\"normal\">\n<p id=\"viewer-inp0r14931\" class=\"thtTy -PN3w vamab iCJIo\" dir=\"auto\"><span class=\"wnQOX vamab\">O primeiro \u00e1lbum, &#8220;<em>Espelho da Alma<\/em>&#8221; (2011), logo chamou aten\u00e7\u00e3o pela originalidade e pelo teor emocional das letras. Em 2014, o segundo \u00e1lbum, &#8220;<em>Al\u00e9m Daquilo que te Cega<\/em>&#8220;, solidificou a posi\u00e7\u00e3o da <strong>PENSE <\/strong>no cen\u00e1rio nacional, trazendo letras mais diretas sobre temas de empoderamento pessoal e cr\u00edtica social.<\/span><\/p>\n<\/div>\n<div data-hook=\"rcv-block31\"><\/div>\n<div data-breakout=\"normal\">\n<div id=\"viewer-9264a15064\" class=\"thtTy -PN3w vamab iCJIo\" dir=\"auto\"><span class=\"wnQOX vamab\">\u00a0<\/span><\/div>\n<\/div>\n<div data-hook=\"rcv-block32\"><\/div>\n<div data-breakout=\"normal\">\n<p id=\"viewer-38azx14939\" class=\"thtTy -PN3w vamab iCJIo\" dir=\"auto\"><span class=\"wnQOX vamab\">O terceiro \u00e1lbum, &#8220;<em>Realidade, Vida e F\u00e9<\/em>&#8221; (2018), foi um grande sucesso no meio underground e ampliou ainda mais o p\u00fablico da banda. Com letras que abordam quest\u00f5es pol\u00edticas e existenciais, esse disco mostra uma banda madura e em sintonia com os problemas sociais contempor\u00e2neos.<\/span><\/p>\n<\/div>\n<div data-hook=\"rcv-block33\"><\/div>\n<div data-breakout=\"normal\">\n<div id=\"viewer-s6q3615129\" class=\"thtTy -PN3w vamab iCJIo\" dir=\"auto\"><span class=\"wnQOX vamab\">\u00a0<\/span><\/div>\n<\/div>\n<div data-hook=\"rcv-block34\"><\/div>\n<div data-breakout=\"normal\">\n<p id=\"viewer-293de14943\" class=\"thtTy -PN3w vamab iCJIo\" dir=\"auto\"><span class=\"wnQOX vamab\">A <strong>PENSE <\/strong>cresceu no cen\u00e1rio atrav\u00e9s de uma base fiel de f\u00e3s e uma postura independente, participando de festivais e tocando em diversas cidades pelo pa\u00eds. Seus shows s\u00e3o conhecidos pela intensidade e pela conex\u00e3o emocional com o p\u00fablico, com a banda incentivando frequentemente a participa\u00e7\u00e3o ativa e cantos coletivos durante as apresenta\u00e7\u00f5es.<\/span><\/p>\n<\/div>\n<div data-hook=\"rcv-block35\"><\/div>\n<div data-breakout=\"normal\">\n<div id=\"viewer-wxdlq17439\" class=\"thtTy -PN3w vamab iCJIo\" dir=\"auto\"><span class=\"wnQOX vamab\">\u00a0<\/span><\/div>\n<\/div>\n<div data-hook=\"rcv-block36\"><\/div>\n<div data-breakout=\"normal\">\n<p id=\"viewer-4jsz017530\" class=\"thtTy -PN3w vamab iCJIo\" dir=\"auto\"><span class=\"wnQOX vamab\">Fonte: Reda\u00e7\u00e3o (Daiv Santos)<\/span><\/p>\n<\/div>\n","protected":false},"excerpt":{"rendered":"<p>Com passagem marcada por Porto Alegre e Florian\u00f3polis, o grupo promete apresentar as novas can\u00e7\u00f5es e antigos sucessos em espet\u00e1culos especiais Cr\u00e9dito: Larissa Queiroz Ap\u00f3s seis anos, a banda PENSE &#8211; refer\u00eancia no cen\u00e1rio hardcore brazuca -, acaba de lan\u00e7ar um novo \u00e1lbum de in\u00e9ditas, \u201cTudo que Temos de Lembrar\u201d, e j\u00e1 est\u00e1 na estrada [&hellip;]<\/p>\n","protected":false},"author":12,"featured_media":26127,"comment_status":"closed","ping_status":"open","sticky":false,"template":"","format":"standard","meta":{"footnotes":""},"categories":[4],"tags":[],"class_list":["post-26126","post","type-post","status-publish","format-standard","has-post-thumbnail","hentry","category-noticias"],"_links":{"self":[{"href":"http:\/\/heavymetalonline.com.br\/index.php?rest_route=\/wp\/v2\/posts\/26126","targetHints":{"allow":["GET"]}}],"collection":[{"href":"http:\/\/heavymetalonline.com.br\/index.php?rest_route=\/wp\/v2\/posts"}],"about":[{"href":"http:\/\/heavymetalonline.com.br\/index.php?rest_route=\/wp\/v2\/types\/post"}],"author":[{"embeddable":true,"href":"http:\/\/heavymetalonline.com.br\/index.php?rest_route=\/wp\/v2\/users\/12"}],"replies":[{"embeddable":true,"href":"http:\/\/heavymetalonline.com.br\/index.php?rest_route=%2Fwp%2Fv2%2Fcomments&post=26126"}],"version-history":[{"count":1,"href":"http:\/\/heavymetalonline.com.br\/index.php?rest_route=\/wp\/v2\/posts\/26126\/revisions"}],"predecessor-version":[{"id":26128,"href":"http:\/\/heavymetalonline.com.br\/index.php?rest_route=\/wp\/v2\/posts\/26126\/revisions\/26128"}],"wp:featuredmedia":[{"embeddable":true,"href":"http:\/\/heavymetalonline.com.br\/index.php?rest_route=\/wp\/v2\/media\/26127"}],"wp:attachment":[{"href":"http:\/\/heavymetalonline.com.br\/index.php?rest_route=%2Fwp%2Fv2%2Fmedia&parent=26126"}],"wp:term":[{"taxonomy":"category","embeddable":true,"href":"http:\/\/heavymetalonline.com.br\/index.php?rest_route=%2Fwp%2Fv2%2Fcategories&post=26126"},{"taxonomy":"post_tag","embeddable":true,"href":"http:\/\/heavymetalonline.com.br\/index.php?rest_route=%2Fwp%2Fv2%2Ftags&post=26126"}],"curies":[{"name":"wp","href":"https:\/\/api.w.org\/{rel}","templated":true}]}}