{"id":26530,"date":"2024-11-14T13:46:38","date_gmt":"2024-11-14T13:46:38","guid":{"rendered":"http:\/\/heavymetalonline.com.br\/?p=26530"},"modified":"2024-11-14T13:46:38","modified_gmt":"2024-11-14T13:46:38","slug":"edu-falaschi-celebra-23-anos-de-rebirth-com-lancamento-de-nova-era-ao-vivo-no-blu-ray-vera-cruz","status":"publish","type":"post","link":"http:\/\/heavymetalonline.com.br\/?p=26530","title":{"rendered":"Edu Falaschi celebra 23 anos de \u201cRebirth\u201d com lan\u00e7amento de \u201cNova Era\u201d ao vivo no Blu-ray \u2018Vera Cruz\u2019"},"content":{"rendered":"<div data-breakout=\"normal\">\n<div data-breakout=\"normal\">\n<p id=\"viewer-xswbc40787\" class=\"XkByg vaqC7 F5qm8 WcxKu\" dir=\"auto\" style=\"text-align: center;\"><span class=\"MMRe0\"><em>Trabalho audiovisual tem lan\u00e7amento previsto para 2025 e contar\u00e1 com grande<\/em><\/span><\/p>\n<\/div>\n<div style=\"text-align: right;\" data-breakout=\"normal\">\n<p id=\"viewer-6e4i541009\" class=\"XkByg vaqC7 F5qm8 WcxKu\" dir=\"auto\" style=\"text-align: center;\"><span class=\"MMRe0\"><em>produ\u00e7\u00e3o e palco grandioso repleto de efeitos especiais<\/em><\/span><\/p>\n<pre id=\"viewer-rpvy540884\" class=\"szUBD Xd5Wk h8LWG\" dir=\"auto\"><span class=\"\">Cr\u00e9dito Foto: F\u00e1bio Augusto<\/span><\/pre>\n<\/div>\n<p id=\"viewer-ay4ks40944\" class=\"XkByg vaqC7 h8LWG WcxKu\" dir=\"auto\"><span class=\"MMRe0\">Em homenagem aos 23 anos do \u00e1lbum Rebirth, Edu Falaschi acaba de lan\u00e7ar o aguardado registro ao vivo da faixa \u201cNova Era\u201d como primeiro single do Blu-ray Vera Cruz, a ser lan\u00e7ado em 2025. O v\u00eddeo, produzido pela Foggy Filmes sob dire\u00e7\u00e3o de Junior Carelli e Rudge Campos, revive a for\u00e7a do Power Metal que marcou uma gera\u00e7\u00e3o e destaca a contribui\u00e7\u00e3o dos integrantes do Angra na \u00e9poca de Rebirth: Edu Falaschi, Kiko Loureiro, Rafael Bittencourt, Felipe Andreoli e Aquiles Priester.<\/span><\/p>\n<\/div>\n<div data-hook=\"rcv-block6\"><\/div>\n<div data-breakout=\"normal\">\n<div id=\"viewer-z2msq40110\" class=\"XkByg vaqC7 h8LWG WcxKu\" dir=\"auto\"><span class=\"MMRe0\">\u00a0<\/span><\/div>\n<\/div>\n<div data-hook=\"rcv-block7\"><\/div>\n<div data-breakout=\"normal\">\n<p id=\"viewer-hgh7n40111\" class=\"XkByg vaqC7 h8LWG WcxKu\" dir=\"auto\"><span class=\"MMRe0\"><strong>Assista \u2018Nova Era\u2019 ao vivo<\/strong>: <\/span><\/p>\n<\/div>\n<p><iframe loading=\"lazy\" title=\"YouTube video player\" src=\"https:\/\/www.youtube.com\/embed\/CEEP_yd6wGg?si=Iomv7GhsKZsJsh84\" width=\"560\" height=\"315\" frameborder=\"0\" allowfullscreen=\"allowfullscreen\"><\/iframe><\/p>\n<div data-breakout=\"normal\">\n<p id=\"viewer-jaao440117\" class=\"XkByg vaqC7 h8LWG WcxKu\" dir=\"auto\"><span class=\"MMRe0\">A escolha de \u201cNova Era\u201d para abrir o Rebirth em 2001 representou um momento hist\u00f3rico para Edu Falaschi e a banda Angra. Composta majoritariamente por Falaschi, a m\u00fasica rapidamente se consolidou como um hino, abrindo caminho para o sucesso do \u00e1lbum e refor\u00e7ando o legado do Angra no cen\u00e1rio do metal mundial. Ao compartilhar o registro ao vivo dessa faixa emblem\u00e1tica, Falaschi une passado e presente, reacendendo a paix\u00e3o dos f\u00e3s que acompanharam sua jornada.<\/span><\/p>\n<\/div>\n<div data-hook=\"rcv-block11\"><\/div>\n<div data-breakout=\"normal\">\n<div id=\"viewer-4mcem40120\" class=\"XkByg vaqC7 h8LWG WcxKu\" dir=\"auto\"><span class=\"MMRe0\">\u00a0<\/span><\/div>\n<\/div>\n<div data-hook=\"rcv-block12\"><\/div>\n<div data-breakout=\"normal\">\n<p id=\"viewer-pz8pe40121\" class=\"XkByg vaqC7 h8LWG WcxKu\" dir=\"auto\"><span class=\"MMRe0\"><strong>Edu Falaschi comenta:<\/strong><\/span><\/p>\n<\/div>\n<div data-breakout=\"normal\">\n<p id=\"viewer-zused40125\" class=\"XkByg vaqC7 h8LWG WcxKu\" dir=\"auto\"><span class=\"MMRe0\"><em>\u201cEsse \u00e9 um dia muito especial pra mim, a data que deu in\u00edcio ao nascimento oficial da minha jornada ao lado do Angra, ironicamente \u00e9 tamb\u00e9m a data do nascimento da minha filha Mikaela, ou seja, um dia maravilhoso pra mim, que eu fiz quest\u00e3o de comemorar com os f\u00e3s, presenteando-os de surpresa com o primeiro single do t\u00e3o aguardado Blu-ray Vera Cruz\u201c<\/em><\/span><\/p>\n<\/div>\n<div data-hook=\"rcv-block14\"><\/div>\n<div data-breakout=\"normal\">\n<div id=\"viewer-17hnm40128\" class=\"XkByg vaqC7 h8LWG WcxKu\" dir=\"auto\"><span class=\"MMRe0\">\u00a0<\/span><\/div>\n<\/div>\n<div data-hook=\"rcv-block15\"><\/div>\n<div data-breakout=\"normal\">\n<p id=\"viewer-pwgrj40129\" class=\"XkByg vaqC7 h8LWG WcxKu\" dir=\"auto\"><span class=\"MMRe0\">O Blu-ray Vera Cruz, gravado com produ\u00e7\u00e3o executiva de Falaschi, re\u00fane um espet\u00e1culo visual e sonoro, com uma banda formada pelos m\u00fasicos Roberto Barros e Diogo Mafra (guitarras), Raphael Dafras (baixo), Aquiles Priester (bateria) e Fabio Laguna (teclados). A produ\u00e7\u00e3o t\u00e9cnica teve a supervis\u00e3o de Arthur Bevilacqua, respons\u00e1vel tamb\u00e9m pelo projeto de palco e dire\u00e7\u00e3o de palco, assegurando a execu\u00e7\u00e3o de um show grandioso.<\/span><\/p>\n<\/div>\n<div data-hook=\"rcv-block16\"><\/div>\n<div data-breakout=\"normal\">\n<div id=\"viewer-v9n2640132\" class=\"XkByg vaqC7 h8LWG WcxKu\" dir=\"auto\"><span class=\"MMRe0\">\u00a0<\/span><\/div>\n<\/div>\n<div data-hook=\"rcv-block17\"><\/div>\n<div data-breakout=\"normal\">\n<p id=\"viewer-61uvh40133\" class=\"XkByg vaqC7 h8LWG WcxKu\" dir=\"auto\"><span class=\"MMRe0\">Com <strong>\u201cNova Era\u201d <\/strong>ao vivo, Edu Falaschi d\u00e1 in\u00edcio a uma nova fase de sua carreira solo, ao mesmo tempo em que presta homenagem ao legado de Rebirth. O lan\u00e7amento do Blu-ray Vera Cruz \u00e9 aguardado com grande expectativa para 2025, prometendo revisitar o impacto do \u00e1lbum e reafirmar a contribui\u00e7\u00e3o de Edu Falaschi ao Power Metal.<\/span><\/p>\n<\/div>\n<div data-hook=\"rcv-block18\"><\/div>\n<div data-breakout=\"normal\">\n<div id=\"viewer-88zd940136\" class=\"XkByg vaqC7 h8LWG WcxKu\" dir=\"auto\"><span class=\"MMRe0\">\u00a0<\/span><\/div>\n<\/div>\n<div data-hook=\"rcv-block19\"><\/div>\n<div data-breakout=\"normal\">\n<p id=\"viewer-k5zc640137\" class=\"XkByg vaqC7 h8LWG WcxKu\" dir=\"auto\"><span class=\"MMRe0\"><strong>Mais informa\u00e7\u00f5es:<\/strong><\/span><\/p>\n<\/div>\n<div data-breakout=\"normal\">\n<p id=\"viewer-9wbyv40769\" class=\"XkByg vaqC7 h8LWG WcxKu\" dir=\"auto\"><span class=\"MMRe0\"><a class=\"-HNo0 -NuKl\" href=\"http:\/\/www.edufalaschi.com.br\/\" target=\"_blank\" rel=\"noopener\" data-hook=\"WebLink\"><u>http:\/\/www.edufalaschi.com.br<\/u><\/a><\/span><\/p>\n<\/div>\n<div data-hook=\"rcv-block21\"><\/div>\n<div data-breakout=\"normal\">\n<div id=\"viewer-8c5wo40522\" class=\"XkByg vaqC7 h8LWG WcxKu\" dir=\"auto\"><span class=\"MMRe0\">\u00a0<\/span><\/div>\n<\/div>\n<div data-hook=\"rcv-block22\"><\/div>\n<div data-breakout=\"normal\">\n<p id=\"viewer-gvsmu40535\" class=\"XkByg vaqC7 h8LWG WcxKu\" dir=\"auto\"><span class=\"MMRe0\"><strong>Fonte:<\/strong> TRM Press<\/span><\/p>\n<\/div>\n","protected":false},"excerpt":{"rendered":"<p>Trabalho audiovisual tem lan\u00e7amento previsto para 2025 e contar\u00e1 com grande produ\u00e7\u00e3o e palco grandioso repleto de efeitos especiais Cr\u00e9dito Foto: F\u00e1bio Augusto Em homenagem aos 23 anos do \u00e1lbum Rebirth, Edu Falaschi acaba de lan\u00e7ar o aguardado registro ao vivo da faixa \u201cNova Era\u201d como primeiro single do Blu-ray Vera Cruz, a ser lan\u00e7ado [&hellip;]<\/p>\n","protected":false},"author":12,"featured_media":26531,"comment_status":"closed","ping_status":"open","sticky":false,"template":"","format":"standard","meta":{"footnotes":""},"categories":[4],"tags":[],"class_list":["post-26530","post","type-post","status-publish","format-standard","has-post-thumbnail","hentry","category-noticias"],"_links":{"self":[{"href":"http:\/\/heavymetalonline.com.br\/index.php?rest_route=\/wp\/v2\/posts\/26530","targetHints":{"allow":["GET"]}}],"collection":[{"href":"http:\/\/heavymetalonline.com.br\/index.php?rest_route=\/wp\/v2\/posts"}],"about":[{"href":"http:\/\/heavymetalonline.com.br\/index.php?rest_route=\/wp\/v2\/types\/post"}],"author":[{"embeddable":true,"href":"http:\/\/heavymetalonline.com.br\/index.php?rest_route=\/wp\/v2\/users\/12"}],"replies":[{"embeddable":true,"href":"http:\/\/heavymetalonline.com.br\/index.php?rest_route=%2Fwp%2Fv2%2Fcomments&post=26530"}],"version-history":[{"count":1,"href":"http:\/\/heavymetalonline.com.br\/index.php?rest_route=\/wp\/v2\/posts\/26530\/revisions"}],"predecessor-version":[{"id":26532,"href":"http:\/\/heavymetalonline.com.br\/index.php?rest_route=\/wp\/v2\/posts\/26530\/revisions\/26532"}],"wp:featuredmedia":[{"embeddable":true,"href":"http:\/\/heavymetalonline.com.br\/index.php?rest_route=\/wp\/v2\/media\/26531"}],"wp:attachment":[{"href":"http:\/\/heavymetalonline.com.br\/index.php?rest_route=%2Fwp%2Fv2%2Fmedia&parent=26530"}],"wp:term":[{"taxonomy":"category","embeddable":true,"href":"http:\/\/heavymetalonline.com.br\/index.php?rest_route=%2Fwp%2Fv2%2Fcategories&post=26530"},{"taxonomy":"post_tag","embeddable":true,"href":"http:\/\/heavymetalonline.com.br\/index.php?rest_route=%2Fwp%2Fv2%2Ftags&post=26530"}],"curies":[{"name":"wp","href":"https:\/\/api.w.org\/{rel}","templated":true}]}}