{"id":26557,"date":"2024-11-15T03:25:44","date_gmt":"2024-11-15T03:25:44","guid":{"rendered":"http:\/\/heavymetalonline.com.br\/?p=26557"},"modified":"2024-11-15T03:25:44","modified_gmt":"2024-11-15T03:25:44","slug":"the-town-anuncia-que-katy-perry-um-dos-maiores-destaques-do-rock-in-rio-sera-headliner-do-skyline","status":"publish","type":"post","link":"http:\/\/heavymetalonline.com.br\/?p=26557","title":{"rendered":"The Town anuncia que Katy Perry, um dos maiores destaques do Rock in Rio, ser\u00e1 headliner do Skyline"},"content":{"rendered":"<div class=\"nLG8d5\" data-hook=\"post-description\">\n<article class=\"blog-post-page-font\">\n<div class=\"post-content__body stSKMK\">\n<div class=\"moHCnT\">\n<div class=\"moHCnT\">\n<div class=\"fTEXDR\" data-rce-version=\"10.105.0\">\n<div class=\"OWzcq\" dir=\"ltr\" data-id=\"content-viewer\">\n<div class=\"-n--z\">\n<div class=\"am0K-\">\n<div data-breakout=\"normal\">\n<p id=\"viewer-nlsws2678\" class=\"XkByg vaqC7 h8LWG WcxKu\" dir=\"auto\"><span class=\"MMRe0\">Ap\u00f3s dois anos de espera, o <strong>The Town <\/strong>volta a S\u00e3o Paulo nos dias 06, 07, 12, 13 e 14 de setembro de 2025, no Aut\u00f3dromo de Interlagos. A pr\u00f3xima e hist\u00f3rica edi\u00e7\u00e3o marcar\u00e1 o segundo cap\u00edtulo de sucesso na trajet\u00f3ria do maior festival de m\u00fasica, cultura e arte que a cidade j\u00e1 recebeu. <\/span><\/p>\n<\/div>\n<div data-hook=\"rcv-block3\"><\/div>\n<div data-breakout=\"normal\">\n<div id=\"viewer-d3vkp474\" class=\"XkByg vaqC7 h8LWG WcxKu\" dir=\"auto\"><span class=\"MMRe0\">\u00a0<\/span><\/div>\n<\/div>\n<div data-hook=\"rcv-block4\"><\/div>\n<div data-breakout=\"normal\">\n<p id=\"viewer-8u2eu541\" class=\"XkByg vaqC7 h8LWG WcxKu\" dir=\"auto\"><span class=\"MMRe0\">No line-up, o festival acaba de confirmar sua primeira de muitas outras atra\u00e7\u00f5es que ser\u00e3o anunciadas em breve. Com uma performance arrebatadora no Rock in Rio 40 anos que enlouqueceu toda a plateia, Katy Perry estar\u00e1 na segunda edi\u00e7\u00e3o do The Town e ser\u00e1 headliner do palco Skyline no dia 14 de setembro. A artista se tornou um dos nomes mais pedidos e aguardados pelos f\u00e3s de todo o pa\u00eds que estiveram na Cidade do Rock e seguem pedindo por mais uma oportunidade de viver essa experi\u00eancia, al\u00e9m dos que n\u00e3o puderam comparecer ao festival neste ano \u2013 j\u00e1 que os ingressos para a data em que ela se apresentou esgotaram em apenas uma hora e quarenta e tr\u00eas minutos. <\/span><\/p>\n<\/div>\n<div data-hook=\"rcv-block5\"><\/div>\n<div data-breakout=\"normal\">\n<div id=\"viewer-1f3fg964\" class=\"XkByg vaqC7 h8LWG WcxKu\" dir=\"auto\"><span class=\"MMRe0\">\u00a0<\/span><\/div>\n<\/div>\n<div data-hook=\"rcv-block6\"><\/div>\n<div data-breakout=\"normal\">\n<p id=\"viewer-5hne61023\" class=\"XkByg vaqC7 h8LWG WcxKu\" dir=\"auto\"><span class=\"MMRe0\">Com um show in\u00e9dito que re\u00fane sucessos da carreira e de seu mais novo \u00e1lbum \u201c143\u201d, a cantora enfim volta a S\u00e3o Paulo sete anos depois de sua \u00faltima vinda, carregando toda sua energia e emo\u00e7\u00e3o, em uma apresenta\u00e7\u00e3o que ser\u00e1 inesquec\u00edvel.<\/span><\/p>\n<\/div>\n<div data-hook=\"rcv-block7\"><\/div>\n<div data-breakout=\"normal\">\n<p id=\"viewer-a4y5u63\" class=\"XkByg vaqC7 S9i2- WcxKu\" dir=\"auto\"><span class=\"MMRe0 S9i2-\">\u00a0<\/span><\/p>\n<\/div>\n<div data-hook=\"rcv-block8\"><\/div>\n<div data-breakout=\"normal\">\n<p id=\"viewer-1b45j65\" class=\"XkByg vaqC7 S9i2- WcxKu\" dir=\"auto\"><span class=\"MMRe0 S9i2-\">O <strong>The Town<\/strong> ter\u00e1 cinco dias repletos de momentos memor\u00e1veis com muitas atra\u00e7\u00f5es que far\u00e3o hist\u00f3ria na Cidade da M\u00fasica \u2013 que chega ainda mais potente com uma reestrutura\u00e7\u00e3o que traz a mudan\u00e7a de local do The One e outros palcos e espa\u00e7os, para garantir, mais uma vez, uma experi\u00eancia \u00fanica para o p\u00fablico.<\/span><\/p>\n<\/div>\n<div data-hook=\"rcv-block9\"><\/div>\n<div data-breakout=\"normal\">\n<p id=\"viewer-u65is67\" class=\"XkByg vaqC7 S9i2- WcxKu\" dir=\"auto\"><span class=\"MMRe0 S9i2-\">\u00a0<\/span><\/p>\n<\/div>\n<div data-hook=\"rcv-block10\"><\/div>\n<div data-breakout=\"normal\">\n<p id=\"viewer-kwo4f77\" class=\"XkByg vaqC7 S9i2- WcxKu\" dir=\"auto\"><span class=\"MMRe0 S9i2-\"><em>\u201cO show da Katy Perry na edi\u00e7\u00e3o de 40 anos do Rock in Rio foi espetacular! Ele ainda ecoa no cora\u00e7\u00e3o dos milhares de f\u00e3s que lotaram nosso festival para assisti-la. Neste ano em que S\u00e3o Paulo celebra 470 anos, temos a alegria de anunciar a volta dessa grande estrela pop, agora para o nosso The Town. Um presente para o p\u00fablico paulista que vai se emocionar e cantar os hits dessa artista ic\u00f4nica na nossa Cidade da M\u00fasica. A segunda edi\u00e7\u00e3o do The Town traz um line-up poderoso, repleto de grandes astros nacionais e internacionais. Um line-up plural e diverso com v\u00e1rios shows constru\u00eddos exclusivamente para o festival. Ser\u00e1 uma edi\u00e7\u00e3o m\u00e1gica. Inesquec\u00edvel. Do jeito que S\u00e3o Paulo merece.\u201d<\/em>, compartilha Z\u00e9 Ricardo, vice-presidente art\u00edstico da Rock World, empresa que criou e organiza o The Town e o Rock in Rio e produz o Lollapalooza.<\/span><\/p>\n<\/div>\n<div data-hook=\"rcv-block11\"><\/div>\n<div data-breakout=\"normal\">\n<p id=\"viewer-g6tay79\" class=\"XkByg vaqC7 S9i2- WcxKu\" dir=\"auto\"><span class=\"MMRe0 S9i2-\">\u00a0<\/span><\/p>\n<\/div>\n<div data-hook=\"rcv-block12\"><\/div>\n<div data-breakout=\"normal\">\n<p id=\"viewer-u0o9493\" class=\"XkByg vaqC7 S9i2- WcxKu\" dir=\"auto\"><span class=\"MMRe0 S9i2-\">Al\u00e9m da nova configura\u00e7\u00e3o dos palcos e de novas atra\u00e7\u00f5es que ainda ser\u00e3o anunciadas, j\u00e1 est\u00e3o confirmados para a edi\u00e7\u00e3o do ano que vem os brinquedos radicais como a Roda Gigante, Tirolesa, Megadrop e Montanha Russa. Outros grandes destaques tamb\u00e9m s\u00e3o a cenografia potente que estar\u00e1 presente por todos os cantos, as memor\u00e1veis e concorridas ativa\u00e7\u00f5es de marcas e a gastronomia de dar \u00e1gua na boca espalhada por todo o gramado e na \u00e1rea vip.<\/span><\/p>\n<\/div>\n<div data-hook=\"rcv-block13\"><\/div>\n<div data-breakout=\"normal\">\n<p id=\"viewer-o0jx195\" class=\"XkByg vaqC7 S9i2- WcxKu\" dir=\"auto\"><span class=\"MMRe0 S9i2-\">\u00a0<\/span><\/p>\n<\/div>\n<div data-hook=\"rcv-block14\"><\/div>\n<div data-breakout=\"normal\">\n<p id=\"viewer-f586q97\" class=\"XkByg vaqC7 S9i2- WcxKu\" dir=\"auto\"><span class=\"MMRe0 S9i2-\">Programado para receber quatro shows por dia de grandes artistas nacionais e internacionais, o gigante <strong>Skyline<\/strong>, que j\u00e1 chama aten\u00e7\u00e3o por si s\u00f3 com sua cenografia inspirada nos arranha-c\u00e9us de S\u00e3o Paulo, mant\u00e9m o mesmo lugar que ficou na \u00faltima edi\u00e7\u00e3o.<\/span><\/p>\n<\/div>\n<div data-hook=\"rcv-block15\"><\/div>\n<div data-breakout=\"normal\">\n<p id=\"viewer-f5o2n101\" class=\"XkByg vaqC7 S9i2- WcxKu\" dir=\"auto\"><span class=\"MMRe0 S9i2-\">\u00a0<\/span><\/p>\n<\/div>\n<div data-hook=\"rcv-block16\"><\/div>\n<div data-breakout=\"normal\">\n<p id=\"viewer-xl3yp103\" class=\"XkByg vaqC7 S9i2- WcxKu\" dir=\"auto\"><span class=\"MMRe0 S9i2-\">J\u00e1 o <strong>The One<\/strong>, aonde a m\u00fasica vai al\u00e9m da m\u00fasica, trazendo artistas potentes, mais de 30 tel\u00f5es de LED e uma cenografia inspirada nos museus de arte de S\u00e3o Paulo, ganha uma nova localiza\u00e7\u00e3o. Ele estar\u00e1 no lugar em que em 2023 ficava o Megadrop, em frente onde era o The Town Club Lounge, e passa a contar com um amplo anfiteatro natural, garantindo uma vis\u00e3o privilegiada dos shows. Tamb\u00e9m ser\u00e1 em frente ao The One que o Lounge Club, exclusivo para clientes The Town Club Rockstar, estar\u00e1 localizado.\u00a0<\/span><\/p>\n<\/div>\n<div data-hook=\"rcv-block17\"><\/div>\n<div data-breakout=\"normal\">\n<p id=\"viewer-o4cdd107\" class=\"XkByg vaqC7 S9i2- WcxKu\" dir=\"auto\"><span class=\"MMRe0 S9i2-\">\u00a0<\/span><\/p>\n<\/div>\n<div data-hook=\"rcv-block18\"><\/div>\n<div data-breakout=\"normal\">\n<p id=\"viewer-9813e109\" class=\"XkByg vaqC7 S9i2- WcxKu\" dir=\"auto\"><span class=\"MMRe0 S9i2-\">O retorno triunfal do <strong>S\u00e3o Paulo Square<\/strong> ter\u00e1 uma novidade. O palco, sucesso na primeira edi\u00e7\u00e3o, tamb\u00e9m ganhou uma nova localiza\u00e7\u00e3o e ficar\u00e1 no local onde estava o The One em 2023. Carregando uma trilha sonora composta, principalmente, de jazz e blues, g\u00eaneros que ser\u00e3o os mais presentes no palco, sua estrutura \u00e9 inspirada em arquiteturas hist\u00f3ricas marcantes da metr\u00f3pole e na regi\u00e3o em que a cidade foi fundada.<\/span><\/p>\n<\/div>\n<div data-hook=\"rcv-block19\"><\/div>\n<div data-breakout=\"normal\">\n<p id=\"viewer-wo6dj113\" class=\"XkByg vaqC7 S9i2- WcxKu\" dir=\"auto\"><span class=\"MMRe0 S9i2-\">\u00a0<\/span><\/p>\n<\/div>\n<div data-hook=\"rcv-block20\"><\/div>\n<div data-breakout=\"normal\">\n<p id=\"viewer-5600o115\" class=\"XkByg vaqC7 S9i2- WcxKu\" dir=\"auto\"><span class=\"MMRe0 S9i2-\">Enquanto isso, o <strong>Factory<\/strong> passa a ocupar o espa\u00e7o que era da S\u00e3o Paulo Square e ganha uma \u00e1rea de anfiteatro natural mais ampla para o p\u00fablico aproveitar cada segundo dos shows. Este ic\u00f4nico palco \u00e9 inspirado nos antigos galp\u00f5es das f\u00e1bricas da zona industrial de S\u00e3o Paulo, se transformando em um verdadeiro espa\u00e7o para grandes talentos da m\u00fasica nacional e internacional.<\/span><\/p>\n<\/div>\n<div data-hook=\"rcv-block21\"><\/div>\n<div data-breakout=\"normal\">\n<p id=\"viewer-tqtt1119\" class=\"XkByg vaqC7 S9i2- WcxKu\" dir=\"auto\"><span class=\"MMRe0 S9i2-\">\u00a0<\/span><\/p>\n<\/div>\n<div data-hook=\"rcv-block22\"><\/div>\n<div data-breakout=\"normal\">\n<p id=\"viewer-xxm6t121\" class=\"XkByg vaqC7 S9i2- WcxKu\" dir=\"auto\"><span class=\"MMRe0 S9i2-\">A sofisticada <strong>Market Square<\/strong>, que contou com a assinatura do renomado chef Alex Atala na edi\u00e7\u00e3o de 2023, tamb\u00e9m ter\u00e1 uma nova posi\u00e7\u00e3o e ficar\u00e1 localizada pr\u00f3xima ao espa\u00e7o que antes pertencia ao Factory. Com o melhor que a gastronomia tem a oferecer, diferentes quiosques e op\u00e7\u00f5es de bebidas e comidas que d\u00e3o \u00e1gua na boca, o espa\u00e7o ser\u00e1 coberto e climatizado. Quem vai frequentar a Cidade da M\u00fasica em 2025 poder\u00e1 experimentar as del\u00edcias dispon\u00edveis que ainda ser\u00e3o anunciadas pela organiza\u00e7\u00e3o do festival.<\/span><\/p>\n<\/div>\n<div data-hook=\"rcv-block23\"><\/div>\n<div data-breakout=\"normal\">\n<p id=\"viewer-nwwkd125\" class=\"XkByg vaqC7 S9i2- WcxKu\" dir=\"auto\"><span class=\"MMRe0 S9i2-\">\u00a0<\/span><\/p>\n<\/div>\n<div data-hook=\"rcv-block24\"><\/div>\n<div data-breakout=\"normal\">\n<p id=\"viewer-ujwjm127\" class=\"XkByg vaqC7 S9i2- WcxKu\" dir=\"auto\"><span class=\"MMRe0 S9i2-\">Brinquedos gigantes e radicais tamb\u00e9m estar\u00e3o presentes na Cidade da M\u00fasica, trazendo toda uma atmosfera m\u00e1gica de parque de divers\u00f5es para o local. Durante todos os dias do The Town, os f\u00e3s v\u00e3o se divertir com a <strong>Tirolesa<\/strong>, que vai passar na frente do Skyline, proporcionando uma vis\u00e3o privilegiada do palco; com a<strong> Roda Gigante<\/strong>, aproveitando a vista panor\u00e2mica da Cidade da M\u00fasica; e com o <strong>Megadrop <\/strong>e a <strong>Montanha Russa<\/strong>, as atra\u00e7\u00f5es mais emocionantes e divertidas do espa\u00e7o.<\/span><\/p>\n<\/div>\n<div data-hook=\"rcv-block25\"><\/div>\n<div data-breakout=\"normal\">\n<div id=\"viewer-3tjos137\" class=\"XkByg vaqC7 S9i2- WcxKu\" dir=\"auto\"><span class=\"MMRe0 S9i2-\">\u00a0<\/span><\/div>\n<\/div>\n<div data-hook=\"rcv-block26\"><\/div>\n<div data-breakout=\"normal\">\n<p id=\"viewer-ki6ts149\" class=\"XkByg vaqC7 S9i2- WcxKu\" dir=\"auto\"><span class=\"MMRe0 S9i2-\">A cenografia da Cidade da M\u00fasica foi cuidadosamente projetada para refletir a rica cultura e arquitetura de S\u00e3o Paulo. O palco Skyline, inspirado nos ic\u00f4nicos pr\u00e9dios da cidade, apresentou artistas do mundo inteiro, compondo as quatro atra\u00e7\u00f5es do dia. J\u00e1 o The One, ofereceu um cen\u00e1rio inspirado nos museus de arte da capital e promoveu grandes encontros e reflex\u00f5es art\u00edsticas. Do Rio para S\u00e3o Paulo, o New Dance Order foi dedicado \u00e0 m\u00fasica de pista, passando pelos g\u00eaneros house, techno, trance, bass e trap. A S\u00e3o Paulo Square veio inspirada na regi\u00e3o em que a cidade de S\u00e3o Paulo foi fundada, em pr\u00e9dios hist\u00f3ricos com arquiteturas ic\u00f4nicas de S\u00e3o Paulo, enquanto o Factory trouxe um toque industrial, inspirado em antigos galp\u00f5es, proporcionando um ambiente \u00fanico para as apresenta\u00e7\u00f5es. A Rota 85, uma das ruas mais charmosas e nost\u00e1lgicas do Rock in Rio, tamb\u00e9m esteve presente no novo festival. Para a pr\u00f3xima edi\u00e7\u00e3o, o festival ainda anunciar\u00e1 as atra\u00e7\u00f5es que far\u00e3o parte da Cidade da M\u00fasica.<\/span><\/p>\n<\/div>\n<div data-hook=\"rcv-block27\"><\/div>\n<div data-breakout=\"normal\">\n<p id=\"viewer-vtwr3151\" class=\"XkByg vaqC7 S9i2- WcxKu\" dir=\"auto\"><span class=\"MMRe0 S9i2-\">\u00a0<\/span><\/p>\n<\/div>\n<div data-hook=\"rcv-block28\"><\/div>\n<div data-breakout=\"normal\">\n<p id=\"viewer-n7z98153\" class=\"XkByg vaqC7 S9i2- WcxKu\" dir=\"auto\"><span class=\"MMRe0 S9i2-\">O <strong>The Town<\/strong> tamb\u00e9m se destacou pelo compromisso com a sustentabilidade, orientado pelos pilares de Sonhar e Fazer Acontecer da plataforma \u201cPor Um Mundo Melhor\u201d, que nasceu a partir do Rock in Rio e, hoje, \u00e9 uma \u00e1rea consistente dentro da Rock World. The Town foi pioneiro na utiliza\u00e7\u00e3o de 472 mil copos reutiliz\u00e1veis durante os cinco dias de evento, evitando a gera\u00e7\u00e3o de 10 toneladas de res\u00edduos. Em parceria com a ONG Gerando Falc\u00f5es, a Gerdau e a Funda\u00e7\u00e3o Grupo Volkswagen, o The Town lan\u00e7ou o projeto Favela 3D, voltado para o desenvolvimento social da Favela do Haiti, em S\u00e3o Paulo. Por meio de uma metodologia escal\u00e1vel e sustent\u00e1vel, 290 fam\u00edlias est\u00e3o sendo impactadas por a\u00e7\u00f5es que promovem o fortalecimento comunit\u00e1rio, empregabilidade, empreendedorismo, capacita\u00e7\u00f5es profissionais e acompanhamento individualizado, ao longo de dois anos. Ao completar um ano, a Favela do Haiti celebrou o pleno emprego.<\/span><\/p>\n<\/div>\n<div data-hook=\"rcv-block29\"><\/div>\n<div data-breakout=\"normal\">\n<p id=\"viewer-824u3155\" class=\"XkByg vaqC7 S9i2- WcxKu\" dir=\"auto\"><span class=\"MMRe0 S9i2-\">\u00a0<\/span><\/p>\n<\/div>\n<div data-hook=\"rcv-block30\"><\/div>\n<div data-breakout=\"normal\">\n<p id=\"viewer-uncma157\" class=\"XkByg vaqC7 S9i2- WcxKu\" dir=\"auto\"><span class=\"MMRe0 S9i2-\">A primeira edi\u00e7\u00e3o do <strong>The Town<\/strong> teve um impacto econ\u00f4mico significativo, gerando R$ 1,9 bilh\u00e3o para a cidade e criando mais de 23,4 mil empregos. Com uma comunica\u00e7\u00e3o que atingiu 145 milh\u00f5es de pessoas e provocou 2,21 milh\u00f5es de conversas nas redes sociais, The Town se consolidou no calend\u00e1rio cultural e econ\u00f4mico do pa\u00eds.<\/span><\/p>\n<\/div>\n<div data-hook=\"rcv-block31\"><\/div>\n<div data-breakout=\"normal\">\n<div id=\"viewer-5sd601306\" class=\"XkByg vaqC7 S9i2- WcxKu\" dir=\"auto\"><span class=\"MMRe0 S9i2-\">\u00a0<\/span><\/div>\n<\/div>\n<div data-hook=\"rcv-block32\"><\/div>\n<div data-breakout=\"normal\">\n<p id=\"viewer-bwwu91364\" class=\"XkByg vaqC7 S9i2- WcxKu\" dir=\"auto\"><span class=\"MMRe0 S9i2-\"><strong>Fonte:<\/strong> Approach Comunica\u00e7\u00e3o\u00a0 \u00a0<\/span><\/p>\n<\/div>\n<div data-hook=\"rcv-block33\"><\/div>\n<\/div>\n<div data-hook=\"rcv-block-last\"><\/div>\n<\/div>\n<\/div>\n<\/div>\n<\/div>\n<\/div>\n<\/div>\n<\/article>\n<\/div>\n<div class=\"BL3dva\"><\/div>\n","protected":false},"excerpt":{"rendered":"<p>Ap\u00f3s dois anos de espera, o The Town volta a S\u00e3o Paulo nos dias 06, 07, 12, 13 e 14 de setembro de 2025, no Aut\u00f3dromo de Interlagos. A pr\u00f3xima e hist\u00f3rica edi\u00e7\u00e3o marcar\u00e1 o segundo cap\u00edtulo de sucesso na trajet\u00f3ria do maior festival de m\u00fasica, cultura e arte que a cidade j\u00e1 recebeu. \u00a0 [&hellip;]<\/p>\n","protected":false},"author":12,"featured_media":26559,"comment_status":"closed","ping_status":"open","sticky":false,"template":"","format":"standard","meta":{"footnotes":""},"categories":[4],"tags":[],"class_list":["post-26557","post","type-post","status-publish","format-standard","has-post-thumbnail","hentry","category-noticias"],"_links":{"self":[{"href":"http:\/\/heavymetalonline.com.br\/index.php?rest_route=\/wp\/v2\/posts\/26557","targetHints":{"allow":["GET"]}}],"collection":[{"href":"http:\/\/heavymetalonline.com.br\/index.php?rest_route=\/wp\/v2\/posts"}],"about":[{"href":"http:\/\/heavymetalonline.com.br\/index.php?rest_route=\/wp\/v2\/types\/post"}],"author":[{"embeddable":true,"href":"http:\/\/heavymetalonline.com.br\/index.php?rest_route=\/wp\/v2\/users\/12"}],"replies":[{"embeddable":true,"href":"http:\/\/heavymetalonline.com.br\/index.php?rest_route=%2Fwp%2Fv2%2Fcomments&post=26557"}],"version-history":[{"count":1,"href":"http:\/\/heavymetalonline.com.br\/index.php?rest_route=\/wp\/v2\/posts\/26557\/revisions"}],"predecessor-version":[{"id":26560,"href":"http:\/\/heavymetalonline.com.br\/index.php?rest_route=\/wp\/v2\/posts\/26557\/revisions\/26560"}],"wp:featuredmedia":[{"embeddable":true,"href":"http:\/\/heavymetalonline.com.br\/index.php?rest_route=\/wp\/v2\/media\/26559"}],"wp:attachment":[{"href":"http:\/\/heavymetalonline.com.br\/index.php?rest_route=%2Fwp%2Fv2%2Fmedia&parent=26557"}],"wp:term":[{"taxonomy":"category","embeddable":true,"href":"http:\/\/heavymetalonline.com.br\/index.php?rest_route=%2Fwp%2Fv2%2Fcategories&post=26557"},{"taxonomy":"post_tag","embeddable":true,"href":"http:\/\/heavymetalonline.com.br\/index.php?rest_route=%2Fwp%2Fv2%2Ftags&post=26557"}],"curies":[{"name":"wp","href":"https:\/\/api.w.org\/{rel}","templated":true}]}}