{"id":26963,"date":"2024-12-12T15:57:00","date_gmt":"2024-12-12T15:57:00","guid":{"rendered":"https:\/\/heavymetalonline.com.br\/?p=26963"},"modified":"2024-12-12T15:57:01","modified_gmt":"2024-12-12T15:57:01","slug":"a-cor-do-som-vencedora-do-grammy-latino-sobe-ao-palco-do-sesc-24-de-maio-com-fernando-nunes","status":"publish","type":"post","link":"http:\/\/heavymetalonline.com.br\/?p=26963","title":{"rendered":"A Cor do Som, vencedora do Grammy Latino, sobe ao palco do Sesc 24 de Maio com Fernando Nunes"},"content":{"rendered":"\n<pre id=\"viewer-5xa3i17809\" class=\"wp-block-preformatted\">A Cor do Som em show no Sesc Belezinho em Set\/2023 - Foto: Belmilson Santos para o site Metal no Papel<\/pre>\n\n\n\n<p id=\"viewer-v49hq4859\">Com quase 50 anos de trajet\u00f3ria,<strong> A Cor do Som<\/strong>, vencedora do Grammy Latino 2021 na categoria Melhor \u00c1lbum de Rock\/M\u00fasica Alternativa, chega ao <strong>Sesc 24 de Maio<\/strong> para duas apresenta\u00e7\u00f5es imperd\u00edveis nos dias <strong>14<\/strong> e <strong>15 <\/strong>de<strong> dezembro<\/strong>. O grupo promete um repert\u00f3rio que mescla sucessos ic\u00f4nicos com novidades que reafirmam sua relev\u00e2ncia na m\u00fasica brasileira.<\/p>\n\n\n\n<p id=\"viewer-zf74y59\">&nbsp;<\/p>\n\n\n\n<p id=\"viewer-qakyd61\">No palco, o p\u00fablico poder\u00e1 conferir cl\u00e1ssicos que marcaram trilhas sonoras e as paradas de sucesso, como <em>Menino Deus<\/em>, <em>Abri a Porta<\/em>, <em>Palco<\/em>, <em>Zanzibar<\/em>, <em>Beleza Pura<\/em> e <em>Semente do Amor<\/em>. Tamb\u00e9m ser\u00e3o apresentadas faixas do <em>\u00c1lbum Rosa<\/em>, respons\u00e1vel pelo Grammy da banda.<\/p>\n\n\n\n<p id=\"viewer-1vq6b77\">&nbsp;<\/p>\n\n\n\n<p id=\"viewer-ifsyp79\">Com sua forma\u00e7\u00e3o original mantida ao longo de mais de quatro d\u00e9cadas, a banda \u00e9 composta por <strong>Dadi Carvalho<\/strong> (baixo), <strong>Armandinho Mac\u00eado<\/strong> (guitarra e bandolim), <strong>M\u00fa Carvalho<\/strong> (piano), <strong>Ary Dias<\/strong> (percuss\u00e3o) e <strong>Gustavo Schroeter<\/strong> (bateria), e conta ainda com a participa\u00e7\u00e3o especial do baixista <strong>Fernando Nunes<\/strong>.<\/p>\n\n\n\n<p id=\"viewer-jti3a93\">&nbsp;<\/p>\n\n\n\n<p id=\"viewer-ookrg95\"><strong>Sobre a banda<\/strong>&nbsp;<\/p>\n\n\n\n<p id=\"viewer-zs5gx98\">Formada em 1977 por m\u00fasicos experientes no cen\u00e1rio nacional, <em>A Cor do Som<\/em> \u00e9 um dos expoentes do movimento p\u00f3s-tropicalista. Seu primeiro \u00e1lbum, hom\u00f4nimo, foi lan\u00e7ado em 1977, destacando influ\u00eancias de rock, ritmos regionais e m\u00fasica cl\u00e1ssica. Em 1978, com o percussionista<strong> Ary Dias<\/strong> integrado \u00e0 forma\u00e7\u00e3o, o grupo foi convidado por <strong>Claude Nobs<\/strong> para participar do Montreux Jazz Festival, na Su\u00ed\u00e7a, tornando-se a primeira banda brasileira a se apresentar no evento.<\/p>\n\n\n\n<p id=\"viewer-8djj6106\">&nbsp;<\/p>\n\n\n\n<p id=\"viewer-w0bhm108\">Ao longo de sua carreira, o grupo consolidou um estilo \u00fanico e colaborou com artistas renomados, como <strong>Moraes Moreira<\/strong> e <strong>Pepeu Gomes<\/strong>, firmando-se como um dos grandes nomes da m\u00fasica brasileira.<\/p>\n\n\n\n<p id=\"viewer-nk2n0114\">&nbsp;<\/p>\n\n\n\n<p id=\"viewer-yhqtk116\"><strong>Ou\u00e7a:<\/strong>&nbsp;<\/p>\n\n\n\n<p id=\"viewer-20675119\"><a href=\"https:\/\/open.spotify.com\/intl-pt\/artist\/0H8k2AiKxhmf33OalpJb53?autoplay=true\" target=\"_blank\" rel=\"noreferrer noopener\"><u>Spotify<\/u><\/a><strong> \/ <\/strong><a href=\"https:\/\/www.deezer.com\/br\/artist\/367637\" target=\"_blank\" rel=\"noreferrer noopener\"><u>DEEZER<\/u><\/a><strong> \/ <\/strong><a href=\"https:\/\/music.apple.com\/br\/artist\/a-cor-do-som\/18233793\" target=\"_blank\" rel=\"noreferrer noopener\"><u>Apple Music<\/u><\/a><strong> \/ <\/strong><a href=\"https:\/\/music.youtube.com\/channel\/UC-07DOr7mxv-5BmvwoouzLw\" target=\"_blank\" rel=\"noreferrer noopener\"><u>YouTube Music<\/u><\/a>\u00a0<\/p>\n\n\n\n<p id=\"viewer-wuyqf130\"><strong>Veja:<\/strong>&nbsp;<\/p>\n\n\n\n<p id=\"viewer-tcsz7133\"><a target=\"_blank\" href=\"https:\/\/www.youtube.com\/channel\/UCQeze02TE3a6DnkyFhnS3bw\" rel=\"noreferrer noopener\"><u>You Tube<\/u><\/a>&nbsp;<\/p>\n\n\n\n<figure class=\"wp-block-image\"><img loading=\"lazy\" decoding=\"async\" width=\"2048\" height=\"1365\" src=\"https:\/\/heavymetalonline.com.br\/wp-content\/uploads\/2024\/12\/A-Cor-do-Som.jpg\" alt=\"\" class=\"wp-image-26964\" srcset=\"http:\/\/heavymetalonline.com.br\/wp-content\/uploads\/2024\/12\/A-Cor-do-Som.jpg 2048w, http:\/\/heavymetalonline.com.br\/wp-content\/uploads\/2024\/12\/A-Cor-do-Som-300x200.jpg 300w, http:\/\/heavymetalonline.com.br\/wp-content\/uploads\/2024\/12\/A-Cor-do-Som-1024x683.jpg 1024w, http:\/\/heavymetalonline.com.br\/wp-content\/uploads\/2024\/12\/A-Cor-do-Som-768x512.jpg 768w, http:\/\/heavymetalonline.com.br\/wp-content\/uploads\/2024\/12\/A-Cor-do-Som-1536x1024.jpg 1536w, http:\/\/heavymetalonline.com.br\/wp-content\/uploads\/2024\/12\/A-Cor-do-Som-370x247.jpg 370w\" sizes=\"auto, (max-width: 2048px) 100vw, 2048px\" \/><\/figure>\n\n\n\n<pre id=\"viewer-5xa3i17809\" class=\"wp-block-preformatted\">A Cor do Som em show no Sesc Belezinho em Set\/2023 - Foto: Belmilson Santos para o site Metal no Papel<\/pre>\n\n\n\n<p id=\"viewer-ua7nv138\"><strong>Servi\u00e7o<\/strong>&nbsp;<\/p>\n\n\n\n<p id=\"viewer-dsyb7141\"><strong>A Cor do Som <\/strong>&nbsp;<\/p>\n\n\n\n<p id=\"viewer-tgqjv144\"><em>Participa\u00e7\u00e3o especial de Fernando Nunes <\/em>&nbsp;<\/p>\n\n\n\n<p id=\"viewer-ayev3147\"><strong>Data: <\/strong>14 e 15\/12, s\u00e1bado, \u00e0s 20h e domingo, 18h<\/p>\n\n\n\n<p id=\"viewer-w8xlv150\"><strong>Local: <\/strong>Sesc 24 de Maio, Rua 24 de Maio, 109, S\u00e3o Paulo \u2013 350 metros da esta\u00e7\u00e3o Rep\u00fablica do metr\u00f4<\/p>\n\n\n\n<p id=\"viewer-2icqw153\"><strong>Classifica\u00e7\u00e3o: <\/strong>12 anos<\/p>\n\n\n\n<p id=\"viewer-z4411156\"><strong>Ingressos:<\/strong> <a target=\"_blank\" href=\"http:\/\/sescsp.org.br\/24demaio\" rel=\"noreferrer noopener\"><u>sescsp.org.br\/24demaio<\/u><\/a> ou atrav\u00e9s do aplicativo Credencial Sesc SP a partir do dia 3\/12 e nas bilheterias das unidades Sesc SP a partir de 4\/12 &#8211; R$60 (inteira), R$30 (meia) e R$18 (Credencial Sesc).<\/p>\n\n\n\n<p id=\"viewer-8xo5u162\"><strong>Dura\u00e7\u00e3o do show: <\/strong>90 min<\/p>\n\n\n\n<p id=\"viewer-a281k165\"><strong>Servi\u00e7o de Van Gratuito: <\/strong>Transporte dispon\u00edvel para as esta\u00e7\u00f5es Rep\u00fablica e Anhangaba\u00fa, com sa\u00eddas da portaria a cada 30 minutos, de ter\u00e7a a s\u00e1bado, das 20h \u00e0s 23h, e aos domingos e feriados, das 18h \u00e0s 21h.<\/p>\n\n\n\n<p id=\"viewer-hboa61780\"><strong>Sesc 24 de Maio<\/strong>&nbsp;<\/p>\n\n\n\n<p id=\"viewer-iusp6184\">Rua 24 de Maio, 109, Centro, S\u00e3o Paulo<\/p>\n\n\n\n<p id=\"viewer-nbdxb186\">350 metros do metr\u00f4 Rep\u00fablica<\/p>\n\n\n\n<p id=\"viewer-ftzil188\">Fone: (11) 3350-6300<\/p>\n\n\n\n<p id=\"viewer-67fr7168\">&nbsp;<\/p>\n\n\n\n<p id=\"viewer-x6dgk170\"><strong>Acompanhe nossas redes:<\/strong>&nbsp;<\/p>\n\n\n\n<p id=\"viewer-biksr173\"><a target=\"_blank\" href=\"http:\/\/facebook.com\/sesc24demaio\" rel=\"noreferrer noopener\"><u>facebook.com\/sesc24demaio<\/u><\/a><\/p>\n\n\n\n<p id=\"viewer-rjzmn175\"><a target=\"_blank\" href=\"http:\/\/instagram.com\/sesc24demaio\" rel=\"noreferrer noopener\"><u>instagram.com\/sesc24demaio<\/u><\/a><\/p>\n\n\n\n<p id=\"viewer-zpggf177\"><a target=\"_blank\" href=\"http:\/\/sescsp.org.br\/24demaio\" rel=\"noreferrer noopener\"><u>sescsp.org.br\/24demaio<\/u><\/a><\/p>\n\n\n\n<p id=\"viewer-26n4v179\">&nbsp;<\/p>\n\n\n\n<p id=\"viewer-utsuc181\"><strong>Fonte:<\/strong><strong> <\/strong>Meyre Vitorino &#8211; Sesc 24 de Maio<\/p>\n","protected":false},"excerpt":{"rendered":"<p>A Cor do Som em show no Sesc Belezinho em Set\/2023 &#8211; Foto: Belmilson Santos para o site Metal no Papel Com quase 50 anos de trajet\u00f3ria, A Cor do Som, vencedora do Grammy Latino 2021 na categoria Melhor \u00c1lbum de Rock\/M\u00fasica Alternativa, chega ao Sesc 24 de Maio para duas apresenta\u00e7\u00f5es imperd\u00edveis nos dias [&hellip;]<\/p>\n","protected":false},"author":12,"featured_media":26965,"comment_status":"closed","ping_status":"open","sticky":false,"template":"","format":"standard","meta":{"footnotes":""},"categories":[4],"tags":[],"class_list":["post-26963","post","type-post","status-publish","format-standard","has-post-thumbnail","hentry","category-noticias"],"_links":{"self":[{"href":"http:\/\/heavymetalonline.com.br\/index.php?rest_route=\/wp\/v2\/posts\/26963","targetHints":{"allow":["GET"]}}],"collection":[{"href":"http:\/\/heavymetalonline.com.br\/index.php?rest_route=\/wp\/v2\/posts"}],"about":[{"href":"http:\/\/heavymetalonline.com.br\/index.php?rest_route=\/wp\/v2\/types\/post"}],"author":[{"embeddable":true,"href":"http:\/\/heavymetalonline.com.br\/index.php?rest_route=\/wp\/v2\/users\/12"}],"replies":[{"embeddable":true,"href":"http:\/\/heavymetalonline.com.br\/index.php?rest_route=%2Fwp%2Fv2%2Fcomments&post=26963"}],"version-history":[{"count":1,"href":"http:\/\/heavymetalonline.com.br\/index.php?rest_route=\/wp\/v2\/posts\/26963\/revisions"}],"predecessor-version":[{"id":26966,"href":"http:\/\/heavymetalonline.com.br\/index.php?rest_route=\/wp\/v2\/posts\/26963\/revisions\/26966"}],"wp:featuredmedia":[{"embeddable":true,"href":"http:\/\/heavymetalonline.com.br\/index.php?rest_route=\/wp\/v2\/media\/26965"}],"wp:attachment":[{"href":"http:\/\/heavymetalonline.com.br\/index.php?rest_route=%2Fwp%2Fv2%2Fmedia&parent=26963"}],"wp:term":[{"taxonomy":"category","embeddable":true,"href":"http:\/\/heavymetalonline.com.br\/index.php?rest_route=%2Fwp%2Fv2%2Fcategories&post=26963"},{"taxonomy":"post_tag","embeddable":true,"href":"http:\/\/heavymetalonline.com.br\/index.php?rest_route=%2Fwp%2Fv2%2Ftags&post=26963"}],"curies":[{"name":"wp","href":"https:\/\/api.w.org\/{rel}","templated":true}]}}