{"id":27512,"date":"2025-01-08T16:34:17","date_gmt":"2025-01-08T16:34:17","guid":{"rendered":"https:\/\/heavymetalonline.com.br\/?p=27512"},"modified":"2025-01-08T16:34:18","modified_gmt":"2025-01-08T16:34:18","slug":"best-of-blues-and-rock-anuncia-richard-ashcroft-pela-primeira-vez-no-brasil-na-edicao-2025-do-festival","status":"publish","type":"post","link":"http:\/\/heavymetalonline.com.br\/?p=27512","title":{"rendered":"Best of Blues and Rock anuncia Richard Ashcroft pela primeira vez no Brasil, na edi\u00e7\u00e3o 2025 do festival"},"content":{"rendered":"\n<p class=\"has-text-align-center\"><em>Cantor e compositor brit\u00e2nico, \u00edcone do The Verve, se apresenta pela primeira vez no Brasil como convidado especial nos shows da Dave Matthews Band nos dias 07 e 08 de junho<\/em><\/p>\n\n\n\n<pre id=\"viewer-llzhe11271\" class=\"wp-block-preformatted\">Cr\u00e9dito: Robin Pope<\/pre>\n\n\n\n<p id=\"viewer-yua9v11084\">O aguardado festival <strong>Best of Blues and Rock<\/strong>, que recentemente confirmou sua 12\u00aa edi\u00e7\u00e3o para o ano de 2025, com <strong>Dave Matthews Band<\/strong> como <em>headliner<\/em>, anuncia agora o m\u00fasico brit\u00e2nico <strong>Richard Ashcroft,<\/strong> como sua segunda atra\u00e7\u00e3o internacional para os dias 07 (s\u00e1bado) e 08 (domingo) de junho.<\/p>\n\n\n\n<p id=\"viewer-debim6285\">&nbsp;<\/p>\n\n\n\n<p id=\"viewer-bcl3c6287\">Natural de Wigan, na Inglaterra, <strong>Ashcroft<\/strong> chamou a aten\u00e7\u00e3o pela primeira vez com o <strong>The Verve<\/strong>, banda fundada em 1989, com quem lan\u00e7ou um dos maiores \u00e1lbuns da \u00e9poca, intitulado <em>&#8216;Urban Hymns&#8217;<\/em> (o 18\u00ba \u00e1lbum mais vendido do Reino Unido de todos os tempos). O disco \u00e9 repleto de cl\u00e1ssicos que influenciaram a cena do Britpop e do rock brit\u00e2nico, desde Oasis a Coldplay, e que continuam sendo as atra\u00e7\u00f5es principais de seu <em>set list<\/em> ao vivo at\u00e9 hoje, incluindo <em>&#8216;The Drugs Don&#8217;t Work&#8217;<\/em>, <em>&#8216;Bittersweet Symphony&#8217;<\/em>, <em>&#8216;Lucky Man&#8217;<\/em> e <em>&#8216;Sonnet&#8217;<\/em>. Nesta primeira fase como <em>frontman <\/em>do The Verve, Ashcroft foi reconhecido pela cr\u00edtica especializada como uma esp\u00e9cie de: \u201cdescendente espiritual de \u00edcones do rock como Mick Jagger e Jim Morrison\u201d.<\/p>\n\n\n\n<p id=\"viewer-2rvbd6366\">Respons\u00e1vel por can\u00e7\u00f5es que embalaram uma gera\u00e7\u00e3o de f\u00e3s e m\u00fasicos nos anos 1990, <strong>Richard Ashcroft <\/strong>\u00e9 duas vezes vencedor do importante pr\u00eamio ingl\u00eas Ivor Novello, nas categorias deCompositor do Ano em 1998 e Contribui\u00e7\u00e3o Extraordin\u00e1ria para a M\u00fasica Brit\u00e2nica em 2019.<\/p>\n\n\n\n<p id=\"viewer-hb9y36399\">&nbsp;<\/p>\n\n\n\n<p id=\"viewer-5rscd6401\">A parte ao <strong>The Verve<\/strong>, <strong>Richard Ashcroft<\/strong> j\u00e1 lan\u00e7ou cinco \u00e1lbuns solo Top 5 nas paradas brit\u00e2nicas, incluindo o disco de estreia, <em>&#8216;Alone With Everybody&#8217;<\/em>. Seu mais recente trabalho, <em>&#8216;Acoustic Hymns&#8217;<\/em>, foi lan\u00e7ado em 2022 e alcan\u00e7ou o segundo lugar na parada de \u00e1lbuns do Reino Unido.<\/p>\n\n\n\n<p id=\"viewer-c5rrs6413\"><strong><u>Bar\u00e3o Vermelho: tour \u201cDo Tamanho da Vida\u201d<\/u><\/strong><\/p>\n\n\n\n<figure class=\"wp-block-image\"><img loading=\"lazy\" decoding=\"async\" width=\"1280\" height=\"853\" src=\"https:\/\/heavymetalonline.com.br\/wp-content\/uploads\/2025\/01\/BaraoVermelho-Creditos-Leo-Aversa.jpg\" alt=\"\" class=\"wp-image-27513\" srcset=\"http:\/\/heavymetalonline.com.br\/wp-content\/uploads\/2025\/01\/BaraoVermelho-Creditos-Leo-Aversa.jpg 1280w, http:\/\/heavymetalonline.com.br\/wp-content\/uploads\/2025\/01\/BaraoVermelho-Creditos-Leo-Aversa-300x200.jpg 300w, http:\/\/heavymetalonline.com.br\/wp-content\/uploads\/2025\/01\/BaraoVermelho-Creditos-Leo-Aversa-1024x682.jpg 1024w, http:\/\/heavymetalonline.com.br\/wp-content\/uploads\/2025\/01\/BaraoVermelho-Creditos-Leo-Aversa-768x512.jpg 768w, http:\/\/heavymetalonline.com.br\/wp-content\/uploads\/2025\/01\/BaraoVermelho-Creditos-Leo-Aversa-370x247.jpg 370w\" sizes=\"auto, (max-width: 1280px) 100vw, 1280px\" \/><\/figure>\n\n\n\n<pre id=\"viewer-b6z6q14721\" class=\"wp-block-preformatted\">Cr\u00e9dito: Leo Aversa<\/pre>\n\n\n\n<p id=\"viewer-1uvw56415\">Para o segundo dia de festival, 08 de junho (domingo), foi confirmada a primeira grande atra\u00e7\u00e3o nacional: <strong>Bar\u00e3o Vermelho<\/strong>, banda carioca que se tornou uma das maiores refer\u00eancias do rock brasileiro. Na ocasi\u00e3o, o grupo levar\u00e1 ao p\u00fablico a turn\u00ea \u201cDo Tamanho da Vida\u201d, lan\u00e7ada em 2024. Nela, al\u00e9m da nova m\u00fasica que d\u00e1 nome a pr\u00f3pria tour, o Bar\u00e3o apresenta seus maiores sucessos, como: <em>\u201cBete Balan\u00e7o\u201d, \u201cExagerado\u201d, \u201cMaior Abandonado\u201d, \u201cO Tempo N\u00e3o Para\u201d <\/em>e<em> \u201cPro Dia Nascer Feliz\u201d<\/em>.<\/p>\n\n\n\n<p id=\"viewer-sftrf6423\">&nbsp;<\/p>\n\n\n\n<p id=\"viewer-p5afk6425\">H\u00e1 oito anos, o quarteto carioca, \u00e9 composto por dois de seus fundadores: Guto Goffi (bateria) e Maur\u00edcio Barros (teclados e vocais), al\u00e9m de Fernando Magalh\u00e3es (guitarra, viol\u00e3o e vocais), e Rodrigo Suricato (voz, guitarra e viol\u00f5es).<\/p>\n\n\n\n<figure class=\"wp-block-image\"><img loading=\"lazy\" decoding=\"async\" width=\"1080\" height=\"1297\" src=\"https:\/\/heavymetalonline.com.br\/wp-content\/uploads\/2025\/01\/Best-of-Blues-and-Rock-2025.jpeg\" alt=\"\" class=\"wp-image-27514\" srcset=\"http:\/\/heavymetalonline.com.br\/wp-content\/uploads\/2025\/01\/Best-of-Blues-and-Rock-2025.jpeg 1080w, http:\/\/heavymetalonline.com.br\/wp-content\/uploads\/2025\/01\/Best-of-Blues-and-Rock-2025-250x300.jpeg 250w, http:\/\/heavymetalonline.com.br\/wp-content\/uploads\/2025\/01\/Best-of-Blues-and-Rock-2025-853x1024.jpeg 853w, http:\/\/heavymetalonline.com.br\/wp-content\/uploads\/2025\/01\/Best-of-Blues-and-Rock-2025-768x922.jpeg 768w, http:\/\/heavymetalonline.com.br\/wp-content\/uploads\/2025\/01\/Best-of-Blues-and-Rock-2025-208x250.jpeg 208w\" sizes=\"auto, (max-width: 1080px) 100vw, 1080px\" \/><\/figure>\n\n\n\n<p id=\"viewer-b00om6584\"><strong>SERVI\u00c7O:<\/strong><\/p>\n\n\n\n<p id=\"viewer-6yvh96638\"><strong>Best of Blues and Rock<\/strong><\/p>\n\n\n\n<p id=\"viewer-rdaa16640\">bestofbluesandrock<\/p>\n\n\n\n<p id=\"viewer-mp6s16642\"><a target=\"_blank\" href=\"http:\/\/www.bestofbluesandrock.com.br\/\" rel=\"noreferrer noopener\"><u>www.bestofbluesandrock.com.br<\/u><\/a><\/p>\n\n\n\n<p id=\"viewer-fx1ik6644\"><strong>Data:<\/strong> 07 e 08 de junho de 2025 (s\u00e1bado e domingo)<\/p>\n\n\n\n<p id=\"viewer-juwv66647\"><strong>Local:<\/strong> Plateia externa do Audit\u00f3rio Ibirapuera: Av. Pedro \u00c1lvares Cabral &#8211; Ibirapuera &#8211; S\u00e3o Paulo\/SP<\/p>\n\n\n\n<p id=\"viewer-8c6rt6650\"><strong>Classifica\u00e7\u00e3o:<\/strong> 16 anos (menores podem comparecer acompanhados de respons\u00e1vel legal).<\/p>\n\n\n\n<p id=\"viewer-s7r0z6653\"><strong>Ingressos:<\/strong> Lote 1 a partir de R$ 300,00 (meia-entrada), ainda dispon\u00edvel para o dia 08\/06. Lote 2 a partir de R$ 405,00 (meia-entrada) para o dia 07\/06.<\/p>\n\n\n\n<p id=\"viewer-op4jt6656\"><strong>Vendas:<\/strong><a target=\"_blank\" href=\"https:\/\/www.eventim.com.br\/bestofbluesandrock\" rel=\"noreferrer noopener\"><u>&nbsp;<\/u><\/a><a target=\"_blank\" href=\"https:\/\/www.eventim.com.br\/bestofbluesandrock\" rel=\"noreferrer noopener\"><u>Link<\/u><\/a><\/p>\n\n\n\n<p id=\"viewer-2t8tg6660\"><strong>Bilheteria oficial<\/strong>: (sem taxa de conveni\u00eancia): Morumbis (Bilheteria 5, pr\u00f3ximo ao port\u00e3o 15 &#8211; Av. Giovanni Gronchi, 1866). Funcionamento: Ter\u00e7a a s\u00e1bado das 10h \u00e0s 17h (n\u00e3o funciona em feriados e emendas de feriados).<\/p>\n\n\n\n<p id=\"viewer-g0qgd6663\"><strong>Importante: adquira seus ingressos na plataforma oficial. A Dan\u00e7ar Marketing e a Eventim n\u00e3o se responsabilizam por ingressos adquiridos em plataformas n\u00e3o oficiais de vendas.<\/strong><\/p>\n\n\n\n<p id=\"viewer-04ypf6665\"><strong>Realiza\u00e7\u00e3o:<\/strong> Dan\u00e7ar Marketing<\/p>\n\n\n\n<figure class=\"wp-block-image\"><img loading=\"lazy\" decoding=\"async\" width=\"2560\" height=\"1707\" src=\"https:\/\/heavymetalonline.com.br\/wp-content\/uploads\/2025\/01\/Dave-Matthews-Band-scaled.jpg\" alt=\"\" class=\"wp-image-27515\" srcset=\"http:\/\/heavymetalonline.com.br\/wp-content\/uploads\/2025\/01\/Dave-Matthews-Band-scaled.jpg 2560w, http:\/\/heavymetalonline.com.br\/wp-content\/uploads\/2025\/01\/Dave-Matthews-Band-300x200.jpg 300w, http:\/\/heavymetalonline.com.br\/wp-content\/uploads\/2025\/01\/Dave-Matthews-Band-1024x683.jpg 1024w, http:\/\/heavymetalonline.com.br\/wp-content\/uploads\/2025\/01\/Dave-Matthews-Band-768x512.jpg 768w, http:\/\/heavymetalonline.com.br\/wp-content\/uploads\/2025\/01\/Dave-Matthews-Band-1536x1024.jpg 1536w, http:\/\/heavymetalonline.com.br\/wp-content\/uploads\/2025\/01\/Dave-Matthews-Band-2048x1366.jpg 2048w, http:\/\/heavymetalonline.com.br\/wp-content\/uploads\/2025\/01\/Dave-Matthews-Band-370x247.jpg 370w\" sizes=\"auto, (max-width: 2560px) 100vw, 2560px\" \/><\/figure>\n\n\n\n<p id=\"viewer-mdcxr7603\"><strong>Sobre o Best of Blues and Rock<\/strong><\/p>\n\n\n\n<p id=\"viewer-cw5tv7677\">O <strong>Best of Blues and Rock<\/strong> celebra sua d\u00e9cima segunda edi\u00e7\u00e3o em 2025 com uma hist\u00f3ria marcante de conex\u00e3o entre g\u00eaneros musicais como Blues, Rock e Jazz, e uma s\u00e9rie de iniciativas culturais, tecnol\u00f3gicas, educacionais e inovadoras. Desde sua concep\u00e7\u00e3o pela Dan\u00e7ar Marketing em 2013, o festival se destaca pelo pioneirismo em promover esses estilos musicais, reunindo uma audi\u00eancia superior a 1,5 milh\u00e3o de pessoas em mais de 320 atividades.&nbsp;<\/p>\n\n\n\n<p id=\"viewer-dazhm7681\">Muito al\u00e9m do entretenimento, o festival \u00e9 um verdadeiro resgate do legado cultural e das ra\u00edzes do blues e rock, g\u00eaneros que n\u00e3o apenas transformaram a m\u00fasica, mas tamb\u00e9m influenciaram outras formas art\u00edsticas como Jazz, Pop, Hip Hop, Rock e R&amp;B.&nbsp;<\/p>\n\n\n\n<p id=\"viewer-1scfr7683\">Na \u00faltima d\u00e9cada j\u00e1 passaram pelo palco do festival artistas ic\u00f4nicos e refer\u00eancias globais como Buddy Guy, George Benson, Richie Sambora, Jeff Beck, Joe Satriani, Joe Bonamassa, Eric Gales, Jamie Cullum, Joss Stone, Jimmie Vaughan, Tom Morello, Steve Vai, Joe Perry, Zakk Wylde, Charlie Musselwhite, Keb\u2019Mo\u2019, Ben Harper, Extreme, Goo Goo Dolls, Kenny Wayne Shepherd, entre outros; e artistas nacionais como Andreas Kisser, Irmandade do Blues, Igor Prado, Ira!, Artur Menezes, Ari Borger, Di Ferrero, Vitor Kley, Nanda Moura, Malvada, Day Limns, Cac\u00e1 Magalh\u00e3es, Francisco, el Hombre, Orquestra Jazz Sinf\u00f4nica, Yohan Kisser, Lan Lanh e outros.&nbsp;<\/p>\n\n\n\n<p id=\"viewer-2qco27685\">O <strong>Best of Blues and Rock<\/strong> \u00e9 um s\u00edmbolo de celebra\u00e7\u00e3o da m\u00fasica, que proporciona momentos memor\u00e1veis e exalta a diversidade e a riqueza cultural desses g\u00eaneros.<\/p>\n\n\n\n<p id=\"viewer-ko85v7689\">&nbsp;<\/p>\n\n\n\n<p id=\"viewer-p2cvb7691\"><strong>Sobre a Dan\u00e7ar Marketing<\/strong><\/p>\n\n\n\n<p id=\"viewer-js2lj7693\">Fundada em 1982, a <strong>Dan\u00e7ar Marketing<\/strong> cria experi\u00eancias memor\u00e1veis por meio da cultura e do entretenimento. S\u00e3o mais de 40 anos concebendo projetos e solu\u00e7\u00f5es criativas que conectam pessoas, marcas e oportunidades, reunindo ao longo dos anos mais de 53 milh\u00f5es de pessoas em suas 2.000 atividades (das quais mil gratuitos), 185 shows open air, al\u00e9m de mais de 35 projetos propriet\u00e1rios e sociais como o AstraZeneca Viva a Cultura!, Avon Women in Concert, Big Bands, Cantos e Contos, Cine na Pra\u00e7a Cosipa, Circuito Musical, Cl\u00e1ssicos Internacionais, Concertos Instrumentais, Concertos Populares, Cria\u00e7\u00e3o Teatral Volkswagen, Concertos Regionais de Vin\u00f3lia, Festival da Padroeira, Jazz para Todos, Laborat\u00f3rio Cultural Ultra, Mostra M\u00fasica Instrumental, Noites Cl\u00e1ssicas, Noites do Jazz, Orquestra para Todos, Palco do Teatro, Performance Action, Primavera Musical no Vale, Viagem Nestl\u00e9 pela Literatura, entre outros; exposi\u00e7\u00f5es como Riachuelo Mostra Moda e Rock Exhibition (com acervo de Jimi Hendrix, Nirvana e Rita Lee) e festivais como Telefonica Open Jazz, Festival da Padroeira, e Festival e Best of Blues and Rock.&nbsp;<\/p>\n\n\n\n<p id=\"viewer-670te7697\">Em seu portf\u00f3lio est\u00e3o grandes turn\u00eas internacionais e shows de artistas ic\u00f4nicos como Andrea Bocelli, Luciano Pavarotti, Jos\u00e9 Carreras, Sarah Brightman, Kiri Te Kanawa, Chris Cornell, George Benson, Joss Stone, Norah Jones, Diana Krall, Matteo Bocelli, al\u00e9m de consultorias em leis de incentivo para empresas como Vale, Deloitte, Libbs, Volkswagen, Nestl\u00e9, Roche, Ambev, entre outras.<\/p>\n\n\n\n<p id=\"viewer-0askg8144\"><strong>Fonte:<\/strong> Marra Comunica\u00e7\u00e3o<\/p>\n","protected":false},"excerpt":{"rendered":"<p>Cantor e compositor brit\u00e2nico, \u00edcone do The Verve, se apresenta pela primeira vez no Brasil como convidado especial nos shows da Dave Matthews Band nos dias 07 e 08 de junho Cr\u00e9dito: Robin Pope O aguardado festival Best of Blues and Rock, que recentemente confirmou sua 12\u00aa edi\u00e7\u00e3o para o ano de 2025, com Dave [&hellip;]<\/p>\n","protected":false},"author":12,"featured_media":27516,"comment_status":"closed","ping_status":"open","sticky":false,"template":"","format":"standard","meta":{"footnotes":""},"categories":[4,1807],"tags":[],"class_list":["post-27512","post","type-post","status-publish","format-standard","has-post-thumbnail","hentry","category-noticias","category-sem-categoria-pt"],"_links":{"self":[{"href":"http:\/\/heavymetalonline.com.br\/index.php?rest_route=\/wp\/v2\/posts\/27512","targetHints":{"allow":["GET"]}}],"collection":[{"href":"http:\/\/heavymetalonline.com.br\/index.php?rest_route=\/wp\/v2\/posts"}],"about":[{"href":"http:\/\/heavymetalonline.com.br\/index.php?rest_route=\/wp\/v2\/types\/post"}],"author":[{"embeddable":true,"href":"http:\/\/heavymetalonline.com.br\/index.php?rest_route=\/wp\/v2\/users\/12"}],"replies":[{"embeddable":true,"href":"http:\/\/heavymetalonline.com.br\/index.php?rest_route=%2Fwp%2Fv2%2Fcomments&post=27512"}],"version-history":[{"count":1,"href":"http:\/\/heavymetalonline.com.br\/index.php?rest_route=\/wp\/v2\/posts\/27512\/revisions"}],"predecessor-version":[{"id":27517,"href":"http:\/\/heavymetalonline.com.br\/index.php?rest_route=\/wp\/v2\/posts\/27512\/revisions\/27517"}],"wp:featuredmedia":[{"embeddable":true,"href":"http:\/\/heavymetalonline.com.br\/index.php?rest_route=\/wp\/v2\/media\/27516"}],"wp:attachment":[{"href":"http:\/\/heavymetalonline.com.br\/index.php?rest_route=%2Fwp%2Fv2%2Fmedia&parent=27512"}],"wp:term":[{"taxonomy":"category","embeddable":true,"href":"http:\/\/heavymetalonline.com.br\/index.php?rest_route=%2Fwp%2Fv2%2Fcategories&post=27512"},{"taxonomy":"post_tag","embeddable":true,"href":"http:\/\/heavymetalonline.com.br\/index.php?rest_route=%2Fwp%2Fv2%2Ftags&post=27512"}],"curies":[{"name":"wp","href":"https:\/\/api.w.org\/{rel}","templated":true}]}}