{"id":27599,"date":"2025-01-12T18:23:48","date_gmt":"2025-01-12T18:23:48","guid":{"rendered":"https:\/\/heavymetalonline.com.br\/?p=27599"},"modified":"2025-01-12T18:23:50","modified_gmt":"2025-01-12T18:23:50","slug":"o-maldito-lanca-lyric-video-de-soco-na-cara-e-reforca-mensagem-de-denuncia-e-resistencia","status":"publish","type":"post","link":"http:\/\/heavymetalonline.com.br\/?p=27599","title":{"rendered":"O Maldito lan\u00e7a lyric video de \u201cSoco na Cara\u201d e refor\u00e7a mensagem de den\u00fancia e resist\u00eancia"},"content":{"rendered":"\n<p id=\"viewer-vy2ar20209\">Em 09 de janeiro,<strong> \u201cDia do Fico\u201d<\/strong>, a banda curitibana de groove\/metal moderno<strong> &#8216;O Maldit<\/strong>o&#8217; lan\u00e7ou o lyric video da faixa <strong>\u201cSoco na Cara\u201d<\/strong>, presente no \u00e1lbum de estreia autointitulado. A m\u00fasica, que combina riffs pesados e letras \u00e1cidas, chega acompanhada de uma forte mensagem cr\u00edtica sobre os abusos c\u00edclicos e a condi\u00e7\u00e3o humana.<\/p>\n\n\n\n<p id=\"viewer-06gje17119\">Segundo Rub\u00e3o, vocalista e baixista da banda, a decis\u00e3o de lan\u00e7ar o v\u00eddeo n\u00e3o foi premeditada, mas ganhou um tom ainda mais atual diante dos acontecimentos recentes. <em>&#8220;\u00c9 o nosso grito para 2025, por tudo que aconteceu e vem acontecendo no cen\u00e1rio pol\u00edtico e social.&#8217;Absurdo aceit\u00e1vel ou descaso heredit\u00e1rio?&#8217; A frase traduz a indigna\u00e7\u00e3o que sentimos. Entendedores entendemos&#8221;<\/em>, afirmou o m\u00fasico.<\/p>\n\n\n\n<p id=\"viewer-b4ejz17123\">Produzido com os mais avan\u00e7ados recursos do estilo \u201cfa\u00e7a voc\u00ea mesmo\u201d, tendo como base a arte do \u00e1lbum assinado por Cristiano Suarez e design de Jean Michel, da DSNART, a m\u00fasica vem repleta de cr\u00edtica social, refletindo um sentimento de desconfian\u00e7a e resist\u00eancia: &#8220;Eu n\u00e3o confio em ningu\u00e9m, sou um conjurado \/ Sigo de olhos abertos e punho cerrado&#8221;.<\/p>\n\n\n\n<p id=\"viewer-qe30r22327\">Para dar mais intensidade \u00e0 mensagem da m\u00fasica, o v\u00eddeo l\u00edrico traz uma vers\u00e3o mais curta do que a do \u00e1lbum focando na letra.<\/p>\n\n\n\n<p id=\"viewer-zjsnl17244\"><strong>Confira o lyricvideo de \u201cSoco na Cara\u201d aqui:<\/strong>&nbsp;<\/p>\n\n\n\n<figure class=\"wp-block-embed is-type-video is-provider-youtube wp-block-embed-youtube wp-embed-aspect-16-9 wp-has-aspect-ratio\"><div class=\"wp-block-embed__wrapper\">\n<iframe loading=\"lazy\" title=\"O Maldito - Soco na cara (Official Lyric Comic Video)\" width=\"640\" height=\"360\" src=\"https:\/\/www.youtube.com\/embed\/uRWUPwF7Qq8?feature=oembed\" frameborder=\"0\" allow=\"accelerometer; autoplay; clipboard-write; encrypted-media; gyroscope; picture-in-picture; web-share\" referrerpolicy=\"strict-origin-when-cross-origin\" allowfullscreen><\/iframe>\n<\/div><\/figure>\n\n\n\n<p id=\"viewer-ebdyn21842\">A banda, formada por Rub\u00e3o (vocal e baixo), Jefferson (guitarra), Toni (guitarra) e Koreia (bateria), tamb\u00e9m aproveitou o lan\u00e7amento para alfinetar as recentes pol\u00eamicas envolvidas nas decis\u00f5es de grandes plataformas de redes sociais. <em>\u201cRecentemente, vimos essa decis\u00e3o de Mark Zuckerberg que d\u00e1 mais voz \u00e0 esc\u00f3ria preconceituosa no ambiente virtual\u201d,<\/em> criticou Jefferson, guitarrista da banda.<\/p>\n\n\n\n<p id=\"viewer-mtwd117127\">O \u00e1lbum<strong> \u201cO Maldito\u201d,<\/strong> com 10 faixas cantadas em portugu\u00eas, aborda temas como pol\u00edtica, filosofia e existencialismo, sempre carregados de ironia e sarcasmo. A recep\u00e7\u00e3o positiva de singles como \u201cSangria\u201d e \u201cVersos \u00cdntimos\u201d destaca a banda como uma das promessas do cen\u00e1rio do metal nacional.<\/p>\n\n\n\n<p id=\"viewer-lyco917971\"><strong>Confira o videoclipe de &#8220;Sangria&#8221;:<\/strong>&nbsp;<a target=\"_blank\" href=\"https:\/\/youtu.be\/Y06an6HjFnw\" rel=\"noreferrer noopener\"><u>https:\/\/youtu.be\/Y06an6HjFnw<\/u><\/a><\/p>\n\n\n\n<p id=\"viewer-v3qka17129\">Al\u00e9m de <strong>\u201cSoco na Cara\u201d,<\/strong> que questiona abusos c\u00edclicos e escolhas limitadas, o disco traz m\u00fasicas como \u201cCirco Armado\u201d, uma cr\u00edtica ao eterno cen\u00e1rio pol\u00edtico do Brasil, e \u201cNavalha na Carne\u201d, inspirada em Machado de Assis, que discute a indiferen\u00e7a urbana.<\/p>\n\n\n\n<p id=\"viewer-7diab17131\">Para saber mais sobre a banda, acesse: <a target=\"_blank\" href=\"https:\/\/bandaomaldito.com\/\" rel=\"noreferrer noopener\"><u>https:\/\/bandaomaldito.com\/<\/u><\/a><\/p>\n\n\n\n<p id=\"viewer-3uci717134\"><strong>Acompanhe a banda:<\/strong><\/p>\n\n\n\n<p id=\"viewer-c28sh17138\">Canal Oficial: <a target=\"_blank\" href=\"https:\/\/www.youtube.com\/@bandaomaldito\" rel=\"noreferrer noopener\"><u>https:\/\/www.youtube.com\/@bandaomaldito<\/u><\/a><\/p>\n\n\n\n<p id=\"viewer-1toh017142\">Instagram: <a target=\"_blank\" href=\"https:\/\/www.instagram.com\/bandaomaldito\/\" rel=\"noreferrer noopener\"><u>https:\/\/www.instagram.com\/bandaomaldito\/<\/u><\/a><\/p>\n\n\n\n<p id=\"viewer-ovlgf17146\">Spotify: <a target=\"_blank\" href=\"https:\/\/open.spotify.com\/intl-pt\/artist\/6I2RApy4sGS3wRklXXCDyn?si=cazaAuOXQa-YV9Vqpj4ifw\" rel=\"noreferrer noopener\"><u>https:\/\/open.spotify.com\/intl-pt\/artist\/6I2RApy4sGS3wRklXXCDyn?si=cazaAuOXQa-YV9Vqpj4ifw<\/u><\/a><\/p>\n\n\n\n<p id=\"viewer-f5xba17150\">Facebook: <a target=\"_blank\" href=\"https:\/\/www.facebook.com\/bandaomaldito\" rel=\"noreferrer noopener\"><u>https:\/\/www.facebook.com\/bandaomaldito<\/u><\/a><\/p>\n\n\n\n<p id=\"viewer-h537y20719\"><strong>Fonte:<\/strong> The Bridge Press BR<\/p>\n","protected":false},"excerpt":{"rendered":"<p>Em 09 de janeiro, \u201cDia do Fico\u201d, a banda curitibana de groove\/metal moderno &#8216;O Maldito&#8217; lan\u00e7ou o lyric video da faixa \u201cSoco na Cara\u201d, presente no \u00e1lbum de estreia autointitulado. A m\u00fasica, que combina riffs pesados e letras \u00e1cidas, chega acompanhada de uma forte mensagem cr\u00edtica sobre os abusos c\u00edclicos e a condi\u00e7\u00e3o humana. Segundo [&hellip;]<\/p>\n","protected":false},"author":12,"featured_media":27600,"comment_status":"closed","ping_status":"open","sticky":false,"template":"","format":"standard","meta":{"footnotes":""},"categories":[4],"tags":[],"class_list":["post-27599","post","type-post","status-publish","format-standard","has-post-thumbnail","hentry","category-noticias"],"_links":{"self":[{"href":"http:\/\/heavymetalonline.com.br\/index.php?rest_route=\/wp\/v2\/posts\/27599","targetHints":{"allow":["GET"]}}],"collection":[{"href":"http:\/\/heavymetalonline.com.br\/index.php?rest_route=\/wp\/v2\/posts"}],"about":[{"href":"http:\/\/heavymetalonline.com.br\/index.php?rest_route=\/wp\/v2\/types\/post"}],"author":[{"embeddable":true,"href":"http:\/\/heavymetalonline.com.br\/index.php?rest_route=\/wp\/v2\/users\/12"}],"replies":[{"embeddable":true,"href":"http:\/\/heavymetalonline.com.br\/index.php?rest_route=%2Fwp%2Fv2%2Fcomments&post=27599"}],"version-history":[{"count":1,"href":"http:\/\/heavymetalonline.com.br\/index.php?rest_route=\/wp\/v2\/posts\/27599\/revisions"}],"predecessor-version":[{"id":27601,"href":"http:\/\/heavymetalonline.com.br\/index.php?rest_route=\/wp\/v2\/posts\/27599\/revisions\/27601"}],"wp:featuredmedia":[{"embeddable":true,"href":"http:\/\/heavymetalonline.com.br\/index.php?rest_route=\/wp\/v2\/media\/27600"}],"wp:attachment":[{"href":"http:\/\/heavymetalonline.com.br\/index.php?rest_route=%2Fwp%2Fv2%2Fmedia&parent=27599"}],"wp:term":[{"taxonomy":"category","embeddable":true,"href":"http:\/\/heavymetalonline.com.br\/index.php?rest_route=%2Fwp%2Fv2%2Fcategories&post=27599"},{"taxonomy":"post_tag","embeddable":true,"href":"http:\/\/heavymetalonline.com.br\/index.php?rest_route=%2Fwp%2Fv2%2Ftags&post=27599"}],"curies":[{"name":"wp","href":"https:\/\/api.w.org\/{rel}","templated":true}]}}