{"id":27818,"date":"2025-01-23T18:16:51","date_gmt":"2025-01-23T18:16:51","guid":{"rendered":"https:\/\/heavymetalonline.com.br\/?p=27818"},"modified":"2025-01-23T18:16:52","modified_gmt":"2025-01-23T18:16:52","slug":"favela-filmes-cufa-instituto-heineken-e-rock-in-rio-formam-jovens-de-favelas-do-rio-de-janeiro-na-segunda-turma-do-cri-ativos-da-favela","status":"publish","type":"post","link":"http:\/\/heavymetalonline.com.br\/?p=27818","title":{"rendered":"Favela Filmes, CUFA, Instituto Heineken e Rock in Rio formam jovens de favelas do Rio de Janeiro na segunda turma do Cri.Ativos da Favela"},"content":{"rendered":"\n<p class=\"has-text-align-center\"><em>Os 120 jovens que participaram do curso tiveram aulas te\u00f3ricas e <\/em><\/p>\n\n\n\n<p class=\"has-text-align-center\"><em>pr\u00e1ticas nos \u00faltimos quatro meses<\/em><\/p>\n\n\n\n<p id=\"viewer-zopv92210\">Acontece no dia 29 de janeiro, \u00e0s 10h, a formatura da segunda turma do<strong> Cri.Ativos da Favela,<\/strong> curso idealizado pela Favela Filmes, Central \u00danica das Favelas (CUFA), Instituto HEINEKEN e Rock in Rio. O programa, que come\u00e7ou em 2023, em S\u00e3o Paulo, no festival The Town, tem como objetivo proporcionar novas oportunidades para os jovens atrav\u00e9s da forma\u00e7\u00e3o na \u00e1rea do audiovisual. Assim como na primeira edi\u00e7\u00e3o, o curso foi ministrado pela Favela Filmes e foi viabilizado pelo lucro de 100% das vendas de Heineken 0.0 durante todos os dias do maior festival de m\u00fasica e entretenimento do mundo, permitindo a cria\u00e7\u00e3o de um laborat\u00f3rio tecnol\u00f3gico exclusivo que atendeu cerca de 120 jovens das favelas do Rio de Janeiro.&nbsp;<\/p>\n\n\n\n<p id=\"viewer-r6oje2274\">O curso foi ministrado nas depend\u00eancias da CUFA, em Madureira, e no Polo de Cinema, na Barra da Tijuca. O conte\u00fado program\u00e1tico te\u00f3rico foi reformulado e, al\u00e9m da forma\u00e7\u00e3o em roteiro, oficina de \u00e1udio, produ\u00e7\u00e3o de v\u00eddeos, intelig\u00eancia artificial, \u2013 que facilitou a cria\u00e7\u00e3o de pe\u00e7as em v\u00eddeo apresentando suas solu\u00e7\u00f5es para problemas de mobilidade urbana, descarte adequado do lixo e conectividade, dentre outras solu\u00e7\u00f5es que facilitariam a vida nas favelas. O curso tamb\u00e9m incluiu o m\u00f3dulo de Contexto Musical.<\/p>\n\n\n\n<p id=\"viewer-zvkya2294\"><em>\u201cA segunda turma do Cri.Ativos da Favela Rio de Janeiro \u00e9 a continuidade de um sonho: capacitar jovens talentos das favelas na \u00e1rea de audiovisual. Como algu\u00e9m que tamb\u00e9m teve a oportunidade de transformar minha vida por meio de um projeto como esse, sei o impacto que ele pode ter. Talento e criatividade n\u00e3o t\u00eam classe social, e esse projeto \u00e9 uma forma de diminuir a desigualdade, oferecendo novas oportunidades de mudan\u00e7a. Transformar a vida de 120 jovens e aprender diariamente com essa turma t\u00e3o dedicada tamb\u00e9m tem transformado a minha vida. Projetos como o Cri.Ativos da Favela foram fundamentais na minha jornada e me ajudaram a entrar no mercado audiovisual&#8221;<\/em>, diz John Oliveira, idealizador do projeto e CEO da Favela Filmes.<\/p>\n\n\n\n<p id=\"viewer-c6z9o2300\">&nbsp;<\/p>\n\n\n\n<p id=\"viewer-mijsj2302\">Al\u00e9m da forma\u00e7\u00e3o te\u00f3rica, os alunos participaram de eventos como<strong> STU Pro Tour Rio de Janeiro<\/strong>, <strong>Expo Favela Innovation RJ<\/strong>,<strong> F\u00f3rum Mundial das Favelas <\/strong>e <strong>G20 Favelas<\/strong>, al\u00e9m da produ\u00e7\u00e3o de seis videoclipes como trabalhos de conclus\u00e3o do curso.&nbsp;<\/p>\n\n\n\n<p id=\"viewer-u6wdd2435\"><em>\u201cAcredito que aprendi mais do que eu esperava, desde quest\u00f5es mais criativas at\u00e9 as mais burocr\u00e1ticas que tamb\u00e9m s\u00e3o necess\u00e1rias. A organiza\u00e7\u00e3o foi algo muito presente em todo m\u00f3dulo, no sentido de um trabalho organizado tem uma fluidez melhor. O mais importante para mim foram as aulas de dire\u00e7\u00e3o de fotografia e opera\u00e7\u00e3o de c\u00e2mera porque s\u00e3o fun\u00e7\u00f5es que pretendo me especializar, logo foram as aulas que mais me identifiquei\u201d<\/em>, diz Carlos Eduardo Pereira de Souza, aluno do CrI.Ativos da Favela.<\/p>\n\n\n\n<p id=\"viewer-3kzpt2535\"><em>\u201cNosso principal objetivo \u00e9 proporcionar aos jovens do Cri.Ativos da Favela oportunidades para um futuro promissor, permitindo que n\u00e3o apenas se desenvolvam profissionalmente, mas tamb\u00e9m aprimorem suas habilidades socioemocionais. Por meio do WeLab, uma trilha de aprendizado desenvolvida pelo Instituto, ajudamos cada participante a reconhecer seus talentos e poss\u00edveis barreiras em sua caminhada pessoal\u201d<\/em>, afirma V\u00e2nia Guil, head do Instituto HEINEKEN.<\/p>\n\n\n\n<p id=\"viewer-j3iy72636\"><em>&#8220;Estamos muito felizes de ver os frutos dessa parceria sendo colhidos. O Cri.Ativos \u00e9 uma iniciativa que teve in\u00edcio no The Town, em 2023, e agora, ap\u00f3s a edi\u00e7\u00e3o de 40 anos do Rock in Rio, capacita o dobro de jovens para atuarem na \u00e1rea do audiovisual, por meio de ferramentas que possibilitam a transforma\u00e7\u00e3o de suas realidades. A uni\u00e3o entre as organiza\u00e7\u00f5es, como Rock World, Heineken, CUFA e Favela Filmes, \u00e9 um exemplo real de como juntos, somando for\u00e7as, podemos construir um mundo melhor. Essas parcerias estrat\u00e9gicas nos mostram como, ao mesmo tempo que cada empresa cuida do seu neg\u00f3cio, \u00e9 poss\u00edvel criar valor e oportunidades reais para a sociedade, potencializando a criatividade e o talento que existem em todos os lugares\u201d<\/em>, comenta Roberta Medina, vice-presidente executiva da Rock World.<\/p>\n\n\n\n<p id=\"viewer-558l42680\">&nbsp;<\/p>\n\n\n\n<p id=\"viewer-losu92682\">A cerim\u00f4nia de formatura entregar\u00e1 certificados de conclus\u00e3o e contar\u00e1 com a participa\u00e7\u00e3o dos idealizadores do projeto. Al\u00e9m disso, para encerrar o ciclo da segunda edi\u00e7\u00e3o do Cri.Ativos da Favela, ser\u00e1 promovido, no mesmo dia, um evento com atra\u00e7\u00f5es culturais.<\/p>\n\n\n\n<p id=\"viewer-ejque2760\"><strong>Fonte:<\/strong> Approach Comunica\u00e7\u00e3o<\/p>\n","protected":false},"excerpt":{"rendered":"<p>Os 120 jovens que participaram do curso tiveram aulas te\u00f3ricas e pr\u00e1ticas nos \u00faltimos quatro meses Acontece no dia 29 de janeiro, \u00e0s 10h, a formatura da segunda turma do Cri.Ativos da Favela, curso idealizado pela Favela Filmes, Central \u00danica das Favelas (CUFA), Instituto HEINEKEN e Rock in Rio. O programa, que come\u00e7ou em 2023, [&hellip;]<\/p>\n","protected":false},"author":12,"featured_media":21295,"comment_status":"closed","ping_status":"open","sticky":false,"template":"","format":"standard","meta":{"footnotes":""},"categories":[4],"tags":[],"class_list":["post-27818","post","type-post","status-publish","format-standard","has-post-thumbnail","hentry","category-noticias"],"_links":{"self":[{"href":"http:\/\/heavymetalonline.com.br\/index.php?rest_route=\/wp\/v2\/posts\/27818","targetHints":{"allow":["GET"]}}],"collection":[{"href":"http:\/\/heavymetalonline.com.br\/index.php?rest_route=\/wp\/v2\/posts"}],"about":[{"href":"http:\/\/heavymetalonline.com.br\/index.php?rest_route=\/wp\/v2\/types\/post"}],"author":[{"embeddable":true,"href":"http:\/\/heavymetalonline.com.br\/index.php?rest_route=\/wp\/v2\/users\/12"}],"replies":[{"embeddable":true,"href":"http:\/\/heavymetalonline.com.br\/index.php?rest_route=%2Fwp%2Fv2%2Fcomments&post=27818"}],"version-history":[{"count":1,"href":"http:\/\/heavymetalonline.com.br\/index.php?rest_route=\/wp\/v2\/posts\/27818\/revisions"}],"predecessor-version":[{"id":27819,"href":"http:\/\/heavymetalonline.com.br\/index.php?rest_route=\/wp\/v2\/posts\/27818\/revisions\/27819"}],"wp:featuredmedia":[{"embeddable":true,"href":"http:\/\/heavymetalonline.com.br\/index.php?rest_route=\/wp\/v2\/media\/21295"}],"wp:attachment":[{"href":"http:\/\/heavymetalonline.com.br\/index.php?rest_route=%2Fwp%2Fv2%2Fmedia&parent=27818"}],"wp:term":[{"taxonomy":"category","embeddable":true,"href":"http:\/\/heavymetalonline.com.br\/index.php?rest_route=%2Fwp%2Fv2%2Fcategories&post=27818"},{"taxonomy":"post_tag","embeddable":true,"href":"http:\/\/heavymetalonline.com.br\/index.php?rest_route=%2Fwp%2Fv2%2Ftags&post=27818"}],"curies":[{"name":"wp","href":"https:\/\/api.w.org\/{rel}","templated":true}]}}