{"id":27852,"date":"2025-01-24T17:46:24","date_gmt":"2025-01-24T17:46:24","guid":{"rendered":"https:\/\/heavymetalonline.com.br\/?p=27852"},"modified":"2025-01-24T17:46:27","modified_gmt":"2025-01-24T17:46:27","slug":"documentario-sobre-a-historia-do-rock-no-vale-do-paranhana-e-lancado","status":"publish","type":"post","link":"http:\/\/heavymetalonline.com.br\/?p=27852","title":{"rendered":"Document\u00e1rio sobre a hist\u00f3ria do Rock no Vale do Paranhana \u00e9 lan\u00e7ado"},"content":{"rendered":"\n<p class=\"has-text-align-center\"><em>Document\u00e1rio estreou no YouTube na quarta-feira, 22, e em breve <\/em><\/p>\n\n\n\n<p class=\"has-text-align-center\"><em>ser\u00e1 exibido em se\u00e7\u00f5es especiais<\/em><\/p>\n\n\n\n<p id=\"viewer-6njf633173\">A <strong>Tai Filmes <\/strong>estreia no YouTube o aguardado document\u00e1rio <strong><em>\u201cAs Pedras do Rio Ligeiro \u2013 A Hist\u00f3ria do Rock no Vale do Paranhana\u201d<\/em><\/strong>, que conta a hist\u00f3ria do Rock no Vale do Paranhana, situado a cerca de 80 km de Porto Alegre e composto pelos munic\u00edpios de Taquara, Igrejinha, Tr\u00eas Coroas, Parob\u00e9, Riozinho e Rolante. Nem t\u00e3o longe da capital ga\u00facha, mas igualmente longe das outras capitais, a cena roqueira ga\u00facha do interior revelou uma infinidade de \u00f3timas bandas, sedentas por guitarras distorcidas e batidas r\u00e1pidas. Dentro deste contexto est\u00e1 o foco do document\u00e1rio, realizado atrav\u00e9s da <strong>Lei Paulo Gustavo<\/strong>, com apoio da <strong>Prefeitura de Taquara.<\/strong><\/p>\n\n\n\n<p id=\"viewer-3p9q230417\"><strong>Assista ao document\u00e1rio:<\/strong><\/p>\n\n\n\n<figure class=\"wp-block-embed is-type-video is-provider-youtube wp-block-embed-youtube wp-embed-aspect-16-9 wp-has-aspect-ratio\"><div class=\"wp-block-embed__wrapper\">\n<iframe loading=\"lazy\" title=\"As Pedras do Rio Ligeiro - A Hist\u00f3ria do Rock no Vale do Paranhana | Document\u00e1rio Completo\" width=\"640\" height=\"360\" src=\"https:\/\/www.youtube.com\/embed\/b4Mwu5KlHEw?feature=oembed\" frameborder=\"0\" allow=\"accelerometer; autoplay; clipboard-write; encrypted-media; gyroscope; picture-in-picture; web-share\" referrerpolicy=\"strict-origin-when-cross-origin\" allowfullscreen><\/iframe>\n<\/div><\/figure>\n\n\n\n<p id=\"viewer-f0p4p30422\">Para saber um pouco mais sobre como se formou esta cena, o produtor <strong>Rodrigo Viegas<\/strong>, aliado \u00e0 diversos profissionais, registrou entrevistas com bandas ic\u00f4nicas, como <strong>\u00c7alhere, Althar, Sil\u00eancio Oculto, T\u00falipa, Alerta Geral, Megalon, Os Exterminadores, Cristal C\u00e9tico, Antisocial <\/strong>e <strong>Drelos<\/strong>, buscando de cada uma um peda\u00e7o desta hist\u00f3ria, atrav\u00e9s de suas trajet\u00f3rias, grava\u00e7\u00f5es e shows que mais marcaram a mem\u00f3ria entre as d\u00e9cadas de 1980 e 1990. Do Rock and Roll, e Hard Rock, passando pelo Punk\/Hardcore at\u00e9 chegar ao Death Metal, o document\u00e1rio busca abranger os mais variados estilos desta \u00e9poca t\u00e3o rica musicalmente. <em>\u201cO document\u00e1rio \u00e9 mais do que um registro da hist\u00f3ria do rock no Vale do Paranhana; \u00e9 um tributo \u00e0 for\u00e7a criativa de bandas que fizeram muito com t\u00e3o pouco, enfrentando barreiras e conquistando espa\u00e7o na mem\u00f3ria musical do estado\u201d<\/em>, destacou <strong>Rodrigo Viegas<\/strong>, produtor e diretor.<\/p>\n\n\n\n<p id=\"viewer-cnd6430435\">Al\u00e9m do lan\u00e7amento no YouTube, <strong><em>\u201cAs Pedras do Rio Ligeiro \u2013 A Hist\u00f3ria do Rock no Vale do Paranhana\u201d<\/em><\/strong> contar\u00e1 com exibi\u00e7\u00f5es especiais iniciais em Tr\u00eas Coroas e Taquara, com datas a serem divulgadas. As sess\u00f5es presenciais prometem ser mais do que simples proje\u00e7\u00f5es; ser\u00e3o eventos que conectar\u00e3o diferentes gera\u00e7\u00f5es da cena roqueira do Vale. Para <strong>Rodrigo Viegas<\/strong>, essa \u00e9 uma oportunidade \u00fanica de promover um resgate cultural: <em>\u201cMais do que exibir o v\u00eddeo na telona, o lan\u00e7amento presencial nos dar\u00e1 a chance de reunir a galera que participou das filmagens, promovendo um encontro para relembrar antigos causos e quem sabe influenciar novos projetos. \u00c9 um momento de troca e celebra\u00e7\u00e3o, onde cada espectador poder\u00e1 sentir o impacto dessa hist\u00f3ria que ainda pulsa na mem\u00f3ria de muitos e que segue sendo escrita\u201d.<\/em><\/p>\n\n\n\n<p id=\"viewer-k1sfy30443\"><strong>Ficha t\u00e9cnica:<\/strong><\/p>\n\n\n\n<p id=\"viewer-jh73m30446\"><strong>Roteiro, dire\u00e7\u00e3o e edi\u00e7\u00e3o:<\/strong> Rodrigo Viegas<\/p>\n\n\n\n<p id=\"viewer-8rupr30449\"><strong>Dire\u00e7\u00e3o de produ\u00e7\u00e3o:<\/strong> Ta\u00edna Lauck<\/p>\n\n\n\n<p id=\"viewer-69z9730452\"><strong>Assistentes de produ\u00e7\u00e3o:<\/strong> Aline Let\u00edcia Machado e Aline Gaia<\/p>\n\n\n\n<p id=\"viewer-5saet30455\"><strong>Operadores de c\u00e2mera:<\/strong> Aguiovani Oliveira, Muriel Paraboni, Jair Cruz e Aline Let\u00edcia Machado<\/p>\n\n\n\n<p id=\"viewer-n2cxn30458\"><strong>Som direto:<\/strong> Aguiovani Oliveira e Alessandro Marques<\/p>\n\n\n\n<p id=\"viewer-21ari30461\"><strong>Dire\u00e7\u00e3o de Fotografia:<\/strong> Aline Let\u00edcia Machado<\/p>\n\n\n\n<p id=\"viewer-c4fro30464\"><strong>Dire\u00e7\u00e3o de arte:<\/strong> Rodrigo Viegas e Jonas Ferrari<\/p>\n\n\n\n<p id=\"viewer-d3zmp30467\"><strong>Produ\u00e7\u00e3o Executiva:<\/strong> Ta\u00edna Lauck e Rodrigo Viegas<\/p>\n\n\n\n<p id=\"viewer-cljng30471\"><strong>Realiza\u00e7\u00e3o:<\/strong><\/p>\n\n\n\n<p id=\"viewer-4gxt130473\">Minist\u00e9rio da Cultura \u2013 Lei Paulo Gustavo<\/p>\n\n\n\n<p id=\"viewer-lkeyt30476\"><strong>Apoio:<\/strong><\/p>\n\n\n\n<p id=\"viewer-89igf30478\">Prefeitura Municipal de Taquara<\/p>\n\n\n\n<p id=\"viewer-javro30481\"><strong>Produ\u00e7\u00e3o:<\/strong><\/p>\n\n\n\n<p id=\"viewer-k4e8s30483\">Tai Filmes<\/p>\n\n\n\n<p id=\"viewer-53y8b30490\"><strong>Contatos:<\/strong><\/p>\n\n\n\n<p id=\"viewer-g3ixw30492\">E-mail: <a target=\"_blank\" href=\"mailto:contato@taicreative.com.br\" rel=\"noreferrer noopener\"><u>contato@taicreative.com.br<\/u><\/a><\/p>\n\n\n\n<p id=\"viewer-98f4o30495\">YouTube: <a target=\"_blank\" href=\"https:\/\/www.youtube.com\/@taicreative\" rel=\"noreferrer noopener\"><u>https:\/\/www.youtube.com\/@taicreative<\/u><\/a><\/p>\n\n\n\n<p id=\"viewer-js0jd30498\">Facebook: <a target=\"_blank\" href=\"https:\/\/www.facebook.com\/AsPedrasDoRioLigeiro\" rel=\"noreferrer noopener\"><u>https:\/\/www.facebook.com\/AsPedrasDoRioLigeiro<\/u><\/a><\/p>\n\n\n\n<p id=\"viewer-4xrly30501\">Instagram: <a target=\"_blank\" href=\"https:\/\/www.instagram.com\/taicreative\" rel=\"noreferrer noopener\"><u>https:\/\/www.instagram.com\/taicreative<\/u><\/a><\/p>\n\n\n\n<p id=\"viewer-kxuik30504\">Assessoria de Imprensa: <a target=\"_blank\" href=\"http:\/\/www.wargodspress.com.br\/\" rel=\"noreferrer noopener\"><u>www.wargodspress.com.br<\/u><\/a><\/p>\n\n\n\n<p id=\"viewer-7pol931827\"><strong>Fonte: <\/strong>Wargods Press<\/p>\n","protected":false},"excerpt":{"rendered":"<p>Document\u00e1rio estreou no YouTube na quarta-feira, 22, e em breve ser\u00e1 exibido em se\u00e7\u00f5es especiais A Tai Filmes estreia no YouTube o aguardado document\u00e1rio \u201cAs Pedras do Rio Ligeiro \u2013 A Hist\u00f3ria do Rock no Vale do Paranhana\u201d, que conta a hist\u00f3ria do Rock no Vale do Paranhana, situado a cerca de 80 km de [&hellip;]<\/p>\n","protected":false},"author":12,"featured_media":27350,"comment_status":"closed","ping_status":"open","sticky":false,"template":"","format":"standard","meta":{"footnotes":""},"categories":[4],"tags":[],"class_list":["post-27852","post","type-post","status-publish","format-standard","has-post-thumbnail","hentry","category-noticias"],"_links":{"self":[{"href":"http:\/\/heavymetalonline.com.br\/index.php?rest_route=\/wp\/v2\/posts\/27852","targetHints":{"allow":["GET"]}}],"collection":[{"href":"http:\/\/heavymetalonline.com.br\/index.php?rest_route=\/wp\/v2\/posts"}],"about":[{"href":"http:\/\/heavymetalonline.com.br\/index.php?rest_route=\/wp\/v2\/types\/post"}],"author":[{"embeddable":true,"href":"http:\/\/heavymetalonline.com.br\/index.php?rest_route=\/wp\/v2\/users\/12"}],"replies":[{"embeddable":true,"href":"http:\/\/heavymetalonline.com.br\/index.php?rest_route=%2Fwp%2Fv2%2Fcomments&post=27852"}],"version-history":[{"count":1,"href":"http:\/\/heavymetalonline.com.br\/index.php?rest_route=\/wp\/v2\/posts\/27852\/revisions"}],"predecessor-version":[{"id":27853,"href":"http:\/\/heavymetalonline.com.br\/index.php?rest_route=\/wp\/v2\/posts\/27852\/revisions\/27853"}],"wp:featuredmedia":[{"embeddable":true,"href":"http:\/\/heavymetalonline.com.br\/index.php?rest_route=\/wp\/v2\/media\/27350"}],"wp:attachment":[{"href":"http:\/\/heavymetalonline.com.br\/index.php?rest_route=%2Fwp%2Fv2%2Fmedia&parent=27852"}],"wp:term":[{"taxonomy":"category","embeddable":true,"href":"http:\/\/heavymetalonline.com.br\/index.php?rest_route=%2Fwp%2Fv2%2Fcategories&post=27852"},{"taxonomy":"post_tag","embeddable":true,"href":"http:\/\/heavymetalonline.com.br\/index.php?rest_route=%2Fwp%2Fv2%2Ftags&post=27852"}],"curies":[{"name":"wp","href":"https:\/\/api.w.org\/{rel}","templated":true}]}}