{"id":27892,"date":"2025-01-27T19:01:40","date_gmt":"2025-01-27T19:01:40","guid":{"rendered":"https:\/\/heavymetalonline.com.br\/?p=27892"},"modified":"2025-01-27T19:01:42","modified_gmt":"2025-01-27T19:01:42","slug":"ratos-de-porao-se-apresenta-no-sesc-da-avenida-paulista-em-fevereiro","status":"publish","type":"post","link":"http:\/\/heavymetalonline.com.br\/?p=27892","title":{"rendered":"Ratos de Por\u00e3o se apresenta no Sesc da Avenida Paulista em fevereiro"},"content":{"rendered":"\n<p class=\"has-text-align-center\" id=\"viewer-wlam316344\"><em>Programa\u00e7\u00e3o musical de fevereiro no Sesc Avenida Paulista transita entre<\/em><\/p>\n\n\n\n<p class=\"has-text-align-center\" id=\"viewer-nk00323338\"><em>a vibra\u00e7\u00e3o do Punk Rock, a psicodelia do Hard Rock e a energia da Roda de Samba<\/em><\/p>\n\n\n\n<p id=\"viewer-djnle10234\">A sonoridade do punk e a atmosfera da roda de samba, \u00e0 primeira vista, podem parecer opostos, mas compartilham uma ess\u00eancia vibrante que conecta pessoas e traduz sentimentos coletivos. Assim \u00e9 a programa\u00e7\u00e3o musical de fevereiro no Sesc Avenida Paulista, que conta com: <strong>Ratos de Por\u00e3o<\/strong>, <strong>Malvada<\/strong>, <strong>Arthur Nogueira<\/strong> \u2013 <strong>canta Antonio Cicero<\/strong> e <strong>Roda de Ann\u00e1<\/strong>.&nbsp;<\/p>\n\n\n\n<p id=\"viewer-kqws167\">No dia 7 de fevereiro, \u00e0s 20h, <strong>Malvada,<\/strong> banda brasileira de hard rock, que vem se destacando no cen\u00e1rio pela sua energia, traz can\u00e7\u00f5es sobre liberdade, for\u00e7a feminina e supera\u00e7\u00e3o. Seu som mistura influ\u00eancias cl\u00e1ssicas do rock com um toque moderno.&nbsp;<\/p>\n\n\n\n<p id=\"viewer-4sp4369\">No fim de semana, 8 e 9\/2, o cantor e compositor<strong> Arthur Nogueira apresenta <\/strong><strong><em>Arthur Nogueira canta Antonio Cicero<\/em><\/strong>, uma celebra\u00e7\u00e3o po\u00e9tica e musical ao parceiro e amigo de longa data &#8211; Antonio Cicero (1945-2024). Com interpreta\u00e7\u00f5es marcantes, Nogueira revisita can\u00e7\u00f5es consagradas, como &#8220;\u00c0 Be\u00e7a&#8221; e &#8220;Fullg\u00e1s&#8221;, al\u00e9m de apresentar releituras de cl\u00e1ssicos e parcerias in\u00e9ditas.&nbsp;<\/p>\n\n\n\n<p id=\"viewer-36szc73\">Nos dias 21 e 22\/2, sexta e s\u00e1bado, os <strong>Ratos de Por\u00e3o<\/strong> se apresentam no T\u00e9rreo da Unidade. Formada em 1981, durante a explos\u00e3o do movimento punk paulista, a banda brasileira de punk crossover traz no repert\u00f3rio cl\u00e1ssicos, como \u201cCrucificados\u201d, \u201cAglomera\u00e7\u00e3o\u201d e \u201cBeber at\u00e9 Morrer\u201d, al\u00e9m de m\u00fasicas do \u00e1lbum <em>Necropol\u00edtica<\/em>, produzido durante a pandemia.&nbsp;<\/p>\n\n\n\n<p id=\"viewer-y6cz777\">Fechando a programa\u00e7\u00e3o do m\u00eas, o show<strong> <\/strong><strong><em>Roda de Ann\u00e1<\/em><\/strong> \u00e9 uma celebra\u00e7\u00e3o vibrante da m\u00fasica brasileira, que passeia por v\u00e1rias vertentes do samda, de Pixinguinha a Ludmila. No repert\u00f3rio, cl\u00e1ssicos consagrados de Adoniran Barbosa e Dona Ivone Lara, al\u00e9m de composi\u00e7\u00f5es autorais. O show conta ainda com a participa\u00e7\u00e3o especial de Jo\u00e3o Gordo.<\/p>\n\n\n\n<p id=\"viewer-b8ncv81\">&nbsp;<\/p>\n\n\n\n<p id=\"viewer-pgnpf83\"><strong>Servi\u00e7os<\/strong><\/p>\n\n\n\n<p id=\"viewer-f1cr4658\"><strong>Show | Malvada<\/strong><\/p>\n\n\n\n<p id=\"viewer-8m695733\">Dia 7 de fevereiro de 2025. Sexta, \u00e0s 20h.<\/p>\n\n\n\n<p id=\"viewer-nl1od808\"><strong>Local:<\/strong> Arte II (13\u00ba andar)<\/p>\n\n\n\n<p id=\"viewer-xzf69884\"><strong>Dura\u00e7\u00e3o:<\/strong> 60 minutos\u202f<\/p>\n\n\n\n<p id=\"viewer-km5ku960\">\u202f<strong>Classifica\u00e7\u00e3o indicativa:<\/strong> 14 anos<\/p>\n\n\n\n<p id=\"viewer-j8y321038\"><strong>Ingressos:<\/strong> R$ 50 (inteira), R$ 25 (Meia) e R$ 15 (Credencial plena)<\/p>\n\n\n\n<p id=\"viewer-jdm8294\"><a target=\"_blank\" href=\"https:\/\/www.sescsp.org.br\/programacao\/malvada-2\/\" rel=\"noreferrer noopener\"><strong><u>Dispon\u00edvel para compra online a partir de 28\/01 &#8211; 17h00<\/u><\/strong><\/a><\/p>\n\n\n\n<p id=\"viewer-0s88596\"><strong>Show | Arthur Nogueira canta Antonio Cicero<\/strong><\/p>\n\n\n\n<p id=\"viewer-bk2h31339\">Dias 8 e 9 de fevereiro de 2025. S\u00e1bado, \u00e0s 20h, e domingo, \u00e0s 18h.<\/p>\n\n\n\n<p id=\"viewer-2nqo51490\"><strong>Local:<\/strong> Arte II (13\u00ba andar)<\/p>\n\n\n\n<p id=\"viewer-undl71567\"><strong>Dura\u00e7\u00e3o:<\/strong> 60 minutos\u202f\u202f<\/p>\n\n\n\n<p id=\"viewer-n9o021644\"><strong>Classifica\u00e7\u00e3o indicativa:<\/strong> 14 anos<\/p>\n\n\n\n<p id=\"viewer-apfuy1421\"><strong>Ingressos:<\/strong> R$ 50 (inteira), R$ 25 (Meia) e R$ 15 (Credencial plena)<\/p>\n\n\n\n<p id=\"viewer-ypvd0107\"><a target=\"_blank\" href=\"https:\/\/www.sescsp.org.br\/programacao\/arthur-nogueira-2\/\" rel=\"noreferrer noopener\"><strong><u>Dispon\u00edvel para compra online a partir de 28\/01 &#8211; 17h00<\/u><\/strong><\/a><\/p>\n\n\n\n<p id=\"viewer-d1je1109\"><strong>Show | Ratos de Por\u00e3o<\/strong><\/p>\n\n\n\n<p id=\"viewer-8kaqt1873\">Dias 21 e 22 de fevereiro de 2025. Sexta e s\u00e1bado, \u00e0s 19h30.<\/p>\n\n\n\n<p id=\"viewer-wa0s91949\"><strong>Local:<\/strong> T\u00e9rreo<\/p>\n\n\n\n<p id=\"viewer-2ksfn2026\"><strong>Dura\u00e7\u00e3o:<\/strong> 60 minutos\u202f\u202f<\/p>\n\n\n\n<p id=\"viewer-1aap82103\"><strong>Classifica\u00e7\u00e3o indicativa:<\/strong> 14 anos<\/p>\n\n\n\n<p id=\"viewer-1jy0t2180\"><strong>Ingressos:<\/strong> R$ 50 (inteira), R$ 25 (Meia) e R$ 15 (Credencial plena)<\/p>\n\n\n\n<p id=\"viewer-8o3992782\"><a target=\"_blank\" href=\"https:\/\/www.sescsp.org.br\/programacao\/ratos-de-porao-5\/\" rel=\"noreferrer noopener\"><strong><u>Dispon\u00edvel para compra online a partir de 11\/02 &#8211; 17h00<\/u><\/strong><\/a><\/p>\n\n\n\n<p id=\"viewer-8xtiu120\"><strong>&nbsp;<\/strong><\/p>\n\n\n\n<p id=\"viewer-i7hvc122\"><strong>Show | Roda da Ann\u00e1<\/strong><\/p>\n\n\n\n<p id=\"viewer-lqq312407\"><em>Participa\u00e7\u00e3o Jo\u00e3o Gordo<\/em><\/p>\n\n\n\n<p id=\"viewer-5d7v310052\">Dia 23 de fevereiro de 2025. Domingo, \u00e0s 17h.<\/p>\n\n\n\n<p id=\"viewer-6zpej2484\"><strong>Local:<\/strong> T\u00e9rreo<\/p>\n\n\n\n<p id=\"viewer-eue8f2561\"><strong>Dura\u00e7\u00e3o:<\/strong> 60 minutos\u202f<\/p>\n\n\n\n<p id=\"viewer-uoyet2638\">\u202f<strong>Classifica\u00e7\u00e3o indicativa:<\/strong> 14 anos<\/p>\n\n\n\n<p id=\"viewer-49oa72717\"><strong>Gr\u00e1tis | Livre<\/strong><\/p>\n\n\n\n<p id=\"viewer-cznhw133\">&nbsp;<\/p>\n\n\n\n<p id=\"viewer-lm0sf135\"><strong>SESC AVENIDA PAULISTA<\/strong><\/p>\n\n\n\n<p id=\"viewer-6tt5v137\">Avenida Paulista, 119, Bela Vista, S\u00e3o Paulo<\/p>\n\n\n\n<p id=\"viewer-a4g6f9742\">Fone: (11) 3170-0800<\/p>\n\n\n\n<p id=\"viewer-r3zov9822\">Transporte P\u00fablico: Esta\u00e7\u00e3o Brigadeiro do Metr\u00f4 \u2013 350m<\/p>\n\n\n\n<p id=\"viewer-7u29s9903\">Hor\u00e1rio de funcionamento da unidade:Ter\u00e7a a sexta, das 10h \u00e0s 21h30.<\/p>\n\n\n\n<p id=\"viewer-u7p7u9985\">S\u00e1bados, das 10h \u00e0s 19h30. Domingos e feriados, das 10h \u00e0s 18h30.<\/p>\n\n\n\n<p id=\"viewer-w8kjz20237\"><strong>Fonte: <\/strong>Fernanda Porta Nova\/Sesc Avenida Paulista<\/p>\n","protected":false},"excerpt":{"rendered":"<p>Programa\u00e7\u00e3o musical de fevereiro no Sesc Avenida Paulista transita entre a vibra\u00e7\u00e3o do Punk Rock, a psicodelia do Hard Rock e a energia da Roda de Samba A sonoridade do punk e a atmosfera da roda de samba, \u00e0 primeira vista, podem parecer opostos, mas compartilham uma ess\u00eancia vibrante que conecta pessoas e traduz sentimentos [&hellip;]<\/p>\n","protected":false},"author":12,"featured_media":27893,"comment_status":"closed","ping_status":"open","sticky":false,"template":"","format":"standard","meta":{"footnotes":""},"categories":[4],"tags":[],"class_list":["post-27892","post","type-post","status-publish","format-standard","has-post-thumbnail","hentry","category-noticias"],"_links":{"self":[{"href":"http:\/\/heavymetalonline.com.br\/index.php?rest_route=\/wp\/v2\/posts\/27892","targetHints":{"allow":["GET"]}}],"collection":[{"href":"http:\/\/heavymetalonline.com.br\/index.php?rest_route=\/wp\/v2\/posts"}],"about":[{"href":"http:\/\/heavymetalonline.com.br\/index.php?rest_route=\/wp\/v2\/types\/post"}],"author":[{"embeddable":true,"href":"http:\/\/heavymetalonline.com.br\/index.php?rest_route=\/wp\/v2\/users\/12"}],"replies":[{"embeddable":true,"href":"http:\/\/heavymetalonline.com.br\/index.php?rest_route=%2Fwp%2Fv2%2Fcomments&post=27892"}],"version-history":[{"count":1,"href":"http:\/\/heavymetalonline.com.br\/index.php?rest_route=\/wp\/v2\/posts\/27892\/revisions"}],"predecessor-version":[{"id":27894,"href":"http:\/\/heavymetalonline.com.br\/index.php?rest_route=\/wp\/v2\/posts\/27892\/revisions\/27894"}],"wp:featuredmedia":[{"embeddable":true,"href":"http:\/\/heavymetalonline.com.br\/index.php?rest_route=\/wp\/v2\/media\/27893"}],"wp:attachment":[{"href":"http:\/\/heavymetalonline.com.br\/index.php?rest_route=%2Fwp%2Fv2%2Fmedia&parent=27892"}],"wp:term":[{"taxonomy":"category","embeddable":true,"href":"http:\/\/heavymetalonline.com.br\/index.php?rest_route=%2Fwp%2Fv2%2Fcategories&post=27892"},{"taxonomy":"post_tag","embeddable":true,"href":"http:\/\/heavymetalonline.com.br\/index.php?rest_route=%2Fwp%2Fv2%2Ftags&post=27892"}],"curies":[{"name":"wp","href":"https:\/\/api.w.org\/{rel}","templated":true}]}}