{"id":28057,"date":"2025-02-04T07:20:00","date_gmt":"2025-02-04T07:20:00","guid":{"rendered":"https:\/\/heavymetalonline.com.br\/?p=28057"},"modified":"2025-02-04T12:07:49","modified_gmt":"2025-02-04T12:07:49","slug":"aggresion-lanca-album-covil-de-feras-pela-cianeto-discos","status":"publish","type":"post","link":"http:\/\/heavymetalonline.com.br\/?p=28057","title":{"rendered":"Aggresion lan\u00e7a \u00e1lbum \u201cCovil de Feras\u201d pela Cianeto Discos"},"content":{"rendered":"\n<p id=\"viewer-yko1m15015\">Na ativa no cen\u00e1rio do Black\/Thrash Metal brasileiro desde 2003, a banda <strong>AGGRESION<\/strong> chega ao seu terceiro \u00e1lbum de est\u00fadio, intitulado <strong><em>\u201cCovil de Feras\u201d<\/em><\/strong>, lan\u00e7ado pelo selo <strong>CIANETO DISCOS<\/strong>, reconhecido por promover grandes nomes do Metal nacional e internacional no Brasil. Com produ\u00e7\u00e3o de <strong>Anderson Rocha<\/strong> no <strong>Est\u00fadio 45<\/strong>, em Mato Grosso do Sul, o disco apresenta uma nova fase para a banda, marcada por um som mais cru e visceral, inspirado na est\u00e9tica old school que \u00e9 a ess\u00eancia do g\u00eanero. O lan\u00e7amento \u00e9 limitado a 300 c\u00f3pias em formato de caixa acr\u00edlica.<\/p>\n\n\n\n<p id=\"viewer-1uolj13033\">&nbsp;<\/p>\n\n\n\n<p id=\"viewer-h7goa13035\">O \u00e1lbum re\u00fane oito faixas que exploram tem\u00e1ticas profundas e provocativas. Inspiradas nos relatos das miss\u00f5es jesu\u00edticas e na resist\u00eancia dos povos ind\u00edgenas durante a coloniza\u00e7\u00e3o, as letras oferecem um olhar cr\u00edtico e reflexivo sobre as lutas hist\u00f3ricas desses povos. As m\u00fasicas s\u00e3o um convite \u00e0 reflex\u00e3o e carregam a for\u00e7a e a resili\u00eancia de quem enfrentou opress\u00f5es hist\u00f3ricas.<\/p>\n\n\n\n<p id=\"viewer-wnm6x13037\">&nbsp;<\/p>\n\n\n\n<p id=\"viewer-dqqg813039\">A arte da capa, assinada pelo renomado artista ga\u00facho <strong>Marcos Miller <\/strong>(Amen Corner, Bloodwork, Decimator, Exterminate, Mental Horror), complementa a for\u00e7a do \u00e1lbum, traduzindo visualmente o grito de resist\u00eancia que <strong><em>\u201cCovil de Feras\u201d<\/em><\/strong> representa. Al\u00e9m de seis faixas pr\u00f3prias, a banda gravou dois covers de bandas seminais do Metal extremo brasileiro: <strong><em>\u201cThe True Story About Doctor Faust&#8217;s Pact With Mephistopheles\u201d<\/em><\/strong> (Mystifier) e <strong><em>\u201cTotal Destrui\u00e7\u00e3o\u201d <\/em><\/strong>(Vulcano).<\/p>\n\n\n\n<figure class=\"wp-block-image\"><img loading=\"lazy\" decoding=\"async\" width=\"1024\" height=\"1024\" src=\"https:\/\/heavymetalonline.com.br\/wp-content\/uploads\/2025\/02\/Agression-Capa.jpg\" alt=\"\" class=\"wp-image-28059\" srcset=\"http:\/\/heavymetalonline.com.br\/wp-content\/uploads\/2025\/02\/Agression-Capa.jpg 1024w, http:\/\/heavymetalonline.com.br\/wp-content\/uploads\/2025\/02\/Agression-Capa-300x300.jpg 300w, http:\/\/heavymetalonline.com.br\/wp-content\/uploads\/2025\/02\/Agression-Capa-500x500.jpg 500w, http:\/\/heavymetalonline.com.br\/wp-content\/uploads\/2025\/02\/Agression-Capa-768x768.jpg 768w, http:\/\/heavymetalonline.com.br\/wp-content\/uploads\/2025\/02\/Agression-Capa-250x250.jpg 250w\" sizes=\"auto, (max-width: 1024px) 100vw, 1024px\" \/><\/figure>\n\n\n\n<p id=\"viewer-88tqe13049\"><strong>Faixas do \u00e1lbum \u201cCovil de Feras\u201d:<\/strong><\/p>\n\n\n\n<p id=\"viewer-a9d6w13055\">1 &#8211; Covil de Feras<\/p>\n\n\n\n<p id=\"viewer-v5olm15746\">2 &#8211; Culto dos Ossos dos Magos Mortos<\/p>\n\n\n\n<p id=\"viewer-phdmr13059\">3 &#8211; Sacrificados pelo Fogo<\/p>\n\n\n\n<p id=\"viewer-6x8ck13061\">4 &#8211; Fantasmas das Cavernas<\/p>\n\n\n\n<p id=\"viewer-6rz1k13063\">5 &#8211; Ecos Ancestrais<\/p>\n\n\n\n<p id=\"viewer-ov6ey13065\">6 &#8211; Marcha \u00e0 Destrui\u00e7\u00e3o<\/p>\n\n\n\n<p id=\"viewer-ijuu513067\">7 &#8211; The True Story About Doctor Faust&#8217;s Pact With Mephistopheles (Mystifier cover)<\/p>\n\n\n\n<p id=\"viewer-t27sq13069\">8 &#8211; Total Destrui\u00e7\u00e3o (Vulcano cover)<\/p>\n\n\n\n<p id=\"viewer-k282g13071\">&nbsp;<\/p>\n\n\n\n<p id=\"viewer-yoole13073\"><strong>Para adquirir \u201cCovil de Feras\u201d, acesse:<\/strong><\/p>\n\n\n\n<p><a href=\"https:\/\/cianetodiscos.com.br\/produtos\/aggresion-covil-de-feras-cd\">https:\/\/cianetodiscos.com.br\/produtos\/aggresion-covil-de-feras-cd<\/a><\/p>\n\n\n\n<p id=\"viewer-86v1v13078\"><strong>Assista ao lyric video de \u201cEcos Ancestrais\u201d:<\/strong><\/p>\n\n\n\n<figure class=\"wp-block-embed is-type-video is-provider-youtube wp-block-embed-youtube wp-embed-aspect-16-9 wp-has-aspect-ratio\"><div class=\"wp-block-embed__wrapper\">\n<iframe loading=\"lazy\" title=\"Aggresion - Ecos Ancestrais (Lyric Video)\" width=\"640\" height=\"360\" src=\"https:\/\/www.youtube.com\/embed\/vemzDWjVPgM?feature=oembed\" frameborder=\"0\" allow=\"accelerometer; autoplay; clipboard-write; encrypted-media; gyroscope; picture-in-picture; web-share\" referrerpolicy=\"strict-origin-when-cross-origin\" allowfullscreen><\/iframe>\n<\/div><\/figure>\n\n\n\n<p id=\"viewer-0npj713083\"><strong>Contatos:<\/strong><\/p>\n\n\n\n<p id=\"viewer-ftudz13085\">Site: <a target=\"_blank\" href=\"http:\/\/www.cianetodiscos.com.br\/\" rel=\"noreferrer noopener\"><u>www.cianetodiscos.com.br<\/u><\/a><\/p>\n\n\n\n<p id=\"viewer-5fkta13088\">E-mail: <a target=\"_blank\" href=\"mailto:info@cianetodiscos.com.br\" rel=\"noreferrer noopener\"><u>info@cianetodiscos.com.br<\/u><\/a><\/p>\n\n\n\n<p id=\"viewer-6ary813091\">Bandcamp: <a target=\"_blank\" href=\"http:\/\/www.cianeto.bandcamp.com\/\" rel=\"noreferrer noopener\"><u>www.cianeto.bandcamp.com<\/u><\/a><\/p>\n\n\n\n<p id=\"viewer-7s53m13095\">Assessoria de Imprensa: <a target=\"_blank\" href=\"http:\/\/www.wargodspress.com.br\/\" rel=\"noreferrer noopener\"><u>www.wargodspress.com.br<\/u><\/a><\/p>\n\n\n\n<p id=\"viewer-py8pv14005\"><strong>Fonte:<\/strong> Wargods Press<\/p>\n","protected":false},"excerpt":{"rendered":"<p>Na ativa no cen\u00e1rio do Black\/Thrash Metal brasileiro desde 2003, a banda AGGRESION chega ao seu terceiro \u00e1lbum de est\u00fadio, intitulado \u201cCovil de Feras\u201d, lan\u00e7ado pelo selo CIANETO DISCOS, reconhecido por promover grandes nomes do Metal nacional e internacional no Brasil. Com produ\u00e7\u00e3o de Anderson Rocha no Est\u00fadio 45, em Mato Grosso do Sul, o [&hellip;]<\/p>\n","protected":false},"author":12,"featured_media":28058,"comment_status":"closed","ping_status":"open","sticky":false,"template":"","format":"standard","meta":{"footnotes":""},"categories":[4],"tags":[],"class_list":["post-28057","post","type-post","status-publish","format-standard","has-post-thumbnail","hentry","category-noticias"],"_links":{"self":[{"href":"http:\/\/heavymetalonline.com.br\/index.php?rest_route=\/wp\/v2\/posts\/28057","targetHints":{"allow":["GET"]}}],"collection":[{"href":"http:\/\/heavymetalonline.com.br\/index.php?rest_route=\/wp\/v2\/posts"}],"about":[{"href":"http:\/\/heavymetalonline.com.br\/index.php?rest_route=\/wp\/v2\/types\/post"}],"author":[{"embeddable":true,"href":"http:\/\/heavymetalonline.com.br\/index.php?rest_route=\/wp\/v2\/users\/12"}],"replies":[{"embeddable":true,"href":"http:\/\/heavymetalonline.com.br\/index.php?rest_route=%2Fwp%2Fv2%2Fcomments&post=28057"}],"version-history":[{"count":1,"href":"http:\/\/heavymetalonline.com.br\/index.php?rest_route=\/wp\/v2\/posts\/28057\/revisions"}],"predecessor-version":[{"id":28060,"href":"http:\/\/heavymetalonline.com.br\/index.php?rest_route=\/wp\/v2\/posts\/28057\/revisions\/28060"}],"wp:featuredmedia":[{"embeddable":true,"href":"http:\/\/heavymetalonline.com.br\/index.php?rest_route=\/wp\/v2\/media\/28058"}],"wp:attachment":[{"href":"http:\/\/heavymetalonline.com.br\/index.php?rest_route=%2Fwp%2Fv2%2Fmedia&parent=28057"}],"wp:term":[{"taxonomy":"category","embeddable":true,"href":"http:\/\/heavymetalonline.com.br\/index.php?rest_route=%2Fwp%2Fv2%2Fcategories&post=28057"},{"taxonomy":"post_tag","embeddable":true,"href":"http:\/\/heavymetalonline.com.br\/index.php?rest_route=%2Fwp%2Fv2%2Ftags&post=28057"}],"curies":[{"name":"wp","href":"https:\/\/api.w.org\/{rel}","templated":true}]}}