{"id":28352,"date":"2025-02-13T20:01:28","date_gmt":"2025-02-13T20:01:28","guid":{"rendered":"https:\/\/heavymetalonline.com.br\/?p=28352"},"modified":"2025-02-13T20:01:31","modified_gmt":"2025-02-13T20:01:31","slug":"capital-inicial-chega-a-vitoria-no-espirito-santo-com-show-acustico","status":"publish","type":"post","link":"http:\/\/heavymetalonline.com.br\/?p=28352","title":{"rendered":"Capital Inicial chega a Vit\u00f3ria, no Esp\u00edrito Santo, com show\u00a0Ac\u00fastico\u00a0"},"content":{"rendered":"\n<p id=\"viewer-woyy111913\">O<strong> <\/strong><a target=\"_blank\" href=\"https:\/\/www.instagram.com\/capitalinicial\/\" rel=\"noreferrer noopener\"><strong>Capital Inicial<\/strong><\/a><strong> <\/strong>levar\u00e1 toda atmosfera do <em>Ac\u00fastico<\/em> em mais um show pelo Brasil. Ap\u00f3s esgotar v\u00e1rias cidades, a banda anuncia sua nova turn\u00ea em Vit\u00f3ria, no Esp\u00edrito Santo. No dia 25 de outubro, Dinho e seus parceiros de estrada desembarcam no \u00c1lvares Cabral para uma apresenta\u00e7\u00e3o \u00fanica. A comemora\u00e7\u00e3o de 25 anos do emblem\u00e1tico show, passar\u00e1 por mais de 25 cidades, levando seus maiores sucessos. <a target=\"_blank\" href=\"https:\/\/www.eventim.com.br\/artist\/capital-inicial\/\" rel=\"noreferrer noopener\"><u>Ingressos j\u00e1 dispon\u00edveis!<\/u><\/a><\/p>\n\n\n\n<p id=\"viewer-vx0hy6894\"><strong>POR TR\u00c1S DO AC\u00daSTICO<\/strong><\/p>\n\n\n\n<p id=\"viewer-7yyvj6903\">Em 2025, o Capital comemora os 25 anos da grava\u00e7\u00e3o do seu \u00e1lbum mais conhecido, influente e aclamado, o <em>Capital Inicial Ac\u00fastico MTV<\/em>. A banda havia se reunido um pouco antes, em 1998, cinco anos ap\u00f3s a sa\u00edda de Dinho Ouro Preto. A retomada da banda tinha pretens\u00f5es bastante modestas \u2013 a ideia era fazer apenas alguns shows para celebrar a sua hist\u00f3ria e o legado do rock de Bras\u00edlia.<\/p>\n\n\n\n<p id=\"viewer-42rfu6907\">No entanto, poucos meses ap\u00f3s os primeiros shows, chega um convite da nascente <em>Abril Music<\/em> para gravar um disco de in\u00e9ditas. O \u00e1lbum, depois chamado de \u201c<em>Atr\u00e1s dos Olhos\u201d<\/em>, foi gravado em Nashville com o produtor David Z, mesmo de Prince e Billy Idol, em agosto de 1998, e marca a retomada fonogr\u00e1fica e o ressurgimento do Capital Inicial.&nbsp;<\/p>\n\n\n\n<p id=\"viewer-wdkka6913\">Pouco depois, chega o segundo convite, tamb\u00e9m inesperado, para gravar o Ac\u00fastico MTV. A banda se d\u00e1 conta da visibilidade e dos desafios do projeto e passa quase dois meses ensaiando de manh\u00e3 e \u00e0 tarde no Teatro Mars. Para a produ\u00e7\u00e3o musical, \u00e9 convidado Marcelo Sussekind, um velho amigo e produtor de \u00e1lbuns anteriores do Capital. Para acompanh\u00e1-los na grava\u00e7\u00e3o, do come\u00e7o ao fim, \u00e9 convidado outro grande amigo, o Kiko Zambianchi; e para uma participa\u00e7\u00e3o especial, dessa vez uma amiga de escola do Dinho, a Z\u00e9lia Duncan. Nesse time ainda s\u00e3o chamados mais dois m\u00fasicos, o Denny Concei\u00e7\u00e3o na percuss\u00e3o, e o Aislan Gomes nos teclados.<\/p>\n\n\n\n<p id=\"viewer-tk78z6915\">Horas, dias e semanas se arrastam enquanto todos ensaiam ininterruptamente. Enquanto isso, algumas perguntas surgem: que can\u00e7\u00f5es incluir?&nbsp; Qual o crit\u00e9rio a ser usado na sele\u00e7\u00e3o do repert\u00f3rio? Qual a sonoridade a ser buscada?&nbsp; Que cara dar ao projeto? Chega-se ao consenso de que o som deveria ser cru e simples, quase elementar. Algo que remetesse \u00e0s origens da banda. Na escolha do repert\u00f3rio \u00e9 feito algo similar, as m\u00fasicas mais conhecidas e mais emblem\u00e1ticas dos discos anteriores s\u00e3o escolhidas. Por\u00e9m, toma-se tamb\u00e9m a decis\u00e3o de incluir can\u00e7\u00f5es mais recentes e duas in\u00e9ditas, \u201cNatasha\u201d e \u201cTudo Que Vai\u201d. \u00c9 feita ainda uma vers\u00e3o de \u201cPrimeiros Erros\u201d do Kiko Zambianchi.<\/p>\n\n\n\n<p id=\"viewer-rzewt6917\">O registro dessa noite singular, literalmente \u00fanica, pois tudo foi gravado em uma \u00fanica noite, \u00e9 bastante pr\u00f3ximo do desejo de todos os envolvidos. O esp\u00edrito e a ess\u00eancia da banda estavam presentes, mas com o p\u00e9 no freio. Tudo muito calmo; como se estivessem tocando na sua sala ou em volta de uma fogueira a c\u00e9u aberto.<\/p>\n\n\n\n<p id=\"viewer-48y346919\">Registro feito, grava\u00e7\u00e3o terminada, al\u00edvio generalizado e pronto, agora era s\u00f3 lan\u00e7ar. O come\u00e7o desse processo foi como tudo que envolveu a banda desde a sua reuni\u00e3o &#8211; modestamente. Mas o que se seguiu n\u00e3o poderia ser mais diferente. O \u00e1lbum se viu gradualmente abra\u00e7ado por mais e mais gente. Aos poucos as vendas ficam cada vez maiores. Os shows come\u00e7am a ficar cada vez mais lotados. A agenda j\u00e1 n\u00e3o cabe no calend\u00e1rio. At\u00e9 que, no Rock in Rio de 2001, a performance do Capital e a rea\u00e7\u00e3o do p\u00fablico lan\u00e7am a banda a uma dimens\u00e3o at\u00e9 ent\u00e3o in\u00e9dita. O disco, cujas vendas j\u00e1 iam bem, explodem. Os shows passam a ser em gin\u00e1sios e est\u00e1dios.&nbsp;<\/p>\n\n\n\n<p id=\"viewer-2vbxx6921\">Um ano inteiro ap\u00f3s seu lan\u00e7amento, o Capital se v\u00ea entre os maiores nomes da m\u00fasica brasileira. Passa a ver a sonoridade do disco copiada. E n\u00e3o s\u00f3 no rock, em outros g\u00eaneros tamb\u00e9m, como na m\u00fasica sertaneja. A partir da\u00ed, o disco rapidamente alcan\u00e7a um milh\u00e3o de discos vendidos. Ele \u00e9 pirateado de norte a sul e mesmo assim as vendas n\u00e3o param. Recebe todos os pr\u00eamios que havia no pa\u00eds. A banda n\u00e3o consegue mais chegar aos seus pr\u00f3prios shows. O Capital passa a ser acompanhado por uma escolta para abrir o caminho. H\u00e1 gritaria na porta dos hoteis. E as vendas continuam. At\u00e9 hoje n\u00e3o se sabe qual \u00e9 o n\u00famero final das vendas. Em parte, porque nunca parou de vender. At\u00e9 hoje algumas can\u00e7\u00f5es do disco est\u00e3o entre as mais ouvidas do Capital nas plataformas de streaming.&nbsp;&nbsp;&nbsp;<\/p>\n\n\n\n<p id=\"viewer-6uiev6923\">O<strong> Capital Inicial<\/strong> quis aproveitar esse bom momento para lan\u00e7ar discos novos e escrever mais cap\u00edtulos de sua hist\u00f3ria. Assim foi feito &#8211; eles lan\u00e7aram um disco a cada dois anos at\u00e9 a pandemia. A banda quer continuar a olhar para o futuro, mas uma data como essa, e um disco como este, merece e vai ser celebrado. A banda vai fazer mais de 25 shows, com quase a mesma forma\u00e7\u00e3o da grava\u00e7\u00e3o original. Vai tamb\u00e9m lan\u00e7ar um EP de m\u00fasicas in\u00e9ditas para acompanhar a turn\u00ea. Os shows ter\u00e3o produ\u00e7\u00e3o musical de Marcelo Sussekind, cenografia do Z\u00e9 Carratu, Studio Curva e MangoLab,&nbsp; e design de luzes de C\u00e9sio Lima. Vai ser uma comemora\u00e7\u00e3o \u00e0 altura de sua dimens\u00e3o. O Capital Inicial espera ver voc\u00eas para reviver toda a emo\u00e7\u00e3o desse disco em alguma dessas datas.<\/p>\n\n\n\n<p id=\"viewer-2ve6m6926\"><strong>CONFIRA AS CIDADES QUE V\u00c3O RECEBER OS SHOWS:&nbsp;<\/strong><\/p>\n\n\n\n<p id=\"viewer-viewer-0h5sz3292\"><strong>MAR\u00c7O:<\/strong><\/p>\n\n\n\n<p id=\"viewer-viewer-wqdcp3719\">14\/03 &#8211; Sorocaba \/\/ SP<\/p>\n\n\n\n<p id=\"viewer-k53268152\">15\/03 &#8211; S\u00e3o Jos\u00e9 dos Campos \/\/ SP<\/p>\n\n\n\n<p id=\"viewer-viewer-eupbn3772\">21\/03 \u2013 Uberl\u00e2ndia \/\/ MG<\/p>\n\n\n\n<p id=\"viewer-viewer-c5hxu3826\">22\/03 &#8211; Ribeir\u00e3o Preto<\/p>\n\n\n\n<p id=\"viewer-cb5hf9067\">28\/03 &#8211; S\u00e3o Jos\u00e9 do Rio Preto \/\/ SP<\/p>\n\n\n\n<p id=\"viewer-viewer-vkeer3881\">29\/03 \u2013 Campinas \/\/ SP<\/p>\n\n\n\n<p id=\"viewer-viewer-yxcg63294\"><strong>ABRIL:<\/strong><\/p>\n\n\n\n<p id=\"viewer-oj3e99582\">05\/04 &#8211; Belo Horizonte \/\/ MG &#8211; Arena Hall<\/p>\n\n\n\n<p id=\"viewer-34mxg9755\">06\/04 &#8211; Belo Horizonte \/\/ MG &#8211; DATA EXTRA<\/p>\n\n\n\n<p id=\"viewer-viewer-9zu9j4163\">11\/04 &#8211; Porto Alegre \/\/ RS &#8211; Ara\u00fajo Vianna &#8211; DATA EXTRA<\/p>\n\n\n\n<p id=\"viewer-viewer-wviqx4221\">12\/04 &#8211; Porto Alegre \/\/ RS &#8211; Ara\u00fajo Vianna<\/p>\n\n\n\n<p id=\"viewer-dcuk49933\">24\/04 &#8211; Santo Andr\u00e9 \/\/ SP<\/p>\n\n\n\n<p id=\"viewer-viewer-26rn54280\">26\/04 \u2013 Bras\u00edlia \/ DF &#8211; Arena BRB3<\/p>\n\n\n\n<p id=\"viewer-viewer-0yo7m4763\">30\/04 \u2013 Jo\u00e3o Pessoa \/\/ PB<\/p>\n\n\n\n<p id=\"viewer-viewer-b6cpi3296\"><strong>MAIO:<\/strong><\/p>\n\n\n\n<p id=\"viewer-lu04p9332\">02\/05 &#8211; Fortaleza \/\/ CE<\/p>\n\n\n\n<p id=\"viewer-vpo8410114\">03\/05 \u2013 Natal \/\/ RN<\/p>\n\n\n\n<p id=\"viewer-viewer-iknsi4701\">10\/05 \u2013 Recife \/\/ PE &#8211; Classic Hall<\/p>\n\n\n\n<p id=\"viewer-viewer-1viep4578\">17\/05 \u2013 Bel\u00e9m \/\/ PA<\/p>\n\n\n\n<p id=\"viewer-zd0ka10297\">23\/05 &#8211; Aracaju \/\/ SE<\/p>\n\n\n\n<p id=\"viewer-viewer-9jjmx4831\">24\/05 \u2013 Salvador \/\/ BA &#8211; Concha Ac\u00fastica<\/p>\n\n\n\n<p id=\"viewer-viewer-lv3ct4640\">31\/05 &#8211; Rio de Janeiro \/\/ RJ &#8211; Qualistage&nbsp;<\/p>\n\n\n\n<p id=\"viewer-viewer-b0l1n3298\"><strong>JUNHO:<\/strong><\/p>\n\n\n\n<p id=\"viewer-viewer-rlpb44401\">06\/06 \u2013 Joinville \/\/ SC0<\/p>\n\n\n\n<p id=\"viewer-viewer-ai06j4964\">7\/06 \u2013 S\u00e3o Jos\u00e9 (Florian\u00f3polis) \/\/ SC \u2013 Arena Opus<\/p>\n\n\n\n<p id=\"viewer-viewer-rg5mt5031\">14\/06 \u2013 Curitiba \/\/ PR \u2013 Jockey<\/p>\n\n\n\n<p id=\"viewer-viewer-mnp1n5236\">21\/06 \u2013 Campo Grande \/\/ MS<\/p>\n\n\n\n<p id=\"viewer-viewer-0k5bj5099\">27\/06 \u2013 Maring\u00e1 \/\/ PR28\/06 \u2013 Londrina<\/p>\n\n\n\n<p id=\"viewer-y9jcy10582\">28\/06 \u2013 Londrina \/\/ PR<\/p>\n\n\n\n<p id=\"viewer-viewer-w6vrx3300\"><strong>JULHO:<\/strong><\/p>\n\n\n\n<p id=\"viewer-viewer-brqus5879\">04\/07 &#8211; Juiz de Fora \/\/ MG<\/p>\n\n\n\n<p id=\"viewer-viewer-96w0a5309\">05\/07 \u2013 Piracicaba \/\/ SP<\/p>\n\n\n\n<p id=\"viewer-viewer-qhbz55169\">18\/07 &#8211; Jundia\u00ed \/\/ SP<\/p>\n\n\n\n<p id=\"viewer-mjw8r10769\">19\/07 &#8211; Divin\u00f3polis \/\/ MG<\/p>\n\n\n\n<p id=\"viewer-viewer-mpjdz3304\"><strong>OUTUBRO:<\/strong><\/p>\n\n\n\n<p id=\"viewer-viewer-afrvu6330\">03\/10 &#8211; Lauro de Freitas \/\/ BA<\/p>\n\n\n\n<p id=\"viewer-btc4c10961\">25\/10 &#8211; Vit\u00f3ria \/\/ ES<\/p>\n\n\n\n<p id=\"viewer-viewer-bteyn6031\">&nbsp; &nbsp; &nbsp; &nbsp; &nbsp; &nbsp; &nbsp; &nbsp; &nbsp; &nbsp; &nbsp; &nbsp; &nbsp;<\/p>\n\n\n\n<p id=\"viewer-viewer-jeow63306\"><strong>NOVEMBRO:<\/strong><\/p>\n\n\n\n<p id=\"viewer-5ryew11512\">01\/11 &#8211; S\u00e3o Paulo \/\/ SP<\/p>\n\n\n\n<p id=\"viewer-c0iix11605\">15\/11 &#8211; S\u00e3o Paulo \/\/ SP<\/p>\n\n\n\n<p id=\"viewer-0n31911608\">29\/11 &#8211; Toledo \/\/ PR<\/p>\n\n\n\n<p id=\"viewer-viewer-mxje93308\"><strong>Informa\u00e7\u00f5es e ingressos:<\/strong><a target=\"_blank\" href=\"https:\/\/www.eventim.com.br\/artist\/capital-inicial\/\" rel=\"noreferrer noopener\"><strong><u>&nbsp;<\/u><\/strong><\/a><a target=\"_blank\" href=\"https:\/\/www.eventim.com.br\/artist\/capital-inicial\/\" rel=\"noreferrer noopener\"><strong><u>https:\/\/www.eventim.com.br\/artist\/capital-inicial\/<\/u><\/strong><\/a><a target=\"_blank\" href=\"https:\/\/www.eventim.com.br\/artist\/capital-inicial\/\" rel=\"noreferrer noopener\"><strong><u>&nbsp;<\/u><\/strong><\/a><\/p>\n\n\n\n<p id=\"viewer-viewer-fv1563312\"><strong>FICHA T\u00c9CNICA: \u201c<\/strong><strong><em>Capital Inicial Ac\u00fastico 25 anos<\/em><\/strong><strong>\u201d<\/strong><\/p>\n\n\n\n<p id=\"viewer-viewer-6ku123316\"><strong>Capital Inicial<\/strong><\/p>\n\n\n\n<p id=\"viewer-viewer-5n7dq6569\">Dinho Ouro Preto<\/p>\n\n\n\n<p id=\"viewer-viewer-03wa56722\">Fl\u00e1vio Lemos<\/p>\n\n\n\n<p id=\"viewer-viewer-ww34v6800\">F\u00ea LemosYves Passarell<\/p>\n\n\n\n<p id=\"viewer-viewer-4v78r3319\"><strong>M\u00fasicos de apoio<\/strong><\/p>\n\n\n\n<p id=\"viewer-viewer-x4vfv6647\">Fabiano Carelli (Guitarrista)<\/p>\n\n\n\n<p id=\"viewer-viewer-3s7o06881\">Nei Medreiros (Tecladista)<\/p>\n\n\n\n<p id=\"viewer-viewer-gbo103322\"><strong>M\u00fasicos Convidados<\/strong><\/p>\n\n\n\n<p id=\"viewer-viewer-t645f3324\">Kiko Zambianchi (Viol\u00e3o e Backing Vocal)&nbsp;<\/p>\n\n\n\n<p id=\"viewer-viewer-jo4pm3326\">Denny Concei\u00e7\u00e3o (Percuss\u00e3o)<\/p>\n\n\n\n<p id=\"viewer-viewer-62kde3328\"><strong>Produ\u00e7\u00e3o musical<\/strong><\/p>\n\n\n\n<p id=\"viewer-viewer-xg5v63330\">Marcelo Sussekind&nbsp;<\/p>\n\n\n\n<p id=\"viewer-viewer-c8xql3332\"><strong>Realiza\u00e7\u00e3o<\/strong><\/p>\n\n\n\n<p id=\"viewer-viewer-xoy5a3334\">Bonus Track<\/p>\n","protected":false},"excerpt":{"rendered":"<p>O Capital Inicial levar\u00e1 toda atmosfera do Ac\u00fastico em mais um show pelo Brasil. Ap\u00f3s esgotar v\u00e1rias cidades, a banda anuncia sua nova turn\u00ea em Vit\u00f3ria, no Esp\u00edrito Santo. No dia 25 de outubro, Dinho e seus parceiros de estrada desembarcam no \u00c1lvares Cabral para uma apresenta\u00e7\u00e3o \u00fanica. A comemora\u00e7\u00e3o de 25 anos do emblem\u00e1tico [&hellip;]<\/p>\n","protected":false},"author":12,"featured_media":26506,"comment_status":"closed","ping_status":"open","sticky":false,"template":"","format":"standard","meta":{"footnotes":""},"categories":[4,1807],"tags":[],"class_list":["post-28352","post","type-post","status-publish","format-standard","has-post-thumbnail","hentry","category-noticias","category-sem-categoria-pt"],"_links":{"self":[{"href":"http:\/\/heavymetalonline.com.br\/index.php?rest_route=\/wp\/v2\/posts\/28352","targetHints":{"allow":["GET"]}}],"collection":[{"href":"http:\/\/heavymetalonline.com.br\/index.php?rest_route=\/wp\/v2\/posts"}],"about":[{"href":"http:\/\/heavymetalonline.com.br\/index.php?rest_route=\/wp\/v2\/types\/post"}],"author":[{"embeddable":true,"href":"http:\/\/heavymetalonline.com.br\/index.php?rest_route=\/wp\/v2\/users\/12"}],"replies":[{"embeddable":true,"href":"http:\/\/heavymetalonline.com.br\/index.php?rest_route=%2Fwp%2Fv2%2Fcomments&post=28352"}],"version-history":[{"count":1,"href":"http:\/\/heavymetalonline.com.br\/index.php?rest_route=\/wp\/v2\/posts\/28352\/revisions"}],"predecessor-version":[{"id":28353,"href":"http:\/\/heavymetalonline.com.br\/index.php?rest_route=\/wp\/v2\/posts\/28352\/revisions\/28353"}],"wp:featuredmedia":[{"embeddable":true,"href":"http:\/\/heavymetalonline.com.br\/index.php?rest_route=\/wp\/v2\/media\/26506"}],"wp:attachment":[{"href":"http:\/\/heavymetalonline.com.br\/index.php?rest_route=%2Fwp%2Fv2%2Fmedia&parent=28352"}],"wp:term":[{"taxonomy":"category","embeddable":true,"href":"http:\/\/heavymetalonline.com.br\/index.php?rest_route=%2Fwp%2Fv2%2Fcategories&post=28352"},{"taxonomy":"post_tag","embeddable":true,"href":"http:\/\/heavymetalonline.com.br\/index.php?rest_route=%2Fwp%2Fv2%2Ftags&post=28352"}],"curies":[{"name":"wp","href":"https:\/\/api.w.org\/{rel}","templated":true}]}}