{"id":29472,"date":"2025-03-29T20:06:10","date_gmt":"2025-03-29T20:06:10","guid":{"rendered":"https:\/\/heavymetalonline.com.br\/?p=29472"},"modified":"2025-03-29T20:06:12","modified_gmt":"2025-03-29T20:06:12","slug":"daron-faz-primeiro-show-de-sua-carreira-solo-na-proxima-quinta-feira-03-no-manifesto-bar","status":"publish","type":"post","link":"http:\/\/heavymetalonline.com.br\/?p=29472","title":{"rendered":"Daron\u00a0faz primeiro show de sua carreira solo na pr\u00f3xima quinta-feira (03), no Manifesto Bar"},"content":{"rendered":"\n<p id=\"viewer-01f7825646\">No dia <strong>03 de abril<\/strong> , o <strong>Manifesto Bar<\/strong> abrir\u00e1 suas portas \u00e0s 20h para receber o primeiro show da carreira solo de <strong>Daron<\/strong> . A noite promete uma experi\u00eancia intensa, com um show carregado de energia, riffs marcantes e letras impactantes que transitam entre o cl\u00e1ssico e o moderno do rock.<\/p>\n\n\n\n<p id=\"viewer-3aizt24406\">No palco, Daron promete um setlist poderoso, incluindo faixas do seu aguardado \u00e1lbum <strong>&#8220;Desgarrado&#8221;<\/strong> que aborda temas subliminares sobre os mist\u00e9rios da mente e do mundo.<\/p>\n\n\n\n<p id=\"viewer-pavhp24410\">Com influ\u00eancias que passam por <strong>Black Sabbath, Ozzy Osbourne e Megadeth<\/strong> , Daron traz ao p\u00fablico uma performance intensa, com uma presen\u00e7a de palco marcante e uma energia que promete incendiar a noite.<\/p>\n\n\n\n<p id=\"viewer-h0jg324414\">Tamb\u00e9m ter\u00e1 a participa\u00e7\u00e3o especial da banda <strong>Inluzt<\/strong> , que vai te fazer voltar aos anos 80, trazendo um Hard Rock aut\u00eantico e feito aqui no Brasil!<\/p>\n\n\n\n<figure class=\"wp-block-embed is-type-video is-provider-youtube wp-block-embed-youtube wp-embed-aspect-16-9 wp-has-aspect-ratio\"><div class=\"wp-block-embed__wrapper\">\n<iframe loading=\"lazy\" title=\"DARON - O FRONTE\" width=\"640\" height=\"360\" src=\"https:\/\/www.youtube.com\/embed\/FoiKtgyKs8Y?feature=oembed\" frameborder=\"0\" allow=\"accelerometer; autoplay; clipboard-write; encrypted-media; gyroscope; picture-in-picture; web-share\" referrerpolicy=\"strict-origin-when-cross-origin\" allowfullscreen><\/iframe>\n<\/div><\/figure>\n\n\n\n<p id=\"viewer-qzkef24419\"><strong>SERVI\u00c7O:<\/strong><\/p>\n\n\n\n<p id=\"viewer-n7hjg24421\">Data: 03 de abril de 2025<\/p>\n\n\n\n<p id=\"viewer-r9xcc24423\">Local: Manifesto Bar &#8211; Rua Iguatemi, 36, Itaim Bibi, S\u00e3o Paulo &#8211; SP<\/p>\n\n\n\n<p id=\"viewer-56zv724425\">Hor\u00e1rio: A casa abre \u00e0s 20h<\/p>\n\n\n\n<p id=\"viewer-hck2t24427\">Mais informa\u00e7\u00f5es: <a target=\"_blank\" href=\"https:\/\/www.instagram.com\/manifestobar\/\" rel=\"noreferrer noopener\"><u>https:\/\/www.instagram.com\/manifestobar\/<\/u><\/a> &nbsp;<\/p>\n\n\n\n<p id=\"viewer-35kem24432\"><strong>Sobre Daron:<\/strong><\/p>\n\n\n\n<p id=\"viewer-o8wxe24434\">Daron nasceu na cidade de Tuparendi e, em 2013, fundou a banda \u201cPeixes Voadores\u201d, com mais de 13 anos de hist\u00f3ria, dividindo palco com grandes bandas, como \u201cSepultura\u201d, \u201cMisfits\u201d, \u201cMarky Ramone\u201d e \u201cMichael Graves\u201d. Fez turn\u00eas nacionais tamb\u00e9m com a banda \u201cMatanza\u201d, tocando em grandes palcos do sul, incluindo \u201cPepsi On Stage\u201d e \u201cOpini\u00e3o\u201d. Mas, como tudo tem seu ciclo, os caminhos tomaram um percurso diferente.<\/p>\n\n\n\n<p id=\"viewer-h902024436\">Daron estava condenado e decidiu que queria ir para S\u00e3o Paulo lan\u00e7ar sua carreira solo. Em 2025, essa hist\u00f3ria se concretiza, e Daron avan\u00e7a pelas nuvens da capital paulistana!<\/p>\n\n\n\n<p id=\"viewer-hrmxl24438\">No dia 22 de outubro de 2024, \u201cDaron\u201d lan\u00e7ou oficialmente sua carreira solo com o single e clipe \u201cO Fronte\u201d, uma faixa intensa e reflexiva sobre os desafios e sombras da guerra. Fortemente influenciado pelo som de \u201cOzzy Osbourne\u201d, Daron traz uma pegada aut\u00eantica e poderosa ao rock brasileiro.<\/p>\n\n\n\n<p id=\"viewer-rl3mw24440\">A letra de \u201cO Fronte\u201d nasceu da imagina\u00e7\u00e3o de \u201cDaron\u201d e construiu um cen\u00e1rio sombrio e obscuro, inspirado em conflitos globais recentes, como entre \u201cUcr\u00e2nia e R\u00fassia\u201d e \u201cIsrael e Ir\u00e3\u201d. Sem pretens\u00f5es de dar respostas, a m\u00fasica reflete sobre as marcas e a atmosfera pesada que essas guerras deixam na humanidade. Os riffs densos e a voz marcante de \u201cDaron\u201d ampliam o impacto dessa mensagem, capturando a aten\u00e7\u00e3o com uma narrativa que parece ecoar as realidades do mundo atual.<\/p>\n\n\n\n<p id=\"viewer-bydt924442\">Com esse lan\u00e7amento, \u201cDaron\u201d se firma no cen\u00e1rio nacional como uma nova voz que leva o rock para temas relevantes e atuais, oferecendo ao p\u00fablico uma experi\u00eancia intensa e completa.<\/p>\n\n\n\n<p id=\"viewer-b6ij624444\">No dia 25 de dezembro de 2024, \u201cDaron\u201d lan\u00e7ou seu primeiro disco denominado \u201cDesgarrado\u201d, dispon\u00edvel em todas as plataformas. O \u00e1lbum conta com 11 faixas e tem influ\u00eancias de \u201cTim Maia\u201d, \u201cRaul Seixas\u201d, com um instrumental inspirado em grandes bandas como \u201cBlack Sabbath\u201d, \u201cOzzy Osbourne\u201d, \u201cVolbeat\u201d, \u201cDio\u201d, entre outras lendas do rock. No in\u00edcio de 2025, \u201cDaron\u201d parte do RS rumo a SP com a miss\u00e3o de escrever seu nome na selva de pedras!<\/p>\n\n\n\n<p id=\"viewer-s90m124446\">Para 2025, os planos incluem marcar mais shows em S\u00e3o Paulo, assim como lan\u00e7ar novos singles, que preceder\u00e3o seu novo disco, com dados ainda n\u00e3o definidos.<\/p>\n\n\n\n<p id=\"viewer-oq0ob24448\"><strong>Daron \u00e9<\/strong>:<\/p>\n\n\n\n<p id=\"viewer-m7vgf24841\">Daron (Vocal)<\/p>\n\n\n\n<p id=\"viewer-jso8724805\">Bruno Luiz (Guitarrista)<\/p>\n\n\n\n<p id=\"viewer-ktshv24952\">Goto (Baixista)<\/p>\n\n\n\n<p id=\"viewer-s0rfv25065\">Edgar (Baterista)<\/p>\n\n\n\n<p id=\"viewer-ctgcv24452\"><strong>Fonte: <\/strong>Lavi Comunica\u00e7\u00e3o &amp; Mkt<\/p>\n","protected":false},"excerpt":{"rendered":"<p>No dia 03 de abril , o Manifesto Bar abrir\u00e1 suas portas \u00e0s 20h para receber o primeiro show da carreira solo de Daron . A noite promete uma experi\u00eancia intensa, com um show carregado de energia, riffs marcantes e letras impactantes que transitam entre o cl\u00e1ssico e o moderno do rock. No palco, Daron [&hellip;]<\/p>\n","protected":false},"author":12,"featured_media":29473,"comment_status":"closed","ping_status":"open","sticky":false,"template":"","format":"standard","meta":{"footnotes":""},"categories":[4],"tags":[],"class_list":["post-29472","post","type-post","status-publish","format-standard","has-post-thumbnail","hentry","category-noticias"],"_links":{"self":[{"href":"http:\/\/heavymetalonline.com.br\/index.php?rest_route=\/wp\/v2\/posts\/29472","targetHints":{"allow":["GET"]}}],"collection":[{"href":"http:\/\/heavymetalonline.com.br\/index.php?rest_route=\/wp\/v2\/posts"}],"about":[{"href":"http:\/\/heavymetalonline.com.br\/index.php?rest_route=\/wp\/v2\/types\/post"}],"author":[{"embeddable":true,"href":"http:\/\/heavymetalonline.com.br\/index.php?rest_route=\/wp\/v2\/users\/12"}],"replies":[{"embeddable":true,"href":"http:\/\/heavymetalonline.com.br\/index.php?rest_route=%2Fwp%2Fv2%2Fcomments&post=29472"}],"version-history":[{"count":1,"href":"http:\/\/heavymetalonline.com.br\/index.php?rest_route=\/wp\/v2\/posts\/29472\/revisions"}],"predecessor-version":[{"id":29474,"href":"http:\/\/heavymetalonline.com.br\/index.php?rest_route=\/wp\/v2\/posts\/29472\/revisions\/29474"}],"wp:featuredmedia":[{"embeddable":true,"href":"http:\/\/heavymetalonline.com.br\/index.php?rest_route=\/wp\/v2\/media\/29473"}],"wp:attachment":[{"href":"http:\/\/heavymetalonline.com.br\/index.php?rest_route=%2Fwp%2Fv2%2Fmedia&parent=29472"}],"wp:term":[{"taxonomy":"category","embeddable":true,"href":"http:\/\/heavymetalonline.com.br\/index.php?rest_route=%2Fwp%2Fv2%2Fcategories&post=29472"},{"taxonomy":"post_tag","embeddable":true,"href":"http:\/\/heavymetalonline.com.br\/index.php?rest_route=%2Fwp%2Fv2%2Ftags&post=29472"}],"curies":[{"name":"wp","href":"https:\/\/api.w.org\/{rel}","templated":true}]}}