{"id":30466,"date":"2025-05-17T15:06:12","date_gmt":"2025-05-17T15:06:12","guid":{"rendered":"https:\/\/heavymetalonline.com.br\/?p=30466"},"modified":"2025-05-17T15:06:13","modified_gmt":"2025-05-17T15:06:13","slug":"sp-rock-fest-participa-da-pre-virada-cultural-neste-domingo-18-com-vespas-mandarinas-e-mais","status":"publish","type":"post","link":"http:\/\/heavymetalonline.com.br\/?p=30466","title":{"rendered":"SP Rock Fest participa da Pr\u00e9-Virada Cultural neste domingo (18), com Vespas Mandarinas e mais"},"content":{"rendered":"\n<p id=\"viewer-qsf7v1456\">A Prefeitura de S\u00e3o Paulo, por meio da <strong>Secretaria de Cultura e Economia Criativa<\/strong>, apresenta mais uma edi\u00e7\u00e3o do <strong>S\u00e3o Paulo Rock Fest, <\/strong>o festival de rock na capital que traz dessa vez o <strong>Vespas Mandarinas<\/strong>, como programa\u00e7\u00e3o do esquenta da Virada Cultural 2025, al\u00e9m de<strong> Le Passage<\/strong>, <strong>Yohan Kisser<\/strong> e <strong>Invokaos<\/strong> e outros grupos.&nbsp;<\/p>\n\n\n\n<p id=\"viewer-r8mga330\">O festival vai ser realizado no Centro Cultural Santo Amaro, Zona Sul, na \u00e1rea externa, neste domingo (18), a partir das 13h at\u00e9 \u00e0s 20h40. A entrada \u00e9 gratuita e a classifica\u00e7\u00e3o \u00e9 livre.&nbsp;<\/p>\n\n\n\n<p id=\"viewer-x7heh332\">A banda Vespas Mandarinas completa 12 anos em 2025 e \u00e9 aclamada pela cr\u00edtica musical, al\u00e9m de ter o apoio do p\u00fablico, que s\u00e3o demonstrados por m\u00fasicas tocando nas r\u00e1dios brasileiras, como a 89FM e a Kiss FM, e participa\u00e7\u00f5es em grandes festivais como o Lollapalooza, Jo\u00e3o Rock e Bananada.<\/p>\n\n\n\n<p id=\"viewer-o739k334\">&nbsp;<\/p>\n\n\n\n<p id=\"viewer-aynfl336\">A <strong>LE PASSAGE<\/strong>, que significa o caminho percorrido pela mente atrav\u00e9s da m\u00fasica, criando um elo entre a banda e o ouvinte, \u00e9 uma banda autoral que explora o lado psicod\u00e9lico e stoner do rock. Atualmente conta com Luke Apolonio na guitarra e voz, Gessica Pantera no baixo e voze Al\u00ea Rodrigues na bateria.<\/p>\n\n\n\n<p id=\"viewer-23xjk523\">&nbsp;<\/p>\n\n\n\n<p id=\"viewer-65d5c525\">Yohan Kisser \u00e9 um compositor e cantor multi-instrumentista que come\u00e7ou sua hist\u00f3ria na m\u00fasica tocando baterista aos 5 anos e depois, aos 9, migrou para a guitarra. Ele j\u00e1 participou de grupos como Kisser Clan, Lusco Fusco, onde assumiu seu gosto pela m\u00fasica progressiva, Sioux 66, Antrvm e Os Pitais.<\/p>\n\n\n\n<p id=\"viewer-fc8ik527\">&nbsp;<\/p>\n\n\n\n<p id=\"viewer-bj193529\">Invokaus \u00e9 uma banda underground de S\u00e3o Paulo, criada em 2017, que j\u00e1 dividiu palco com grandes nomes do Metal Nacional como: Korzus, Claustrofobia, Desalmado, Amorfo, Sujera e Siegrid Ingrid. Atualmente conta com Pity, no vocal, Alexandre Jansen, na guitarra e no backing vocal, S\u00e9rgi\u00e3o Roma, no baixo e backing vocal e Biffi, na bateria.<\/p>\n\n\n\n<p id=\"viewer-kkxfd531\">&nbsp;<\/p>\n\n\n\n<p id=\"viewer-ojp4q533\">Lembrete: A Virada Cultural ser\u00e1 no pr\u00f3ximo fim de semana, 24 e 25 de maio. Toda a programa\u00e7\u00e3o ser\u00e1 publicada no site <a target=\"_blank\" href=\"http:\/\/viradasp.com.br\/\" rel=\"noreferrer noopener\"><u>viradasp.com.br<\/u><\/a>.<\/p>\n\n\n\n<p id=\"viewer-g2bl5537\">&nbsp;<\/p>\n\n\n\n<p id=\"viewer-rofgf539\"><strong>Servi\u00e7o<\/strong>&nbsp;<\/p>\n\n\n\n<p id=\"viewer-nra22542\"><strong>Quando:<\/strong> domingo (18), das 13h at\u00e9 20h40h<\/p>\n\n\n\n<p id=\"viewer-95hgr545\"><strong>Onde: <\/strong>Centro Cultural Santo Amaro (\u00e1rea externa): Avenida Jo\u00e3o Dias, 822 &#8211; Santo Amaro<\/p>\n\n\n\n<p id=\"viewer-izxm5548\"><strong>Line-up<\/strong><\/p>\n\n\n\n<p id=\"viewer-gut4y550\">Motor RockBR<\/p>\n\n\n\n<p id=\"viewer-8k8n4552\">Le Passage<\/p>\n\n\n\n<p id=\"viewer-wkk4w554\">Yohan Kisser<\/p>\n\n\n\n<p id=\"viewer-oc2ou556\">Red n Hell<\/p>\n\n\n\n<p id=\"viewer-8wn83558\">Invokaos<\/p>\n\n\n\n<p id=\"viewer-pvuvk560\">Vespas Mandarinas&nbsp;<\/p>\n\n\n\n<p id=\"viewer-zuqn6562\"><a target=\"_blank\" href=\"https:\/\/capital.sp.gov.br\/web\/cultura\/w\/virada-cultural-2025\" rel=\"noreferrer noopener\"><u>Veja tudo o que foi anunciado na Virada Cultural 2025.<\/u><\/a><\/p>\n\n\n\n<p id=\"viewer-se9v4656\">Acompanhe as redes sociais @smculturasp e fique por dentro das novidades.<\/p>\n\n\n\n<p id=\"viewer-6z2zn565\">&nbsp;<\/p>\n\n\n\n<p id=\"viewer-0mpmp567\"><strong>Sobre a Secretaria de Cultura e Economia Criativa<\/strong><\/p>\n\n\n\n<p id=\"viewer-nk8ni613\">A Secretaria Municipal de Cultura e Economia Criativa (SMC) de S\u00e3o Paulo, fundada em 1935 como Departamento de Cultura e Recrea\u00e7\u00e3o, promove a cultura e impulsiona a economia criativa da cidade. Com mais de 90 anos de atua\u00e7\u00e3o, valoriza a diversidade cultural, preserva patrim\u00f4nios e forma profissionais para a ind\u00fastria criativa. Com uma rede abrangente, a SMC administra 13 Centros Culturais, 7 Teatros Municipais, 20 Casas de Cultura, al\u00e9m da Casa de Cultura Cidade Ademar, que ser\u00e1 inaugurada em 2025, 2 museus (sendo o Museu da Cidade de S\u00e3o Paulo &#8211; composto de 13 unidades &#8211; e o Museu das Culturas Brasileiras em fase de obras), 54 Bibliotecas de Bairro, 15 Pontos de Leitura e 15 Bosques de Leitura, 6 EMIAs (Escolas Municipais de Inicia\u00e7\u00e3o Art\u00edstica) e 3 unidades da Rede Daora &#8211; Est\u00fadios Criativos das Juventudes. A SMC ainda atende 104 equipamentos de cultura e CEUs por meio do PIAPI (Programa de Inicia\u00e7\u00e3o Art\u00edstica para a Primeira Inf\u00e2ncia), PI\u00c1 (Programa de Inicia\u00e7\u00e3o Art\u00edstica) e Programa Vocacional.<\/p>\n\n\n\n<p id=\"viewer-keqe2934\"><strong>Fonte<\/strong>: Secretaria de Cultura de S\u00e3o Paulo<\/p>\n","protected":false},"excerpt":{"rendered":"<p>A Prefeitura de S\u00e3o Paulo, por meio da Secretaria de Cultura e Economia Criativa, apresenta mais uma edi\u00e7\u00e3o do S\u00e3o Paulo Rock Fest, o festival de rock na capital que traz dessa vez o Vespas Mandarinas, como programa\u00e7\u00e3o do esquenta da Virada Cultural 2025, al\u00e9m de Le Passage, Yohan Kisser e Invokaos e outros grupos.&nbsp; [&hellip;]<\/p>\n","protected":false},"author":12,"featured_media":30467,"comment_status":"closed","ping_status":"open","sticky":false,"template":"","format":"standard","meta":{"footnotes":""},"categories":[4],"tags":[],"class_list":["post-30466","post","type-post","status-publish","format-standard","has-post-thumbnail","hentry","category-noticias"],"_links":{"self":[{"href":"http:\/\/heavymetalonline.com.br\/index.php?rest_route=\/wp\/v2\/posts\/30466","targetHints":{"allow":["GET"]}}],"collection":[{"href":"http:\/\/heavymetalonline.com.br\/index.php?rest_route=\/wp\/v2\/posts"}],"about":[{"href":"http:\/\/heavymetalonline.com.br\/index.php?rest_route=\/wp\/v2\/types\/post"}],"author":[{"embeddable":true,"href":"http:\/\/heavymetalonline.com.br\/index.php?rest_route=\/wp\/v2\/users\/12"}],"replies":[{"embeddable":true,"href":"http:\/\/heavymetalonline.com.br\/index.php?rest_route=%2Fwp%2Fv2%2Fcomments&post=30466"}],"version-history":[{"count":1,"href":"http:\/\/heavymetalonline.com.br\/index.php?rest_route=\/wp\/v2\/posts\/30466\/revisions"}],"predecessor-version":[{"id":30468,"href":"http:\/\/heavymetalonline.com.br\/index.php?rest_route=\/wp\/v2\/posts\/30466\/revisions\/30468"}],"wp:featuredmedia":[{"embeddable":true,"href":"http:\/\/heavymetalonline.com.br\/index.php?rest_route=\/wp\/v2\/media\/30467"}],"wp:attachment":[{"href":"http:\/\/heavymetalonline.com.br\/index.php?rest_route=%2Fwp%2Fv2%2Fmedia&parent=30466"}],"wp:term":[{"taxonomy":"category","embeddable":true,"href":"http:\/\/heavymetalonline.com.br\/index.php?rest_route=%2Fwp%2Fv2%2Fcategories&post=30466"},{"taxonomy":"post_tag","embeddable":true,"href":"http:\/\/heavymetalonline.com.br\/index.php?rest_route=%2Fwp%2Fv2%2Ftags&post=30466"}],"curies":[{"name":"wp","href":"https:\/\/api.w.org\/{rel}","templated":true}]}}