{"id":30527,"date":"2025-05-20T03:57:09","date_gmt":"2025-05-20T03:57:09","guid":{"rendered":"https:\/\/heavymetalonline.com.br\/?p=30527"},"modified":"2025-05-20T03:57:10","modified_gmt":"2025-05-20T03:57:10","slug":"com-sepultura-e-dead-fish-na-programacao-rock-e-destaque-na-virada-cultural-2025","status":"publish","type":"post","link":"http:\/\/heavymetalonline.com.br\/?p=30527","title":{"rendered":"Com Sepultura e Dead Fish na programa\u00e7\u00e3o, rock \u00e9 destaque na Virada Cultural 2025"},"content":{"rendered":"\n<p id=\"viewer-61l5912786\">A Prefeitura de S\u00e3o Paulo, por meio da Secretaria de Cultura e Economia Criativa, anuncia mais de 30 atra\u00e7\u00f5es gratuitas de rock\u2019n roll, na Virada Cultural 2025, o maior festival cultural gratuito do hemisf\u00e9rio sul. Entre os destaques, o Palco Butant\u00e3, que recebe no dia 25 de maio \u201cSepultura\u201d, \u00e0s 17h, e \u201cDead Fish\u201d \u00e0s 15h30. Nomes como Mundo Livre S\/A e Andr\u00e9 Abujamra com a banda de rock Karnak confirmaram presen\u00e7a nos equipamentos culturais da SMC, j\u00e1 Pato Fu e Boogarins estar\u00e3o nas unidades SESC. Para os roqueirinhos, \u201cQueen Live Kids\u201d &#8211; tamb\u00e9m no Butant\u00e3 &#8211; e \u201cFera Nen\u00e9m\u201d &#8211; no Palco Cidade Ademar, dia 25, \u00e0s 10h30.<\/p>\n\n\n\n<p id=\"viewer-qxrs512336\">&nbsp;<\/p>\n\n\n\n<p id=\"viewer-iupvv12338\">Al\u00e9m de Sepultura, Deadfish e Queen Live Kids no Palco Butant\u00e3 e Fera Nen\u00e9m no Palco Cidade Ademar como nomes confirmados nos palcos espalhados pela cidade, o Palco Parada Inglesa, na zona norte da capital, recebe \u201cClube do Balan\u00e7o\u201d, representante do samba-rock, que j\u00e1 tocou em diversos pa\u00edses da Europa e \u00c1sia, no dia 24 de maio, \u00e0s 17h. No Palco Bel\u00e9m, Guilherme de S\u00e1 chega com seu rock gospel no dia 25 de maio, \u00e0s 11h15.<\/p>\n\n\n\n<p id=\"viewer-08u5012340\">&nbsp;<\/p>\n\n\n\n<p id=\"viewer-brr0i12342\">No Centro de S\u00e3o Paulo, com a retomada dos passeios pela regi\u00e3o durante a Virada, espa\u00e7o \u201cPiano na Pra\u00e7a\u201d leva 24h de performistas pianistas na Pra\u00e7a Dom Jos\u00e9 Gaspar e convida os rockeiros para um estilo de programa\u00e7\u00e3o mais intimista, com Arrigo Barnab\u00e9 e Adriano Grineberg. Arrigo, m\u00fasico not\u00e1vel no per\u00edodo da vanguarda, compositor de trilhas para cinema e considerado inovador por unir o rock com o erudito, estar\u00e1 presente \u00e0s 22h no dia 24 de maio. Bem cedo, no dia 25 de maio \u00e0s 06h, Adriano Grineberg toca o seu repert\u00f3rio de mais de 36 anos nos blues e rock, j\u00e1 tendo colaborado com nomes, como \u201cIra!\u201d, Gilberto Gil e Wanderl\u00e9ia.<\/p>\n\n\n\n<p id=\"viewer-cwvg912344\">&nbsp;<\/p>\n\n\n\n<p id=\"viewer-buy9g12346\"><strong>SESC recebe Pato Fu, Boogarins, Paulo Miklos e Otto<\/strong><\/p>\n\n\n\n<p id=\"viewer-7fb4k12348\">As unidades do Sesc, parceiras na Virada Cultural de 2025, t\u00eam shows s\u00e1bado (24) e domingo (25) para quem \u00e9 f\u00e3 de rock. A banda Pato Fu, em atividade desde 1992, s\u00e3o veteranos da cena Nacional, j\u00e1 ganharam o Grammy Latino em 2011 na categoria de Melhor \u00c1lbum Infantil com \u201cM\u00fasica de Brinquedo\u201d, al\u00e9m de j\u00e1 terem tocado no Rock in Rio, J\u00f4 Soares e Luau MTV.<\/p>\n\n\n\n<p id=\"viewer-opq0k12350\">&nbsp;<\/p>\n\n\n\n<p id=\"viewer-r67eb12352\">Nos dois dias de virada eles tocam no Sesc Pompeia, s\u00e1bado, \u00e0s 23h30, e domingo, \u00e0s 18h, celebrando os mais de 30 anos da banda com hits da discografia como \u201cCan\u00e7\u00e3o Pra Voc\u00ea Viver Mais\u201d, \u201cSobre o Tempo, Perdendo Dentes\u201d, \u201cAntes Que Seja Tarde\u201d e tamb\u00e9m as regrava\u00e7\u00f5es criativas e originais, como \u201cAndo Meio Desligado\u201d, \u201cEu Sei\u201d e \u201cEu\u201d.<\/p>\n\n\n\n<p id=\"viewer-3sgoz12354\">&nbsp;<\/p>\n\n\n\n<p id=\"viewer-9b94m12356\">O Sesc Belenzinho recebe a banda Boogarins para sonorizar uma sess\u00e3o do filme Bacurau (2019) de Kleber Mendon\u00e7a Filho e Juliano Dornelles no dia 24 \u00e0s 21h e 25 \u00e0s 17h30. Trata-se de um dos longa metragens que mais marcou a hist\u00f3ria do cinema nacional recente sendo sonorizado por um expoente do rock psicod\u00e9lico brasileiro. O grupo toca uma releitura pr\u00f3pria da trilha sonora mergulhando o espectador na narrativa da fic\u00e7\u00e3o.<\/p>\n\n\n\n<p id=\"viewer-cssw812358\">&nbsp;<\/p>\n\n\n\n<p id=\"viewer-2khrh12360\">Ainda na programa\u00e7\u00e3o de parceiros, Paulo Miklos se apresenta no Sesc Itaquera no domingo \u00e0s 15h. O setlist conta com os sucessos \u201cSon\u00edfera Ilha\u201d, \u201c\u00c9 Preciso Saber Viver\u201d, \u201cPra Dizer Adeus\u201d, \u201cAluga-se\u201d (Raul Seixas), \u201cUm Bom Lugar\u201d(Sabotage), \u201cA Gente Mora no Agora\u201d e muito mais. Conhecido por sua participa\u00e7\u00e3o nos Tit\u00e3s, Miklos realizou 80 shows de sua carreira solo mas no \u00faltimo ano, se consolidando novamente com um dos principais roqueiros do Brasil.<\/p>\n\n\n\n<p id=\"viewer-0njqw12362\">&nbsp;<\/p>\n\n\n\n<p id=\"viewer-rzray12364\">Por fim, Otto apresenta \u201cOtto Apocal\u00edptico\u201d no s\u00e1bado \u00e0s 21h e domingo \u00e0s 18h no Sesc Pinheiros. Um espet\u00e1culo de seu repert\u00f3rio autoral das marcantes at\u00e9 as apocal\u00edpticas, criadas ao longo de sua carreira.<\/p>\n\n\n\n<p id=\"viewer-fq9zo12366\">&nbsp;<\/p>\n\n\n\n<p id=\"viewer-a7di912368\"><strong>Rock\u2019n roll nos equipamentos municipais de cultura<\/strong><\/p>\n\n\n\n<p id=\"viewer-et44g12372\">Na Casa de Cultura Butant\u00e3, o punk das bandas Punho de Mahin (criada em 2018 e voltada ao afropunk) e Inocentes (tradicional banda do g\u00eanero, na ativa desde a d\u00e9cada de 70) contagiam o dia 24, \u00e0s 20h e 21h, respectivamente. Tamb\u00e9m para o s\u00e1bado, est\u00e3o confirmados o samba-rock de Magnata, \u00e0s 20h, na Casa de Cultura Itaim Paulista, e o manguebeat de Mundo Livre S\/A, \u00e0s 22h, na Casa de Cultura Chico Science. J\u00e1 para domingo (25), a Casa de Cultura S\u00e3o Rafael leva a banda Embalan\u00e7o, \u00e0s 13h; e a Casa de Cultura S\u00e3o Miguel Paulista leva a banda de rock e jazz Matur\u00ed \u00e0s 13h e o tradicionalismo da banda punk rock Garotos Podres, \u00e0s 15h.<\/p>\n\n\n\n<p id=\"viewer-joy9g12374\">&nbsp;<\/p>\n\n\n\n<p id=\"viewer-8ovir12376\">Os Centros Culturais Tendal da Lapa e S\u00e3o Paulo sa\u00fadam o rock\u2019n roll em seus espa\u00e7os no domingo (25). Na madrugada, \u00e0s 01h, o CCSP recebe um show de Andr\u00e9 Abujamra com a banda de rock Karnak, presente no cen\u00e1rio musical h\u00e1 tr\u00eas d\u00e9cadas e famosa por unir elementos de jazz, raggae e pop ao rock.<\/p>\n\n\n\n<p id=\"viewer-e6r4o12378\">Enquanto no Tendal, a banda King Rock Shorts &#8211; que \u00e9 composta por apenas um guitarrista e um baterista, tocam rock pesado com letras divertidas e se juntam a um espet\u00e1culo que une diversas linguagens art\u00edsticas e circenses, como malabares, acrobacia, palha\u00e7aria e manipula\u00e7\u00e3o de bonecos &#8211; est\u00e1 programado para \u00e0s 11h na Rua Interna do equipamento. Mais tarde, \u00e0s 14h, a banda punk rock Reexista, criada em 2023, ganha espa\u00e7o \u00e0s 14h.<\/p>\n\n\n\n<p id=\"viewer-z90e412380\">&nbsp;<\/p>\n\n\n\n<p id=\"viewer-z1o0112382\">A programa\u00e7\u00e3o completa est\u00e1 no site <a target=\"_blank\" href=\"http:\/\/viradasp.com.br\/\" rel=\"noreferrer noopener\"><u>viradasp.com.br<\/u><\/a>. Para conferir as atividades do SESC na Virada, acesse: <a target=\"_blank\" href=\"http:\/\/sescsp.org.br\/sescnavirada\" rel=\"noreferrer noopener\"><u>sescsp.org.br\/sescnavirada<\/u><\/a>.<\/p>\n\n\n\n<p id=\"viewer-yqrzd12388\"><a target=\"_blank\" href=\"https:\/\/capital.sp.gov.br\/web\/cultura\/w\/virada-cultural-2025\" rel=\"noreferrer noopener\"><u>Veja tudo o que foi anunciado na Virada Cultural 2025<\/u><\/a>.<\/p>\n\n\n\n<p id=\"viewer-xg5r112391\">Acompanhe as redes sociais @smculturasp e fique por dentro das novidades.<\/p>\n\n\n\n<p id=\"viewer-k3vec12393\">&nbsp;<\/p>\n\n\n\n<p id=\"viewer-uxrz612395\"><strong>Sobre a Secretaria de Cultura e Economia Criativa<\/strong><\/p>\n\n\n\n<p id=\"viewer-zwwue12678\">A Secretaria Municipal de Cultura e Economia Criativa (SMC) de S\u00e3o Paulo, fundada em 1935 como Departamento de Cultura e Recrea\u00e7\u00e3o, promove a cultura e impulsiona a economia criativa da cidade. Com mais de 90 anos de atua\u00e7\u00e3o, valoriza a diversidade cultural, preserva patrim\u00f4nios e forma profissionais para a ind\u00fastria criativa. Com uma rede abrangente, a SMC administra 13 Centros Culturais, 7 Teatros Municipais, 20 Casas de Cultura, al\u00e9m da Casa de Cultura Cidade Ademar, que ser\u00e1 inaugurada em 2025, 2 museus (sendo o Museu da Cidade de S\u00e3o Paulo &#8211; composto de 13 unidades &#8211; e o Museu das Culturas Brasileiras em fase de obras), 54 Bibliotecas de Bairro, 15 Pontos de Leitura e 15 Bosques de Leitura, 6 EMIAs (Escolas Municipais de Inicia\u00e7\u00e3o Art\u00edstica) e 3 unidades da Rede Daora &#8211; Est\u00fadios Criativos das Juventudes. A SMC ainda atende 104 equipamentos de cultura e CEUs por meio do PIAPI (Programa de Inicia\u00e7\u00e3o Art\u00edstica para a Primeira Inf\u00e2ncia), PI\u00c1 (Programa de Inicia\u00e7\u00e3o Art\u00edstica) e Programa Vocacional.<\/p>\n\n\n\n<p id=\"viewer-dyvt015423\"><strong>Fonte<\/strong>: Secretaria de Cultura de S\u00e3o Paulo<\/p>\n","protected":false},"excerpt":{"rendered":"<p>A Prefeitura de S\u00e3o Paulo, por meio da Secretaria de Cultura e Economia Criativa, anuncia mais de 30 atra\u00e7\u00f5es gratuitas de rock\u2019n roll, na Virada Cultural 2025, o maior festival cultural gratuito do hemisf\u00e9rio sul. Entre os destaques, o Palco Butant\u00e3, que recebe no dia 25 de maio \u201cSepultura\u201d, \u00e0s 17h, e \u201cDead Fish\u201d \u00e0s [&hellip;]<\/p>\n","protected":false},"author":12,"featured_media":25511,"comment_status":"closed","ping_status":"open","sticky":false,"template":"","format":"standard","meta":{"footnotes":""},"categories":[4],"tags":[],"class_list":["post-30527","post","type-post","status-publish","format-standard","has-post-thumbnail","hentry","category-noticias"],"_links":{"self":[{"href":"http:\/\/heavymetalonline.com.br\/index.php?rest_route=\/wp\/v2\/posts\/30527","targetHints":{"allow":["GET"]}}],"collection":[{"href":"http:\/\/heavymetalonline.com.br\/index.php?rest_route=\/wp\/v2\/posts"}],"about":[{"href":"http:\/\/heavymetalonline.com.br\/index.php?rest_route=\/wp\/v2\/types\/post"}],"author":[{"embeddable":true,"href":"http:\/\/heavymetalonline.com.br\/index.php?rest_route=\/wp\/v2\/users\/12"}],"replies":[{"embeddable":true,"href":"http:\/\/heavymetalonline.com.br\/index.php?rest_route=%2Fwp%2Fv2%2Fcomments&post=30527"}],"version-history":[{"count":1,"href":"http:\/\/heavymetalonline.com.br\/index.php?rest_route=\/wp\/v2\/posts\/30527\/revisions"}],"predecessor-version":[{"id":30528,"href":"http:\/\/heavymetalonline.com.br\/index.php?rest_route=\/wp\/v2\/posts\/30527\/revisions\/30528"}],"wp:featuredmedia":[{"embeddable":true,"href":"http:\/\/heavymetalonline.com.br\/index.php?rest_route=\/wp\/v2\/media\/25511"}],"wp:attachment":[{"href":"http:\/\/heavymetalonline.com.br\/index.php?rest_route=%2Fwp%2Fv2%2Fmedia&parent=30527"}],"wp:term":[{"taxonomy":"category","embeddable":true,"href":"http:\/\/heavymetalonline.com.br\/index.php?rest_route=%2Fwp%2Fv2%2Fcategories&post=30527"},{"taxonomy":"post_tag","embeddable":true,"href":"http:\/\/heavymetalonline.com.br\/index.php?rest_route=%2Fwp%2Fv2%2Ftags&post=30527"}],"curies":[{"name":"wp","href":"https:\/\/api.w.org\/{rel}","templated":true}]}}