{"id":30579,"date":"2025-05-27T03:50:26","date_gmt":"2025-05-27T03:50:26","guid":{"rendered":"https:\/\/heavymetalonline.com.br\/?p=30579"},"modified":"2025-05-27T03:50:29","modified_gmt":"2025-05-27T03:50:29","slug":"the-town-anuncia-novas-atracoes-e-completa-o-line-up-da-edicao-de-2025-que-sera-vibrante-diversa-e-grandiosa-como-sao-paulo","status":"publish","type":"post","link":"http:\/\/heavymetalonline.com.br\/?p=30579","title":{"rendered":"The Town anuncia novas atra\u00e7\u00f5es e completa o line-up da edi\u00e7\u00e3o de 2025, que ser\u00e1 vibrante, diversa e grandiosa como S\u00e3o Paulo"},"content":{"rendered":"\n<pre id=\"viewer-oj9su1811\" class=\"wp-block-preformatted\">Foto: Divulga\u00e7\u00e3o<\/pre>\n\n\n\n<p id=\"viewer-qzhu01635\">Em setembro, o <strong>The Town<\/strong> se prepara para realizar uma festa gigante, do tamanho da cidade de S\u00e3o Paulo. Um dia antes da t\u00e3o aguardada venda geral de ingressos, o festival anuncia seu line-up completo, reunindo nomes potentes da m\u00fasica internacional e nacional. Na programa\u00e7\u00e3o, que abra\u00e7a diversos estilos e atra\u00e7\u00f5es que atravessam gera\u00e7\u00f5es, o The Town conta com um dia dedicado ao trap, outro ao rock e ao punk rock, um dia para quem ama os hits dos anos 90 e 2000, um para celebrar as lendas da m\u00fasica, e outro onde o pop brilha em cada detalhe. Seja qual for o ritmo \u2014 do hip hop ao jazz, do funk ao tecnobrega, do rock ao pagode ou do trap ao pop \u2014, o festival entrega a ess\u00eancia da trilha sonora da capital paulista, uma das cidades mais diversas e cosmopolitas do mundo. Ser\u00e1 uma verdadeira comemora\u00e7\u00e3o que engloba todos os gostos, que convida o p\u00fablico a viver, cantar, celebrar e fazer parte da maior festa que S\u00e3o Paulo j\u00e1 viu.<\/p>\n\n\n\n<p id=\"viewer-dljut349\">&nbsp;<\/p>\n\n\n\n<p id=\"viewer-ajx5q351\">O line-up do Palco Skyline em 6 de setembro ganhou mais um nome de peso: <strong>Burna Boy<\/strong>, que promete agitar a Cidade da M\u00fasica com sucessos como \u201cLast Last\u201d e \u201cFor My Hand\u201d. O astro nigeriano se apresenta logo ap\u00f3s Filipe Ret, confirmado no line-up ao lado de Don Toliver e do headliner Travis Scott. Burna Boy mistura dancehall, reggae, afrobeat e pop, ganhando destaque com o single \u201cLike to Party\u201d (2012) e o \u00e1lbum de estreia <em>L.I.F.E<\/em>. Seu sucesso internacional cresceu com <em>Outside<\/em> (2018), que chegou ao 3\u00ba lugar na parada de reggae da Billboard e venceu o Nigeria Entertainment Award. <em>African Giant<\/em> (2019) e <em>Twice as Tall<\/em> (2020) receberam aclama\u00e7\u00e3o cr\u00edtica e figuraram em paradas globais. Seu sexto \u00e1lbum, <em>Love, Damini<\/em>, alcan\u00e7ou a 14\u00aa posi\u00e7\u00e3o na Billboard 200. Em 2023, lan\u00e7ou singles como \u201cSittin\u2019 on Top of the World\u201d e o s\u00e9timo \u00e1lbum <em>I Told Them\u2026<\/em>, que liderou paradas no Reino Unido e rendeu quatro indica\u00e7\u00f5es ao Grammy. Ap\u00f3s colabora\u00e7\u00f5es com 21 Savage e Usher, lan\u00e7ou \u201cHigher\u201d, com mais uma indica\u00e7\u00e3o ao Grammy, e o single \u201cBundle by Bundle\u201d, que antecipa seu \u00e1lbum de 2025, <em>No Sign of Weakness<\/em>.<\/p>\n\n\n\n<p id=\"viewer-0dm7e369\">&nbsp;<\/p>\n\n\n\n<p id=\"viewer-qnbqn371\">No palco The One, o dia 13 de setembro traz <strong>Priscilla convida Luccas Carlos e The Ghetto Heart Choir <\/strong>em um show emocionante. Com uma transi\u00e7\u00e3o art\u00edstica que a consolidou como uma das maiores vozes do pop nacional, ela lan\u00e7ou em 2024 seu \u00e1lbum hom\u00f4nimo, que reafirma sua maturidade musical e diversidade sonora. Ainda no dia 13, no The One, <strong>Os Garotin<\/strong> \u2014 trio de S\u00e3o Gon\u00e7alo vencedor do Grammy Latino 2024 de Melhor \u00c1lbum de Pop Contempor\u00e2neo \u2014 abrem as apresenta\u00e7\u00f5es do palco com uma performance cheia de groove e emo\u00e7\u00e3o ao lado de <strong>Melly<\/strong>, revela\u00e7\u00e3o do R&amp;B afro-baiano e indicada ao Grammy no mesmo ano. O line-up do espa\u00e7o no dia 14 de setembro conta com <strong>DENNIS DJ<\/strong>, um dos maiores nomes do funk no Brasil e dono de hits como \u201cVamos Beber\u201d, \u201cDeixa de Onda\u201d, \u201cMOTINHA 2.0 (Mete Marcha)\u201d e \u201cT\u00e1 OK\u201d. Com mais de duas d\u00e9cadas de carreira, o produtor convida <strong>T\u00edlia <\/strong>\u2014 destaque da nova gera\u00e7\u00e3o \u2014 para um show que promete sacudir a Cidade da M\u00fasica. A abertura do palco no dia 14 fica por conta de <strong>Jota.p\u00ea<\/strong>, vencedor de tr\u00eas Grammys Latinos e um dos nomes mais respeitados da nova MPB, que convida <strong>Jo\u00e3o Gomes<\/strong> \u2014 fen\u00f4meno do piseiro, com mais de 8 milh\u00f5es de ouvintes mensais nas plataformas digitais e uma legi\u00e3o de f\u00e3s pelo Brasil.&nbsp;<\/p>\n\n\n\n<p id=\"viewer-oxri0387\">&nbsp;<\/p>\n\n\n\n<p id=\"viewer-vufon389\"><strong>Palco Factory Teto, Tihuana, TZ da Coronel, Junior e Geraldo Azevedo convida Juliana Linhares como headliners do espa\u00e7o<\/strong><\/p>\n\n\n\n<p id=\"viewer-32lqz393\">Na segunda edi\u00e7\u00e3o do The Town, o palco Factory se firma como o espa\u00e7o onde a diversidade da m\u00fasica nacional \u00e9 celebrada a cada performance. Agora em uma nova localiza\u00e7\u00e3o na Cidade da M\u00fasica, ocupando o espa\u00e7o que era da S\u00e3o Paulo Square, o Factory ganha um amplo anfiteatro natural, permitindo que o p\u00fablico n\u00e3o perca nenhum detalhe das apresenta\u00e7\u00f5es. Com cenografia inspirada nos antigos galp\u00f5es da zona industrial de S\u00e3o Paulo, o palco traduz a energia e a cultura da cidade e do pa\u00eds por meio de um line-up diverso e potente, com headliners que representam os diferentes g\u00eaneros musicais brasileiros: s\u00e3o eles TETO, Tihuana, TZ da Coronel, Junior e Geraldo Azevedo convida Juliana Linhares. Cada show foi pensado cuidadosamente para celebrar a diversidade de estilos e a multiculturalidade n\u00e3o s\u00f3 da capital paulista, mas de um pa\u00eds inteiro que se expressa por diferentes batidas.<\/p>\n\n\n\n<p id=\"viewer-az3ke395\">&nbsp;<\/p>\n\n\n\n<p id=\"viewer-cdufu397\">\u201cO palco Factory chega ainda mais plural e poderoso nessa edi\u00e7\u00e3o. Um espa\u00e7o que mistura diferentes ritmos e estilos musicais, onde a diversidade \u00e9 protagonista. Passeando pelo rap, pop, rock, forr\u00f3, trap e MPB o line up do Factory prop\u00f5e conversas importantes sobre m\u00fasica, cultura, arte e humanidade, ao mesmo tempo em que provoca reflex\u00f5es sobre as diversas narrativas que comp\u00f5em a m\u00fasica brasileira.\u201d, comenta Z\u00e9 Ricardo, vice-presidente art\u00edstico da Rock World.<\/p>\n\n\n\n<p id=\"viewer-xy3e4399\">&nbsp;<\/p>\n\n\n\n<p id=\"viewer-l6yq4401\">No dia 6 de setembro, o Factory se transforma no palco do maior encontro de trap, rap, funk e hip hop no Brasil. O headliner da noite \u00e9 <strong>Teto<\/strong>, fen\u00f4meno do trap e dono de hits como \u201cPaypal\u201d, \u201cManha\u201d e \u201cDia Azul\u201d, que combinam melodia e beats envolventes, al\u00e9m de versos que falam de amor, sucesso e supera\u00e7\u00e3o. A noite tamb\u00e9m conta com <strong>WIU<\/strong>, rapper que se destaca pela versatilidade e originalidade em sucessos como \u201cCora\u00e7\u00e3o de Gelo\u201d, \u201cFelina\u201d e \u201cVidigal\u201d, e que acumula milh\u00f5es de ouvintes nas plataformas digitais. <strong>Borges<\/strong>, outro grande nome da cena urbana, \u00e9 conhecido por faixas como \u201ciPhone Branco\u201d, \u201cLoucura\u201d e \u201cLenda\u201d. O line-up tamb\u00e9m traz <strong>Budah<\/strong>, a jovem revela\u00e7\u00e3o que traz um flow suave e letras que falam de amor, afetividade e cotidiano, como nas faixas \u201cEu Sou S\u00f3 Minha\u201d e \u201cP\u00farpura\u201d.&nbsp;<\/p>\n\n\n\n<p id=\"viewer-6qf73411\">&nbsp;<\/p>\n\n\n\n<p id=\"viewer-6rmdz413\">Dia 7 de setembro, data que ser\u00e1 hist\u00f3rica para os f\u00e3s de rock e punk rock, marca a estreia da banda <strong>Tihuana<\/strong> no The Town. O grupo respons\u00e1vel por m\u00fasicas de sucesso como \u201cTropa de Elite\u201d ser\u00e1 headliner do palco Factory, traz uma apresenta\u00e7\u00e3o que faz parte da turn\u00ea comemorativa de despedida da banda. O p\u00fablico tamb\u00e9m vai vivenciar o show da cantora, compositora, percussionista, poeta e atriz brasileira, <strong>Karina Burh<\/strong>. Logo antes, a <strong>Ready To Be Hated<\/strong>, rec\u00e9m-formada pelo lend\u00e1rio baixista Luis Mariutti, Thiago Bianchi (vocal) e Fernando Quesada (multi-instrumentista), al\u00e9m de Rodrigo Oliveira (bateria), o grupo come\u00e7ou com for\u00e7a total, impactando o cen\u00e1rio do metal brasileiro e internacional. A abertura do espa\u00e7o fica por conta do grupo <strong>The M\u00f6nic<\/strong>, banda formada s\u00f3 por mulheres \u2014 Ale Labelle (guitarra e voz), Dani Buarque (guitarra e voz), Joan Bedin (baixo e voz) e Thiago Coiote (bateria e voz) \u2014 que convida <strong>Raidol <\/strong>para uma apresenta\u00e7\u00e3o que une o rock contempor\u00e2neo paulista com o pop amaz\u00f4nico aut\u00eantico e cheio de influ\u00eancias regionais, prometendo uma experi\u00eancia musical \u00fanica e vibrante..<\/p>\n\n\n\n<figure class=\"wp-block-image\"><img loading=\"lazy\" decoding=\"async\" width=\"2560\" height=\"1707\" src=\"https:\/\/heavymetalonline.com.br\/wp-content\/uploads\/2025\/05\/Ready-To-Be-Hated-scaled.jpeg\" alt=\"\" class=\"wp-image-30581\" srcset=\"http:\/\/heavymetalonline.com.br\/wp-content\/uploads\/2025\/05\/Ready-To-Be-Hated-scaled.jpeg 2560w, http:\/\/heavymetalonline.com.br\/wp-content\/uploads\/2025\/05\/Ready-To-Be-Hated-300x200.jpeg 300w, http:\/\/heavymetalonline.com.br\/wp-content\/uploads\/2025\/05\/Ready-To-Be-Hated-1024x683.jpeg 1024w, http:\/\/heavymetalonline.com.br\/wp-content\/uploads\/2025\/05\/Ready-To-Be-Hated-768x512.jpeg 768w, http:\/\/heavymetalonline.com.br\/wp-content\/uploads\/2025\/05\/Ready-To-Be-Hated-1536x1024.jpeg 1536w, http:\/\/heavymetalonline.com.br\/wp-content\/uploads\/2025\/05\/Ready-To-Be-Hated-2048x1365.jpeg 2048w, http:\/\/heavymetalonline.com.br\/wp-content\/uploads\/2025\/05\/Ready-To-Be-Hated-370x247.jpeg 370w\" sizes=\"auto, (max-width: 2560px) 100vw, 2560px\" \/><\/figure>\n\n\n\n<pre id=\"viewer-gxodh8508\" class=\"wp-block-preformatted\">Foto: @<a target=\"_blank\" href=\"http:\/\/mariamariana.br\/\" rel=\"noreferrer noopener\"><u>mariamariana.br<\/u><\/a>aga<\/pre>\n\n\n\n<p id=\"viewer-lpu3s427\">Na sexta-feira, 12 de setembro, quando o The Town recebe grandes estrelas dos anos 90 e 2000, o palco Factory recebe o headliner <strong>TZ da Coronel<\/strong>, que acumula mais de 2 bilh\u00f5es de reprodu\u00e7\u00f5es nas plataformas digitais. Completam o line-up da data o artista <strong>ALEE<\/strong>, que se destacou no cen\u00e1rio musical desde o lan\u00e7amento de seu primeiro \u00e1lbum, DIAS ANTES DO CAOS; o grupo <strong>BR\u00d4 MC\u2019s<\/strong>, formado por jovens das aldeias Jaguapiru e Boror\u00f3, em Dourados (MS), e reconhecido por seu rap ind\u00edgena de resist\u00eancia; e <strong>Ka\u00ea Guajajara<\/strong>, artista da M\u00fasica Popular Origin\u00e1ria (MPO), que mistura hip hop, instrumentos tradicionais e elementos de sua l\u00edngua materna, o Ze\u2019egete, em suas composi\u00e7\u00f5es.<\/p>\n\n\n\n<p id=\"viewer-17xur437\">&nbsp;<\/p>\n\n\n\n<p id=\"viewer-se0jw439\">No s\u00e1bado, 13 de setembro, o festival recebe vozes marcantes e lendas da m\u00fasica nacional e internacional. A partir disso, o palco Factory recebe como headliner o cantor, multi-instrumentista e performer <strong>Junior<\/strong>. Com seu \u00e1lbum <em>solo <\/em>lan\u00e7ado em 2024, Junior convida o p\u00fablico a um mergulho profundo em sua ess\u00eancia art\u00edstica, revelando novas facetas de sua trajet\u00f3ria que transcende gera\u00e7\u00f5es. O line-up do dia tamb\u00e9m conta com o talento de <strong>MC Livinho<\/strong>, que vem renovando o funk nacional h\u00e1 mais de uma d\u00e9cada, com romantismo, musicalidade e uma voz marcante \u2014 e foi o primeiro cantor do g\u00eanero a ultrapassar 200 milh\u00f5es de views na hist\u00f3ria do YouTube. Outro destaque da programa\u00e7\u00e3o \u00e9 <strong>Chefin<\/strong>, que conquistou o Brasil com o hit \u201c212\u201d e, em 2024, lan\u00e7ou o \u00e1lbum <em>N\u00f3s Era Duro<\/em>. Completando o time, <strong>Stefanie<\/strong>, MC, rapper e compositora, apresenta seu \u00e1lbum <em>BUNMI<\/em>, que carrega mem\u00f3rias e relatos profundos da sua vida, como no single \u201cDesconforto\u201d.<\/p>\n\n\n\n<p id=\"viewer-z13co455\">&nbsp;<\/p>\n\n\n\n<p id=\"viewer-m4x50457\">No domingo, 14 de setembro, marcado pela presen\u00e7a do pop no The Town, o palco Factory promete uma celebra\u00e7\u00e3o plural da m\u00fasica brasileira. Quem encerra a noite como headliner \u00e9 o mestre <strong>Geraldo Azevedo<\/strong>, acompanhado por<strong> Juliana Linhares<\/strong>. Com uma carreira de mais de 50 anos, Geraldo \u00e9 um ex\u00edmio violonista e compositor, conhecido por misturar as harmonias sofisticadas da bossa-nova com os ritmos pulsantes da m\u00fasica latina e a for\u00e7a po\u00e9tica do sert\u00e3o nordestino. Juliana, que se destacou \u00e0 frente da banda Piet\u00e1 e no projeto solo Nordeste Fic\u00e7\u00e3o, traz sua voz doce, presen\u00e7a de palco e uma leitura contempor\u00e2nea do que \u00e9 ser nordestina hoje, unindo tradi\u00e7\u00e3o e questionamento em uma performance potente. Antes deles, <strong>Rachel Reis<\/strong>, a \u201cSereiona\u201d da Bahia, sobe ao palco com sua mistura \u00fanica de ritmos afro-brasileiros, sucessos como \u201cMaresia\u201d e um repert\u00f3rio que a levou a uma indica\u00e7\u00e3o ao Grammy Latino. O dia ainda tem a energia contagiante do <strong>Lambateria Baile Show<\/strong>, que recebe <strong>Lia Sophia<\/strong> para um espet\u00e1culo que mistura merengue, cumbia, lambada, brega e carimb\u00f3, com a participa\u00e7\u00e3o de mestres da dan\u00e7a e um clima vibrante de celebra\u00e7\u00e3o. E quem abre o dia \u00e9 <strong>Felipe Cordeiro<\/strong>, cantor, guitarrista e produtor paraense que mistura estilos populares da Amaz\u00f4nia com o pop, trazendo um som aut\u00eantico e inovador para o Factory.<\/p>\n\n\n\n<p id=\"viewer-zsz7h471\">&nbsp;<\/p>\n\n\n\n<p id=\"viewer-mkhqx473\"><strong>Venda geral de ingressos acontece amanh\u00e3, dia 27 de maio, \u00e0s 12h. Ser\u00e1 a oportunidade de os f\u00e3s garantirem a presen\u00e7a na nova Cidade da M\u00fasica em cinco dias de celebra\u00e7\u00e3o<\/strong>&nbsp;<\/p>\n\n\n\n<blockquote class=\"instagram-media\" data-instgrm-captioned data-instgrm-permalink=\"https:\/\/www.instagram.com\/reel\/DKHsc6huwdL\/?utm_source=ig_embed&amp;utm_campaign=loading\" data-instgrm-version=\"14\" style=\" background:#FFF; border:0; border-radius:3px; box-shadow:0 0 1px 0 rgba(0,0,0,0.5),0 1px 10px 0 rgba(0,0,0,0.15); margin: 1px; max-width:540px; min-width:326px; padding:0; width:99.375%; width:-webkit-calc(100% - 2px); width:calc(100% - 2px);\"><div style=\"padding:16px;\"> <a href=\"https:\/\/www.instagram.com\/reel\/DKHsc6huwdL\/?utm_source=ig_embed&amp;utm_campaign=loading\" style=\" background:#FFFFFF; line-height:0; padding:0 0; text-align:center; text-decoration:none; width:100%;\" target=\"_blank\"> <div style=\" display: flex; flex-direction: row; align-items: center;\"> <div style=\"background-color: #F4F4F4; border-radius: 50%; flex-grow: 0; height: 40px; margin-right: 14px; width: 40px;\"><\/div> <div style=\"display: flex; flex-direction: column; flex-grow: 1; justify-content: center;\"> <div style=\" background-color: #F4F4F4; border-radius: 4px; flex-grow: 0; height: 14px; margin-bottom: 6px; width: 100px;\"><\/div> <div style=\" background-color: #F4F4F4; border-radius: 4px; flex-grow: 0; height: 14px; width: 60px;\"><\/div><\/div><\/div><div style=\"padding: 19% 0;\"><\/div> <div style=\"display:block; height:50px; margin:0 auto 12px; width:50px;\"><svg width=\"50px\" height=\"50px\" viewBox=\"0 0 60 60\" version=\"1.1\" xmlns=\"https:\/\/www.w3.org\/2000\/svg\" xmlns:xlink=\"https:\/\/www.w3.org\/1999\/xlink\"><g stroke=\"none\" stroke-width=\"1\" fill=\"none\" fill-rule=\"evenodd\"><g transform=\"translate(-511.000000, -20.000000)\" fill=\"#000000\"><g><path d=\"M556.869,30.41 C554.814,30.41 553.148,32.076 553.148,34.131 C553.148,36.186 554.814,37.852 556.869,37.852 C558.924,37.852 560.59,36.186 560.59,34.131 C560.59,32.076 558.924,30.41 556.869,30.41 M541,60.657 C535.114,60.657 530.342,55.887 530.342,50 C530.342,44.114 535.114,39.342 541,39.342 C546.887,39.342 551.658,44.114 551.658,50 C551.658,55.887 546.887,60.657 541,60.657 M541,33.886 C532.1,33.886 524.886,41.1 524.886,50 C524.886,58.899 532.1,66.113 541,66.113 C549.9,66.113 557.115,58.899 557.115,50 C557.115,41.1 549.9,33.886 541,33.886 M565.378,62.101 C565.244,65.022 564.756,66.606 564.346,67.663 C563.803,69.06 563.154,70.057 562.106,71.106 C561.058,72.155 560.06,72.803 558.662,73.347 C557.607,73.757 556.021,74.244 553.102,74.378 C549.944,74.521 548.997,74.552 541,74.552 C533.003,74.552 532.056,74.521 528.898,74.378 C525.979,74.244 524.393,73.757 523.338,73.347 C521.94,72.803 520.942,72.155 519.894,71.106 C518.846,70.057 518.197,69.06 517.654,67.663 C517.244,66.606 516.755,65.022 516.623,62.101 C516.479,58.943 516.448,57.996 516.448,50 C516.448,42.003 516.479,41.056 516.623,37.899 C516.755,34.978 517.244,33.391 517.654,32.338 C518.197,30.938 518.846,29.942 519.894,28.894 C520.942,27.846 521.94,27.196 523.338,26.654 C524.393,26.244 525.979,25.756 528.898,25.623 C532.057,25.479 533.004,25.448 541,25.448 C548.997,25.448 549.943,25.479 553.102,25.623 C556.021,25.756 557.607,26.244 558.662,26.654 C560.06,27.196 561.058,27.846 562.106,28.894 C563.154,29.942 563.803,30.938 564.346,32.338 C564.756,33.391 565.244,34.978 565.378,37.899 C565.522,41.056 565.552,42.003 565.552,50 C565.552,57.996 565.522,58.943 565.378,62.101 M570.82,37.631 C570.674,34.438 570.167,32.258 569.425,30.349 C568.659,28.377 567.633,26.702 565.965,25.035 C564.297,23.368 562.623,22.342 560.652,21.575 C558.743,20.834 556.562,20.326 553.369,20.18 C550.169,20.033 549.148,20 541,20 C532.853,20 531.831,20.033 528.631,20.18 C525.438,20.326 523.257,20.834 521.349,21.575 C519.376,22.342 517.703,23.368 516.035,25.035 C514.368,26.702 513.342,28.377 512.574,30.349 C511.834,32.258 511.326,34.438 511.181,37.631 C511.035,40.831 511,41.851 511,50 C511,58.147 511.035,59.17 511.181,62.369 C511.326,65.562 511.834,67.743 512.574,69.651 C513.342,71.625 514.368,73.296 516.035,74.965 C517.703,76.634 519.376,77.658 521.349,78.425 C523.257,79.167 525.438,79.673 528.631,79.82 C531.831,79.965 532.853,80.001 541,80.001 C549.148,80.001 550.169,79.965 553.369,79.82 C556.562,79.673 558.743,79.167 560.652,78.425 C562.623,77.658 564.297,76.634 565.965,74.965 C567.633,73.296 568.659,71.625 569.425,69.651 C570.167,67.743 570.674,65.562 570.82,62.369 C570.966,59.17 571,58.147 571,50 C571,41.851 570.966,40.831 570.82,37.631\"><\/path><\/g><\/g><\/g><\/svg><\/div><div style=\"padding-top: 8px;\"> <div style=\" color:#3897f0; font-family:Arial,sans-serif; font-size:14px; font-style:normal; font-weight:550; line-height:18px;\">Ver essa foto no Instagram<\/div><\/div><div style=\"padding: 12.5% 0;\"><\/div> <div style=\"display: flex; flex-direction: row; margin-bottom: 14px; align-items: center;\"><div> <div style=\"background-color: #F4F4F4; border-radius: 50%; height: 12.5px; width: 12.5px; transform: translateX(0px) translateY(7px);\"><\/div> <div style=\"background-color: #F4F4F4; height: 12.5px; transform: rotate(-45deg) translateX(3px) translateY(1px); width: 12.5px; flex-grow: 0; margin-right: 14px; margin-left: 2px;\"><\/div> <div style=\"background-color: #F4F4F4; border-radius: 50%; height: 12.5px; width: 12.5px; transform: translateX(9px) translateY(-18px);\"><\/div><\/div><div style=\"margin-left: 8px;\"> <div style=\" background-color: #F4F4F4; border-radius: 50%; flex-grow: 0; height: 20px; width: 20px;\"><\/div> <div style=\" width: 0; height: 0; border-top: 2px solid transparent; border-left: 6px solid #f4f4f4; border-bottom: 2px solid transparent; transform: translateX(16px) translateY(-4px) rotate(30deg)\"><\/div><\/div><div style=\"margin-left: auto;\"> <div style=\" width: 0px; border-top: 8px solid #F4F4F4; border-right: 8px solid transparent; transform: translateY(16px);\"><\/div> <div style=\" background-color: #F4F4F4; flex-grow: 0; height: 12px; width: 16px; transform: translateY(-4px);\"><\/div> <div style=\" width: 0; height: 0; border-top: 8px solid #F4F4F4; border-left: 8px solid transparent; transform: translateY(-4px) translateX(8px);\"><\/div><\/div><\/div> <div style=\"display: flex; flex-direction: column; flex-grow: 1; justify-content: center; margin-bottom: 24px;\"> <div style=\" background-color: #F4F4F4; border-radius: 4px; flex-grow: 0; height: 14px; margin-bottom: 6px; width: 224px;\"><\/div> <div style=\" background-color: #F4F4F4; border-radius: 4px; flex-grow: 0; height: 14px; width: 144px;\"><\/div><\/div><\/a><p style=\" color:#c9c8cd; font-family:Arial,sans-serif; font-size:14px; line-height:17px; margin-bottom:0; margin-top:8px; overflow:hidden; padding:8px 0 7px; text-align:center; text-overflow:ellipsis; white-space:nowrap;\"><a href=\"https:\/\/www.instagram.com\/reel\/DKHsc6huwdL\/?utm_source=ig_embed&amp;utm_campaign=loading\" style=\" color:#c9c8cd; font-family:Arial,sans-serif; font-size:14px; font-style:normal; font-weight:normal; line-height:17px; text-decoration:none;\" target=\"_blank\">Uma publica\u00e7\u00e3o compartilhada por The Town (@thetownfestival)<\/a><\/p><\/div><\/blockquote>\n<script async src=\"\/\/www.instagram.com\/embed.js\"><\/script>\n\n\n\n<p id=\"viewer-28weh478\">Para os f\u00e3s mais ansiosos, uma excelente not\u00edcia: venda geral de ingressos come\u00e7a amanh\u00e3, dia 27 de maio e, nesta edi\u00e7\u00e3o, acontecer\u00e1 ao meio-dia. O <strong>The Town<\/strong> acontecer\u00e1 nos dias 06, 07, 12, 13 e 14 de setembro de 2025, na Cidade da M\u00fasica, no Aut\u00f3dromo de Interlagos, em S\u00e3o Paulo.&nbsp;&nbsp;<\/p>\n\n\n\n<p id=\"viewer-aireo965\">Os ingressos ser\u00e3o vendidos exclusivamente online, por meio da plataforma <strong>Ticketmaster Brasil<\/strong> (<a target=\"_blank\" href=\"http:\/\/thetown.ticketmaster.com.br\/\" rel=\"noreferrer noopener\"><u>thetown.ticketmaster.com.br<\/u><\/a>). A organiza\u00e7\u00e3o recomenda que os f\u00e3s fa\u00e7am o cadastro na plataforma com anteced\u00eancia, para facilitar o processo de compra.&nbsp;&nbsp;<\/p>\n\n\n\n<p id=\"viewer-m1jqc5050\"><strong>Fonte:<\/strong> Approach Comunica\u00e7\u00e3o<\/p>\n","protected":false},"excerpt":{"rendered":"<p>Foto: Divulga\u00e7\u00e3o Em setembro, o The Town se prepara para realizar uma festa gigante, do tamanho da cidade de S\u00e3o Paulo. Um dia antes da t\u00e3o aguardada venda geral de ingressos, o festival anuncia seu line-up completo, reunindo nomes potentes da m\u00fasica internacional e nacional. Na programa\u00e7\u00e3o, que abra\u00e7a diversos estilos e atra\u00e7\u00f5es que atravessam [&hellip;]<\/p>\n","protected":false},"author":12,"featured_media":30580,"comment_status":"closed","ping_status":"open","sticky":false,"template":"","format":"standard","meta":{"footnotes":""},"categories":[4],"tags":[],"class_list":["post-30579","post","type-post","status-publish","format-standard","has-post-thumbnail","hentry","category-noticias"],"_links":{"self":[{"href":"http:\/\/heavymetalonline.com.br\/index.php?rest_route=\/wp\/v2\/posts\/30579","targetHints":{"allow":["GET"]}}],"collection":[{"href":"http:\/\/heavymetalonline.com.br\/index.php?rest_route=\/wp\/v2\/posts"}],"about":[{"href":"http:\/\/heavymetalonline.com.br\/index.php?rest_route=\/wp\/v2\/types\/post"}],"author":[{"embeddable":true,"href":"http:\/\/heavymetalonline.com.br\/index.php?rest_route=\/wp\/v2\/users\/12"}],"replies":[{"embeddable":true,"href":"http:\/\/heavymetalonline.com.br\/index.php?rest_route=%2Fwp%2Fv2%2Fcomments&post=30579"}],"version-history":[{"count":1,"href":"http:\/\/heavymetalonline.com.br\/index.php?rest_route=\/wp\/v2\/posts\/30579\/revisions"}],"predecessor-version":[{"id":30583,"href":"http:\/\/heavymetalonline.com.br\/index.php?rest_route=\/wp\/v2\/posts\/30579\/revisions\/30583"}],"wp:featuredmedia":[{"embeddable":true,"href":"http:\/\/heavymetalonline.com.br\/index.php?rest_route=\/wp\/v2\/media\/30580"}],"wp:attachment":[{"href":"http:\/\/heavymetalonline.com.br\/index.php?rest_route=%2Fwp%2Fv2%2Fmedia&parent=30579"}],"wp:term":[{"taxonomy":"category","embeddable":true,"href":"http:\/\/heavymetalonline.com.br\/index.php?rest_route=%2Fwp%2Fv2%2Fcategories&post=30579"},{"taxonomy":"post_tag","embeddable":true,"href":"http:\/\/heavymetalonline.com.br\/index.php?rest_route=%2Fwp%2Fv2%2Ftags&post=30579"}],"curies":[{"name":"wp","href":"https:\/\/api.w.org\/{rel}","templated":true}]}}