{"id":30587,"date":"2025-05-27T12:55:18","date_gmt":"2025-05-27T12:55:18","guid":{"rendered":"https:\/\/heavymetalonline.com.br\/?p=30587"},"modified":"2025-05-27T12:55:20","modified_gmt":"2025-05-27T12:55:20","slug":"paradise-in-flames-fara-turne-no-japao-ao-lado-do-marduk","status":"publish","type":"post","link":"http:\/\/heavymetalonline.com.br\/?p=30587","title":{"rendered":"Paradise in Flames far\u00e1 turn\u00ea no Jap\u00e3o ao lado do Marduk"},"content":{"rendered":"\n<p><strong><em>Grupo mineiro promove o \u00e1lbum conceitual &#8220;Blindness&#8221;, lan\u00e7ado em 2024 | Foto: Bruno Paraguay<\/em><\/strong><\/p>\n\n\n\n<p>O grupo mineiro Paradise in Flames, formado por Andr\u00e9 Damien (vocal e guitarra), Nienna (vocal), Robert Aender (baixo), SJ Bernardo (bateria) e Guilherme de Alvarenga (vocal e teclado), confirmou sua primeira turn\u00ea no Jap\u00e3o, onde ir\u00e1 se apresentar em novembro ao lado da banda sueca Marduk, que celebra seus 35 anos de estrada. &#8220;O convite para a turn\u00ea no Jap\u00e3o chegou com muita alegria e senso de que estamos no caminho certo! Tocar no Jap\u00e3o representa muito, tanto no aspecto pessoal quanto no profissional. No que tange ao profissional, toda banda de metal sonha em chegar l\u00e1, pois \u00e9 uma terra de grandes oportunidades. No que tange ao pessoal, representa a supera\u00e7\u00e3o do passado, rumo a um futuro melhor&#8221;, comentou Guilherme de Alvarenga. &#8220;Sempre tivemos admira\u00e7\u00e3o pela cultura japonesa, sua tradi\u00e7\u00e3o, respeito e paix\u00e3o pela m\u00fasica pesada. Ser\u00e1 um momento \u00fanico apresentar ao p\u00fablico japon\u00eas um trabalho que mistura o peso e a teatralidade do nosso som com as ra\u00edzes e influ\u00eancias da nossa terra&#8221;, acrescentou Andr\u00e9 Damien.<\/p>\n\n\n\n<p>Al\u00e9m disso, a banda vem promovendo o \u00e1lbum conceitual &#8220;Blindness&#8221; com uma extensa turn\u00ea pelo Brasil, que seguir\u00e1 em julho e contar\u00e1 com algumas datas ao lado da Crypta. &#8220;Ser\u00e1 um enorme prazer rodar o Brasil com nosso novo show. Vai ser um desafio pelas longas dist\u00e2ncias, mas estamos prontos. Cada apresenta\u00e7\u00e3o ser\u00e1 uma chance de dividir nossa energia, celebrar o metal brasileiro e refor\u00e7ar os la\u00e7os com os torcedores de todas as regi\u00f5es. Vai ser tempo de reencontros, novas conex\u00f5es e de mostrar, no palco, toda a paix\u00e3o que colocamos no que fazemos&#8221;, declarou Robert Aender.<\/p>\n\n\n\n<p>Confira as datas:<br>03\/Jul\/25 &#8211; Curitiba\/PR &#8211; Stage Garden<br>04\/Jul\/25 &#8211; Florian\u00f3polis\/SC &#8211; C\u00e9lula Showcase<br>06\/Jul\/25 &#8211; Porto Alegre\/RS &#8211; Opini\u00e3o<br>08\/Jul\/25 &#8211; Ponta Grossa\/PR &#8211; Capivaras Bar<br>10\/Jul\/25 &#8211; Mar\u00edlia\/SP &#8211; C\u00e3o Perer\u00ea<br>11\/Jul\/25 &#8211; Catanduva\/SP &#8211; TBA<br>12\/Jul\/25 &#8211; Serrana\/SP &#8211; Festival Caipiro Rock<br>13\/Jul\/25 &#8211; Macap\u00e1\/AP &#8211; Dia do Rock<br>15\/Jul\/25 &#8211; Bel\u00e9m\/PA &#8211; Music Park<br>18\/Jul\/25 &#8211; Pres. Prudente\/SP &#8211; TBA<br>19\/Jul\/25 &#8211; Rio de Janeiro\/RJ &#8211; Circo Voador<br>20\/Jul\/25 &#8211; S\u00e3o Paulo\/SP &#8211; Vip Station<br>22\/Jul\/25 &#8211; Vila Velha\/ES &#8211; Correria Music Bar<br>23\/Jul\/25 &#8211; Ipatinga\/MG &#8211; Garaj\u00e3o<br>24\/Jul\/25 &#8211; Vit\u00f3ria da Conquista\/BA &#8211; TBA<br>25\/Jul\/25 &#8211; Feira de Santana\/BA &#8211; Casa Noise<br>26\/Jul\/25 &#8211; Aracaju\/SE &#8211; Che Music Bar<br>27\/Jul\/25 &#8211; Macei\u00f3\/AL &#8211; Rex Bar<br>29\/Jul\/25 &#8211; Recife\/PE &#8211; Estelita<br>30\/Jul\/25 &#8211; Jo\u00e3o Pessoa\/PB &#8211; Vila Porto<br>31\/Jul\/25 &#8211; Natal\/RN &#8211; Galp\u00e3o 292<br>01\/Ago\/25 &#8211; Fortaleza\/CE &#8211; Opera<br>02\/Ago\/25 &#8211; Teresina\/PI &#8211; Bueiro do Rock<br>03\/Ago\/25 &#8211; S\u00e3o Lu\u00eds\/MA &#8211; Parada 64<br>23\/Ago\/25 &#8211; Goi\u00e2nia\/GO &#8211; TBA<br>24\/Ago\/25 &#8211; Bras\u00edlia\/DF &#8211; TBA<br>02\/Out\/25 &#8211; Belo Horizonte\/MG \u2013 TBA<br>20\/Nov\/25 &#8211; T\u00f3quio\/JAP<br>21\/Nov\/25 &#8211; T\u00f3quio\/JAP<br>22\/Nov\/25 &#8211; Nagoia\/JAP<br>23\/Nov\/25 &#8211; Osaka\/JAP<\/p>\n\n\n\n<p>&#8220;Blindness&#8221;, quinto \u00e1lbum do Paradise in Flames, \u00e9 um trabalho conceitual com estrutura musical oper\u00edstica. Lan\u00e7ado pela Demoncratic Records em parceria com a Xaninho Discos, foi produzido e masterizado por Tue Madsen no est\u00fadio Antfarm (DIN). &#8220;Blindness&#8221; aborda temas filos\u00f3ficos ao retratar a religi\u00e3o como uma doen\u00e7a psicol\u00f3gica que cega o ser humano. Em meio \u00e0 busca desenfreada por poder, o \u00e1lbum exp\u00f5e a perversidade humana quando n\u00e3o h\u00e1 mais estruturas hier\u00e1rquicas de controle.<\/p>\n\n\n\n<p>Ou\u00e7a nas plataformas de <strong>streaming<\/strong> em <a href=\"https:\/\/offstep.link\/674379380834\" target=\"_blank\" rel=\"noreferrer noopener\">https:\/\/offstep.link\/674379380834<\/a><\/p>\n\n\n\n<p><strong>Site relacionado:<\/strong> <a href=\"https:\/\/www.paradiseinflames.com\" target=\"_blank\" rel=\"noreferrer noopener\">https:\/\/www.paradiseinflames.com<\/a><br><strong>Instagram:<\/strong> <a href=\"https:\/\/www.instagram.com\/paradiseinflamesband\/\" target=\"_blank\" rel=\"noreferrer noopener\">https:\/\/www.instagram.com\/paradiseinflamesband\/<\/a><br><strong>Facebook:<\/strong> <a href=\"https:\/\/www.facebook.com\/paradiseinflamesband\/\" target=\"_blank\" rel=\"noreferrer noopener\">https:\/\/www.facebook.com\/paradiseinflamesband\/<\/a><br>&nbsp;<br><strong>E-mail:<\/strong> <a href=\"mailto:paradise@paradiseinflames.com\">paradise@paradiseinflames.com<\/a><\/p>\n\n\n\n<figure class=\"wp-block-image\"><img decoding=\"async\" src=\"https:\/\/www.asepress.com.br\/music\/images\/clientes\/Paradise-In-Flames\/TOUR.jpg\" alt=\"\" \/><\/figure>\n","protected":false},"excerpt":{"rendered":"<p>Grupo mineiro promove o \u00e1lbum conceitual &#8220;Blindness&#8221;, lan\u00e7ado em 2024 | Foto: Bruno Paraguay O grupo mineiro Paradise in Flames, formado por Andr\u00e9 Damien (vocal e guitarra), Nienna (vocal), Robert Aender (baixo), SJ Bernardo (bateria) e Guilherme de Alvarenga (vocal e teclado), confirmou sua primeira turn\u00ea no Jap\u00e3o, onde ir\u00e1 se apresentar em novembro ao [&hellip;]<\/p>\n","protected":false},"author":22,"featured_media":30588,"comment_status":"closed","ping_status":"open","sticky":false,"template":"","format":"standard","meta":{"footnotes":""},"categories":[4],"tags":[2011,2012,2044,2045,1870,2043],"class_list":["post-30587","post","type-post","status-publish","format-standard","has-post-thumbnail","hentry","category-noticias","tag-ase-music","tag-ase-press","tag-demoncratic-records","tag-marduk","tag-paradise-in-flames","tag-xaninho-discos"],"_links":{"self":[{"href":"http:\/\/heavymetalonline.com.br\/index.php?rest_route=\/wp\/v2\/posts\/30587","targetHints":{"allow":["GET"]}}],"collection":[{"href":"http:\/\/heavymetalonline.com.br\/index.php?rest_route=\/wp\/v2\/posts"}],"about":[{"href":"http:\/\/heavymetalonline.com.br\/index.php?rest_route=\/wp\/v2\/types\/post"}],"author":[{"embeddable":true,"href":"http:\/\/heavymetalonline.com.br\/index.php?rest_route=\/wp\/v2\/users\/22"}],"replies":[{"embeddable":true,"href":"http:\/\/heavymetalonline.com.br\/index.php?rest_route=%2Fwp%2Fv2%2Fcomments&post=30587"}],"version-history":[{"count":1,"href":"http:\/\/heavymetalonline.com.br\/index.php?rest_route=\/wp\/v2\/posts\/30587\/revisions"}],"predecessor-version":[{"id":30589,"href":"http:\/\/heavymetalonline.com.br\/index.php?rest_route=\/wp\/v2\/posts\/30587\/revisions\/30589"}],"wp:featuredmedia":[{"embeddable":true,"href":"http:\/\/heavymetalonline.com.br\/index.php?rest_route=\/wp\/v2\/media\/30588"}],"wp:attachment":[{"href":"http:\/\/heavymetalonline.com.br\/index.php?rest_route=%2Fwp%2Fv2%2Fmedia&parent=30587"}],"wp:term":[{"taxonomy":"category","embeddable":true,"href":"http:\/\/heavymetalonline.com.br\/index.php?rest_route=%2Fwp%2Fv2%2Fcategories&post=30587"},{"taxonomy":"post_tag","embeddable":true,"href":"http:\/\/heavymetalonline.com.br\/index.php?rest_route=%2Fwp%2Fv2%2Ftags&post=30587"}],"curies":[{"name":"wp","href":"https:\/\/api.w.org\/{rel}","templated":true}]}}