{"id":30867,"date":"2025-06-03T23:06:09","date_gmt":"2025-06-03T23:06:09","guid":{"rendered":"https:\/\/heavymetalonline.com.br\/?p=30867"},"modified":"2025-06-03T23:06:11","modified_gmt":"2025-06-03T23:06:11","slug":"emo-vive-lucas-da-fresno-exalta-forca-do-movimento-em-minidoc-que-antecipa-o-festival","status":"publish","type":"post","link":"http:\/\/heavymetalonline.com.br\/?p=30867","title":{"rendered":"Emo Vive: Lucas, da Fresno, exalta for\u00e7a do movimento em minidoc que antecipa o festival"},"content":{"rendered":"\n<pre id=\"viewer-u3li66177\" class=\"wp-block-preformatted\">Lucas, da Fresno | Cr\u00e9dito: Divulga\u00e7\u00e3o<\/pre>\n\n\n\n<p id=\"viewer-iadqi6004\">J\u00e1 est\u00e1 no ar o minidocument\u00e1rio \u201c <strong>O Emo Vive<\/strong> \u201d, estrelado por <strong>Lucas Silveira<\/strong> , vocalista do <strong>Fresno<\/strong> , uma das bandas mais importantes da cena emo nacional.<\/p>\n\n\n\n<p id=\"viewer-eguxg396\">O audiovisual \u00e9 lan\u00e7ado a poucos dias do in\u00edcio do <strong>Festival Emo Vive<\/strong> , a edi\u00e7\u00e3o mais ousada do Polifonia, que este ano traz tr\u00eas bandas \u00edcones norte-americanas do g\u00eanero, <strong>Anberlin<\/strong> , <strong>Mae<\/strong> e <strong>Emery<\/strong> , mais a <strong>Fresno<\/strong> , para quatro apresenta\u00e7\u00f5es: S\u00e3o Paulo (7 e 8\/06, na Audio, com adi\u00e7\u00e3o do <strong>Hateen<\/strong> ), Rio de Janeiro (6\/06, Fundi\u00e7\u00e3o Progresso) e Porto Alegre (4\/06, Audit\u00f3rio Ara\u00fajo Vianna).<\/p>\n\n\n\n<p id=\"viewer-puo815747\">Assista aqui:<\/p>\n\n\n\n<figure class=\"wp-block-embed is-type-video is-provider-youtube wp-block-embed-youtube wp-embed-aspect-16-9 wp-has-aspect-ratio\"><div class=\"wp-block-embed__wrapper\">\n<iframe loading=\"lazy\" title=\"Polifonia apresenta: O EMO VIVE (Lucas Silveira)\" width=\"640\" height=\"360\" src=\"https:\/\/www.youtube.com\/embed\/fGw3NL3y9aQ?feature=oembed\" frameborder=\"0\" allow=\"accelerometer; autoplay; clipboard-write; encrypted-media; gyroscope; picture-in-picture; web-share\" referrerpolicy=\"strict-origin-when-cross-origin\" allowfullscreen><\/iframe>\n<\/div><\/figure>\n\n\n\n<p id=\"viewer-v4qck410\">No v\u00eddeo, Lucas compartilha reflex\u00f5es sobre o porqu\u00ea o emo, como m\u00fasica e como cultura pop, continua relevante e mais vivo do que nunca.<\/p>\n\n\n\n<p id=\"viewer-gr6j8412\">Gravado com uma est\u00e9tica crua e emocional, mini doc. <strong>\u201cO Emo Vive\u201d<\/strong> \u00e9 uma carta aberta ao p\u00fablico que nunca abandonou o g\u00eanero e uma porta de entrada para uma nova leva de f\u00e3s.<\/p>\n\n\n\n<p id=\"viewer-1fcdk414\">Mais do que nostalgia, o v\u00eddeo e o festival mostram que o emo evoluiu, resistiu e se transformou em um movimento cultural que segue relevante, necess\u00e1rio e potente.<\/p>\n\n\n\n<p id=\"viewer-w4k7h416\"><strong>Ficha t\u00e9cnica do minidoc<\/strong><\/p>\n\n\n\n<p id=\"viewer-ihcoy418\">T\u00edtulo: O Emo Vive<\/p>\n\n\n\n<p id=\"viewer-eamni420\">Protagonista: Lucas Silveira (Fresno)<\/p>\n\n\n\n<p id=\"viewer-gr0we422\">Dire\u00e7\u00e3o: Bruno Rocha e Guta Tolhuizen<\/p>\n\n\n\n<p id=\"viewer-7csqv424\">Edi\u00e7\u00e3o: Bruno Rocha e Guta Tolhuizen<\/p>\n\n\n\n<p id=\"viewer-33j88426\">Imagens: Bruno Rocha, Edu Dantas, Fernando Duarte e Guta Tolhuizen<\/p>\n\n\n\n<p id=\"viewer-fs80x428\">Dura\u00e7\u00e3o: 5 minutos<\/p>\n\n\n\n<p id=\"viewer-ydmv5430\">Ano: 2025<\/p>\n\n\n\n<p id=\"viewer-qfu8n764\"><strong>Emo Vive: bandas internacionais fazem shows especiais em tr\u00eas capitais brasileiras de 4 a 8 de junho<\/strong><\/p>\n\n\n\n<p id=\"viewer-djoez951\">O <strong>Emo Vive<\/strong> n\u00e3o \u00e9 apenas um festival, \u00e9 um testemunho vivo da resili\u00eancia e da relev\u00e2ncia rigorosa da <em>cultura emo<\/em> , uma necessidade necess\u00e1ria ao estilo que comove e salva gera\u00e7\u00f5es distintas por meio de m\u00fasicas confessionais, tradi\u00e7\u00f5es, sens\u00edveis e libertadoras.<\/p>\n\n\n\n<figure class=\"wp-block-image\"><img loading=\"lazy\" decoding=\"async\" width=\"1080\" height=\"1350\" src=\"https:\/\/heavymetalonline.com.br\/wp-content\/uploads\/2025\/05\/Polifonia-EMO-VIVE.png\" alt=\"\" class=\"wp-image-30797\" srcset=\"http:\/\/heavymetalonline.com.br\/wp-content\/uploads\/2025\/05\/Polifonia-EMO-VIVE.png 1080w, http:\/\/heavymetalonline.com.br\/wp-content\/uploads\/2025\/05\/Polifonia-EMO-VIVE-240x300.png 240w, http:\/\/heavymetalonline.com.br\/wp-content\/uploads\/2025\/05\/Polifonia-EMO-VIVE-819x1024.png 819w, http:\/\/heavymetalonline.com.br\/wp-content\/uploads\/2025\/05\/Polifonia-EMO-VIVE-768x960.png 768w, http:\/\/heavymetalonline.com.br\/wp-content\/uploads\/2025\/05\/Polifonia-EMO-VIVE-200x250.png 200w\" sizes=\"auto, (max-width: 1080px) 100vw, 1080px\" \/><\/figure>\n\n\n\n<p id=\"viewer-3k7wu1114\"><strong>Polifonia apresenta Emo Vive em Porto Alegre\/RS<\/strong><\/p>\n\n\n\n<p id=\"viewer-2vzo21116\">Data: 4 de junho de 2025 (quarta-feira)<\/p>\n\n\n\n<p id=\"viewer-nispy1118\">Local: Audit\u00f3rio Ara\u00fajo Vianna (Prq. Farroupilha 685, Porto Alegre)<\/p>\n\n\n\n<p id=\"viewer-dzy111120\">Ingresso: <a target=\"_blank\" href=\"https:\/\/bileto.sympla.com.br\/event\/103108\" rel=\"noreferrer noopener\"><u>https:\/\/bileto.sympla.com.br\/event\/103108<\/u><\/a><\/p>\n\n\n\n<p id=\"viewer-tqicw1123\"><strong>Polifonia apresenta Emo Vive no Rio de Janeiro\/RJ<\/strong><\/p>\n\n\n\n<p id=\"viewer-28iiv1125\">Data: 6 de junho de 2025 (sexta-feira)<\/p>\n\n\n\n<p id=\"viewer-0bynn1127\">Local: Fundi\u00e7\u00e3o Progresso (Rua dos Arcos 24, Rio de Janeiro)<\/p>\n\n\n\n<p id=\"viewer-t34yq1129\">Entrada: <a target=\"_blank\" href=\"https:\/\/www.ingresse.com\/emo-vive-06\/\" rel=\"noreferrer noopener\"><u>https:\/\/www.ingresse.com\/emo-vive-06\/<\/u><\/a><\/p>\n\n\n\n<p id=\"viewer-g920g1132\"><strong>Polifonia apresenta Emo Vive em S\u00e3o Paulo (dia 1)<\/strong><\/p>\n\n\n\n<p id=\"viewer-xid8z1134\">Data: 7 de junho de 2025 (s\u00e1bado)<\/p>\n\n\n\n<p id=\"viewer-1b0vf1136\">Local: \u00c1udio (Av. Francisco Matarazzo 694, S\u00e3o Paulo)<\/p>\n\n\n\n<p id=\"viewer-dunuq1138\">Entrada: <a target=\"_blank\" href=\"https:\/\/www.ingresse.com\/emo-vive-07\" rel=\"noreferrer noopener\"><u>https:\/\/www.ingresse.com\/emo-vive-07<\/u><\/a><\/p>\n\n\n\n<p id=\"viewer-h1o1b1141\"><strong>Polifonia apresenta Emo Vive em S\u00e3o Paulo (dia 2)<\/strong><\/p>\n\n\n\n<p id=\"viewer-wxslg1143\">Data: 8 de junho de 2025 (domingo)<\/p>\n\n\n\n<p id=\"viewer-to4rn1145\">Local: \u00c1udio (Av. Francisco Matarazzo 694, S\u00e3o Paulo)<\/p>\n\n\n\n<p id=\"viewer-9vz091147\">Entrada: <a target=\"_blank\" href=\"https:\/\/www.ingresse.com\/emo-vive-08\" rel=\"noreferrer noopener\"><u>https:\/\/www.ingresse.com\/emo-vive-08<\/u><\/a><\/p>\n\n\n\n<p id=\"viewer-ugr0l1150\"><strong>Mais informa\u00e7\u00f5es:<\/strong><\/p>\n\n\n\n<p id=\"viewer-9wb162167\"><a target=\"_blank\" href=\"http:\/\/festivalpolifonia.com.br\/\" rel=\"noreferrer noopener\"><u>festivalpolifonia.com.br<\/u><\/a><\/p>\n\n\n\n<p id=\"viewer-54ye62980\"><strong>Fonte: <\/strong>Tedesco Comunica\u00e7\u00e3o &amp; M\u00eddia<\/p>\n","protected":false},"excerpt":{"rendered":"<p>Lucas, da Fresno | Cr\u00e9dito: Divulga\u00e7\u00e3o J\u00e1 est\u00e1 no ar o minidocument\u00e1rio \u201c O Emo Vive \u201d, estrelado por Lucas Silveira , vocalista do Fresno , uma das bandas mais importantes da cena emo nacional. O audiovisual \u00e9 lan\u00e7ado a poucos dias do in\u00edcio do Festival Emo Vive , a edi\u00e7\u00e3o mais ousada do Polifonia, [&hellip;]<\/p>\n","protected":false},"author":12,"featured_media":30868,"comment_status":"closed","ping_status":"open","sticky":false,"template":"","format":"standard","meta":{"footnotes":""},"categories":[4],"tags":[],"class_list":["post-30867","post","type-post","status-publish","format-standard","has-post-thumbnail","hentry","category-noticias"],"_links":{"self":[{"href":"http:\/\/heavymetalonline.com.br\/index.php?rest_route=\/wp\/v2\/posts\/30867","targetHints":{"allow":["GET"]}}],"collection":[{"href":"http:\/\/heavymetalonline.com.br\/index.php?rest_route=\/wp\/v2\/posts"}],"about":[{"href":"http:\/\/heavymetalonline.com.br\/index.php?rest_route=\/wp\/v2\/types\/post"}],"author":[{"embeddable":true,"href":"http:\/\/heavymetalonline.com.br\/index.php?rest_route=\/wp\/v2\/users\/12"}],"replies":[{"embeddable":true,"href":"http:\/\/heavymetalonline.com.br\/index.php?rest_route=%2Fwp%2Fv2%2Fcomments&post=30867"}],"version-history":[{"count":1,"href":"http:\/\/heavymetalonline.com.br\/index.php?rest_route=\/wp\/v2\/posts\/30867\/revisions"}],"predecessor-version":[{"id":30869,"href":"http:\/\/heavymetalonline.com.br\/index.php?rest_route=\/wp\/v2\/posts\/30867\/revisions\/30869"}],"wp:featuredmedia":[{"embeddable":true,"href":"http:\/\/heavymetalonline.com.br\/index.php?rest_route=\/wp\/v2\/media\/30868"}],"wp:attachment":[{"href":"http:\/\/heavymetalonline.com.br\/index.php?rest_route=%2Fwp%2Fv2%2Fmedia&parent=30867"}],"wp:term":[{"taxonomy":"category","embeddable":true,"href":"http:\/\/heavymetalonline.com.br\/index.php?rest_route=%2Fwp%2Fv2%2Fcategories&post=30867"},{"taxonomy":"post_tag","embeddable":true,"href":"http:\/\/heavymetalonline.com.br\/index.php?rest_route=%2Fwp%2Fv2%2Ftags&post=30867"}],"curies":[{"name":"wp","href":"https:\/\/api.w.org\/{rel}","templated":true}]}}