{"id":31390,"date":"2025-07-12T16:44:32","date_gmt":"2025-07-12T16:44:32","guid":{"rendered":"https:\/\/heavymetalonline.com.br\/?p=31390"},"modified":"2025-07-21T20:35:21","modified_gmt":"2025-07-21T20:35:21","slug":"glenn-hughes-se-apresenta-em-curitiba-em-novembro-com-a-turne-the-chosen-years","status":"publish","type":"post","link":"http:\/\/heavymetalonline.com.br\/?p=31390","title":{"rendered":"Glenn Hughes se apresenta em Curitiba em novembro com a turn\u00ea \u201cThe Chosen Years\u201d"},"content":{"rendered":"\n<p>Lenda viva do rock mundial, <strong>Glenn Hughes<\/strong> se apresenta em Curitiba no dia 18 de novembro, como parte da turn\u00ea <strong><em>\u201cThe Chosen Years\u201d<\/em><\/strong>, que celebra os momentos mais marcantes de sua trajet\u00f3ria. A apresenta\u00e7\u00e3o ser\u00e1 no <strong>Tork N\u2019 Roll<\/strong>, com abertura da banda ga\u00facha <strong>Marenna<\/strong>. A s\u00e9rie de shows percorre fases cl\u00e1ssicas da carreira de <strong>Hughes<\/strong> \u2014 do <strong>Trapeze<\/strong> ao <strong>Deep<\/strong> Purple a projetos como <strong>Hughes\/Thrall<\/strong>, <strong>Iommi\/Hughes<\/strong> e o supergrupo <strong>Black<\/strong> <strong>Country<\/strong> <strong>Communion<\/strong>. Embora a turn\u00ea traga um clima de despedida, o m\u00fasico tem deixado claro que n\u00e3o pretende sair definitivamente de cena: <em>\u201cN\u00e3o estou me aposentando. Sou um homem s\u00f3brio\u2026 tenho uma vida \u00f3tima, um grande amor pela m\u00fasica e ainda estou na ativa. Se eu n\u00e3o estivesse curtindo, poderia parar hoje. Mas n\u00e3o acho saud\u00e1vel parar\u2026 n\u00e3o quero isso para minha vida\u201d, <\/em>declarou <strong>Hughes<\/strong> em entrevista para o site <strong>Bravewords<\/strong>, transcrita pelo portal de <strong>Igor Miranda.<\/strong><\/p>\n\n\n\n<p>Nascido em Cannock, Inglaterra, <strong>Glenn<\/strong> <strong>Hughes<\/strong> iniciou sua carreira nos anos 1970 com a banda <strong>Trapeze<\/strong>, antes de ingressar no <strong>Deep<\/strong> <strong>Purple<\/strong> em 1973, substituindo <strong>Roger<\/strong> <strong>Glover<\/strong> na forma\u00e7\u00e3o <strong><em>Mark III<\/em><\/strong>. Ali, ao lado de <strong>David<\/strong> <strong>Coverdale<\/strong>, <strong>Ritchie<\/strong> <strong>Blackmore<\/strong>, <strong>Jon<\/strong> <strong>Lord, Ian<\/strong> <strong>Paice <\/strong>e <strong>Tommy Bolin<\/strong>, deixou sua marca em \u00e1lbuns como <strong><em>\u201cBurn\u201d<\/em><\/strong>, <strong><em>\u201cStormbringer\u201d<\/em><\/strong> e <strong><em>\u201cCome Taste the Band\u201d<\/em><\/strong> \u2014 combinando Hard Rock com Funk, Soul e Blues de forma pioneira. Ao longo das d\u00e9cadas, <strong>Hughes<\/strong> participou de in\u00fameros projetos e lan\u00e7ou in\u00fameros discos solo. Gravou com <strong>Tony<\/strong> <strong>Iommi<\/strong>, liderou o elogiado \u00e1lbum <strong>Hughes\/Thrall<\/strong> em 1982 e fundou, em 2009, o <strong>Black<\/strong> <strong>Country<\/strong> <strong>Communion<\/strong> ao lado de <strong>Joe<\/strong> <strong>Bonamassa<\/strong>, <strong>Derek<\/strong> <strong>Sherinian<\/strong> e <strong>Jason<\/strong> <strong>Bonham<\/strong>.<\/p>\n\n\n\n<p>Sua voz poderosa, emocional e inconfund\u00edvel lhe rendeu o t\u00edtulo de <strong><em>\u201cThe Voice of Rock\u201d<\/em><\/strong>, mantido com justi\u00e7a at\u00e9 hoje. Mesmo aos 73 anos, <strong>Hughes<\/strong> impressiona pelo vigor vocal e pela entrega no palco. Apesar do tom nost\u00e1lgico, a <strong><em>\u201cThe Chosen Years Tour\u201d<\/em><\/strong> n\u00e3o representa um ponto final. O guitarrista dinamarqu\u00eas <strong>S\u00f8ren<\/strong> <strong>Andersen<\/strong>, parceiro de longa data de <strong>Hughes<\/strong>, refor\u00e7ou essa ideia em entrevista ao jornalista <strong>Marcelo<\/strong> <strong>Vieira <\/strong>ao portal <strong>Igor<\/strong> <strong>Miranda<\/strong>: <em>\u201cPode-se dizer que sim [\u00e9 uma turn\u00ea de despedida]. O Glenn completa 74 anos este ano\u2026, mas pode ser o primeiro est\u00e1gio de uma turn\u00ea de despedida que pode se estender por anos \u2014 quem sabe? [&#8230;] Acho que ele nunca vai se aposentar de verdade\u201d.<\/em><\/p>\n\n\n\n<p>No Brasil, a apresenta\u00e7\u00e3o de <strong>Hughes<\/strong> no festival <strong>Bangers Open Air<\/strong>, em S\u00e3o Paulo, marcou o encerramento da turn\u00ea dedicada exclusivamente \u00e0 fase <strong>Deep<\/strong> <strong>Purple<\/strong>. Agora, com <strong><em>\u201cThe Chosen Years\u201d<\/em><\/strong>, o foco se amplia para toda a discografia \u2014 prometendo um espet\u00e1culo mais abrangente e emocional para os f\u00e3s brasileiros.<\/p>\n\n\n\n<p><strong>Servi\u00e7o:<\/strong><\/p>\n\n\n\n<p><strong>Glenn Hughes \u2013 Turn\u00ea \u201cThe Chosen Years\u201d<\/strong><br><strong>\ud83d\udcc5 Data:<\/strong> 18 de novembro de 2025<br><strong>\ud83d\udccd Local:<\/strong> Tork N\u2019 Roll &#8211; Av. Mal. Floriano Peixoto, 1695 \u2013 Curitiba\/PR<br><strong>\ud83c\udfb8 Abertura:<\/strong> Marenna<br><strong>\ud83c\udf9f Ingressos:<\/strong> <a href=\"https:\/\/www.bilheto.com.br\/comprar\/3286\/glenn-hughes\">https:\/\/www.bilheto.com.br\/comprar\/3286\/glenn-hughes<\/a> \u2013 at\u00e9 12x<br><br><strong>Cr\u00e9ditos da foto: Edu Lawless &#8211; @edulawless<\/strong><\/p>\n\n\n\n<p><strong>Contatos:<\/strong><\/p>\n\n\n\n<p><strong>Site: <\/strong><a href=\"https:\/\/abstratti.com\/\">https:\/\/abstratti.com<\/a><br><strong>Instagram: <\/strong><a href=\"https:\/\/www.instagram.com\/abstrattiprodutora\">https:\/\/www.instagram.com\/abstrattiprodutora<\/a><br><strong>Assessoria de Imprensa: <\/strong><a href=\"http:\/\/www.wargodspress.com.br\">www.wargodspress.com.br<\/a><\/p>\n\n\n\n<figure class=\"wp-block-image size-large\"><img loading=\"lazy\" decoding=\"async\" width=\"1024\" height=\"1024\" src=\"https:\/\/heavymetalonline.com.br\/wp-content\/uploads\/2025\/07\/Glenn-Hughes-Curitiba-1024x1024.jpg\" alt=\"\" class=\"wp-image-31391\" srcset=\"http:\/\/heavymetalonline.com.br\/wp-content\/uploads\/2025\/07\/Glenn-Hughes-Curitiba-1024x1024.jpg 1024w, http:\/\/heavymetalonline.com.br\/wp-content\/uploads\/2025\/07\/Glenn-Hughes-Curitiba-300x300.jpg 300w, http:\/\/heavymetalonline.com.br\/wp-content\/uploads\/2025\/07\/Glenn-Hughes-Curitiba-500x500.jpg 500w, http:\/\/heavymetalonline.com.br\/wp-content\/uploads\/2025\/07\/Glenn-Hughes-Curitiba-768x768.jpg 768w, http:\/\/heavymetalonline.com.br\/wp-content\/uploads\/2025\/07\/Glenn-Hughes-Curitiba-250x250.jpg 250w, http:\/\/heavymetalonline.com.br\/wp-content\/uploads\/2025\/07\/Glenn-Hughes-Curitiba.jpg 1080w\" sizes=\"auto, (max-width: 1024px) 100vw, 1024px\" \/><\/figure>\n","protected":false},"excerpt":{"rendered":"<p>Lenda viva do rock mundial, Glenn Hughes se apresenta em Curitiba no dia 18 de novembro, como parte da turn\u00ea \u201cThe Chosen Years\u201d, que celebra os momentos mais marcantes de sua trajet\u00f3ria. A apresenta\u00e7\u00e3o ser\u00e1 no Tork N\u2019 Roll, com abertura da banda ga\u00facha Marenna. A s\u00e9rie de shows percorre fases cl\u00e1ssicas da carreira de [&hellip;]<\/p>\n","protected":false},"author":23,"featured_media":31460,"comment_status":"closed","ping_status":"open","sticky":false,"template":"","format":"standard","meta":{"footnotes":""},"categories":[4],"tags":[295,10,2059],"class_list":["post-31390","post","type-post","status-publish","format-standard","has-post-thumbnail","hentry","category-noticias","tag-glenn-hughes","tag-heavy-metal-online","tag-wargods-press"],"_links":{"self":[{"href":"http:\/\/heavymetalonline.com.br\/index.php?rest_route=\/wp\/v2\/posts\/31390","targetHints":{"allow":["GET"]}}],"collection":[{"href":"http:\/\/heavymetalonline.com.br\/index.php?rest_route=\/wp\/v2\/posts"}],"about":[{"href":"http:\/\/heavymetalonline.com.br\/index.php?rest_route=\/wp\/v2\/types\/post"}],"author":[{"embeddable":true,"href":"http:\/\/heavymetalonline.com.br\/index.php?rest_route=\/wp\/v2\/users\/23"}],"replies":[{"embeddable":true,"href":"http:\/\/heavymetalonline.com.br\/index.php?rest_route=%2Fwp%2Fv2%2Fcomments&post=31390"}],"version-history":[{"count":2,"href":"http:\/\/heavymetalonline.com.br\/index.php?rest_route=\/wp\/v2\/posts\/31390\/revisions"}],"predecessor-version":[{"id":31462,"href":"http:\/\/heavymetalonline.com.br\/index.php?rest_route=\/wp\/v2\/posts\/31390\/revisions\/31462"}],"wp:featuredmedia":[{"embeddable":true,"href":"http:\/\/heavymetalonline.com.br\/index.php?rest_route=\/wp\/v2\/media\/31460"}],"wp:attachment":[{"href":"http:\/\/heavymetalonline.com.br\/index.php?rest_route=%2Fwp%2Fv2%2Fmedia&parent=31390"}],"wp:term":[{"taxonomy":"category","embeddable":true,"href":"http:\/\/heavymetalonline.com.br\/index.php?rest_route=%2Fwp%2Fv2%2Fcategories&post=31390"},{"taxonomy":"post_tag","embeddable":true,"href":"http:\/\/heavymetalonline.com.br\/index.php?rest_route=%2Fwp%2Fv2%2Ftags&post=31390"}],"curies":[{"name":"wp","href":"https:\/\/api.w.org\/{rel}","templated":true}]}}