{"id":31426,"date":"2025-07-16T01:13:46","date_gmt":"2025-07-16T01:13:46","guid":{"rendered":"https:\/\/heavymetalonline.com.br\/?p=31426"},"modified":"2025-07-16T11:34:51","modified_gmt":"2025-07-16T11:34:51","slug":"vertentes-de-la-e-ca-braia-transforma-historia-e-paisagem-mineira-em-musica","status":"publish","type":"post","link":"http:\/\/heavymetalonline.com.br\/?p=31426","title":{"rendered":"\u201cVertentes de L\u00e1 e C\u00e1\u201d: Braia transforma hist\u00f3ria e paisagem mineira em m\u00fasica"},"content":{"rendered":"\n<p>Minas Gerais carrega uma tradi\u00e7\u00e3o de fam\u00edlias numerosas e entrela\u00e7adas, onde muitas vezes se diz, com raz\u00e3o, que \u201ctodo mundo \u00e9 primo de todo mundo\u201d. Neste contexto de conex\u00f5es familiares e ra\u00edzes culturais, h\u00e1 tamb\u00e9m um dado curioso: sou primo \u201cdistante\u201d de <strong>Bruno<\/strong> <strong>Leite<\/strong> <strong>Russi<\/strong> <strong>Maia<\/strong>, o <strong>Bruno<\/strong> <strong>Maia<\/strong>, idealizador do <strong>Braia<\/strong> e l\u00edder do <strong>Tuatha<\/strong> <strong>de<\/strong> <strong>Danann<\/strong>. A liga\u00e7\u00e3o vem de ramos maternos e paternos da nossa fam\u00edlia, o que confere uma camada a mais de familiaridade \u00e0 escuta deste trabalho profundamente enraizado na hist\u00f3ria mineira e na nossa pr\u00f3pria hist\u00f3ria.<\/p>\n\n\n\n<p>Lan\u00e7ado em julho, o novo \u00e1lbum do <strong>Braia<\/strong> mant\u00e9m a proposta do projeto solo de <strong>Bruno Maia<\/strong> de entrela\u00e7ar a tradi\u00e7\u00e3o celta com as sonoridades e paisagens do interior de Minas Gerais. Mais do que fus\u00e3o musical entre dois mundos, o disco \u00e9 um exerc\u00edcio de mem\u00f3ria e pertencimento, costurado por instrumentos como a viola caipira em afina\u00e7\u00e3o \u201crio abaixo\u201d (quando a viola \u00e9 afinada em sol maior, vide estilo de Almir Sater), flautas, bouzouki e elementos do Rock progressivo e at\u00e9 mesmo uns \u201cPunk doido\u201d. No final das contas, por tr\u00e1s das melodias de <strong><em>\u201cVertentes de L\u00e1 e C\u00e1\u201d<\/em><\/strong>, h\u00e1 uma jornada geogr\u00e1fica, hist\u00f3rica e de profundo amor por Minas Gerais.<\/p>\n\n\n\n<figure class=\"wp-block-image size-large\"><img loading=\"lazy\" decoding=\"async\" width=\"1024\" height=\"714\" src=\"https:\/\/heavymetalonline.com.br\/wp-content\/uploads\/2025\/07\/Foto-Braia-1-1-1024x714.jpg\" alt=\"\" class=\"wp-image-31430\" srcset=\"http:\/\/heavymetalonline.com.br\/wp-content\/uploads\/2025\/07\/Foto-Braia-1-1-1024x714.jpg 1024w, http:\/\/heavymetalonline.com.br\/wp-content\/uploads\/2025\/07\/Foto-Braia-1-1-300x209.jpg 300w, http:\/\/heavymetalonline.com.br\/wp-content\/uploads\/2025\/07\/Foto-Braia-1-1-768x536.jpg 768w, http:\/\/heavymetalonline.com.br\/wp-content\/uploads\/2025\/07\/Foto-Braia-1-1-1536x1071.jpg 1536w, http:\/\/heavymetalonline.com.br\/wp-content\/uploads\/2025\/07\/Foto-Braia-1-1-359x250.jpg 359w, http:\/\/heavymetalonline.com.br\/wp-content\/uploads\/2025\/07\/Foto-Braia-1-1.jpg 2048w\" sizes=\"auto, (max-width: 1024px) 100vw, 1024px\" \/><\/figure>\n\n\n\n<p>Este \u00e9 o terceiro cap\u00edtulo da discografia do <strong>Braia<\/strong>, sucedendo os \u00e1lbuns <strong><em>\u201c&#8230;e o mundo de l\u00e1\u201d<\/em><\/strong> (2007) \u2014 que mergulha nas tradi\u00e7\u00f5es europeias, especialmente nas m\u00fasicas c\u00e9lticas \u2014 e <strong><em>\u201c&#8230;e o mundo de c\u00e1\u201d<\/em><\/strong> (2021), voltado \u00e0 heran\u00e7a musical brasileira. Como o pr\u00f3prio t\u00edtulo sugere, <strong><em>\u201cVertentes de L\u00e1 e C\u00e1\u201d<\/em><\/strong> \u00e9 um disco que busca os pontos de contato entre essas heran\u00e7as culturais e prop\u00f5e uma integra\u00e7\u00e3o entre estes dois mundos t\u00e3o distantes, o de l\u00e1 e o de c\u00e1.<\/p>\n\n\n\n<p>Um dos grandes destaques do disco \u00e9 justamente sua faixa de abertura, <strong><em>\u201cEmboabas\u201d<\/em><\/strong>. Composta por <strong>Bruno<\/strong> <strong>Maia<\/strong> em parceria com <strong>Virg\u00edlio<\/strong> <strong>Chediak<\/strong>, a m\u00fasica fala sobre a <strong>\u201cGuerra dos Emboabas\u201d<\/strong> (1707\u20131709), um conflito muito importante na forma\u00e7\u00e3o do territ\u00f3rio e da identidade mineira. A guerra op\u00f4s paulistas, os primeiros a adentrarem o sert\u00e3o em busca de ouro, aos chamados &#8220;emboabas&#8221;, forasteiros vindos do litoral e de Portugal, interessados em explorar as mesmas minas. A disputa violenta terminou com a derrota dos paulistas e consolidou o dom\u00ednio da Coroa portuguesa sobre a regi\u00e3o das Gerais, criando as bases para a capitania de Minas Gerais.<\/p>\n\n\n\n<p><strong>Bruno Maia<\/strong> transforma essa hist\u00f3ria tensa e sangrenta em um tema musical inspirado, guiado pela viola caipira, vocais tranquilos e arranjos que remetem tanto \u00e0s trilhas de filmes hist\u00f3ricos quanto \u00e0s baladas progressivas. As flautas e harmonias evocam o lirismo da m\u00fasica celta, mas com tempero claramente sertanejo. O resultado \u00e9 uma bel\u00edssima faixa de abertura, que situa o ouvinte num cen\u00e1rio ancestral, marcado pelos conflitos. <strong><em>\u201cEmboabas\u201d<\/em><\/strong> \u00e9 uma can\u00e7\u00e3o que diz: aqui come\u00e7a a hist\u00f3ria. Mas tamb\u00e9m avisa: ela ainda pulsa sob os morros e serras mineiros.<\/p>\n\n\n\n<p>Ao longo das 12 faixas, predominantemente instrumentais, <strong><em>\u201cVertentes de L\u00e1 e C\u00e1\u201d<\/em><\/strong> vai revelando outros cap\u00edtulos desse retrato de Minas Gerais. T\u00edtulos como <strong><em>\u201cCarrancas\u201d, \u201cSerra das Letras\u201d, \u201cPrincesa do Sul\u201d<\/em><\/strong> e <strong><em>\u201cPonta do Morro\u201d<\/em><\/strong> n\u00e3o s\u00e3o apenas homenagens a localidades: s\u00e3o interpreta\u00e7\u00f5es sonoras de paisagens, mitos e modos de vida. <strong>Bruno Maia<\/strong>, como autor e produtor do disco, comp\u00f5e com um olhar de viajante e de contador de hist\u00f3rias, mesmo quando a m\u00fasica \u00e9 apenas instrumental. \u00c9 s\u00f3 deixar a viola rolar&#8230; b\u00e3o demais!<\/p>\n\n\n\n<figure class=\"wp-block-image size-large\"><img loading=\"lazy\" decoding=\"async\" width=\"1024\" height=\"683\" src=\"https:\/\/heavymetalonline.com.br\/wp-content\/uploads\/2025\/07\/FOTO-Braia-3-1-1024x683.jpg\" alt=\"\" class=\"wp-image-31429\" srcset=\"http:\/\/heavymetalonline.com.br\/wp-content\/uploads\/2025\/07\/FOTO-Braia-3-1-1024x683.jpg 1024w, http:\/\/heavymetalonline.com.br\/wp-content\/uploads\/2025\/07\/FOTO-Braia-3-1-300x200.jpg 300w, http:\/\/heavymetalonline.com.br\/wp-content\/uploads\/2025\/07\/FOTO-Braia-3-1-768x512.jpg 768w, http:\/\/heavymetalonline.com.br\/wp-content\/uploads\/2025\/07\/FOTO-Braia-3-1-1536x1024.jpg 1536w, http:\/\/heavymetalonline.com.br\/wp-content\/uploads\/2025\/07\/FOTO-Braia-3-1-370x247.jpg 370w, http:\/\/heavymetalonline.com.br\/wp-content\/uploads\/2025\/07\/FOTO-Braia-3-1.jpg 2048w\" sizes=\"auto, (max-width: 1024px) 100vw, 1024px\" \/><\/figure>\n\n\n\n<p>A instrumenta\u00e7\u00e3o \u00e9 sofisticada, mas sem perder a rusticidade necess\u00e1ria: violas em afina\u00e7\u00f5es tradicionais, bouzouki, flautas, teclados e percuss\u00f5es criam camadas ricas, onde o erudito e o popular se encontram. A mixagem de <strong>Thiago<\/strong> <strong>Okamura<\/strong> respeita essa organicidade, permitindo que cada timbre ressoe com nitidez e calor. Faixas como <strong><em>\u201cO Cururu do Inga\u00ed\u201d <\/em><\/strong>e<strong> <em>\u201cPonta do Morro\u201d <\/em><\/strong>poderiam muito bem aparecer como fundo em mat\u00e9rias do programa <strong>Globo Rural <\/strong>sobre queijo e caf\u00e9, tamanha a pegada caipira que carregam.<\/p>\n\n\n\n<p><strong><em>\u201cVertentes de L\u00e1 e C\u00e1\u201d<\/em><\/strong> \u00e9 parte de um projeto cultural contemplado pela <strong>Lei Paulo Gustavo<\/strong> em Minas Gerais. Al\u00e9m das m\u00fasicas, o \u00e1lbum conta com material visual, textos explicativos e v\u00eddeos com acessibilidade em Libras, ampliando seu alcance a todos os p\u00fablicos e seu papel como instrumento de valoriza\u00e7\u00e3o da cultura mineira. A proposta pedag\u00f3gica e art\u00edstica de <strong>Bruno Maia<\/strong> revela-se aqui em sua forma mais completa: ele n\u00e3o apenas comp\u00f5e trilhas para o imagin\u00e1rio mineiro, mas constr\u00f3i pontes entre passado e presente, tradi\u00e7\u00e3o e inven\u00e7\u00e3o, l\u00e1 e c\u00e1.<\/p>\n\n\n\n<p><strong>Abaixo, v\u00eddeos das tr\u00eas primeiras faixas.<\/strong><\/p>\n\n\n\n<p><strong><em>Confira v\u00eddeo sobre a faixa \u201cEmboabas\u201d:<\/em><\/strong><\/p>\n\n\n\n<figure class=\"wp-block-embed is-type-video is-provider-youtube wp-block-embed-youtube wp-embed-aspect-16-9 wp-has-aspect-ratio\"><div class=\"wp-block-embed__wrapper\">\n<iframe loading=\"lazy\" title=\"\ud83c\udfb6BRAIA - A HIST\u00d3RIA POR TR\u00c1S DA M\u00daSICA - 01 - EMBOABAS\" width=\"640\" height=\"360\" src=\"https:\/\/www.youtube.com\/embed\/3m9QiH2HtmQ?feature=oembed\" frameborder=\"0\" allow=\"accelerometer; autoplay; clipboard-write; encrypted-media; gyroscope; picture-in-picture; web-share\" referrerpolicy=\"strict-origin-when-cross-origin\" allowfullscreen><\/iframe>\n<\/div><\/figure>\n\n\n\n<p><strong><em>Confira v\u00eddeo sobre a faixa \u201cO Cururu do Inga\u00ed\u201d:<\/em><\/strong><\/p>\n\n\n\n<figure class=\"wp-block-embed is-type-video is-provider-youtube wp-block-embed-youtube wp-embed-aspect-16-9 wp-has-aspect-ratio\"><div class=\"wp-block-embed__wrapper\">\n<iframe loading=\"lazy\" title=\"\ud83c\udfb6 BRAIA - A HIST\u00d3RIA POR TR\u00c1S DA M\u00daSICA - 02 - O CURURU DO INGA\u00cd\" width=\"640\" height=\"360\" src=\"https:\/\/www.youtube.com\/embed\/1w7bTf75-J4?feature=oembed\" frameborder=\"0\" allow=\"accelerometer; autoplay; clipboard-write; encrypted-media; gyroscope; picture-in-picture; web-share\" referrerpolicy=\"strict-origin-when-cross-origin\" allowfullscreen><\/iframe>\n<\/div><\/figure>\n\n\n\n<p><strong><em>Confira v\u00eddeo sobre a faixa \u201cSerra das Letras\u201d:<\/em><\/strong><em><\/em><\/p>\n\n\n\n<figure class=\"wp-block-embed is-type-video is-provider-youtube wp-block-embed-youtube wp-embed-aspect-16-9 wp-has-aspect-ratio\"><div class=\"wp-block-embed__wrapper\">\n<iframe loading=\"lazy\" title=\"\ud83c\udfb6BRAIA - A HIST\u00d3RIA POR TR\u00c1S DA M\u00daSICA - 03 - SERRA DAS LETRAS\" width=\"640\" height=\"360\" src=\"https:\/\/www.youtube.com\/embed\/aULWm8nNJLI?feature=oembed\" frameborder=\"0\" allow=\"accelerometer; autoplay; clipboard-write; encrypted-media; gyroscope; picture-in-picture; web-share\" referrerpolicy=\"strict-origin-when-cross-origin\" allowfullscreen><\/iframe>\n<\/div><\/figure>\n\n\n\n<p><strong><em>\u201cVertentes de L\u00e1 e C\u00e1\u201d<\/em><\/strong> \u00e9 um disco de travessia. Um trabalho que ecoa como carta de amor \u00e0 terra, \u00e0 hist\u00f3ria e \u00e0 m\u00fasica. Ao trazer \u00e0 tona sua paix\u00e3o pelo lugar onde nasceu, <strong>Bruno<\/strong> mostra o poder da m\u00fasica como ferramenta de resist\u00eancia cultural e mais uma vez comprova que \u00e9 um dos grandes alquimistas da m\u00fasica brasileira contempor\u00e2nea, capaz de fazer da viola uma espada, da mem\u00f3ria um canto, e da vertente um rio que liga mundos, agradando gregos e troianos, celtas e mineiros.<\/p>\n\n\n\n<p>Al\u00e9m das plataformas digitais, o disco est\u00e1 dispon\u00edvel de gra\u00e7a em <a href=\"https:\/\/www.braia.net.br\">https:\/\/www.braia.net.br<\/a>.<\/p>\n\n\n\n<p><strong>Track list:<\/strong><\/p>\n\n\n\n<ol class=\"wp-block-list\">\n<li>Emboabas<\/li>\n\n\n\n<li>O Cururu do Inga\u00ed<\/li>\n\n\n\n<li>Serra das Letras<\/li>\n\n\n\n<li>Pagode Mouro<\/li>\n\n\n\n<li>Carrancas<\/li>\n\n\n\n<li>Princesa do Sul<\/li>\n\n\n\n<li>Ilhoas<\/li>\n\n\n\n<li>Hip\u00f3lita<\/li>\n\n\n\n<li>Rei do Campo Grande<\/li>\n\n\n\n<li>Ponta do Morro<\/li>\n\n\n\n<li>Ventura (Mina)<\/li>\n\n\n\n<li>Vertentes<\/li>\n<\/ol>\n\n\n\n<p><strong><em>Confira o \u00e1lbum no Spotify:<\/em><\/strong><\/p>\n\n\n\n<figure class=\"wp-block-embed is-type-rich is-provider-spotify wp-block-embed-spotify wp-embed-aspect-21-9 wp-has-aspect-ratio\"><div class=\"wp-block-embed__wrapper\">\n<iframe title=\"Spotify Embed: Vertentes de L\u00e1 e C\u00e1\" style=\"border-radius: 12px\" width=\"100%\" height=\"352\" frameborder=\"0\" allowfullscreen allow=\"autoplay; clipboard-write; encrypted-media; fullscreen; picture-in-picture\" loading=\"lazy\" src=\"https:\/\/open.spotify.com\/embed\/album\/5gfcQ2X9psrT4TGapwFE5t?utm_source=oembed\"><\/iframe>\n<\/div><\/figure>\n","protected":false},"excerpt":{"rendered":"<p>Minas Gerais carrega uma tradi\u00e7\u00e3o de fam\u00edlias numerosas e entrela\u00e7adas, onde muitas vezes se diz, com raz\u00e3o, que \u201ctodo mundo \u00e9 primo de todo mundo\u201d. Neste contexto de conex\u00f5es familiares e ra\u00edzes culturais, h\u00e1 tamb\u00e9m um dado curioso: sou primo \u201cdistante\u201d de Bruno Leite Russi Maia, o Bruno Maia, idealizador do Braia e l\u00edder do [&hellip;]<\/p>\n","protected":false},"author":23,"featured_media":31437,"comment_status":"closed","ping_status":"open","sticky":false,"template":"","format":"standard","meta":{"footnotes":""},"categories":[6],"tags":[2128,2129,2135,2131,2130,2057,2062,2056,2102,2134,102,2132,2133],"class_list":["post-31426","post","type-post","status-publish","format-standard","has-post-thumbnail","hentry","category-reviews","tag-braia","tag-bruno-maia","tag-celta","tag-folk","tag-folk-metal","tag-maicon-leite","tag-minas-gerais","tag-resenha","tag-review","tag-rock-progressivo","tag-tuatha-de-dannan","tag-viola","tag-viola-caipira"],"_links":{"self":[{"href":"http:\/\/heavymetalonline.com.br\/index.php?rest_route=\/wp\/v2\/posts\/31426","targetHints":{"allow":["GET"]}}],"collection":[{"href":"http:\/\/heavymetalonline.com.br\/index.php?rest_route=\/wp\/v2\/posts"}],"about":[{"href":"http:\/\/heavymetalonline.com.br\/index.php?rest_route=\/wp\/v2\/types\/post"}],"author":[{"embeddable":true,"href":"http:\/\/heavymetalonline.com.br\/index.php?rest_route=\/wp\/v2\/users\/23"}],"replies":[{"embeddable":true,"href":"http:\/\/heavymetalonline.com.br\/index.php?rest_route=%2Fwp%2Fv2%2Fcomments&post=31426"}],"version-history":[{"count":2,"href":"http:\/\/heavymetalonline.com.br\/index.php?rest_route=\/wp\/v2\/posts\/31426\/revisions"}],"predecessor-version":[{"id":31431,"href":"http:\/\/heavymetalonline.com.br\/index.php?rest_route=\/wp\/v2\/posts\/31426\/revisions\/31431"}],"wp:featuredmedia":[{"embeddable":true,"href":"http:\/\/heavymetalonline.com.br\/index.php?rest_route=\/wp\/v2\/media\/31437"}],"wp:attachment":[{"href":"http:\/\/heavymetalonline.com.br\/index.php?rest_route=%2Fwp%2Fv2%2Fmedia&parent=31426"}],"wp:term":[{"taxonomy":"category","embeddable":true,"href":"http:\/\/heavymetalonline.com.br\/index.php?rest_route=%2Fwp%2Fv2%2Fcategories&post=31426"},{"taxonomy":"post_tag","embeddable":true,"href":"http:\/\/heavymetalonline.com.br\/index.php?rest_route=%2Fwp%2Fv2%2Ftags&post=31426"}],"curies":[{"name":"wp","href":"https:\/\/api.w.org\/{rel}","templated":true}]}}