{"id":31464,"date":"2025-07-22T14:58:47","date_gmt":"2025-07-22T14:58:47","guid":{"rendered":"https:\/\/heavymetalonline.com.br\/?p=31464"},"modified":"2025-07-22T14:58:47","modified_gmt":"2025-07-22T14:58:47","slug":"decreto-sem-lei-lanca-album-de-estreia","status":"publish","type":"post","link":"http:\/\/heavymetalonline.com.br\/?p=31464","title":{"rendered":"Decreto Sem Lei lan\u00e7a \u00e1lbum de estreia"},"content":{"rendered":"\n<p id=\"caption-attachment-3882\"><em><strong>Com dez m\u00fasicas no repert\u00f3rio, material est\u00e1 dispon\u00edvel nas plataformas de streaming | Foto: Edu Guimar\u00e3es<\/strong><\/em><\/p>\n\n\n\n<p>Decreto Sem Lei, banda de hard rock de Santo Andr\u00e9 (SP), formada por Felipe do Amaral (vocal), Mauricio Amaral e Blau Ven\u00e2ncio (guitarras), Pardal Chimello (baixo) e Bruno Turbilh\u00e3o (bateria), apresenta o \u00e1lbum de estreia, intitulado simplesmente \u201cDecreto Sem Lei\u201d. O debut hom\u00f4nimo traz dez composi\u00e7\u00f5es recheadas de riffs marcantes e letras provocativas, com a identidade pr\u00f3pria que a banda vem construindo desde 2018. \u201cA banda surgiu com a proposta de fazer m\u00fasica que diverte e instiga a pensar. Musicalmente, mesclamos influ\u00eancias que v\u00e3o do blues ao heavy metal\u201d, explica o guitarrista Mauricio Amaral.<\/p>\n\n\n\n<p>O material foi gravado e mixado no est\u00fadio Dual Noise (SP), com produ\u00e7\u00e3o a cargo de Wecko Mainente. Viabilizado com apoio da Lei Paulo Gustavo, por meio da Secretaria de Cultura de Santo Andr\u00e9, o trabalho estar\u00e1 dispon\u00edvel nas plataformas de streaming.<\/p>\n\n\n\n<p>Desde o primeiro EP, lan\u00e7ado em 2019, passando pelo single \u201cCoisa Alguma\u201d, de 2023, at\u00e9 o recente single e videoclipe \u201cImprevistos\u201d, de 2024, a banda vem consolidando sua trajet\u00f3ria com apresenta\u00e7\u00f5es em eventos como o Festival de Inverno de Paranapiacaba, o anivers\u00e1rio de Santo Andr\u00e9, al\u00e9m de apresenta\u00e7\u00f5es em cidades como Guarulhos, S\u00e3o Caetano, Mau\u00e1, Ribeir\u00e3o Pires e S\u00e3o Paulo. \u201cA faixa \u2018Imprevistos\u2019, que saiu em videoclipe, foi inspirada no cen\u00e1rio de incertezas da pandemia de Covid-19. Ela carrega a energia e a identidade do Decreto Sem Lei. Como se trata de um verdadeiro cart\u00e3o de visitas, virou roteiro de nosso primeiro clipe\u201d, revela Felipe do Amaral.<\/p>\n\n\n\n<p>Confira o videoclipe \u201cImprevistos\u201d, que contou com dire\u00e7\u00e3o e fotografia de Bruno Badain, montagem de Gabriel Bordoni e participa\u00e7\u00e3o especial de Gabriella Lima, em <a target=\"_blank\" href=\"https:\/\/youtu.be\/RQTHVg63oq0\" rel=\"noreferrer noopener\">https:\/\/youtu.be\/RQTHVg63oq0<\/a><\/p>\n\n\n\n<figure class=\"wp-block-embed is-type-video is-provider-youtube wp-block-embed-youtube wp-embed-aspect-16-9 wp-has-aspect-ratio\"><div class=\"wp-block-embed__wrapper\">\n<iframe loading=\"lazy\" title=\"DECRETO SEM LEI - IMPREVISTOS (oficial)\" width=\"640\" height=\"360\" src=\"https:\/\/www.youtube.com\/embed\/RQTHVg63oq0?feature=oembed\" frameborder=\"0\" allow=\"accelerometer; autoplay; clipboard-write; encrypted-media; gyroscope; picture-in-picture; web-share\" referrerpolicy=\"strict-origin-when-cross-origin\" allowfullscreen><\/iframe>\n<\/div><\/figure>\n\n\n\n<p>O \u00e1lbum apresenta um olhar cr\u00edtico e contundente sobre diferentes aspectos da realidade social e humana. Em \u201cRecado Ignorado\u201d, denuncia-se a explora\u00e7\u00e3o inconsequente da natureza, enquanto \u201cConvocado para Morrer\u201d exp\u00f5e a viol\u00eancia do tr\u00e1fico e suas v\u00edtimas inocentes. \u201cEla tem abordagem direta e visceral, escancarando a brutalidade do tr\u00e1fico de drogas e relatando como inocentes s\u00e3o tragados por uma guerra que n\u00e3o escolheram lutar. \u00c9 um dos sons mais pesados do \u00e1lbum, um verdadeiro soco no est\u00f4mago\u201d, descreve Blau Ven\u00e2ncio.<\/p>\n\n\n\n<p>J\u00e1 faixas como \u201cPonto de Vista\u201d e \u201cO Tempo Voa\u201d trazem reflex\u00f5es profundas sobre a finitude da vida e a urg\u00eancia de viver com prop\u00f3sito. H\u00e1 tamb\u00e9m espa\u00e7o para o retrato de escolhas impulsivas e destrutivas, como em \u201cSem Pensar no Amanh\u00e3\u201d, e da for\u00e7a necess\u00e1ria para superar quedas, como em \u201cTombo\u201d. O \u00e1lbum ainda mergulha nas complexidades das rela\u00e7\u00f5es humanas, criticando abusos emocionais e atitudes t\u00f3xicas em \u201cControlador\u201d e \u201cPena\u201d.<\/p>\n\n\n\n<p>Outras faixas, como \u201cNa Minha Cabe\u00e7a N\u00e3o Entra\u201d, falam sobre o desconforto diante de ideias absurdas e da urg\u00eancia por mais empatia e bom senso nas rela\u00e7\u00f5es sociais. \u201cQuem nunca se indignou com ideias absurdas, posturas inconceb\u00edveis ou opini\u00f5es sem no\u00e7\u00e3o? Esse \u00e9 o pano de fundo de \u2018Na Minha Cabe\u00e7a N\u00e3o Entra\u2019, primeira faixa composta pela banda\u201d, conclui Felipe do Amaral.<\/p>\n\n\n\n<p>O show de lan\u00e7amento do \u00e1lbum acontecer\u00e1 no dia 26 de julho (s\u00e1bado), na Arena Galeria, no quinto andar da ic\u00f4nica Galeria do Rock, no centro de S\u00e3o Paulo. A apresenta\u00e7\u00e3o faz parte da programa\u00e7\u00e3o do Nanda Rev Rock Fest, festival que celebra a cena independente e autoral na capital paulista.<\/p>\n\n\n\n<p>Data: 26 de julho (s\u00e1bado)<br>Hor\u00e1rio do festival: 10h \u00e0s 18h<br>Entrada do Decreto Sem Lei: 15h30<br>Arena Galeria \u2013 5\u00ba andar da Galeria do Rock<br>Av. S\u00e3o Jo\u00e3o, 439 \u2013 Centro, S\u00e3o Paulo \u2013 SP<br>Entrada: gratuita<\/p>\n\n\n\n<p>Ou\u00e7a no <strong>Spotify<\/strong> em <a target=\"_blank\" href=\"https:\/\/open.spotify.com\/intl-pt\/album\/4sWkHwpQGSQtn8Aivk8Ni0\" rel=\"noreferrer noopener\">https:\/\/open.spotify.com\/intl-pt\/album\/4sWkHwpQGSQtn8Aivk8Ni0<\/a><\/p>\n\n\n\n<p><strong>Instagram:<\/strong> <a target=\"_blank\" href=\"https:\/\/www.instagram.com\/decreto_sem_lei\/\" rel=\"noreferrer noopener\">https:\/\/www.instagram.com\/decreto_sem_lei\/<\/a><br><strong>Facebook:<\/strong> <a target=\"_blank\" href=\"https:\/\/www.facebook.com\/DecretoSemLei\/\" rel=\"noreferrer noopener\">https:\/\/www.facebook.com\/DecretoSemLei\/<\/a><br><strong>E-mail:<\/strong> <a target=\"_blank\" href=\"mailto:decretosemlei@gmail.com\" rel=\"noreferrer noopener\">decretosemlei@gmail.com<\/a><\/p>\n\n\n\n<figure class=\"wp-block-image\"><img decoding=\"async\" src=\"https:\/\/aseimprensa.com.br\/music\/wp-content\/uploads\/2025\/07\/capadecreto.jpg\" alt=\"Capadecreto\" class=\"wp-image-3881\" \/><\/figure>\n\n\n\n<figure class=\"wp-block-table\"><table class=\"has-fixed-layout\"><tbody><tr><td><\/td><\/tr><\/tbody><\/table><\/figure>\n","protected":false},"excerpt":{"rendered":"<p>Com dez m\u00fasicas no repert\u00f3rio, material est\u00e1 dispon\u00edvel nas plataformas de streaming | Foto: Edu Guimar\u00e3es Decreto Sem Lei, banda de hard rock de Santo Andr\u00e9 (SP), formada por Felipe do Amaral (vocal), Mauricio Amaral e Blau Ven\u00e2ncio (guitarras), Pardal Chimello (baixo) e Bruno Turbilh\u00e3o (bateria), apresenta o \u00e1lbum de estreia, intitulado simplesmente \u201cDecreto Sem [&hellip;]<\/p>\n","protected":false},"author":22,"featured_media":31466,"comment_status":"closed","ping_status":"open","sticky":false,"template":"","format":"standard","meta":{"footnotes":""},"categories":[4],"tags":[2138,2011,2012,2137],"class_list":["post-31464","post","type-post","status-publish","format-standard","has-post-thumbnail","hentry","category-noticias","tag-anthares","tag-ase-music","tag-ase-press","tag-decreto-sem-lei"],"_links":{"self":[{"href":"http:\/\/heavymetalonline.com.br\/index.php?rest_route=\/wp\/v2\/posts\/31464","targetHints":{"allow":["GET"]}}],"collection":[{"href":"http:\/\/heavymetalonline.com.br\/index.php?rest_route=\/wp\/v2\/posts"}],"about":[{"href":"http:\/\/heavymetalonline.com.br\/index.php?rest_route=\/wp\/v2\/types\/post"}],"author":[{"embeddable":true,"href":"http:\/\/heavymetalonline.com.br\/index.php?rest_route=\/wp\/v2\/users\/22"}],"replies":[{"embeddable":true,"href":"http:\/\/heavymetalonline.com.br\/index.php?rest_route=%2Fwp%2Fv2%2Fcomments&post=31464"}],"version-history":[{"count":1,"href":"http:\/\/heavymetalonline.com.br\/index.php?rest_route=\/wp\/v2\/posts\/31464\/revisions"}],"predecessor-version":[{"id":31467,"href":"http:\/\/heavymetalonline.com.br\/index.php?rest_route=\/wp\/v2\/posts\/31464\/revisions\/31467"}],"wp:featuredmedia":[{"embeddable":true,"href":"http:\/\/heavymetalonline.com.br\/index.php?rest_route=\/wp\/v2\/media\/31466"}],"wp:attachment":[{"href":"http:\/\/heavymetalonline.com.br\/index.php?rest_route=%2Fwp%2Fv2%2Fmedia&parent=31464"}],"wp:term":[{"taxonomy":"category","embeddable":true,"href":"http:\/\/heavymetalonline.com.br\/index.php?rest_route=%2Fwp%2Fv2%2Fcategories&post=31464"},{"taxonomy":"post_tag","embeddable":true,"href":"http:\/\/heavymetalonline.com.br\/index.php?rest_route=%2Fwp%2Fv2%2Ftags&post=31464"}],"curies":[{"name":"wp","href":"https:\/\/api.w.org\/{rel}","templated":true}]}}