{"id":31799,"date":"2025-09-03T18:26:17","date_gmt":"2025-09-03T18:26:17","guid":{"rendered":"https:\/\/heavymetalonline.com.br\/?p=31799"},"modified":"2025-09-03T18:26:18","modified_gmt":"2025-09-03T18:26:18","slug":"conecta-maior-feira-da-musica-da-america-latina-mira-capacitacao-e-internacionalizacao-do-setor","status":"publish","type":"post","link":"http:\/\/heavymetalonline.com.br\/?p=31799","title":{"rendered":"Conecta + : Maior feira da m\u00fasica da Am\u00e9rica Latina mira capacita\u00e7\u00e3o e internacionaliza\u00e7\u00e3o do setor"},"content":{"rendered":"\n<p class=\"has-text-align-center\" id=\"viewer-69qn23380\"><em>Evento acontece de 18 a 21 de setembro, no Transam\u00e9rica Expo Center, com foco na forma\u00e7\u00e3o<\/em> <em>profissional, inova\u00e7\u00e3o e internacionaliza\u00e7\u00e3o do setor musical<\/em><\/p>\n\n\n\n<p id=\"viewer-txdl72371\">Entre os dias 18 e 21 de setembro de 2025, S\u00e3o Paulo receber\u00e1 a quarta edi\u00e7\u00e3o do <strong>Conecta+ M\u00fasica &amp; Mercad<\/strong>o, o maior evento da ind\u00fastria da m\u00fasica no Brasil. Realizado no <strong>Transam\u00e9rica Expo Center<\/strong>, o encontro une neg\u00f3cios, cultura e forma\u00e7\u00e3o profissional em uma programa\u00e7\u00e3o intensa voltada a m\u00fasicos, produtores, t\u00e9cnicos, educadores, gestores p\u00fablicos e empresas do setor. O evento tamb\u00e9m ser\u00e1 o ponto de encontro de negociantes de shows, produtores musicais, locadores de equipamentos de \u00e1udio, ilumina\u00e7\u00e3o e v\u00eddeo, especialistas em direitos autorais, lojistas, startups e todos os profissionais que moldam o cen\u00e1rio econ\u00f4mico da m\u00fasica.<\/p>\n\n\n\n<p id=\"viewer-gnzsi1524\">Idealizado por Daniel Neves, o evento cresce a cada edi\u00e7\u00e3o. Em 2025, reunir\u00e1 mais de 110 expositores, incluindo cerca de 30 marcas internacionais vindas da \u00c1sia, Europa e Am\u00e9rica do Norte, como Williams, Tokai, Yamaha, Attack Audio, NIG, Pioneer Dj, Odery, Tonante, Audio-Technica, consolidando o Conecta+ como o principal hub sul-americano de neg\u00f3cios musicais.<\/p>\n\n\n\n<p id=\"viewer-tjxzt1527\"><em>\u201cA Conecta+ nasceu para conectar pessoas, ideias e oportunidades. Em 2025, vamos al\u00e9m: criamos uma plataforma viva de forma\u00e7\u00e3o profissional, acesso \u00e0 tecnologia, debates sobre o futuro da m\u00fasica e abertura de novos mercados. Nossa miss\u00e3o \u00e9 gerar valor real para toda a cadeia produtiva da m\u00fasica\u201d<\/em>, afirma Daniel Neves.<\/p>\n\n\n\n<p id=\"viewer-h563v1530\">A edi\u00e7\u00e3o deste ano contar\u00e1 com dois dias exclusivos para profissionais do setor \u2014 iluminadores profissionais de shows e eventos, e de \u00e1udio, lojistas, compradores, educadores, artistas e gestores \u2014 com conte\u00fado especializado, agenda B2B estruturada e matchmaking por aplicativo, oferecendo acesso estrat\u00e9gico aos expositores. Nos demais dias, o p\u00fablico geral poder\u00e1 vivenciar a m\u00fasica como experi\u00eancia, descoberta e inspira\u00e7\u00e3o.<\/p>\n\n\n\n<p id=\"viewer-jo8bb1533\">A programa\u00e7\u00e3o traz pain\u00e9is e debates sobre direitos autorais, gest\u00e3o de carreira, mercado internacional e inova\u00e7\u00e3o, al\u00e9m de workshops pr\u00e1ticos e oficinas sobre produ\u00e7\u00e3o musical, carreira independente e tecnologias de palco e est\u00fadio.<\/p>\n\n\n\n<p id=\"viewer-79wmc1536\">Uma das palestras mais aguardadas ser\u00e1 com Dodo Costa, Diretor Executivo de Cria\u00e7\u00e3o e Estrat\u00e9gia da GR6, maior produtora de funk do pa\u00eds. Ele comandar\u00e1 o painel <em>\u201cAlgoritmos e como transformar n\u00fameros em carreira\u201d<\/em>, abordando estrat\u00e9gias digitais e art\u00edsticas por tr\u00e1s de nomes como MC Livinho e MC Luucky.<\/p>\n\n\n\n<p id=\"viewer-tkb4p1539\">Para quem est\u00e1 dando os primeiros passos na m\u00fasica, o painel \u201cTenho um sonho e um par de fones: e agora?\u201d reunir\u00e1 nomes de peso dos bastidores do mercado, como Daniel Mendes (empres\u00e1rio de Jo\u00e3o Gomes e CEO da Casa Amarela), Jo\u00e3o Assis (Diretor de A&amp;R da cantora Ludmilla) e Bia Song (especialista em direitos autorais e empres\u00e1ria de MC Braz), com media\u00e7\u00e3o de Luca Bonchristiano, da Head MEDIA. O debate abordar\u00e1 o que todo artista e profissional da m\u00fasica precisa saber no in\u00edcio da carreira.<\/p>\n\n\n\n<p id=\"viewer-omz4z1542\">Outra novidade da edi\u00e7\u00e3o \u00e9 a estreia do pavilh\u00e3o Custom Shop, dedicado a luthiers e marcas artesanais. O evento tamb\u00e9m se firma como uma plataforma h\u00edbrida, com conte\u00fados sob demanda, agendamento online e trilhas de visita personalizadas, unindo experi\u00eancia presencial e tecnologia.<\/p>\n\n\n\n<p id=\"viewer-eg6r41545\"><em>\u201cA Conecta n\u00e3o \u00e9 apenas a maior feira de neg\u00f3cios da m\u00fasica do pa\u00eds. \u00c9 uma&nbsp; infraestrutura inteligente onde mercado, cultura e tecnologia convergem para acelerar carreiras, neg\u00f3cios e parcerias estrat\u00e9gicas\u201d,<\/em> ressalta Ros\u00e2ngela Ferreira, diretora do evento.&nbsp;<\/p>\n\n\n\n<p id=\"viewer-q51oh1549\"><strong>Servi\u00e7o:<\/strong><\/p>\n\n\n\n<p id=\"viewer-pv9r11551\"><strong>Conecta + M\u00fasica e Mercado<\/strong><\/p>\n\n\n\n<p id=\"viewer-hfmoe1553\">Quando: 18 e 21 de setembro de 2025<\/p>\n\n\n\n<p id=\"viewer-8054u1555\">Local: Transam\u00e9rica Expo Center, S\u00e3o Paulo\/SP<\/p>\n\n\n\n<p id=\"viewer-eqonx1755\">Endere\u00e7o: <a target=\"_blank\" href=\"https:\/\/www.bing.com\/ck\/a?!&amp;&amp;p=4db20a07ac89e58026def91d8ac06556372f0293f1d1bee5420e240f17e0c0d1JmltdHM9MTc1Njg1NzYwMA&amp;ptn=3&amp;ver=2&amp;hsh=4&amp;fclid=3d7ebd38-5f5e-677d-0d1b-ab645e8d6650&amp;u=a1L21hcHM_Jm1lcGk9NTZ-fkVtYmVkZGVkfkFkZHJlc3NfTGluayZ0eT0xOCZxPVRyYW5zYW1lcmljYSUyMEV4cG8lMjBDZW50ZXImc3M9eXBpZC5ZTjc5OTN4ODM1NjI3OTA3JnBwb2lzPS0yMy42NDkyMDIzNDY4MDE3NThfLTQ2LjcxODkxNDAzMTk4MjQyX1RyYW5zYW1lcmljYSUyMEV4cG8lMjBDZW50ZXJfWU43OTkzeDgzNTYyNzkwN34mY3A9LTIzLjY0OTIwMn4tNDYuNzE4OTE0JnY9MiZzVj0xJkZPUk09TVBTUlBM&amp;ntb=1\" rel=\"noreferrer noopener\">Av. Dr. M\u00e1rio Vilas Boas Rodrigues 387 &#8211; S\u00e3o Paulo<\/a><\/p>\n\n\n\n<p><a href=\"https:\/\/www.conectamusica.com.br\">https:\/\/www.conectamusica.com.br<\/a><\/p>\n\n\n\n<p id=\"viewer-9pe3g2700\"><strong>Fonte: <\/strong>Fariello Comunica\u00e7\u00e3o &#8211; Conecta +<\/p>\n","protected":false},"excerpt":{"rendered":"<p>Evento acontece de 18 a 21 de setembro, no Transam\u00e9rica Expo Center, com foco na forma\u00e7\u00e3o profissional, inova\u00e7\u00e3o e internacionaliza\u00e7\u00e3o do setor musical Entre os dias 18 e 21 de setembro de 2025, S\u00e3o Paulo receber\u00e1 a quarta edi\u00e7\u00e3o do Conecta+ M\u00fasica &amp; Mercado, o maior evento da ind\u00fastria da m\u00fasica no Brasil. Realizado no [&hellip;]<\/p>\n","protected":false},"author":12,"featured_media":31800,"comment_status":"closed","ping_status":"open","sticky":false,"template":"","format":"standard","meta":{"footnotes":""},"categories":[4],"tags":[],"class_list":["post-31799","post","type-post","status-publish","format-standard","has-post-thumbnail","hentry","category-noticias"],"_links":{"self":[{"href":"http:\/\/heavymetalonline.com.br\/index.php?rest_route=\/wp\/v2\/posts\/31799","targetHints":{"allow":["GET"]}}],"collection":[{"href":"http:\/\/heavymetalonline.com.br\/index.php?rest_route=\/wp\/v2\/posts"}],"about":[{"href":"http:\/\/heavymetalonline.com.br\/index.php?rest_route=\/wp\/v2\/types\/post"}],"author":[{"embeddable":true,"href":"http:\/\/heavymetalonline.com.br\/index.php?rest_route=\/wp\/v2\/users\/12"}],"replies":[{"embeddable":true,"href":"http:\/\/heavymetalonline.com.br\/index.php?rest_route=%2Fwp%2Fv2%2Fcomments&post=31799"}],"version-history":[{"count":1,"href":"http:\/\/heavymetalonline.com.br\/index.php?rest_route=\/wp\/v2\/posts\/31799\/revisions"}],"predecessor-version":[{"id":31801,"href":"http:\/\/heavymetalonline.com.br\/index.php?rest_route=\/wp\/v2\/posts\/31799\/revisions\/31801"}],"wp:featuredmedia":[{"embeddable":true,"href":"http:\/\/heavymetalonline.com.br\/index.php?rest_route=\/wp\/v2\/media\/31800"}],"wp:attachment":[{"href":"http:\/\/heavymetalonline.com.br\/index.php?rest_route=%2Fwp%2Fv2%2Fmedia&parent=31799"}],"wp:term":[{"taxonomy":"category","embeddable":true,"href":"http:\/\/heavymetalonline.com.br\/index.php?rest_route=%2Fwp%2Fv2%2Fcategories&post=31799"},{"taxonomy":"post_tag","embeddable":true,"href":"http:\/\/heavymetalonline.com.br\/index.php?rest_route=%2Fwp%2Fv2%2Ftags&post=31799"}],"curies":[{"name":"wp","href":"https:\/\/api.w.org\/{rel}","templated":true}]}}