{"id":31873,"date":"2025-09-10T18:35:08","date_gmt":"2025-09-10T18:35:08","guid":{"rendered":"https:\/\/heavymetalonline.com.br\/?p=31873"},"modified":"2025-09-10T18:35:10","modified_gmt":"2025-09-10T18:35:10","slug":"grupo-yon-abre-para-francesa-skald-e-lanca-novo-single","status":"publish","type":"post","link":"http:\/\/heavymetalonline.com.br\/?p=31873","title":{"rendered":"Grupo Y\u00f6n abre para francesa Sk\u00e1ld e lan\u00e7a novo single"},"content":{"rendered":"\n<pre id=\"viewer-viewer-viewer-pr7az1309\" class=\"wp-block-preformatted\">Cr\u00e9dito: Maycon Avelino<\/pre>\n\n\n\n<p id=\"viewer-rnnck964\">Formado em 2022, o grupo paulistano<strong> <\/strong><a target=\"_blank\" href=\"https:\/\/www.instagram.com\/yon.nordic\/\" rel=\"noreferrer noopener\"><strong><u>Y\u00f6n<\/u><\/strong><\/a> j\u00e1 passou por grandes palcos como a CCXP apresentando sua m\u00fasica tradicional escandinava. As seis mulheres que se juntaram despretensiosamente para estudar can\u00e7\u00f5es n\u00f3rdicas, agora abrem o show da importante banda francesa<strong> <\/strong><a target=\"_blank\" href=\"https:\/\/www.instagram.com\/skaldvikings\" rel=\"noreferrer noopener\"><strong><u>Sk\u00e1ld<\/u><\/strong><\/a> no <strong>dia 12 de setembro<\/strong>, no <strong>Carioca Club<\/strong> (Rua Cardeal Arcoverde, 2899), em S\u00e3o Paulo. Os ingressos j\u00e1 est\u00e3o \u00e0 venda no <a target=\"_blank\" href=\"https:\/\/www.clubedoingresso.com\/evento\/skaldemsaopaulo-cariocaclub\" rel=\"noreferrer noopener\"><u>site Clube do Ingresso<\/u><\/a> e custam entre R$ 220 (meia) e R$ 580 (inteira).&nbsp;<\/p>\n\n\n\n<p id=\"viewer-0j8pb153\"><em>\u201cA Sk\u00e1ld \u00e9 uma banda muito importante para a gente, no nosso repert\u00f3rio tocamos uma vers\u00e3o de uma can\u00e7\u00e3o gravada por eles, \u2018Villeman og magnhild\u2019. \u00c9 uma baita refer\u00eancia pra gente. Essa \u00e9 uma oportunidade muito grande de mostrar nosso trabalho tanto para eles, que somos super f\u00e3s, como para o p\u00fablico que estar\u00e1 para v\u00ea-los. Estamos muito animadas e ansiosas, vai ser o backstage dos sonhos<\/em>\u201d, comenta Aline dos Reis.&nbsp;<\/p>\n\n\n\n<p id=\"viewer-4s691155\">A<strong> Y\u00f6n<\/strong> aproveita a data para lan\u00e7ar o segundo single do EP que est\u00e1 previsto para sair no primeiro semestre de 2026. A can\u00e7\u00e3o escolhida foi uma vers\u00e3o repaginada para \u201cI Riden S\u00e5\u201d, que faz parte de uma balada medieval chamada \u201cA mulher encantada em Parto\u201d, originada aproximadamente no ano de 1600.&nbsp; Ela narra a morte de uma mulher, filha de Sillibrand, que d\u00e1 \u00e0 luz g\u00eameos em um bosque sagrado antes de morrer. Os meninos s\u00e3o ent\u00e3o reivindicados pelos deuses n\u00f3rdicos Freya e Odin, representando uma transi\u00e7\u00e3o de cren\u00e7as pag\u00e3s mais antigas para novas religi\u00f5es, com o bosque como um templo natural sagrado.<\/p>\n\n\n\n<p id=\"viewer-sx6te157\"><em>\u201cEssa \u00e9 uma can\u00e7\u00e3o tradicional sueca, que foi gravada pela primeira vez pela banda Gjallarhorn, em 1997. A nossa vers\u00e3o mistura diversas refer\u00eancias de arranjos de outras can\u00e7\u00f5es escandinavas.&nbsp;Ela est\u00e1 no nosso repert\u00f3rio desde o in\u00edcio da banda e tamb\u00e9m tem a marca do nosso processo de arranjo das can\u00e7\u00f5es tradicionais. Trabalhamos nesse arranjo por muitos meses e a composi\u00e7\u00e3o dos vocalizes definitivos s\u00f3 veio em 2024, no processo de grava\u00e7\u00e3o. Ela \u00e9 muito importante porque tem um solo lindo da Janine Plis, que toca muito as pessoas, \u00e9 uma can\u00e7\u00e3o muito emocionante\u201d<\/em>, revela Aline dos Reis.&nbsp;<\/p>\n\n\n\n<p id=\"viewer-s4xip159\">Logo ap\u00f3s a abertura para a Sk\u00e1ld, a Y\u00f6n parte para Belo Horizonte, onde ir\u00e1 se apresentar no <a target=\"_blank\" href=\"https:\/\/www.instagram.com\/ostarafestivalbh\" rel=\"noreferrer noopener\"><strong><u>Festival Ostara<\/u><\/strong><\/a> abrindo para a banda de folk metal <strong>Tuatha de Dannan <\/strong>(BH), no <strong>dia 13 de setembro<\/strong>. Os ingressos j\u00e1 est\u00e3o \u00e0 venda no site <a target=\"_blank\" href=\"https:\/\/www.sympla.com.br\/evento\/ostara-festival-2025\/3029104\" rel=\"noreferrer noopener\"><u>Sympla<\/u><\/a>. O evento \u00e9 um dos maiores do Brasil quando o assunto \u00e9 medieval e al\u00e9m dos shows, tamb\u00e9m abriga mercado com diversos expositores, teatro, flash tattoo e jogos medievais como arremesso de machado e arco e flecha.&nbsp;&nbsp;<\/p>\n\n\n\n<p id=\"viewer-bnboi169\">E a Y\u00f6n se prepara para um show muito especial: <em>\u201cEstamos super animadas para o Ostara Festival! \u00c9 um festival muito tradicional para a comunidade medieval, vai gente do Brasil inteiro. \u00c9 uma grande responsabilidade tamb\u00e9m, vamos nos apresentar antes do Tuatha de Dannan, uma banda conhecida e tradicional dentro do meio Medieval. O p\u00fablico pode esperar uma jornada \u00e9pica pela Escandin\u00e1via. Vamos contar hist\u00f3rias de bruxas, trolls, deuses e vikings.&nbsp; Queremos emocionar e empolgar o p\u00fablico transportando-os para outros universos e claro, trazer muita divers\u00e3o\u201d<\/em>, explica Aline.<\/p>\n\n\n\n<p id=\"viewer-2xoi7171\">A <strong>Y\u00f6n <\/strong>\u00e9 formada por Aline dos Reis Neves, Bea Tr\u00eas, Carol Encanto, Janine Plis, Luana Carvalho e Silvia Lozano. O grupo lan\u00e7ou h\u00e1 pouco seu primeiro videoclipe, uma vers\u00e3o para \u201c<a target=\"_blank\" href=\"https:\/\/www.youtube.com\/watch?v=2pbzDZR8svM&amp;list=RD2pbzDZR8svM&amp;start_radio=1\" rel=\"noreferrer noopener\"><u>Oi Dai<\/u><\/a>\u201d, can\u00e7\u00e3o da tradi\u00e7\u00e3o folcl\u00f3rica da Car\u00e9lia, gravada pela primeira vez em 1991 pelo grupo finland\u00eas V\u00e4rttin\u00e4. O clipe tem dire\u00e7\u00e3o de Maycon Avelino, com cenas capturadas na Vila Viking no interior de SP.&nbsp;<\/p>\n\n\n\n<p id=\"viewer-3qww1175\">Escute <strong>\u201cI Riden S\u00e5\u201d <\/strong>em todas as plataformas e streaming. A can\u00e7\u00e3o foi gravada no Est\u00fadio Mameloki (SP) e tem mixagem e masteriza\u00e7\u00e3o do Fl\u00e1vio Gondim.<\/p>\n\n\n\n<figure class=\"wp-block-image\"><img loading=\"lazy\" decoding=\"async\" width=\"1024\" height=\"1280\" src=\"https:\/\/heavymetalonline.com.br\/wp-content\/uploads\/2025\/09\/Skald-flyer.jpg\" alt=\"\" class=\"wp-image-31804\" srcset=\"http:\/\/heavymetalonline.com.br\/wp-content\/uploads\/2025\/09\/Skald-flyer.jpg 1024w, http:\/\/heavymetalonline.com.br\/wp-content\/uploads\/2025\/09\/Skald-flyer-240x300.jpg 240w, http:\/\/heavymetalonline.com.br\/wp-content\/uploads\/2025\/09\/Skald-flyer-819x1024.jpg 819w, http:\/\/heavymetalonline.com.br\/wp-content\/uploads\/2025\/09\/Skald-flyer-768x960.jpg 768w, http:\/\/heavymetalonline.com.br\/wp-content\/uploads\/2025\/09\/Skald-flyer-200x250.jpg 200w\" sizes=\"auto, (max-width: 1024px) 100vw, 1024px\" \/><\/figure>\n\n\n\n<p id=\"viewer-mtdqi1289\"><strong>Servi\u00e7o:<\/strong><\/p>\n\n\n\n<p id=\"viewer-mrw8b766\"><strong>Sk\u00e1ld no Brasil. Abertura: Y\u00f6n<\/strong><\/p>\n\n\n\n<p id=\"viewer-55e6c768\">Data: 12 de setembro de 2025<\/p>\n\n\n\n<p id=\"viewer-syniw770\">Local: Carioca Club (Rua Cardeal Arcoverde, 2899)<\/p>\n\n\n\n<p id=\"viewer-tqeg5772\">Hor\u00e1rio: a partir das 19h30<\/p>\n\n\n\n<p id=\"viewer-yb9s9774\">Ingressos: R$ 220 (meia) e R$ 580 (inteira) no site <a target=\"_blank\" href=\"https:\/\/www.clubedoingresso.com\/evento\/skaldemsaopaulo-cariocaclub\" rel=\"noreferrer noopener\"><u>https:\/\/www.clubedoingresso.com\/evento\/skaldemsaopaulo-cariocaclub<\/u><\/a><\/p>\n\n\n\n<p id=\"viewer-ig38k777\">Mais informa\u00e7\u00f5es: (11) 3813-8598 ou <a target=\"_blank\" href=\"https:\/\/www.cariocaclub.com.br\/\" rel=\"noreferrer noopener\"><u>https:\/\/www.cariocaclub.com.br\/<\/u><\/a><\/p>\n\n\n\n<p id=\"viewer-j4rsd780\">N\u00e3o indicado para menores de 18 anos.<\/p>\n\n\n\n<p id=\"viewer-qf0lt782\"><strong>&nbsp;<\/strong><\/p>\n\n\n\n<p id=\"viewer-rdzc1784\"><strong>Festival Ostara<\/strong><\/p>\n\n\n\n<p id=\"viewer-41onx786\"><strong>Com Tuatha de Danan, Y\u00f6n e mais atra\u00e7\u00f5es<\/strong><\/p>\n\n\n\n<p id=\"viewer-6ro2c788\">Data: 13 de setembro de 2025<\/p>\n\n\n\n<p id=\"viewer-otaf9790\">Local: Espa\u00e7o Solarium &#8211; R. Professor Cl\u00f3vis Salgado, 1710, Bandeirantes (Pampulha)<\/p>\n\n\n\n<p id=\"viewer-mo7hz792\">Hor\u00e1rio: a partir das 16h<\/p>\n\n\n\n<p id=\"viewer-lbpdn794\">Ingressos: R$ 80\u00aa R$ 200 no site <a target=\"_blank\" href=\"https:\/\/www.sympla.com.br\/evento\/ostara-festival-2025\/3029104\" rel=\"noreferrer noopener\"><u>https:\/\/www.sympla.com.br\/evento\/ostara-festival-2025\/3029104<\/u><\/a><\/p>\n\n\n\n<p id=\"viewer-goy7i797\">Mais informa\u00e7\u00f5es: <a target=\"_blank\" href=\"https:\/\/www.instagram.com\/ostarafestivalbh\/\" rel=\"noreferrer noopener\"><u>https:\/\/www.instagram.com\/ostarafestivalbh\/<\/u><\/a><\/p>\n\n\n\n<p id=\"viewer-vw9k11613\"><strong>Fonte:<\/strong><strong> <\/strong>Favorite Assessoria<\/p>\n","protected":false},"excerpt":{"rendered":"<p>Cr\u00e9dito: Maycon Avelino Formado em 2022, o grupo paulistano Y\u00f6n j\u00e1 passou por grandes palcos como a CCXP apresentando sua m\u00fasica tradicional escandinava. As seis mulheres que se juntaram despretensiosamente para estudar can\u00e7\u00f5es n\u00f3rdicas, agora abrem o show da importante banda francesa Sk\u00e1ld no dia 12 de setembro, no Carioca Club (Rua Cardeal Arcoverde, 2899), [&hellip;]<\/p>\n","protected":false},"author":12,"featured_media":31807,"comment_status":"closed","ping_status":"open","sticky":false,"template":"","format":"standard","meta":{"footnotes":""},"categories":[4],"tags":[],"class_list":["post-31873","post","type-post","status-publish","format-standard","has-post-thumbnail","hentry","category-noticias"],"_links":{"self":[{"href":"http:\/\/heavymetalonline.com.br\/index.php?rest_route=\/wp\/v2\/posts\/31873","targetHints":{"allow":["GET"]}}],"collection":[{"href":"http:\/\/heavymetalonline.com.br\/index.php?rest_route=\/wp\/v2\/posts"}],"about":[{"href":"http:\/\/heavymetalonline.com.br\/index.php?rest_route=\/wp\/v2\/types\/post"}],"author":[{"embeddable":true,"href":"http:\/\/heavymetalonline.com.br\/index.php?rest_route=\/wp\/v2\/users\/12"}],"replies":[{"embeddable":true,"href":"http:\/\/heavymetalonline.com.br\/index.php?rest_route=%2Fwp%2Fv2%2Fcomments&post=31873"}],"version-history":[{"count":1,"href":"http:\/\/heavymetalonline.com.br\/index.php?rest_route=\/wp\/v2\/posts\/31873\/revisions"}],"predecessor-version":[{"id":31874,"href":"http:\/\/heavymetalonline.com.br\/index.php?rest_route=\/wp\/v2\/posts\/31873\/revisions\/31874"}],"wp:featuredmedia":[{"embeddable":true,"href":"http:\/\/heavymetalonline.com.br\/index.php?rest_route=\/wp\/v2\/media\/31807"}],"wp:attachment":[{"href":"http:\/\/heavymetalonline.com.br\/index.php?rest_route=%2Fwp%2Fv2%2Fmedia&parent=31873"}],"wp:term":[{"taxonomy":"category","embeddable":true,"href":"http:\/\/heavymetalonline.com.br\/index.php?rest_route=%2Fwp%2Fv2%2Fcategories&post=31873"},{"taxonomy":"post_tag","embeddable":true,"href":"http:\/\/heavymetalonline.com.br\/index.php?rest_route=%2Fwp%2Fv2%2Ftags&post=31873"}],"curies":[{"name":"wp","href":"https:\/\/api.w.org\/{rel}","templated":true}]}}