{"id":31983,"date":"2025-09-18T16:04:44","date_gmt":"2025-09-18T16:04:44","guid":{"rendered":"https:\/\/heavymetalonline.com.br\/?p=31983"},"modified":"2025-09-18T16:04:45","modified_gmt":"2025-09-18T16:04:45","slug":"blades-of-steel-anuncia-nova-fase-com-mudanca-na-formacao","status":"publish","type":"post","link":"http:\/\/heavymetalonline.com.br\/?p=31983","title":{"rendered":"Blades Of Steel anuncia nova fase com mudan\u00e7a na forma\u00e7\u00e3o"},"content":{"rendered":"\n<p class=\"has-text-align-center\"><em>Show de estreia da nova forma\u00e7\u00e3o acontece no La Iglesia no s\u00e1bado, <\/em><\/p>\n\n\n\n<p class=\"has-text-align-center\"><em>dia 27 de setembro<\/em><\/p>\n\n\n\n<p id=\"viewer-gklj45731\">Diante do sucesso do \u00e1lbum de esreia hom\u00f4nmo, lan\u00e7ado em 2025, da parceria com a Prika Amaral com o single <strong>&#8220;Riders Of The Night&#8221;<\/strong>, e da propor\u00e7\u00e3o que sua carreira alcan\u00e7ou, o&nbsp;Blades of Steel&nbsp;investe agora em uma nova fase.<\/p>\n\n\n\n<p id=\"viewer-o99rt1073\">Com&nbsp;<strong>Yara Haag<\/strong>&nbsp;nos vocais,&nbsp;<strong>Mirella Caramelo<\/strong>&nbsp;na guitarra,&nbsp;<strong>Filippe Tonini&nbsp;<\/strong>no baixo e <strong>Jonas Soares<\/strong>&nbsp;na guitarra, a banda anuncia sua renova\u00e7\u00e3o com show de estreia que acontece no La Iglesia, no s\u00e1bado, 27 de setembro. Blades of Steel se apresenta ao lado das bahndas <strong>High Moonlight,<\/strong> <strong>Imundos<\/strong> e<strong> Santo Graal.<\/strong> Ingressos \u00e0 venda<a target=\"_blank\" href=\"https:\/\/reverberamusicmedia.us21.list-manage.com\/track\/click?u=822a305fc417523291013e7c7&amp;id=c4df0252f1&amp;e=5c984c2084\" rel=\"noreferrer noopener\"><u> no site 101 Tickets.<\/u><\/a><\/p>\n\n\n\n<p id=\"viewer-gpx8j1092\">Sobre a nova forma\u00e7\u00e3o, a vocalista e fundadora<strong>&nbsp;Yara Haag<\/strong>&nbsp;comenta:<\/p>\n\n\n\n<p id=\"viewer-e5z1t1098\"><em>&#8220;Eu sabia desde o come\u00e7o que o Rafael Romanelli sairia \u2014 era uma quest\u00e3o de tempo. O Rafa sempre esteve no Blades para me ajudar, e de certa forma, continua: ele segue compondo com a gente. Antes de conhecer a Mirella, eu estava muito insegura, sem saber quem colocaria no lugar dele.&nbsp;Mas as coisas no Blades funcionam de um jeito muito louco e impressionante. Parece que estamos no caminho certo. Eu sinto que, de alguma forma, est\u00e1 no destino que tudo aconte\u00e7a como precisa acontecer. Um dia, navegando pela internet, vi o perfil da Mirella e pirei. \u00c9 t\u00e3o bom ver uma mulher tocando e querendo seguir carreira. De certa forma, eu me vejo nela \u2014 vejo a Yara de 16 anos que sonhava em ter uma banda s\u00e9ria&#8221;<\/em><\/p>\n\n\n\n<p id=\"viewer-h6ze01102\"><em>&#8220;Quero fazer tudo que puder para ajud\u00e1-la: ensinar, cuidar dos neg\u00f3cios, incentivar, garantir que ela tenha todas as oportunidades do mundo. Quero dar a ela tudo que eu n\u00e3o tive quando tinha a idade dela. Eu recebi esse tipo de apoio dos meninos, e agora quero retribuir de alguma forma. Ela \u00e9 extremamente talentosa. Tem s\u00f3 16 anos e j\u00e1 \u00e9 super profissional, sempre cumpre os compromissos da banda. Estou muito feliz por t\u00ea-la com a gente&#8221;<\/em>, completou Yara.<\/p>\n\n\n\n<p id=\"viewer-i5nyx1107\">A nova guitarrista&nbsp;<strong>Mirella Caramelo<\/strong> comante:<\/p>\n\n\n\n<p id=\"viewer-7srqn1113\"><em>Eu tinha acabado de postar um v\u00eddeo quando recebi uma notifica\u00e7\u00e3o: era a Yara, me convidando para fazer um teste &nbsp;para entrar na Blades Of Steel. Contei para o meu pai e logo come\u00e7amos a ouvir as m\u00fasicas da banda, fiquei super animada!&nbsp;Me dediquei muito para o teste e, no grande dia, fiquei encantada com o talento e a energia deles. Achei que teria que esperar pela resposta, mas logo me perguntaram se eu aceitava entrar na Banda.&nbsp;Aos 16 anos, estar em uma banda profissional, com disco lan\u00e7ado e colabora\u00e7\u00f5es importantes, mudou totalmente a minha rotina. Hoje passo horas ensaiando o repert\u00f3rio e cada ensaio \u00e9 o ponto alto da semana.&nbsp;Nunca imaginei que estar em uma banda pudesse ser t\u00e3o incr\u00edvel!&#8221;<\/em><\/p>\n\n\n\n<p id=\"viewer-01rv81117\">Atualmente, a banda est\u00e1 em fase de composi\u00e7\u00e3o do pr\u00f3ximo \u00e1lbum.<\/p>\n\n\n\n<figure class=\"wp-block-image\"><img loading=\"lazy\" decoding=\"async\" width=\"1080\" height=\"1350\" src=\"https:\/\/heavymetalonline.com.br\/wp-content\/uploads\/2025\/09\/Blades-of-Steel-flyer.png\" alt=\"\" class=\"wp-image-31984\" srcset=\"http:\/\/heavymetalonline.com.br\/wp-content\/uploads\/2025\/09\/Blades-of-Steel-flyer.png 1080w, http:\/\/heavymetalonline.com.br\/wp-content\/uploads\/2025\/09\/Blades-of-Steel-flyer-240x300.png 240w, http:\/\/heavymetalonline.com.br\/wp-content\/uploads\/2025\/09\/Blades-of-Steel-flyer-819x1024.png 819w, http:\/\/heavymetalonline.com.br\/wp-content\/uploads\/2025\/09\/Blades-of-Steel-flyer-768x960.png 768w, http:\/\/heavymetalonline.com.br\/wp-content\/uploads\/2025\/09\/Blades-of-Steel-flyer-200x250.png 200w\" sizes=\"auto, (max-width: 1080px) 100vw, 1080px\" \/><\/figure>\n\n\n\n<p id=\"viewer-9xxmz6404\"><strong>Blades of Steel <\/strong>\u00e9 uma banda brasileira de heavy metal tradicional formada com o prop\u00f3sito de homenagear e revitalizar as ra\u00edzes do g\u00eanero. Seu som \u00e9 impulsionado por riffs poderosos, melodias potentes e letras que evocam temas de coragem, resist\u00eancia e liberdade. Influenciados por bandas cl\u00e1ssicas como <strong>Judas Priest, Manowar, Running Wild, Accept e Saxon<\/strong>, o <strong>Blades of Steel<\/strong> entregam um som fiel \u00e0 velha escola, ao mesmo tempo em que forjam uma identidade \u00fanica.<\/p>\n\n\n\n<p id=\"viewer-evxj81650\">Em 2025, a banda lan\u00e7ou seu aguardado \u00e1lbum de estreia hom\u00f4nimo, <strong>&#8216;Blades of Steel&#8217;<\/strong>, produzido, mixado e masterizado por <strong>Rafael Augusto Lopes<\/strong> (<strong>Crypta<\/strong>). O \u00e1lbum foi lan\u00e7ado em todas as principais plataformas de streaming, al\u00e9m do formato em CD e fita cassete, abra\u00e7ando a est\u00e9tica e a experi\u00eancia do heavy metal cl\u00e1ssico.<\/p>\n\n\n\n<p id=\"viewer-1ec9g1660\">O lan\u00e7amento foi elogiado por sua autenticidade e poder, marcando um marco significativo na jornada da banda e consolidando o <strong>Blades of Steel<\/strong> como uma for\u00e7a em ascens\u00e3o nas cenas do metal brasileiro e sul-americano.<\/p>\n\n\n\n<p id=\"viewer-cnt951666\">Atualmente, a banda est\u00e1 trabalhando nas composi\u00e7\u00f5es de seu segundo \u00e1lbum, com lan\u00e7amento previsto para 2026. Um dos destaques do pr\u00f3ximo \u00e9 a faixa b\u00f4nus com a participa\u00e7\u00e3o especial de <strong>Prika Amaral<\/strong> (<strong>Nervosa<\/strong>), acompanhada de um videoclipe profissional. Esta colabora\u00e7\u00e3o marca um passo importante na expans\u00e3o do alcance da banda para novos p\u00fablicos e mercados.<\/p>\n\n\n\n<p id=\"viewer-olsyf1674\">O Blades of Steel mant\u00e9m a chama do verdadeiro heavy metal viva, combinando tradi\u00e7\u00e3o, poder e profissionalismo em todas as etapas de sua carreira.<\/p>\n\n\n\n<p id=\"viewer-ys5yf2144\"><strong>G\u00eanero:<\/strong>&nbsp;Heavy Metal<\/p>\n\n\n\n<p id=\"viewer-iuuhg2147\"><strong>Selo:<\/strong>&nbsp;Metal Relics&nbsp;<\/p>\n\n\n\n<p id=\"viewer-lzg7e2151\"><strong>Forma\u00e7\u00e3o:<\/strong><\/p>\n\n\n\n<p id=\"viewer-st19r2154\">Yara Haag- Vocal<\/p>\n\n\n\n<p id=\"viewer-wqe0w2157\">Mirella Caramelo&nbsp;&#8211; Guitarra<\/p>\n\n\n\n<p id=\"viewer-71ebv2160\">Jonas Soares- Guitarra<\/p>\n\n\n\n<p id=\"viewer-0e7na2163\">Filippe Tonini- Baixo<\/p>\n\n\n\n<p id=\"viewer-xzf0h2167\"><strong>Fotografia:&nbsp;<\/strong>Thiago Campi<\/p>\n\n\n\n<p id=\"viewer-d3vi62172\"><strong>BLADES OF STEEL online:<\/strong><\/p>\n\n\n\n<p id=\"viewer-988cm2175\"><a target=\"_blank\" href=\"https:\/\/reverberamusicmedia.us21.list-manage.com\/track\/click?u=822a305fc417523291013e7c7&amp;id=39375dd562&amp;e=5c984c2084\" rel=\"noreferrer noopener\"><u>WEBSITE<\/u><\/a><\/p>\n\n\n\n<p id=\"viewer-xvwu32178\"><a target=\"_blank\" href=\"https:\/\/reverberamusicmedia.us21.list-manage.com\/track\/click?u=822a305fc417523291013e7c7&amp;id=b166fe1ef2&amp;e=5c984c2084\" rel=\"noreferrer noopener\"><u>FACEBOOK&nbsp;<\/u><\/a>&nbsp; &nbsp; &nbsp; &nbsp; &nbsp; &nbsp; &nbsp; &nbsp;&nbsp;<\/p>\n\n\n\n<p id=\"viewer-2hjrn2182\"><a target=\"_blank\" href=\"https:\/\/reverberamusicmedia.us21.list-manage.com\/track\/click?u=822a305fc417523291013e7c7&amp;id=e1eccfc72a&amp;e=5c984c2084\" rel=\"noreferrer noopener\"><u>INSTAGRAM<\/u><\/a><\/p>\n\n\n\n<p id=\"viewer-0330i2185\"><a target=\"_blank\" href=\"https:\/\/reverberamusicmedia.us21.list-manage.com\/track\/click?u=822a305fc417523291013e7c7&amp;id=20f50922bf&amp;e=5c984c2084\" rel=\"noreferrer noopener\"><u>BANDCAMP<\/u><\/a><\/p>\n\n\n\n<p id=\"viewer-clrmh3365\"><strong>Fonte:<\/strong> Reverbera Music Media<\/p>\n","protected":false},"excerpt":{"rendered":"<p>Show de estreia da nova forma\u00e7\u00e3o acontece no La Iglesia no s\u00e1bado, dia 27 de setembro Diante do sucesso do \u00e1lbum de esreia hom\u00f4nmo, lan\u00e7ado em 2025, da parceria com a Prika Amaral com o single &#8220;Riders Of The Night&#8221;, e da propor\u00e7\u00e3o que sua carreira alcan\u00e7ou, o&nbsp;Blades of Steel&nbsp;investe agora em uma nova fase. [&hellip;]<\/p>\n","protected":false},"author":12,"featured_media":31985,"comment_status":"closed","ping_status":"open","sticky":false,"template":"","format":"standard","meta":{"footnotes":""},"categories":[4],"tags":[],"class_list":["post-31983","post","type-post","status-publish","format-standard","has-post-thumbnail","hentry","category-noticias"],"_links":{"self":[{"href":"http:\/\/heavymetalonline.com.br\/index.php?rest_route=\/wp\/v2\/posts\/31983","targetHints":{"allow":["GET"]}}],"collection":[{"href":"http:\/\/heavymetalonline.com.br\/index.php?rest_route=\/wp\/v2\/posts"}],"about":[{"href":"http:\/\/heavymetalonline.com.br\/index.php?rest_route=\/wp\/v2\/types\/post"}],"author":[{"embeddable":true,"href":"http:\/\/heavymetalonline.com.br\/index.php?rest_route=\/wp\/v2\/users\/12"}],"replies":[{"embeddable":true,"href":"http:\/\/heavymetalonline.com.br\/index.php?rest_route=%2Fwp%2Fv2%2Fcomments&post=31983"}],"version-history":[{"count":1,"href":"http:\/\/heavymetalonline.com.br\/index.php?rest_route=\/wp\/v2\/posts\/31983\/revisions"}],"predecessor-version":[{"id":31986,"href":"http:\/\/heavymetalonline.com.br\/index.php?rest_route=\/wp\/v2\/posts\/31983\/revisions\/31986"}],"wp:featuredmedia":[{"embeddable":true,"href":"http:\/\/heavymetalonline.com.br\/index.php?rest_route=\/wp\/v2\/media\/31985"}],"wp:attachment":[{"href":"http:\/\/heavymetalonline.com.br\/index.php?rest_route=%2Fwp%2Fv2%2Fmedia&parent=31983"}],"wp:term":[{"taxonomy":"category","embeddable":true,"href":"http:\/\/heavymetalonline.com.br\/index.php?rest_route=%2Fwp%2Fv2%2Fcategories&post=31983"},{"taxonomy":"post_tag","embeddable":true,"href":"http:\/\/heavymetalonline.com.br\/index.php?rest_route=%2Fwp%2Fv2%2Ftags&post=31983"}],"curies":[{"name":"wp","href":"https:\/\/api.w.org\/{rel}","templated":true}]}}