{"id":32575,"date":"2025-10-21T12:03:31","date_gmt":"2025-10-21T12:03:31","guid":{"rendered":"https:\/\/heavymetalonline.com.br\/?p=32575"},"modified":"2025-10-21T12:03:32","modified_gmt":"2025-10-21T12:03:32","slug":"pilares-do-sol-une-ritmos-nordestinos-e-power-metal-em-novo-single-com-pedro-campos-hangar-soulspell","status":"publish","type":"post","link":"http:\/\/heavymetalonline.com.br\/?p=32575","title":{"rendered":"Pilares do Sol une ritmos nordestinos e Power Metal em novo single com Pedro Campos (Hangar, Soulspell)"},"content":{"rendered":"\n<p>A banda paraibana <strong>PILARES DO SOL<\/strong> est\u00e1 lan\u00e7ando seu segundo single,<strong><em> \u201cO Tempo que n\u00e3o vai voltar\u201d,<\/em><\/strong> uma faixa cantada inteiramente em portugu\u00eas por <strong>Junior Andrade<\/strong>, com participa\u00e7\u00e3o especial de <strong>Pedro Campos<\/strong>, vocalista reconhecido por seus trabalhos no <strong>Hangar, Age of Artemis<\/strong> e no <strong>Soulspell Metal Opera<\/strong>. Gravada no <strong>Music Obsession Studio<\/strong>, em Jo\u00e3o Pessoa\/PB, a m\u00fasica nasceu durante a passagem de <strong>Pedro<\/strong> pelo Nordeste, em meio \u00e0 sua recente turn\u00ea solo, e destaca a proposta do grupo de integrar Power Metal a elementos culturais e r\u00edtmicos do Nordeste brasileiro.<\/p>\n\n\n\n<p>Com uma sonoridade marcada por guitarras mel\u00f3dicas, bases vigorosas e arranjos com uma pegada bem nordestina, o novo single traz uma tem\u00e1tica l\u00edrica agridoce, refletindo sobre os altos e baixos que moldam a vida e a esperan\u00e7a de reencontrar dias melhores. A interpreta\u00e7\u00e3o de <strong>Junior Andrade<\/strong> se soma \u00e0 for\u00e7a vocal de <strong>Pedro Campos<\/strong> em um dueto marcante, destacando a naturalidade da l\u00edngua portuguesa em um contexto tradicionalmente dominado pelo ingl\u00eas.<\/p>\n\n\n\n<figure class=\"wp-block-image size-full\"><img loading=\"lazy\" decoding=\"async\" width=\"768\" height=\"768\" src=\"https:\/\/heavymetalonline.com.br\/wp-content\/uploads\/2025\/10\/Pilares-do-Sol-Capa2.jpg\" alt=\"\" class=\"wp-image-32576\" srcset=\"http:\/\/heavymetalonline.com.br\/wp-content\/uploads\/2025\/10\/Pilares-do-Sol-Capa2.jpg 768w, http:\/\/heavymetalonline.com.br\/wp-content\/uploads\/2025\/10\/Pilares-do-Sol-Capa2-300x300.jpg 300w, http:\/\/heavymetalonline.com.br\/wp-content\/uploads\/2025\/10\/Pilares-do-Sol-Capa2-500x500.jpg 500w, http:\/\/heavymetalonline.com.br\/wp-content\/uploads\/2025\/10\/Pilares-do-Sol-Capa2-250x250.jpg 250w\" sizes=\"auto, (max-width: 768px) 100vw, 768px\" \/><\/figure>\n\n\n\n<p>O lan\u00e7amento sucede <strong><em>\u201cBeam of Light\u201d<\/em><\/strong>, single de estreia do <strong>PILARES DO SOL<\/strong>, lan\u00e7ado em junho deste ano. Na faixa, a banda apresentou uma sonoridade que combina o peso e a velocidade do Power Metal cl\u00e1ssico \u2014 com influ\u00eancias de <strong>Stratovarius<\/strong> e <strong>Helloween<\/strong> \u2014 a nuances modernas e \u00e0 incorpora\u00e7\u00e3o sutil de ritmos brasileiros e latinos. Produzida pela pr\u00f3pria banda em parceria com o produtor <strong>Marcos Sena<\/strong>, do <strong>Music Obsession<\/strong>, <strong><em>\u201cBeam of Light\u201d<\/em><\/strong> apresentou ao p\u00fablico a forma\u00e7\u00e3o atual: <strong>Mad Ferreira<\/strong> (guitarra e produ\u00e7\u00e3o), <strong>Dotan<\/strong> <strong>Fl\u00e1vio<\/strong> (baixo), <strong>Vitor<\/strong> <strong>Alves<\/strong> (bateria), <strong>Matheus<\/strong> <strong>Fran\u00e7a<\/strong> (guitarra) e os vocalistas <strong>Junior<\/strong> <strong>Andrade<\/strong> e <strong>Leonardo<\/strong> <strong>Diniz<\/strong> \u2014 este \u00faltimo integrando oficialmente a forma\u00e7\u00e3o em 2025.<\/p>\n\n\n\n<p>O grupo segue em est\u00fadio finalizando as grava\u00e7\u00f5es do \u00e1lbum de estreia, que reunir\u00e1 participa\u00e7\u00f5es especiais e continuar\u00e1 explorando sonoridades al\u00e9m do Power Metal.<\/p>\n\n\n\n<p><strong><em>Ou\u00e7a o single \u201cO Tempo que n\u00e3o vai voltar\u201d via Spotify:<\/em><\/strong><\/p>\n\n\n\n<figure class=\"wp-block-embed is-type-rich is-provider-spotify wp-block-embed-spotify wp-embed-aspect-21-9 wp-has-aspect-ratio\"><div class=\"wp-block-embed__wrapper\">\n<iframe title=\"Spotify Embed: O Tempo Que N\u00e3o Vai Voltar\" style=\"border-radius: 12px\" width=\"100%\" height=\"352\" frameborder=\"0\" allowfullscreen allow=\"autoplay; clipboard-write; encrypted-media; fullscreen; picture-in-picture\" loading=\"lazy\" src=\"https:\/\/open.spotify.com\/embed\/album\/7LTG18Gqh0SnjtlBWIXhc1?utm_source=oembed\"><\/iframe>\n<\/div><\/figure>\n\n\n\n<p><strong><em>Ou\u00e7a o single \u201cO Tempo que n\u00e3o vai voltar\u201d via YouTube:<\/em><\/strong><\/p>\n\n\n\n<figure class=\"wp-block-embed is-type-video is-provider-youtube wp-block-embed-youtube wp-embed-aspect-4-3 wp-has-aspect-ratio\"><div class=\"wp-block-embed__wrapper\">\n<iframe loading=\"lazy\" title=\"O Tempo Que N\u00e3o Vai Voltar\" width=\"640\" height=\"480\" src=\"https:\/\/www.youtube.com\/embed\/BuU3l3tzZM4?feature=oembed\" frameborder=\"0\" allow=\"accelerometer; autoplay; clipboard-write; encrypted-media; gyroscope; picture-in-picture; web-share\" referrerpolicy=\"strict-origin-when-cross-origin\" allowfullscreen><\/iframe>\n<\/div><\/figure>\n\n\n\n<p><strong>Cr\u00e9ditos da foto: <\/strong>Divulga\u00e7\u00e3o<\/p>\n\n\n\n<p><strong>Contatos:<\/strong><\/p>\n\n\n\n<p><strong>Facebook: <\/strong><a href=\"https:\/\/www.facebook.com\/pilaresdosol\">https:\/\/www.facebook.com\/pilaresdosol<\/a><br><strong>Instagram: <\/strong><a href=\"https:\/\/www.instagram.com\/pilaresdosol\">https:\/\/www.instagram.com\/pilaresdosol<\/a><br><strong>Linktree: <\/strong><a href=\"https:\/\/linktr.ee\/pilaresdosol\">https:\/\/linktr.ee\/pilaresdosol<\/a><br><strong>Assessoria de Imprensa:<\/strong> <a href=\"http:\/\/www.wargodspress.com.br\">www.wargodspress.com.br<\/a><\/p>\n\n\n\n<figure class=\"wp-block-embed is-type-video is-provider-youtube wp-block-embed-youtube wp-embed-aspect-16-9 wp-has-aspect-ratio\"><div class=\"wp-block-embed__wrapper\">\n<iframe loading=\"lazy\" title=\"O Tempo Que N\u00e3o Vai Voltar | Pilares Do Sol\" width=\"640\" height=\"360\" src=\"https:\/\/www.youtube.com\/embed\/yDHhrCBuRNE?feature=oembed\" frameborder=\"0\" allow=\"accelerometer; autoplay; clipboard-write; encrypted-media; gyroscope; picture-in-picture; web-share\" referrerpolicy=\"strict-origin-when-cross-origin\" allowfullscreen><\/iframe>\n<\/div><\/figure>\n","protected":false},"excerpt":{"rendered":"<p>A banda paraibana PILARES DO SOL est\u00e1 lan\u00e7ando seu segundo single, \u201cO Tempo que n\u00e3o vai voltar\u201d, uma faixa cantada inteiramente em portugu\u00eas por Junior Andrade, com participa\u00e7\u00e3o especial de Pedro Campos, vocalista reconhecido por seus trabalhos no Hangar, Age of Artemis e no Soulspell Metal Opera. Gravada no Music Obsession Studio, em Jo\u00e3o Pessoa\/PB, [&hellip;]<\/p>\n","protected":false},"author":23,"featured_media":31096,"comment_status":"closed","ping_status":"open","sticky":false,"template":"","format":"standard","meta":{"footnotes":""},"categories":[4],"tags":[2068,2059],"class_list":["post-32575","post","type-post","status-publish","format-standard","has-post-thumbnail","hentry","category-noticias","tag-pilares-do-sol","tag-wargods-press"],"_links":{"self":[{"href":"http:\/\/heavymetalonline.com.br\/index.php?rest_route=\/wp\/v2\/posts\/32575","targetHints":{"allow":["GET"]}}],"collection":[{"href":"http:\/\/heavymetalonline.com.br\/index.php?rest_route=\/wp\/v2\/posts"}],"about":[{"href":"http:\/\/heavymetalonline.com.br\/index.php?rest_route=\/wp\/v2\/types\/post"}],"author":[{"embeddable":true,"href":"http:\/\/heavymetalonline.com.br\/index.php?rest_route=\/wp\/v2\/users\/23"}],"replies":[{"embeddable":true,"href":"http:\/\/heavymetalonline.com.br\/index.php?rest_route=%2Fwp%2Fv2%2Fcomments&post=32575"}],"version-history":[{"count":1,"href":"http:\/\/heavymetalonline.com.br\/index.php?rest_route=\/wp\/v2\/posts\/32575\/revisions"}],"predecessor-version":[{"id":32577,"href":"http:\/\/heavymetalonline.com.br\/index.php?rest_route=\/wp\/v2\/posts\/32575\/revisions\/32577"}],"wp:featuredmedia":[{"embeddable":true,"href":"http:\/\/heavymetalonline.com.br\/index.php?rest_route=\/wp\/v2\/media\/31096"}],"wp:attachment":[{"href":"http:\/\/heavymetalonline.com.br\/index.php?rest_route=%2Fwp%2Fv2%2Fmedia&parent=32575"}],"wp:term":[{"taxonomy":"category","embeddable":true,"href":"http:\/\/heavymetalonline.com.br\/index.php?rest_route=%2Fwp%2Fv2%2Fcategories&post=32575"},{"taxonomy":"post_tag","embeddable":true,"href":"http:\/\/heavymetalonline.com.br\/index.php?rest_route=%2Fwp%2Fv2%2Ftags&post=32575"}],"curies":[{"name":"wp","href":"https:\/\/api.w.org\/{rel}","templated":true}]}}