{"id":32803,"date":"2025-10-30T14:07:13","date_gmt":"2025-10-30T14:07:13","guid":{"rendered":"https:\/\/heavymetalonline.com.br\/?p=32803"},"modified":"2025-10-30T14:07:14","modified_gmt":"2025-10-30T14:07:14","slug":"taurus-relembra-a-conexao-com-azul-limao","status":"publish","type":"post","link":"http:\/\/heavymetalonline.com.br\/?p=32803","title":{"rendered":"Taurus relembra a conex\u00e3o com Azul Lim\u00e3o"},"content":{"rendered":"\n<p><em><strong>Turn\u00ea \u201cTaurus 1985\u201d marcar\u00e1 o reencontro com o Azul Lim\u00e3o no dia 19 de dezembro na Audio Rebel, no Rio de Janeiro | Foto:<\/strong> <strong>Renato Croce<\/strong><\/em><\/p>\n\n\n\n<p>Depois de realizar um show ao lado do Krisiun e Sutura no \u00faltimo dia 18 de outubro, na Areninha Carioca Hermeto Pascoal, em Bangu (RJ), a hist\u00f3ria do thrash metal carioca ganhar\u00e1 um novo cap\u00edtulo durante a \u201cTaurus 1985\u201d. Mais do que um retorno aos palcos do Rio de Janeiro, a turn\u00ea comemorativa dos 40 anos do Taurus marcar\u00e1 o reencontro com o Azul Lim\u00e3o. O evento, que ser\u00e1 realizado no dia 19 de dezembro na Audio Rebel, no bairro de Botafogo, j\u00e1 est\u00e1 com os <a target=\"_blank\" href=\"https:\/\/www.sympla.com.br\/evento\/azul-limao-e-taurus-no-audio-rebel-40-anos-de-metal-nacional\/3131360\" rel=\"noreferrer noopener\">ingressos antecipados<\/a> \u00e0 venda.<\/p>\n\n\n\n<p>Taurus e Azul Lim\u00e3o estiveram juntas no palco em um show em que lan\u00e7aram, respectivamente, os \u00e1lbuns \u201cSigno de Taurus\u201d e \u201cVingan\u00e7a\u201d, ambos considerados marcos do metal brasileiro. No entanto, a conex\u00e3o foi al\u00e9m da m\u00fasica. A conviv\u00eancia entre os m\u00fasicos se intensificou ao longo dos anos, criando la\u00e7os pessoais. \u201cA gente criou rela\u00e7\u00f5es pessoais e at\u00e9 familiares, pois o agora ex-baixista do Azul Lim\u00e3o, Vin\u00edcius Mathias, se casou com a nossa irm\u00e3, minha e do Claudio. Eles tiveram filhos, nossos tr\u00eas sobrinhos\u201d, revela o baterista S\u00e9rgio Bezz.<\/p>\n\n\n\n<p>Foram diversos shows juntos, como os do Teatro da Cidade (RJ), Teatro do Planet\u00e1rio (RJ), Circo Marinho em Santos (SP) e Circo Del\u00edrio (RJ), al\u00e9m do emblem\u00e1tico Caverna 2. \u201cLembro de shows marcantes no Caverna 2 e um, em especial, que foi o trio Dorsal Atl\u00e2ntica, Azul Lim\u00e3o e Taurus. Na \u00e9poca, houve uma troca de baterista no Azul Lim\u00e3o e cheguei a fazer ensaios com eles. Foi uma experi\u00eancia muito legal e interessante, porque eu j\u00e1 gostava muito das m\u00fasicas\u201d, conta o baterista. \u201cMais tarde fui com eles em uma viagem para o Esp\u00edrito Santo, para um show em Cachoeiro de Itapemirim. Tamb\u00e9m foi muito bom. Trabalhei com eles nesse show, mas sem tocar.\u201d<\/p>\n\n\n\n<p>Outra liga\u00e7\u00e3o \u00e9 a do guitarrista Claudio Bezz com o vocalista original do Azul Lim\u00e3o, Rodrigo Esteves, e com o baterista da fase inicial da banda, Ricardo Martins, que estudaram juntos na faculdade de m\u00fasica. \u201cNesse per\u00edodo, t\u00ednhamos aulas de teoria, instrumento, canto, hist\u00f3ria da m\u00fasica etc. Depois, \u00edamos para o Baixo G\u00e1vea, reduto do rock nos anos 80, nos encontrar com toda a galera das bandas daquela \u00e9poca, como Dorsal, Mortalha, Explicit Hate, Metalmorphose, Necromancer, Anschluss, entre outras. Inclusive, muitos tamb\u00e9m participavam do futebol aos s\u00e1bados, no clube dos Bombeiros. Dessa forma, nossa forma\u00e7\u00e3o e amizade se solidificaram\u201d, detalha Claudio Bezz.<\/p>\n\n\n\n<p>Quatro d\u00e9cadas depois, Taurus e Azul Lim\u00e3o voltam a dividir o palco. A expectativa \u00e9 de que esse reencontro seja mais do que nost\u00e1lgico. A ideia \u00e9 comemorar o passado e tamb\u00e9m renovar a parceria. \u201cSem d\u00favida, vai ser um encontro muito emocionante. Ainda estamos pensando, planejando, projetando o que podemos fazer juntos, mas certamente ser\u00e1 algo interessante\u201d, conclui o baterista.<\/p>\n\n\n\n<p><strong>Servi\u00e7o:<\/strong><br>Atra\u00e7\u00f5es: Taurus e Azul Lim\u00e3o<br>Data: 19 de dezembro (sexta-feira)<br>Local: Audio Rebel<br>Endere\u00e7o: Rua Visconde De Silva, 55 \u2013 Botafogo (5 min. da esta\u00e7\u00e3o de metr\u00f4 Botafogo pela sa\u00edda da rua Mena Barreto)<br>Ingressos antecipados \u00e0 venda: <a target=\"_blank\" href=\"https:\/\/www.sympla.com.br\/evento\/azul-limao-e-taurus-no-audio-rebel-40-anos-de-metal-nacional\/3131360\" rel=\"noreferrer noopener\">https:\/\/www.sympla.com.br\/evento\/azul-limao-e-taurus-no-audio-rebel-40-anos-de-metal-nacional\/3131360<\/a><br>Hor\u00e1rios: Abertura da Casa: 20h | Primeiro Show: 21h | Segundo Show: 22h<\/p>\n\n\n\n<p><strong>Site oficial:<\/strong> <a target=\"_blank\" href=\"http:\/\/www.taurusthrashmetal.com.br\" rel=\"noreferrer noopener\">http:\/\/www.taurusthrashmetal.com.br<\/a><\/p>\n\n\n\n<p><strong>M\u00eddias sociais:<\/strong><br><strong>Instagram:<\/strong> <a target=\"_blank\" href=\"https:\/\/www.instagram.com\/taurus.oficial\/\" rel=\"noreferrer noopener\">https:\/\/www.instagram.com\/taurus.oficial\/<\/a><br><strong>Facebook:<\/strong> <a target=\"_blank\" href=\"https:\/\/www.facebook.com\/TaurusThrashMetal\" rel=\"noreferrer noopener\">https:\/\/www.facebook.com\/TaurusThrashMetal<\/a><\/p>\n\n\n\n<p><strong>Spotify:<\/strong> <a target=\"_blank\" href=\"https:\/\/tinyurl.com\/mu4v2txu\" rel=\"noreferrer noopener\">https:\/\/tinyurl.com\/mu4v2txu<\/a><\/p>\n\n\n\n<p><strong>E-mail:<\/strong> <a target=\"_blank\" href=\"mailto:taurusofficial@gmail.com\" rel=\"noreferrer noopener\">taurusofficial@gmail.com<\/a><\/p>\n\n\n\n<figure class=\"wp-block-image\"><img decoding=\"async\" src=\"https:\/\/aseimprensa.com.br\/music\/wp-content\/uploads\/2025\/10\/taurus-azullimao.jpg\" alt=\"Taurus Azullimao\" class=\"wp-image-4054\" \/><\/figure>\n\n\n\n<p>Confira o v\u00eddeo ao vivo de \u201cDias de C\u00e3o\u201d em <a target=\"_blank\" href=\"https:\/\/youtu.be\/Iv1onN1A7Zo\" rel=\"noreferrer noopener\">https:\/\/youtu.be\/Iv1onN1A7Zo<\/a><\/p>\n\n\n\n<figure class=\"wp-block-embed is-type-video is-provider-youtube wp-block-embed-youtube wp-embed-aspect-16-9 wp-has-aspect-ratio\"><div class=\"wp-block-embed__wrapper\">\n<iframe loading=\"lazy\" title=\"DIAS DE CA\u0303O - Comemora\u00e7\u00e3o da turn\u00ea TAURUS 1985 em SP &amp; BH\" width=\"640\" height=\"360\" src=\"https:\/\/www.youtube.com\/embed\/Iv1onN1A7Zo?feature=oembed\" frameborder=\"0\" allow=\"accelerometer; autoplay; clipboard-write; encrypted-media; gyroscope; picture-in-picture; web-share\" referrerpolicy=\"strict-origin-when-cross-origin\" allowfullscreen><\/iframe>\n<\/div><\/figure>\n\n\n\n<p><strong>Ricardo Batalha | ASE Music<\/strong><br><strong><a target=\"_blank\" href=\"https:\/\/aseimprensa.com.br\/music\/\" rel=\"noreferrer noopener\">https:\/\/aseimprensa.com.br\/music\/<\/a><\/strong><br><strong><a target=\"_blank\" href=\"http:\/\/www.instagram.com\/ase_press\/\" rel=\"noreferrer noopener\">http:\/\/www.instagram.com\/ase_press\/<\/a><\/strong><br><strong><a target=\"_blank\" href=\"https:\/\/linktr.ee\/batalha\" rel=\"noreferrer noopener\">https:\/\/linktr.ee\/batalha<\/a><\/strong><\/p>\n","protected":false},"excerpt":{"rendered":"<p>Turn\u00ea \u201cTaurus 1985\u201d marcar\u00e1 o reencontro com o Azul Lim\u00e3o no dia 19 de dezembro na Audio Rebel, no Rio de Janeiro | Foto: Renato Croce Depois de realizar um show ao lado do Krisiun e Sutura no \u00faltimo dia 18 de outubro, na Areninha Carioca Hermeto Pascoal, em Bangu (RJ), a hist\u00f3ria do thrash [&hellip;]<\/p>\n","protected":false},"author":22,"featured_media":32805,"comment_status":"closed","ping_status":"open","sticky":false,"template":"","format":"standard","meta":{"footnotes":""},"categories":[4],"tags":[2011,2012,543,2041,1983],"class_list":["post-32803","post","type-post","status-publish","format-standard","has-post-thumbnail","hentry","category-noticias","tag-ase-music","tag-ase-press","tag-taurus","tag-taurus-1985","tag-thrash-metal"],"_links":{"self":[{"href":"http:\/\/heavymetalonline.com.br\/index.php?rest_route=\/wp\/v2\/posts\/32803","targetHints":{"allow":["GET"]}}],"collection":[{"href":"http:\/\/heavymetalonline.com.br\/index.php?rest_route=\/wp\/v2\/posts"}],"about":[{"href":"http:\/\/heavymetalonline.com.br\/index.php?rest_route=\/wp\/v2\/types\/post"}],"author":[{"embeddable":true,"href":"http:\/\/heavymetalonline.com.br\/index.php?rest_route=\/wp\/v2\/users\/22"}],"replies":[{"embeddable":true,"href":"http:\/\/heavymetalonline.com.br\/index.php?rest_route=%2Fwp%2Fv2%2Fcomments&post=32803"}],"version-history":[{"count":1,"href":"http:\/\/heavymetalonline.com.br\/index.php?rest_route=\/wp\/v2\/posts\/32803\/revisions"}],"predecessor-version":[{"id":32806,"href":"http:\/\/heavymetalonline.com.br\/index.php?rest_route=\/wp\/v2\/posts\/32803\/revisions\/32806"}],"wp:featuredmedia":[{"embeddable":true,"href":"http:\/\/heavymetalonline.com.br\/index.php?rest_route=\/wp\/v2\/media\/32805"}],"wp:attachment":[{"href":"http:\/\/heavymetalonline.com.br\/index.php?rest_route=%2Fwp%2Fv2%2Fmedia&parent=32803"}],"wp:term":[{"taxonomy":"category","embeddable":true,"href":"http:\/\/heavymetalonline.com.br\/index.php?rest_route=%2Fwp%2Fv2%2Fcategories&post=32803"},{"taxonomy":"post_tag","embeddable":true,"href":"http:\/\/heavymetalonline.com.br\/index.php?rest_route=%2Fwp%2Fv2%2Ftags&post=32803"}],"curies":[{"name":"wp","href":"https:\/\/api.w.org\/{rel}","templated":true}]}}