{"id":32810,"date":"2025-10-30T14:37:01","date_gmt":"2025-10-30T14:37:01","guid":{"rendered":"https:\/\/heavymetalonline.com.br\/?p=32810"},"modified":"2025-10-30T14:37:03","modified_gmt":"2025-10-30T14:37:03","slug":"margem-livre-assina-com-selo-psywar-records","status":"publish","type":"post","link":"http:\/\/heavymetalonline.com.br\/?p=32810","title":{"rendered":"Margem Livre assina com selo Psywar Records"},"content":{"rendered":"\n<p id=\"viewer-w12qd13189\">A nova aposta do hardcore nacional,<strong> Margem Livre<\/strong>, se prepara para lan\u00e7ar seu EP de estreia, <strong>&#8216;Os \u00d3rf\u00e3os e as Vi\u00favas&#8217;,<\/strong> pelo selo<strong> Psywar Records <\/strong>no pr\u00f3ximo dia 14 de novembro.&nbsp;Gravado e produzido no Est\u00fadio Shikabane, em Niter\u00f3i-RJ, o trabalho marca a estreia oficial da banda e apresenta tr\u00eas faixas intensas que exploram temas como medo, deslocamento e liberdade.<\/p>\n\n\n\n<p id=\"viewer-zsb8l7057\">Definido pelo grupo como<em> \u201cum retrato das mudan\u00e7as e incertezas que moldaram nossas vidas nos \u00faltimos anos\u201d<\/em>, &#8216;Os \u00d3rf\u00e3os e as Vi\u00favas&#8217; \u00e9 resultado do processo colaborativo entre <strong>Jo\u00e3o V\u00edtor Stutz Delgado Portella <\/strong>(vocal e guitarra), <strong>Jo\u00e3o V\u00edtor Lisboa Antonieto <\/strong>(baixo) e <strong>Breno Dowsley <\/strong>(bateria), trio respons\u00e1vel pela grava\u00e7\u00e3o. Ap\u00f3s o encerramento do EP, <strong>Ulisses Salom\u00e3o <\/strong>(guitarra solo e apoio) integrou o projeto, completando a atual forma\u00e7\u00e3o.<\/p>\n\n\n\n<p id=\"viewer-t11677071\"><em>\u201cEsse EP \u00e9 um marco pra gente. Ele nasceu em meio a mudan\u00e7as pessoais e profissionais e acabou se tornando uma v\u00e1lvula de escape. Cada faixa tem um peda\u00e7o da nossa hist\u00f3ria e das nossas incertezas\u201d<\/em>, comenta o vocalista <strong>Jo\u00e3o Delgado.<\/strong><\/p>\n\n\n\n<p id=\"viewer-c4m9b7077\"><em>\u201cS\u00e3o m\u00fasicas sobre deslocamento, medo e esperan\u00e7a. O processo foi leve e verdadeiro. Gravamos tudo no est\u00fadio do Breno, de forma independente, sem press\u00e3o e com liberdade total\u201d,<\/em> acrescenta o baixista <strong>Jo\u00e3o V\u00edtor Antonieto<\/strong>.<\/p>\n\n\n\n<p id=\"viewer-pnfuj7084\">Com produ\u00e7\u00e3o, mixagem e masteriza\u00e7\u00e3o assinadas por <strong>Breno Dowsley<\/strong>, o lan\u00e7amento simboliza o in\u00edcio da trajet\u00f3ria da banda sob o selo<strong> Psywar Records<\/strong>, que aposta na autenticidade e for\u00e7a criativa do grupo.<\/p>\n\n\n\n<p id=\"viewer-j6xtd7092\">Os irm\u00e3os <strong>Vinny <\/strong>e<strong> Berman<\/strong>, idealizadores do selo Psywar Records comentam:<\/p>\n\n\n\n<p id=\"viewer-m7s0o7100\"><em>&#8220;Fazer parte da hist\u00f3ria de uma nova gera\u00e7\u00e3o do independente e contribuir de forma positiva no underground \u00e9 uma miss\u00e3o da Psywar.&nbsp;O Margem Livre, vindo de Niter\u00f3i, ber\u00e7o do selo, torna tudo ainda mais especial pra gente.&nbsp;O primeiro EP da banda traz uma mistura sonora interessante e com identidade.&nbsp;Que esse trabalho alcance cada vez mais ouvidos e espa\u00e7os como esse&#8221;.<\/em><\/p>\n\n\n\n<p id=\"viewer-cq6j07104\"><em>\u201c\u00c9 um momento de virada pra gente. A Margem Livre est\u00e1 s\u00f3 come\u00e7ando, e o melhor ainda est\u00e1 por vir\u201d<\/em>, completa Breno.<\/p>\n\n\n\n<p id=\"viewer-6eptw7729\">Com a ideia de fazer um som e tocar hardcore com os amigos, surge <strong>Margem Livre<\/strong>,&nbsp;no in\u00edcio de 2024, em Niter\u00f3i\u2013RJ, originalmente&nbsp;composta por <strong>Jo\u00e3o Delgado <\/strong>(voz e guitarra), <strong>Gianni Brotto<\/strong> (guitarra), <strong>Gabriel Pato<\/strong> (bateria) e <strong>Jo\u00e3o Vitor Lisboa <\/strong>(baixo).&nbsp;<\/p>\n\n\n\n<p id=\"viewer-948qs7741\">As primeiras influ\u00eancias mergulhavam no hardcore, punk rock e post-hardcore, citando refer\u00eancias como <strong>Rancid, Clube da Esquina, Nirvana, Garage Fuzz, Dead Fish, Bad Religion <\/strong>e <strong>Title Fight<\/strong>, tanto do cen\u00e1rio internacional quanto local.<\/p>\n\n\n\n<p id=\"viewer-5wckl8129\">Sobre o nome da banda, o baixista<strong> Jo\u00e3o Vitor Lisboa<\/strong> explica: &#8220;<em>A &#8216;margem livre&#8217; \u00e9 um est\u00e1gio de seguran\u00e7a transit\u00f3ria. Quando se retira um tumor de uma pessoa, \u00e9 importante que as margens estejam livres de acometimento tumoral. O nome Margem Livre vem para anunciar que est\u00e1 tudo bem no momento. Ao mesmo tempo, remete a uma sensa\u00e7\u00e3o de liberdade. Que estamos livres de coisas ruins, mesmo que temporariamente&#8221;.<\/em><\/p>\n\n\n\n<p id=\"viewer-lemyu8271\">A virada criativa veio quando Gabriel retornou a S\u00e3o Paulo, Gianni apresentou o baterista e produtor musical Breno Dowsley &#8211; um dos fundadores da banda Darvin. Esse marco, portanto, consolidou o n\u00facleo trio da banda, onde o trabalho autoral se intensificou, resultando no primeiro single &#8220;Advert\u00eancia&#8221;, de lan\u00e7amento independente, que funcionou como um projeto-piloto para testar a capacidade de cria\u00e7\u00e3o, grava\u00e7\u00e3o e os limites da Margem Livre.<\/p>\n\n\n\n<p id=\"viewer-w38ka8418\"><a target=\"_blank\" href=\"http:\/\/livre.com\/\" rel=\"noreferrer noopener\">Com<\/a><strong> Breno Dowsley<\/strong> assumindo um papel central na cria\u00e7\u00e3o, tocando bateria e contribuindo com as guitarras. O resultado disso foi o&nbsp; primeiro EP da banda: Os \u00f3rf\u00e3os e as vi\u00favas.<\/p>\n\n\n\n<p id=\"viewer-opdt28634\">Em seguida, com a sa\u00edda de&nbsp;<strong>Gianni Brotto e&nbsp;<\/strong>as grava\u00e7\u00f5es do EP conclu\u00eddas em agosto de 2025,&nbsp;<strong>Ulisses Salom\u00e3o (Sal Machado)&nbsp;<\/strong>seria o guitarrista ideal, consolidando o quarteto que leva a Margem Livre adiante.&nbsp;<\/p>\n\n\n\n<p id=\"viewer-7njc67756\">Agora, Margem Livre se prepara para lan\u00e7ar o EP de estreia&nbsp;&#8216;Os \u00d3rf\u00e3os e as Vi\u00favas&#8217;, no dia 14 de novembro, pelo selo Psywar Records.<\/p>\n\n\n\n<p id=\"viewer-6vdpx7110\"><strong>PR\u00c9-SAVE do novo EP&nbsp;&#8216;Os \u00d3rf\u00e3os e as Vi\u00favas&#8217;&nbsp;&nbsp;<\/strong><a target=\"_blank\" href=\"https:\/\/reverberamusicmedia.us21.list-manage.com\/track\/click?u=822a305fc417523291013e7c7&amp;id=c4b922820e&amp;e=5c984c2084\" rel=\"noreferrer noopener\"><strong><u>AQUI!<\/u><\/strong><\/a><\/p>\n\n\n\n<figure class=\"wp-block-image\"><img loading=\"lazy\" decoding=\"async\" width=\"1200\" height=\"1200\" src=\"https:\/\/heavymetalonline.com.br\/wp-content\/uploads\/2025\/10\/Margem-Livre-Os-Orfaos-e-as-Viuvas.png\" alt=\"\" class=\"wp-image-32812\" srcset=\"http:\/\/heavymetalonline.com.br\/wp-content\/uploads\/2025\/10\/Margem-Livre-Os-Orfaos-e-as-Viuvas.png 1200w, http:\/\/heavymetalonline.com.br\/wp-content\/uploads\/2025\/10\/Margem-Livre-Os-Orfaos-e-as-Viuvas-300x300.png 300w, http:\/\/heavymetalonline.com.br\/wp-content\/uploads\/2025\/10\/Margem-Livre-Os-Orfaos-e-as-Viuvas-1024x1024.png 1024w, http:\/\/heavymetalonline.com.br\/wp-content\/uploads\/2025\/10\/Margem-Livre-Os-Orfaos-e-as-Viuvas-500x500.png 500w, http:\/\/heavymetalonline.com.br\/wp-content\/uploads\/2025\/10\/Margem-Livre-Os-Orfaos-e-as-Viuvas-768x768.png 768w, http:\/\/heavymetalonline.com.br\/wp-content\/uploads\/2025\/10\/Margem-Livre-Os-Orfaos-e-as-Viuvas-250x250.png 250w\" sizes=\"auto, (max-width: 1200px) 100vw, 1200px\" \/><\/figure>\n\n\n\n<p id=\"viewer-pmc9z8856\"><strong>G\u00eanero:<\/strong>&nbsp;Hardcore Punk<\/p>\n\n\n\n<p id=\"viewer-rora68862\"><strong>Selo:&nbsp;<\/strong>Psywar Records&nbsp;<\/p>\n\n\n\n<p id=\"viewer-rg5968866\"><strong>Produ\u00e7\u00e3o e grava\u00e7\u00e3o:&nbsp;<\/strong>Breno Dowsley<\/p>\n\n\n\n<p id=\"viewer-fwk2j9461\"><strong>Mixagem e&nbsp;Masteriza\u00e7\u00e3o:<\/strong>&nbsp;Breno Dowsley&nbsp;<\/p>\n\n\n\n<p id=\"viewer-mr0p48872\"><strong>Arte da Capa:&nbsp;<\/strong>Raphael Esposito e Afonso Neto<\/p>\n\n\n\n<p id=\"viewer-gcc768877\"><strong>Fotografia:&nbsp;<\/strong>Raphael Esposito<\/p>\n\n\n\n<p id=\"viewer-0a6uj8880\">&nbsp;<\/p>\n\n\n\n<p id=\"viewer-qu3jm8882\"><strong>Forma\u00e7\u00e3o:<\/strong><\/p>\n\n\n\n<p id=\"viewer-z73v79568\"><strong>Jo\u00e3o V\u00edtor Stutz<\/strong> \u2013 voz e guitarra<\/p>\n\n\n\n<p id=\"viewer-a51t99669\"><strong>Ulisses Salom\u00e3o&nbsp;&nbsp;<\/strong>\u2013 voz e guitarra<\/p>\n\n\n\n<p id=\"viewer-0m68l9770\"><strong>Jo\u00e3o Vitor Lisboa&nbsp;<\/strong>\u2013 baixo&nbsp;<\/p>\n\n\n\n<p id=\"viewer-zy03f9871\"><strong>Breno Dowsley<\/strong> \u2013 Bateria&nbsp;<\/p>\n\n\n\n<p id=\"viewer-1umop8892\"><strong>MARGEM LIVRE online:<\/strong><\/p>\n\n\n\n<p id=\"viewer-2ns5d10073\"><a target=\"_blank\" href=\"https:\/\/reverberamusicmedia.us21.list-manage.com\/track\/click?u=822a305fc417523291013e7c7&amp;id=9909af515d&amp;e=5c984c2084\" rel=\"noreferrer noopener\"><u>Instagram<\/u><\/a><\/p>\n\n\n\n<p id=\"viewer-4tgyo10403\"><strong>Fonte:<\/strong> Reverbera Music Media<\/p>\n","protected":false},"excerpt":{"rendered":"<p>A nova aposta do hardcore nacional, Margem Livre, se prepara para lan\u00e7ar seu EP de estreia, &#8216;Os \u00d3rf\u00e3os e as Vi\u00favas&#8217;, pelo selo Psywar Records no pr\u00f3ximo dia 14 de novembro.&nbsp;Gravado e produzido no Est\u00fadio Shikabane, em Niter\u00f3i-RJ, o trabalho marca a estreia oficial da banda e apresenta tr\u00eas faixas intensas que exploram temas como [&hellip;]<\/p>\n","protected":false},"author":12,"featured_media":32811,"comment_status":"closed","ping_status":"open","sticky":false,"template":"","format":"standard","meta":{"footnotes":""},"categories":[4],"tags":[],"class_list":["post-32810","post","type-post","status-publish","format-standard","has-post-thumbnail","hentry","category-noticias"],"_links":{"self":[{"href":"http:\/\/heavymetalonline.com.br\/index.php?rest_route=\/wp\/v2\/posts\/32810","targetHints":{"allow":["GET"]}}],"collection":[{"href":"http:\/\/heavymetalonline.com.br\/index.php?rest_route=\/wp\/v2\/posts"}],"about":[{"href":"http:\/\/heavymetalonline.com.br\/index.php?rest_route=\/wp\/v2\/types\/post"}],"author":[{"embeddable":true,"href":"http:\/\/heavymetalonline.com.br\/index.php?rest_route=\/wp\/v2\/users\/12"}],"replies":[{"embeddable":true,"href":"http:\/\/heavymetalonline.com.br\/index.php?rest_route=%2Fwp%2Fv2%2Fcomments&post=32810"}],"version-history":[{"count":1,"href":"http:\/\/heavymetalonline.com.br\/index.php?rest_route=\/wp\/v2\/posts\/32810\/revisions"}],"predecessor-version":[{"id":32813,"href":"http:\/\/heavymetalonline.com.br\/index.php?rest_route=\/wp\/v2\/posts\/32810\/revisions\/32813"}],"wp:featuredmedia":[{"embeddable":true,"href":"http:\/\/heavymetalonline.com.br\/index.php?rest_route=\/wp\/v2\/media\/32811"}],"wp:attachment":[{"href":"http:\/\/heavymetalonline.com.br\/index.php?rest_route=%2Fwp%2Fv2%2Fmedia&parent=32810"}],"wp:term":[{"taxonomy":"category","embeddable":true,"href":"http:\/\/heavymetalonline.com.br\/index.php?rest_route=%2Fwp%2Fv2%2Fcategories&post=32810"},{"taxonomy":"post_tag","embeddable":true,"href":"http:\/\/heavymetalonline.com.br\/index.php?rest_route=%2Fwp%2Fv2%2Ftags&post=32810"}],"curies":[{"name":"wp","href":"https:\/\/api.w.org\/{rel}","templated":true}]}}