{"id":32835,"date":"2025-10-31T15:23:10","date_gmt":"2025-10-31T15:23:10","guid":{"rendered":"https:\/\/heavymetalonline.com.br\/?p=32835"},"modified":"2025-10-31T16:15:43","modified_gmt":"2025-10-31T16:15:43","slug":"vale-cinza-lanca-novo-ep-ja-nao-me-cabe-este-lugar","status":"publish","type":"post","link":"http:\/\/heavymetalonline.com.br\/?p=32835","title":{"rendered":"Vale Cinza lan\u00e7a novo EP &#8216;J\u00e1 N\u00e3o Me Cabe Este Lugar&#8217;"},"content":{"rendered":"\n<p id=\"viewer-mkivt13135\">O duo emergente do post punk nacional, <strong>VALE CINZA<\/strong>&nbsp;lan\u00e7a nesta quinta-feira, 30, o novo EP,<strong>&nbsp;&#8216;J\u00e1 N\u00e3o Me Cabe Este Lugar&#8217;<\/strong>&nbsp;pela&nbsp;Geleia Discos.<\/p>\n\n\n\n<p id=\"viewer-34qad8914\">Definido como&nbsp;&#8220;m\u00fasicas para quem se identifica com o peso e a beleza do sil\u00eancio, gosta de dan\u00e7ar e para quem busca sentido dentro do caos&#8221;,&nbsp;<strong>&#8216;J\u00e1 N\u00e3o Me Cabe Este Lugar&#8217;<\/strong>&nbsp; est\u00e1 dispon\u00edvel no streaming e em breve em vers\u00e3o f\u00edsica.&nbsp;<\/p>\n\n\n\n<p id=\"viewer-tiffa8920\">O projeto nasceu de forma independente e muita vontade de fazer algo aut\u00eantico, o que exigiu foco e persist\u00eancia.&nbsp;O EP tamb\u00e9m foi&nbsp; gravado de forma totalmente independente no Est\u00fadio Wave, em Nova Friburgo.&nbsp;o vocalista e guitarrista <strong>Maycon Rocha&nbsp;<\/strong>comenta:<\/p>\n\n\n\n<p id=\"viewer-btfko8926\"><em>&#8220;O EP foi gravado de forma totalmente independente no Est\u00fadio Wave (na minha casa), em Nova Friburgo. A produ\u00e7\u00e3o ficou comigo, e o Marcelo participou na cria\u00e7\u00e3o das linhas de baixo e na constru\u00e7\u00e3o da atmosfera sonora da faixa J\u00e1 n\u00e3o me cabe este lugar e Feed j\u00e1 era uma m\u00fasica que j\u00e1 vinha&nbsp;trabalhando a mais tempo sozinho. A mixagem e masteriza\u00e7\u00e3o foram feitas por Gabriel Zander, no Est\u00fadio Costela, em S\u00e3o Paulo. O Bil, como \u00e9 conhecido, \u00e9 um engenheiro de som e produtor que admiro h\u00e1 muito tempo, j\u00e1 trabalhamos&nbsp;juntos em meu outro projeto e ele&nbsp; sempre esteve nos planos para as produ\u00e7\u00f5es do Vale Cinza&#8221;.<\/em><\/p>\n\n\n\n<p id=\"viewer-5feiw8931\"><strong>VALE CINZA<\/strong> ousou em&nbsp;<strong>&#8216;J\u00e1 N\u00e3o Me Cabe Este Lugar&#8217;<\/strong>,&nbsp;entregando um som com uma pegada mais tradicional mas sem deixar de lado alguns elementos modernos e focado em transmitir mensagens. Maycon&nbsp;comenta:&nbsp;<em>&#8220;Nosso som \u00e9 uma busca por identidade em meio a muitas bandas do g\u00eanero. Misturamos melancolia e ru\u00eddo, atmosferas eletr\u00f4nicas e guitarras sombrias, com uma pegada que remete ao p\u00f3s-punk e ao darkwave dos anos 80. \u00c9 m\u00fasica para quem se identifica com o peso e a beleza do sil\u00eancio, gosta de dan\u00e7ar e para quem busca sentido dentro do caos&#8221;.<\/em><\/p>\n\n\n\n<p id=\"viewer-gtl4i8937\"><em>O m\u00fasico continua: &#8220;As letras falam sobre isolamento, julgamento, falta de perspectiva e a tentativa de encontrar sentido em meio a um mundo apagado e saturado de informa\u00e7\u00f5es. \u00c9 um recorte do contempor\u00e2neo, um reflexo de um tempo marcado por guerras, crises e pandemia. Apesar da atmosfera sombria, existe beleza na sinceridade e um certo acolhimento em reconhecer essas dores coletivas&#8221;.<\/em>O novo EP chega ap\u00f3s o sucesso das faixas&nbsp;\u201cFlecha nos Olhos\u201d, que nasceu da sensa\u00e7\u00e3o de estar constantemente observado e julgado. E \u201cCidade Neblina\u201d, uma reflex\u00e3o sobre a falta de perspectiva de uma cidade do interior, onde o tempo parece sempre suspenso.&nbsp;<\/p>\n\n\n\n<p id=\"viewer-9a5e88940\">Atualmente, <strong>Vale Cinza <\/strong>se prepara para um show de lan\u00e7amento&nbsp;no dia<strong>&nbsp;<\/strong>31 de outubro, no&nbsp;La Iglesia, em S\u00e3o Paulo. Esse show encerra a agenda de 2025 da melhor forma poss\u00edvel e marca o in\u00edcio da divulga\u00e7\u00e3o do novo trabalho no pr\u00f3ximo ano.<em>&nbsp;&#8220;O pr\u00f3ximo passo \u00e9 expandir o universo da Vale Cinza com novas faixas, v\u00eddeos e colabora\u00e7\u00f5es, mantendo a mesma linguagem est\u00e9tica que criamos at\u00e9 aqui&#8221;<\/em>, conta Maycon.<\/p>\n\n\n\n<p id=\"viewer-b6s9y9217\">Radicado em&nbsp;em Nova Friburgo-RJ,&nbsp;a dupla <strong>Vale Cinza<\/strong> reafirma seu lugar na cena&nbsp;p\u00f3s-punk\/darkwave com o novo EP &#8216;J\u00e1 N\u00e3o Me Cabe Este Lugar. O projeto \u00e9 conduzido por <strong>Maycon Rocha<\/strong>&nbsp;(vocalista, guitarrista, sintetizadores e programa\u00e7\u00e3o) e<strong> Marcelo de Souza<\/strong> (baixo).<\/p>\n\n\n\n<p id=\"viewer-d79s79227\">O duo nasceu de um reencontro entre amigos, e&nbsp;nesse processo criativo&nbsp;decidiram retomar a parceria. A amizade e a sintonia de irm\u00e3os se transformaram na base da <strong>Vale Cinza<\/strong>.&nbsp;A sonoridade combina camadas de sintetizadores e guitarras et\u00e9reas com letras&nbsp;que exploram a sensa\u00e7\u00e3o de deslocamento, a busca por pertencimento e o peso das&nbsp;transforma\u00e7\u00f5es pessoais.&nbsp;<\/p>\n\n\n\n<p id=\"viewer-sf8p79233\">Vale Cinza nasceu como uma met\u00e1fora sobre o lugar entre a melancolia e a contempla\u00e7\u00e3o. \u201cVale\u201d remete diretamente a Nova Friburgo, cidade nas montanhas do estado do Rio de Janeiro, conhecida pelo clima frio, pelas paisagens buc\u00f3licas e pela atmosfera introspectiva. J\u00e1 o \u201cCinza\u201d traduz a sensa\u00e7\u00e3o de suspens\u00e3o e neblina, o territ\u00f3rio emocional entre ru\u00eddo e sil\u00eancio. \u00c9 o espa\u00e7o onde nossa m\u00fasica vive.<\/p>\n\n\n\n<p id=\"viewer-77ldv9237\">Com influ\u00eancias do p\u00f3s-punk, darkwave e synthpop, o <strong>Vale&nbsp;Cinza <\/strong>busca conex\u00f5es e cria uma est\u00e9tica sombria e contemplativa, que reflete o clima nebuloso das&nbsp;montanhas de Friburgo e a introspec\u00e7\u00e3o urbana contempor\u00e2nea.<\/p>\n\n\n\n<p id=\"viewer-yhd9n9243\">Atualmente, <strong>Vale Cinza <\/strong>prepara mais shows e novos materiais. Pretendem lan\u00e7ar um compacto em vinil, produzir videoclipes e ampliar a agenda para outras cidades al\u00e9m do circuito Rio-S\u00e3o Paulo. Al\u00e9m de planejar um \u00e1lbum completo e novas parcerias visuais e sonoras.<\/p>\n\n\n\n<p id=\"viewer-9e03j9249\"><em>\u201cEntre o ru\u00eddo e o sil\u00eancio, h\u00e1 um eco chamado Vale Cinza.\u201d<\/em><\/p>\n\n\n\n<figure class=\"wp-block-embed is-type-rich is-provider-spotify wp-block-embed-spotify wp-embed-aspect-21-9 wp-has-aspect-ratio\"><div class=\"wp-block-embed__wrapper\">\n<iframe title=\"Spotify Embed: J\u00e1 n\u00e3o me cabe este lugar\" style=\"border-radius: 12px\" width=\"100%\" height=\"352\" frameborder=\"0\" allowfullscreen allow=\"autoplay; clipboard-write; encrypted-media; fullscreen; picture-in-picture\" loading=\"lazy\" src=\"https:\/\/open.spotify.com\/embed\/album\/36qFusf2CAtxu0vYt8PlyO?si=_DHbzGjVS0CTa8P6nM_2Vg&#038;utm_source=oembed\"><\/iframe>\n<\/div><\/figure>\n\n\n\n<p id=\"viewer-c6m5i9745\"><strong>G\u00eanero:<\/strong>&nbsp;Post punk&nbsp;<\/p>\n\n\n\n<p id=\"viewer-s8toh9749\"><strong>Selo:<\/strong>&nbsp;&nbsp;Geleia Discos&nbsp;<\/p>\n\n\n\n<p id=\"viewer-9jnc79753\"><strong>Faixas:<\/strong><\/p>\n\n\n\n<ol class=\"wp-block-list\">\n<li>Feed<\/li>\n\n\n\n<li>J\u00e1 N\u00e3o Me Cabe Este Lugar<\/li>\n<\/ol>\n\n\n\n<p id=\"viewer-a1qlv9762\">&nbsp;<\/p>\n\n\n\n<p id=\"viewer-9tlfh9764\"><strong>Produ\u00e7\u00e3o:<\/strong>&nbsp;Maycon Rocha&nbsp;&nbsp;<\/p>\n\n\n\n<p id=\"viewer-od4ze9768\"><strong>Grava\u00e7\u00e3o:<\/strong>&nbsp;Maycon Rocha no Est\u00fadio Wave (Nova Friburgo &#8211; RJ)<\/p>\n\n\n\n<p id=\"viewer-bx6zi10055\"><strong>Mixagem e&nbsp;Masteriza\u00e7\u00e3o: <\/strong>Gabriel Zander no Est\u00fadio Costela (S\u00e3o Paulo &#8211; SP).<\/p>\n\n\n\n<p id=\"viewer-w0aga9774\"><strong>Forma\u00e7\u00e3o:<\/strong><\/p>\n\n\n\n<p id=\"viewer-acj8n9777\">Maycon Rocha &#8211;&nbsp; vocal, guitarra, sintetizadores<\/p>\n\n\n\n<p id=\"viewer-5v5kj9780\">Marcelo de Souza &#8211; baixo<\/p>\n\n\n\n<p id=\"viewer-kufgm9784\"><strong>Arte da Capa:<\/strong>&nbsp;Maycon Rocha<\/p>\n\n\n\n<p id=\"viewer-72mhm9789\"><strong>Fotografia:<\/strong>&nbsp;Marina Ventura<\/p>\n\n\n\n<p id=\"viewer-m2ih89796\"><strong>VALE CINZA online:<\/strong>&nbsp; &nbsp; &nbsp; &nbsp;&nbsp;<\/p>\n\n\n\n<p id=\"viewer-07t9g9800\"><a target=\"_blank\" href=\"https:\/\/reverberamusicmedia.us21.list-manage.com\/track\/click?u=822a305fc417523291013e7c7&amp;id=7f17e0a3de&amp;e=5c984c2084\" rel=\"noreferrer noopener\"><u>INSTAGRAM<\/u><\/a><\/p>\n\n\n\n<p id=\"viewer-yprbd9803\"><a target=\"_blank\" href=\"https:\/\/reverberamusicmedia.us21.list-manage.com\/track\/click?u=822a305fc417523291013e7c7&amp;id=4058c1de05&amp;e=5c984c2084\" rel=\"noreferrer noopener\"><u>BANDCAMP<\/u><\/a><\/p>\n\n\n\n<p id=\"viewer-uq2gd9806\"><a target=\"_blank\" href=\"https:\/\/reverberamusicmedia.us21.list-manage.com\/track\/click?u=822a305fc417523291013e7c7&amp;id=08fc5fc6ff&amp;e=5c984c2084\" rel=\"noreferrer noopener\"><u>SPOTIFY<\/u><\/a><\/p>\n\n\n\n<p id=\"viewer-sfmge10870\"><strong>Fonte: <\/strong>Reverbera Music Media<\/p>\n","protected":false},"excerpt":{"rendered":"<p>O duo emergente do post punk nacional, VALE CINZA&nbsp;lan\u00e7a nesta quinta-feira, 30, o novo EP,&nbsp;&#8216;J\u00e1 N\u00e3o Me Cabe Este Lugar&#8217;&nbsp;pela&nbsp;Geleia Discos. Definido como&nbsp;&#8220;m\u00fasicas para quem se identifica com o peso e a beleza do sil\u00eancio, gosta de dan\u00e7ar e para quem busca sentido dentro do caos&#8221;,&nbsp;&#8216;J\u00e1 N\u00e3o Me Cabe Este Lugar&#8217;&nbsp; est\u00e1 dispon\u00edvel no streaming [&hellip;]<\/p>\n","protected":false},"author":12,"featured_media":32838,"comment_status":"closed","ping_status":"open","sticky":false,"template":"","format":"standard","meta":{"footnotes":""},"categories":[4,1807],"tags":[],"class_list":["post-32835","post","type-post","status-publish","format-standard","has-post-thumbnail","hentry","category-noticias","category-sem-categoria-pt"],"_links":{"self":[{"href":"http:\/\/heavymetalonline.com.br\/index.php?rest_route=\/wp\/v2\/posts\/32835","targetHints":{"allow":["GET"]}}],"collection":[{"href":"http:\/\/heavymetalonline.com.br\/index.php?rest_route=\/wp\/v2\/posts"}],"about":[{"href":"http:\/\/heavymetalonline.com.br\/index.php?rest_route=\/wp\/v2\/types\/post"}],"author":[{"embeddable":true,"href":"http:\/\/heavymetalonline.com.br\/index.php?rest_route=\/wp\/v2\/users\/12"}],"replies":[{"embeddable":true,"href":"http:\/\/heavymetalonline.com.br\/index.php?rest_route=%2Fwp%2Fv2%2Fcomments&post=32835"}],"version-history":[{"count":1,"href":"http:\/\/heavymetalonline.com.br\/index.php?rest_route=\/wp\/v2\/posts\/32835\/revisions"}],"predecessor-version":[{"id":32839,"href":"http:\/\/heavymetalonline.com.br\/index.php?rest_route=\/wp\/v2\/posts\/32835\/revisions\/32839"}],"wp:featuredmedia":[{"embeddable":true,"href":"http:\/\/heavymetalonline.com.br\/index.php?rest_route=\/wp\/v2\/media\/32838"}],"wp:attachment":[{"href":"http:\/\/heavymetalonline.com.br\/index.php?rest_route=%2Fwp%2Fv2%2Fmedia&parent=32835"}],"wp:term":[{"taxonomy":"category","embeddable":true,"href":"http:\/\/heavymetalonline.com.br\/index.php?rest_route=%2Fwp%2Fv2%2Fcategories&post=32835"},{"taxonomy":"post_tag","embeddable":true,"href":"http:\/\/heavymetalonline.com.br\/index.php?rest_route=%2Fwp%2Fv2%2Ftags&post=32835"}],"curies":[{"name":"wp","href":"https:\/\/api.w.org\/{rel}","templated":true}]}}