{"id":32848,"date":"2025-10-31T16:55:18","date_gmt":"2025-10-31T16:55:18","guid":{"rendered":"https:\/\/heavymetalonline.com.br\/?p=32848"},"modified":"2025-10-31T16:55:20","modified_gmt":"2025-10-31T16:55:20","slug":"storia-lanca-the-kaer-slaughter-novo-capitulo-da-saga-revenant-com-participacao-do-vocalista-craig-cairns-do-tailgunner","status":"publish","type":"post","link":"http:\/\/heavymetalonline.com.br\/?p=32848","title":{"rendered":"STORIA lan\u00e7a \u201cThe Kaer Slaughter\u201d, novo cap\u00edtulo da saga Revenant com participa\u00e7\u00e3o do vocalista Craig Cairns do Tailgunner"},"content":{"rendered":"\n<p id=\"viewer-1oi6f27046\">A banda <strong>Storia<\/strong>, formada por Pedro Torchetti (vocal), Gabriel Veloso (guitarra), Pablo Guillarducci (baixo) e Thiago Caeiro (bateria), lan\u00e7a o single \u201cThe Kaer Slaughter\u201d, dando sequ\u00eancia \u00e0 narrativa conceitual iniciada no EP de estreia e pavimentando o caminho para o pr\u00f3ximo \u00e1lbum, \u201cRevenant: A Righteous Revenge\u201d, previsto para o in\u00edcio de 2026. O single conta com a participa\u00e7\u00e3o especial do vocalista Craig Cairns, atual cantor da banda Tailgunner, em um dueto emocionante com Pedro Torchetti.<\/p>\n\n\n\n<p id=\"viewer-s0cec25465\"><strong>Ou\u00e7a \u201cThe Kaer Slaughter\u201d:<\/strong><\/p>\n\n\n\n<p id=\"viewer-mg6w325472\">Deezer \u2013&nbsp;<a target=\"_blank\" href=\"https:\/\/www.deezer.com\/us\/artist\/349372381\" rel=\"noreferrer noopener\"><u>https:\/\/www.deezer.com\/us\/artist\/349372381<\/u><\/a><\/p>\n\n\n\n<p id=\"viewer-eos5i25468\">Spotify \u2013<\/p>\n\n\n\n<figure class=\"wp-block-embed is-type-rich is-provider-spotify wp-block-embed-spotify wp-embed-aspect-21-9 wp-has-aspect-ratio\"><div class=\"wp-block-embed__wrapper\">\n<iframe title=\"Spotify Embed: The Kaer Slaughter\" style=\"border-radius: 12px\" width=\"100%\" height=\"352\" frameborder=\"0\" allowfullscreen allow=\"autoplay; clipboard-write; encrypted-media; fullscreen; picture-in-picture\" loading=\"lazy\" src=\"https:\/\/open.spotify.com\/embed\/album\/420CQkdfsL4TGm2CQ5DCI9?si=8xzTdH_aQnCNWXB0edspkg&#038;utm_source=oembed\"><\/iframe>\n<\/div><\/figure>\n\n\n\n<p id=\"viewer-uk94527509\">Com produ\u00e7\u00e3o detalhista e uma carga emocional intensa, \u201cThe Kaer Slaughter\u201d representa o cap\u00edtulo mais sombrio da saga do Revenant, personagem central do universo criado pela banda. Nesta etapa da hist\u00f3ria, o Revenant retorna dos mortos em busca de vingan\u00e7a contra Brutus, seu antigo melhor amigo e traidor na m\u00fasica \u201cIt\u2019s Treason Then\u201d. O termo \u201cKaer\u201d, de origem galesa, significa \u201cfortaleza\u201d ou \u201ccidadela\u201d \u2014 cen\u00e1rio do massacre que d\u00e1 nome \u00e0 faixa e que simboliza o auge da f\u00faria e do caos na trama.<\/p>\n\n\n\n<p id=\"viewer-s86hi25481\"><em>\u201cQuer\u00edamos que a m\u00fasica refletisse o massacre que ela descreve \u2014 brutal, fren\u00e9tica e implac\u00e1vel\u201d, explica o vocalista Pedro Torchetti. \u201c\u00c9 provavelmente a faixa mais pesada e desafiadora que j\u00e1 compusemos, tanto emocional quanto tecnicamente.\u201d<\/em><\/p>\n\n\n\n<p id=\"viewer-evt1d25485\">Com produ\u00e7\u00e3o cinematogr\u00e1fica e atmosfera sombria, \u201cThe Kaer Slaughter\u201d preserva a ess\u00eancia da Storia, o equil\u00edbrio entre peso, melodia e narrativa, enquanto leva o som da banda a um novo patamar de agressividade e profundidade emocional. A faixa marca ainda a estreia dos vocais guturais de Pedro, explorando a f\u00faria do personagem, e conta com a participa\u00e7\u00e3o especial de Craig Cairns interpretando Brutus, o que adiciona uma nova camada dram\u00e1tica ao confronto.<\/p>\n\n\n\n<p id=\"viewer-qlkum25489\"><em>\u201cEssa m\u00fasica mostra um lado da Storia que ainda n\u00e3o t\u00ednhamos revelado\u201d, comenta o guitarrista Gabriel Veloso. \u201c\u00c9 mais pesada e sombria, mas mant\u00e9m a identidade mel\u00f3dica e o car\u00e1ter \u00e9pico que sempre buscamos.\u201d<\/em><\/p>\n\n\n\n<p id=\"viewer-juzcq26231\"><strong>Assista lyric v\u00eddeo de \u201cThe Kaer Slaughter\u201d:<\/strong>&nbsp;<\/p>\n\n\n\n<figure class=\"wp-block-embed is-type-video is-provider-youtube wp-block-embed-youtube wp-embed-aspect-16-9 wp-has-aspect-ratio\"><div class=\"wp-block-embed__wrapper\">\n<iframe loading=\"lazy\" title=\"Storia - The Kaer Slaughter (Official Lyric Video)\" width=\"640\" height=\"360\" src=\"https:\/\/www.youtube.com\/embed\/4HDYi7Jy-AQ?feature=oembed\" frameborder=\"0\" allow=\"accelerometer; autoplay; clipboard-write; encrypted-media; gyroscope; picture-in-picture; web-share\" referrerpolicy=\"strict-origin-when-cross-origin\" allowfullscreen><\/iframe>\n<\/div><\/figure>\n\n\n\n<p id=\"viewer-bog9v25493\">\u201cThe Kaer Slaughter\u201d funciona como um elo entre o EP de estreia e o futuro \u00e1lbum, mantendo viva a constru\u00e7\u00e3o narrativa que a banda vem desenvolvendo desde o in\u00edcio. Mais do que uma can\u00e7\u00e3o isolada, o single representa um passo firme na consolida\u00e7\u00e3o da Storia como um dos nomes mais criativos do metal moderno brasileiro, unindo conceito, t\u00e9cnica e emo\u00e7\u00e3o em uma experi\u00eancia imersiva.<\/p>\n\n\n\n<p id=\"viewer-7rntz25497\"><em>\u201cA resposta ao EP superou nossas expectativas\u201d, conclui Pedro. \u201cAgora queremos que o p\u00fablico sinta a mesma intensidade com este novo lan\u00e7amento. \u00c9 apenas o come\u00e7o do que vem por a\u00ed.\u201d<\/em><\/p>\n\n\n\n<p id=\"viewer-y4bf225501\"><strong>STORIA nas redes sociais:<\/strong><\/p>\n\n\n\n<p id=\"viewer-prvsv25504\">Instagram \u2013 <a target=\"_blank\" href=\"https:\/\/www.instagram.com\/storiaband\/\" rel=\"noreferrer noopener\"><u>https:\/\/www.instagram.com\/storiaband\/<\/u><\/a><\/p>\n\n\n\n<p id=\"viewer-9e12a25508\">Site Oficial \u2013 <a target=\"_blank\" href=\"https:\/\/www.storiaband.com\/\" rel=\"noreferrer noopener\"><u>https:\/\/www.storiaband.com\/<\/u><\/a><\/p>\n\n\n\n<p id=\"viewer-5j4k426444\"><strong>Fonte: <\/strong>TRM Press<\/p>\n","protected":false},"excerpt":{"rendered":"<p>A banda Storia, formada por Pedro Torchetti (vocal), Gabriel Veloso (guitarra), Pablo Guillarducci (baixo) e Thiago Caeiro (bateria), lan\u00e7a o single \u201cThe Kaer Slaughter\u201d, dando sequ\u00eancia \u00e0 narrativa conceitual iniciada no EP de estreia e pavimentando o caminho para o pr\u00f3ximo \u00e1lbum, \u201cRevenant: A Righteous Revenge\u201d, previsto para o in\u00edcio de 2026. O single conta [&hellip;]<\/p>\n","protected":false},"author":12,"featured_media":32849,"comment_status":"closed","ping_status":"open","sticky":false,"template":"","format":"standard","meta":{"footnotes":""},"categories":[4],"tags":[],"class_list":["post-32848","post","type-post","status-publish","format-standard","has-post-thumbnail","hentry","category-noticias"],"_links":{"self":[{"href":"http:\/\/heavymetalonline.com.br\/index.php?rest_route=\/wp\/v2\/posts\/32848","targetHints":{"allow":["GET"]}}],"collection":[{"href":"http:\/\/heavymetalonline.com.br\/index.php?rest_route=\/wp\/v2\/posts"}],"about":[{"href":"http:\/\/heavymetalonline.com.br\/index.php?rest_route=\/wp\/v2\/types\/post"}],"author":[{"embeddable":true,"href":"http:\/\/heavymetalonline.com.br\/index.php?rest_route=\/wp\/v2\/users\/12"}],"replies":[{"embeddable":true,"href":"http:\/\/heavymetalonline.com.br\/index.php?rest_route=%2Fwp%2Fv2%2Fcomments&post=32848"}],"version-history":[{"count":1,"href":"http:\/\/heavymetalonline.com.br\/index.php?rest_route=\/wp\/v2\/posts\/32848\/revisions"}],"predecessor-version":[{"id":32850,"href":"http:\/\/heavymetalonline.com.br\/index.php?rest_route=\/wp\/v2\/posts\/32848\/revisions\/32850"}],"wp:featuredmedia":[{"embeddable":true,"href":"http:\/\/heavymetalonline.com.br\/index.php?rest_route=\/wp\/v2\/media\/32849"}],"wp:attachment":[{"href":"http:\/\/heavymetalonline.com.br\/index.php?rest_route=%2Fwp%2Fv2%2Fmedia&parent=32848"}],"wp:term":[{"taxonomy":"category","embeddable":true,"href":"http:\/\/heavymetalonline.com.br\/index.php?rest_route=%2Fwp%2Fv2%2Fcategories&post=32848"},{"taxonomy":"post_tag","embeddable":true,"href":"http:\/\/heavymetalonline.com.br\/index.php?rest_route=%2Fwp%2Fv2%2Ftags&post=32848"}],"curies":[{"name":"wp","href":"https:\/\/api.w.org\/{rel}","templated":true}]}}