{"id":33554,"date":"2025-11-24T19:02:02","date_gmt":"2025-11-24T19:02:02","guid":{"rendered":"https:\/\/heavymetalonline.com.br\/?p=33554"},"modified":"2025-11-24T19:02:04","modified_gmt":"2025-11-24T19:02:04","slug":"antiklan-anuncia-ashen-void-single-clipe-lancado-via-scena-lab-que-marca-fase-mais-densa-da-banda","status":"publish","type":"post","link":"http:\/\/heavymetalonline.com.br\/?p=33554","title":{"rendered":"ANTIKLAN anuncia \u201cAshen Void\u201d, single\/clipe lan\u00e7ado via Scena Lab, que marca fase mais densa da banda"},"content":{"rendered":"\n<p id=\"viewer-h0fpx13389\">A banda <strong>ANTIKLAN <\/strong>apresentou em 23 de novembro, no <strong>Canal Scena<\/strong>, seu novo single<strong> \u201cAshen Void\u201d,<\/strong> que inaugura uma fase considerada mais vision\u00e1ria e intensa na trajet\u00f3ria do grupo. A m\u00fasica amplia o brutalismo sonoro caracter\u00edstico da banda, incorporando uma atmosfera de disson\u00e2ncia ritual e uma entrega vocal que transita por desespero, insurg\u00eancia e uma forma primitiva de transcend\u00eancia. O lan\u00e7amento sinaliza o in\u00edcio de um per\u00edodo mais denso, afiado e comprometido com a ruptura est\u00e9tica e sonora que consagrou a identidade da<strong> ANTIKLAN.<\/strong><\/p>\n\n\n\n<p id=\"viewer-qgaqi12947\">Assista aqui:&nbsp;<\/p>\n\n\n\n<figure class=\"wp-block-embed is-type-video is-provider-youtube wp-block-embed-youtube wp-embed-aspect-16-9 wp-has-aspect-ratio\"><div class=\"wp-block-embed__wrapper\">\n<iframe loading=\"lazy\" title=\"Antiklan - Ashen Void | Scena Lab\" width=\"640\" height=\"360\" src=\"https:\/\/www.youtube.com\/embed\/k_lT4yeJRpE?feature=oembed\" frameborder=\"0\" allow=\"accelerometer; autoplay; clipboard-write; encrypted-media; gyroscope; picture-in-picture; web-share\" referrerpolicy=\"strict-origin-when-cross-origin\" allowfullscreen><\/iframe>\n<\/div><\/figure>\n\n\n\n<p id=\"viewer-pe19611777\">Formada em 2020 no subterr\u00e2neo musical de Natal, no Rio Grande do Norte, a ANTIKLAN define seu trabalho como um ato de resist\u00eancia sonora. O grupo surgiu do impulso de explorar territ\u00f3rios desconhecidos e experimentais,<\/p>\n\n\n\n<p id=\"viewer-0bo1c13229\">atravessando fronteiras entre g\u00eaneros. A proposta combina a expressividade visceral do metal com a energia crua e indom\u00e1vel do punk.<\/p>\n\n\n\n<p id=\"viewer-7vtu711779\">O \u00e1lbum de estreia, \u201cUnder Wetiko\u201d, lan\u00e7ado em 2022, consolidou essa fus\u00e3o. O trabalho, classificado como um \u00e1lbum-conceito e um manifesto atemporal, mergulhou em temas como viol\u00eancia estrutural, psicologias insurgentes, perspectivas anticoloniais e a possibilidade de ultrapassagem desses limites.<\/p>\n\n\n\n<p id=\"viewer-qejsq11781\">Com uma sonoridade que transita entre post-metal, post-doom de car\u00e1ter atmosf\u00e9rico e experimental, sludge e punk, a ANTIKLAN constr\u00f3i um espa\u00e7o em que peso, catarse e ritual se encontram. Suas composi\u00e7\u00f5es funcionam como um chamado, evocando tanto um retorno \u00e0s ra\u00edzes quanto um avan\u00e7o em dire\u00e7\u00e3o ao desconhecido, sempre atravessado pela recusa ao medo e pelo impulso de fortalecer a luta.<\/p>\n\n\n\n<p id=\"viewer-8b5fl11783\">Nos \u00faltimos anos, a banda tamb\u00e9m passou a dialogar e colaborar com coletivos art\u00edsticos anarco-insurgentes de diferentes partes do mundo, ampliando seu envolvimento com causas urgentes e movimentos de resist\u00eancia.<\/p>\n\n\n\n<p id=\"viewer-mi8dd11785\">&nbsp;<\/p>\n\n\n\n<p id=\"viewer-fkqmz11787\"><strong>SOBRE O CANAL SCENA<\/strong><\/p>\n\n\n\n<p id=\"viewer-kb4bp11791\">O Scena \u00e9, na atualidade, o maior canal no YouTube que fala exclusivamente de bandas do underground brasileiro. Tendo realizado uma pausa em 2024, retorna como vitrine de novos nomes da cena nacional, exaltando o underground pesado. Por meio da produtora Scena Lab, tem realizado curadoria e lan\u00e7amento de v\u00eddeos oficiais, al\u00e9m do trabalho de agendamento de shows e turn\u00eas.<\/p>\n\n\n\n<p id=\"viewer-ssqv211793\"><strong>Ficha t\u00e9cnica da banda<\/strong><\/p>\n\n\n\n<p id=\"viewer-wpuv011795\">Nome: ANTIKLAN<\/p>\n\n\n\n<p id=\"viewer-of0i612068\">G\u00eanero: Post-Metal, Post-Doom, Sludge Punk, Atmosf\u00e9rico, Experimental<\/p>\n\n\n\n<p id=\"viewer-7ag2j12096\">Origem: Natal, RN, Brasil<\/p>\n\n\n\n<p id=\"viewer-j0hbm12125\">Atividade: Desde 2020<\/p>\n\n\n\n<p id=\"viewer-hjhzk11797\"><strong>Discografia<\/strong><\/p>\n\n\n\n<p id=\"viewer-8jnps12185\">Under Wetiko (\u00e1lbum completo, 2022)<\/p>\n\n\n\n<p id=\"viewer-rfcne12215\">Akasic Skull (videoclipe oficial, junho de 2022)<\/p>\n\n\n\n<p id=\"viewer-1zzo312246\">Ashen Void (single e videoclipe, 2025)<\/p>\n\n\n\n<p id=\"viewer-tkzpv11800\"><strong>Forma\u00e7\u00e3o<\/strong><\/p>\n\n\n\n<p id=\"viewer-qb0ds12279\">Julia \u201cKaliNova\u201d Gusso \u2014 voz e letras<\/p>\n\n\n\n<p id=\"viewer-pl2kk12474\">Fl\u00e1vio Fran\u00e7a \u2014 guitarras<\/p>\n\n\n\n<p id=\"viewer-qemcq12507\">Max Barros \u2014 bateria<\/p>\n\n\n\n<p id=\"viewer-mzecv12443\">Gustavo Rocha \u2014 baixo<\/p>\n\n\n\n<p id=\"viewer-h50bc12542\">Breno Xavier \u2014 guitarra<\/p>\n\n\n\n<p id=\"viewer-rdr0i11803\"><strong>Redes e contato<\/strong><\/p>\n\n\n\n<p id=\"viewer-ew9dc12312\">Instagram: <a target=\"_blank\" href=\"http:\/\/www.instagram.com\/____antiklanBandcamp\" rel=\"noreferrer noopener\"><u>www.instagram.com\/____antiklan<\/u><\/a><\/p>\n\n\n\n<p id=\"viewer-cpz9312346\"><a target=\"_blank\" href=\"http:\/\/www.instagram.com\/____antiklanBandcamp\" rel=\"noreferrer noopener\">Bandcamp<\/a>: <a target=\"_blank\" href=\"http:\/\/bandcamp.com\/antiklanYouTube\" rel=\"noreferrer noopener\"><u>bandcamp.com\/antiklan<\/u><\/a><\/p>\n\n\n\n<p id=\"viewer-cz11412725\"><a target=\"_blank\" href=\"http:\/\/bandcamp.com\/antiklanYouTube\" rel=\"noreferrer noopener\">YouTube<\/a>: <a target=\"_blank\" href=\"http:\/\/youtube.com\/@antiklanband\" rel=\"noreferrer noopener\"><u>youtube.com\/@antiklanband<\/u><\/a><\/p>\n","protected":false},"excerpt":{"rendered":"<p>A banda ANTIKLAN apresentou em 23 de novembro, no Canal Scena, seu novo single \u201cAshen Void\u201d, que inaugura uma fase considerada mais vision\u00e1ria e intensa na trajet\u00f3ria do grupo. A m\u00fasica amplia o brutalismo sonoro caracter\u00edstico da banda, incorporando uma atmosfera de disson\u00e2ncia ritual e uma entrega vocal que transita por desespero, insurg\u00eancia e uma [&hellip;]<\/p>\n","protected":false},"author":12,"featured_media":33555,"comment_status":"closed","ping_status":"open","sticky":false,"template":"","format":"standard","meta":{"footnotes":""},"categories":[4],"tags":[],"class_list":["post-33554","post","type-post","status-publish","format-standard","has-post-thumbnail","hentry","category-noticias"],"_links":{"self":[{"href":"http:\/\/heavymetalonline.com.br\/index.php?rest_route=\/wp\/v2\/posts\/33554","targetHints":{"allow":["GET"]}}],"collection":[{"href":"http:\/\/heavymetalonline.com.br\/index.php?rest_route=\/wp\/v2\/posts"}],"about":[{"href":"http:\/\/heavymetalonline.com.br\/index.php?rest_route=\/wp\/v2\/types\/post"}],"author":[{"embeddable":true,"href":"http:\/\/heavymetalonline.com.br\/index.php?rest_route=\/wp\/v2\/users\/12"}],"replies":[{"embeddable":true,"href":"http:\/\/heavymetalonline.com.br\/index.php?rest_route=%2Fwp%2Fv2%2Fcomments&post=33554"}],"version-history":[{"count":1,"href":"http:\/\/heavymetalonline.com.br\/index.php?rest_route=\/wp\/v2\/posts\/33554\/revisions"}],"predecessor-version":[{"id":33556,"href":"http:\/\/heavymetalonline.com.br\/index.php?rest_route=\/wp\/v2\/posts\/33554\/revisions\/33556"}],"wp:featuredmedia":[{"embeddable":true,"href":"http:\/\/heavymetalonline.com.br\/index.php?rest_route=\/wp\/v2\/media\/33555"}],"wp:attachment":[{"href":"http:\/\/heavymetalonline.com.br\/index.php?rest_route=%2Fwp%2Fv2%2Fmedia&parent=33554"}],"wp:term":[{"taxonomy":"category","embeddable":true,"href":"http:\/\/heavymetalonline.com.br\/index.php?rest_route=%2Fwp%2Fv2%2Fcategories&post=33554"},{"taxonomy":"post_tag","embeddable":true,"href":"http:\/\/heavymetalonline.com.br\/index.php?rest_route=%2Fwp%2Fv2%2Ftags&post=33554"}],"curies":[{"name":"wp","href":"https:\/\/api.w.org\/{rel}","templated":true}]}}