{"id":34035,"date":"2025-12-12T18:00:27","date_gmt":"2025-12-12T18:00:27","guid":{"rendered":"https:\/\/heavymetalonline.com.br\/?p=34035"},"modified":"2025-12-12T18:01:54","modified_gmt":"2025-12-12T18:01:54","slug":"barao-vermelho-encontro-reune-formacao-original-da-banda-e-conta-com-ney-matogrosso-nos-shows-de-sao-paulo-e-do-rio-de-janeiro","status":"publish","type":"post","link":"http:\/\/heavymetalonline.com.br\/?p=34035","title":{"rendered":"Bar\u00e3o Vermelho Encontro re\u00fane forma\u00e7\u00e3o original da banda e conta com Ney Matogrosso nos shows de S\u00e3o Paulo e do Rio de Janeiro"},"content":{"rendered":"\n<pre id=\"viewer-4wdrf15201\" class=\"wp-block-preformatted\">Cr\u00e9ditos: Pedro Dimitrow<\/pre>\n\n\n\n<p id=\"viewer-1wzhv15829\">Quando o jornalista e produtor Ezequiel Neves ouviu a primeira fita do <strong>Bar\u00e3o Vermelho<\/strong>, ele sentenciou: \u201c\u00c9 rock puro, escrachado e demencial, imperfeito e carn\u00edvoro. Trombetas selvagens anunciando o come\u00e7o de um novo mundo\u201d. Ao emoldurar o sentimento de rebeldia e liberdade dos anos 1980 com a \u201cvoz de Cazuza cuspindo fogo em doses avassaladoras\u201d (como bem disse Ezequiel), o grupo revolucionou o cen\u00e1rio musical da \u00e9poca. As can\u00e7\u00f5es, com poesia e irrever\u00eancia, deram conta de se tornar a trilha sonora de um pa\u00eds complexo como o Brasil. E ultrapassaram gera\u00e7\u00f5es pela atemporalidade das letras. Agora, come\u00e7a a turn\u00ea <strong>Bar\u00e3o Vermelho Encontro &#8211; Pro Mundo Inteiro Acordar <\/strong>que re\u00fane a forma\u00e7\u00e3o original do grupo:<strong> Roberto Frejat <\/strong>(guitarra e voz), <strong>Guto Goffi <\/strong>(bateria), <strong>Mauricio Barros<\/strong> (teclados) e <strong>D\u00e9 Palmeira<\/strong> (baixo) \u2013 e ter\u00e1 ainda como convidado especial o guitarrista <strong>Fernando Magalh\u00e3es<\/strong>, que ingressou no grupo em 1985. Realizada pela <strong>30e<\/strong>, maior companhia brasileira de entretenimento ao vivo, e apresentada pelo <strong>Ita\u00fa<\/strong>, a turn\u00ea tem as seguintes datas confirmadas: <strong>30<\/strong> <strong>de<\/strong> <strong>abril<\/strong>, na<strong> Farmasi Arena<\/strong>, no <strong>Rio de Janeiro<\/strong>; e <strong>23 de maio<\/strong>, no <strong>Allianz Parque<\/strong>, em <strong>S\u00e3o Paulo<\/strong>. Nas duas cidades, o Bar\u00e3o Vermelho Encontro recebe a participa\u00e7\u00e3o de <strong>Ney Matogrosso<\/strong>. A <strong>pr\u00e9-venda exclusiva para clientes do Ita\u00fa tem 15% de desconto no valor dos ingressos e come\u00e7a no dia 12 de dezembro<\/strong>, \u00e0s 15h;&nbsp; a <strong>venda geral<\/strong> come\u00e7a ao meio-dia do dia <strong>15 de dezembro<\/strong>, pelo site da <strong>Eventim (<\/strong><a target=\"_blank\" href=\"http:\/\/eventim.com.br\/baraovermelhoencontro\" rel=\"noreferrer noopener\"><strong><u>acesse aqui<\/u><\/strong><\/a><strong>)<\/strong>.&nbsp;<\/p>\n\n\n\n<p id=\"viewer-tyrpl521\">O Bar\u00e3o Vermelho resultou da fus\u00e3o das refer\u00eancias de seus integrantes. D\u00e9 Palmeira trouxe a m\u00fasica brasileira (com men\u00e7\u00e3o importante aos Novos Baianos), Frejat flertava com o blues, enquanto Mauricio e Guto vinham com o rock. \u201cEra uma banda disfuncional que funcionava&#8221;, definiu Mauricio no document\u00e1rio \u201cBar\u00e3o Vermelho: Por que a gente \u00e9 assim?\u201d. Cazuza era uma mistura de todas essas inspira\u00e7\u00f5es e, na contram\u00e3o dos movimentos anteriores, como a Jovem Guarda e os pr\u00f3prios Mutantes, que tinham o ingl\u00eas latente em seus gritos de \u201cyeah&#8221;, ele definiu o que seria a atitude de um <em>rock and roll <\/em>brasileiro, cantado em portugu\u00eas \u201c\u00c9\u201d. N\u00e3o \u00e0 toa, o Bar\u00e3o se estabeleceu como um dos nomes que abriram caminho para o BRock.&nbsp;<\/p>\n\n\n\n<p id=\"viewer-zz45l525\">A turn\u00ea Bar\u00e3o Vermelho Encontro faz parte da label \u201cEncontro\u201d, criada pela promotora 30e, e que teve como primeira iniciativa o <strong>Tit\u00e3s Encontro<\/strong>, respons\u00e1vel por reunir Arnaldo Antunes, Branco Mello, Charles Gavin, Nando Reis, Paulo Miklos, S\u00e9rgio Britto e Tony Bellotto. Quem p\u00f4de ir a alguma das apresenta\u00e7\u00f5es dos Tit\u00e3s sabe o que esperar do projeto da vez: uma superprodu\u00e7\u00e3o capaz de transportar o p\u00fablico para a atmosfera da banda, com tel\u00f5es de ponta, al\u00e9m de cenografia e sistema de luz que d\u00e3o a sensa\u00e7\u00e3o de imers\u00e3o no espet\u00e1culo. \u201cEstamos certos de que o Bar\u00e3o Vermelho Encontro vai repetir o sucesso da turn\u00ea hist\u00f3rica do Tit\u00e3s Encontro. \u00c9 a oportunidade de ver novamente o que essa banda \u00e9 ao vivo, e muitas pessoas poder\u00e3o vivenciar essa experi\u00eancia pela primeira vez&#8221;, afirma Alexandre Wesley, VP de Global Touring da 30e.<\/p>\n\n\n\n<p id=\"viewer-42atb529\"><em>\u201cO Bar\u00e3o Vermelho \u00e9 uma banda que atravessa gera\u00e7\u00f5es e simboliza nosso compromisso em transformar momentos culturais em plataformas estrat\u00e9gicas de relacionamento, unindo emo\u00e7\u00e3o, relev\u00e2ncia e impacto de marca. Ao oferecer pr\u00e9-venda exclusiva e condi\u00e7\u00f5es especiais, buscamos entregar benef\u00edcios concretos aos nossos clientes. Dessa forma, conectamos cultura, produto e experi\u00eancia de maneira integrada, refor\u00e7ando o papel do Ita\u00fa como parceiro em todas as jornadas e como um banco que gera valor real para as pessoas\u201d<\/em>, afirma Rodrigo Montesano, Superintendente de Experi\u00eancias e Conex\u00f5es de Marcas do Ita\u00fa.<\/p>\n\n\n\n<p id=\"viewer-nwer7531\">Mauricio Barros e Guto Goffi, que, atualmente, rodam o pa\u00eds com o Bar\u00e3o na turn\u00ea \u201cDo Tamanho da Vida\u201d (tendo Fernando Magalh\u00e3es e Rodrigo Suricato na forma\u00e7\u00e3o), far\u00e3o uma pausa para se dedicar ao Bar\u00e3o Vermelho Encontro. Logo ap\u00f3s o tour Encontro, eles retornam \u00e0 estrada com a forma\u00e7\u00e3o atual da banda e com a previs\u00e3o de lan\u00e7ar material in\u00e9dito. Ambos est\u00e3o entusiasmados com a oportunidade de realizar uma turn\u00ea com o quarteto original do grupo. <em>\u201c\u00c9 especial fazer essa s\u00e9rie de shows com nossos amigos D\u00e9 e Frejat. Ser\u00e1 como no in\u00edcio, nos primeiros ensaios, ainda na sala da minha casa, mesmo antes da chegada do Cazuza. Apesar de n\u00e3o o termos no palco, ele estar\u00e1 bem representado por suas letras e m\u00fasicas&#8221;<\/em>, comenta Mauricio Barros.<\/p>\n\n\n\n<p id=\"viewer-aw1g4533\">\u201cEsse encontro da forma\u00e7\u00e3o original me traz muitas boas lembran\u00e7as daquela \u00e9poca de 1982, quando estreamos nacionalmente. Os bons filhos \u00e0 casa tornam e confesso que o Cazuza n\u00e3o estar entre n\u00f3s hoje em dia ainda mexe bastante conosco. Vamos viver isso para o nosso bem e para o de todos&#8221;, complementa Guto Goffi, h\u00e1 44 anos no Bar\u00e3o Vermelho.<\/p>\n\n\n\n<p id=\"viewer-cryyo535\"><em>\u201cEstou completando 44 anos de carreira e tenho planejado projetos para celebrar esse marco. N\u00e3o tenho como comemorar essa data sem passar pelo Bar\u00e3o Vermelho, que foi o in\u00edcio de tudo. Essa turn\u00ea de encontro tem um sabor especial e \u00e9 o ponto de partida para outros voos&#8221;<\/em>, comenta Frejat, que celebrar\u00e1 sua trajet\u00f3ria com o projeto Quatro D\u00e9cadas e Um Pouco Mais.&nbsp;<\/p>\n\n\n\n<p id=\"viewer-b6btc537\">O repert\u00f3rio do Bar\u00e3o Vermelho Encontro vai abranger todas as fases do grupo. De \u201cTodo Amor Que Houver Nessa Vida&#8221;, parceria de Cazuza e Frejat, que, ap\u00f3s ser cantada por Caetano Veloso em um show no Canec\u00e3o, projetou o nome da banda, a outros hinos, entre eles &#8220;Por Voc\u00ea&#8221;, \u201cBete Balan\u00e7o&#8221;, \u201cPro Dia Nascer Feliz&#8221;, \u201cMaior Abandonado\u201d, \u201cPuro \u00caxtase&#8221; e \u201cCodinome Beija-Flor\u201d. O espet\u00e1culo se torna ainda mais emocionante por contar com a participa\u00e7\u00e3o especial de Ney Matogrosso.&nbsp;<\/p>\n\n\n\n<p id=\"viewer-9u8e4539\">&#8220;Considero esse projeto um presente da vida. Poder subir ao palco junto com Frejat, Mauricio Barros e Guto Goffi para celebrarmos aquele encontro que aconteceu h\u00e1 mais de quarenta anos e que transformou as nossas vidas \u00e9 uma alegria imensa. Acho que o p\u00fablico que acompanha as nossas trajet\u00f3rias pode esperar um show como o Bar\u00e3o sempre entregou. S\u00f3 que dessa vez, de um jeito especial&#8221;, afirma D\u00e9 Palmeira.<\/p>\n\n\n\n<p id=\"viewer-25pgn541\">Bar\u00e3o Vermelho Encontro \u00e9 a materializa\u00e7\u00e3o do texto de Ezequiel Neves: \u201c[Eles] querem apenas tocar rock e seguir em frente, mas \u00e9 justamente por quererem apenas isso que transcendem as teorias caducas e instalam sua verdade atrav\u00e9s de vozes e guitarras incendi\u00e1rias\u201d. Uma experi\u00eancia para amplificar o que, agora, \u00e9 legado!<\/p>\n\n\n\n<figure class=\"wp-block-image\"><img loading=\"lazy\" decoding=\"async\" width=\"1080\" height=\"1080\" src=\"https:\/\/heavymetalonline.com.br\/wp-content\/uploads\/2025\/12\/KV-Barao-Vermelho-1x1-1.jpg\" alt=\"\" class=\"wp-image-34036\" srcset=\"http:\/\/heavymetalonline.com.br\/wp-content\/uploads\/2025\/12\/KV-Barao-Vermelho-1x1-1.jpg 1080w, http:\/\/heavymetalonline.com.br\/wp-content\/uploads\/2025\/12\/KV-Barao-Vermelho-1x1-1-300x300.jpg 300w, http:\/\/heavymetalonline.com.br\/wp-content\/uploads\/2025\/12\/KV-Barao-Vermelho-1x1-1-1024x1024.jpg 1024w, http:\/\/heavymetalonline.com.br\/wp-content\/uploads\/2025\/12\/KV-Barao-Vermelho-1x1-1-500x500.jpg 500w, http:\/\/heavymetalonline.com.br\/wp-content\/uploads\/2025\/12\/KV-Barao-Vermelho-1x1-1-768x768.jpg 768w, http:\/\/heavymetalonline.com.br\/wp-content\/uploads\/2025\/12\/KV-Barao-Vermelho-1x1-1-250x250.jpg 250w\" sizes=\"auto, (max-width: 1080px) 100vw, 1080px\" \/><\/figure>\n\n\n\n<p id=\"viewer-4rvlh543\"><strong>SERVI\u00c7O<\/strong><\/p>\n\n\n\n<p id=\"viewer-z75rr2609\"><strong>Turn\u00ea Bar\u00e3o Vermelho Encontro &#8211; Pro Mundo Inteiro Acordar<\/strong><\/p>\n\n\n\n<p id=\"viewer-3eyp82737\"><strong>Realiza\u00e7\u00e3o:<\/strong> 30e<\/p>\n\n\n\n<p id=\"viewer-l4kxh2867\"><strong>Apresentado por: <\/strong>Ita\u00fa<\/p>\n\n\n\n<p id=\"viewer-opz89548\"><strong>RIO DE JANEIRO<\/strong><\/p>\n\n\n\n<p id=\"viewer-dbhmz3126\"><strong>Data: <\/strong>30 de abril de 2026 (quinta-feira)<\/p>\n\n\n\n<p id=\"viewer-3zxsj3386\"><strong>Local: <\/strong>Farmasi Arena &#8211; Av. Embaixador Abelardo Bueno, 3401 &#8211; Barra Ol\u00edmpica, Rio de Janeiro\/RJ<\/p>\n\n\n\n<p id=\"viewer-y6g8z3517\"><strong>Classifica\u00e7\u00e3o Et\u00e1ria:<\/strong> Entrada e perman\u00eancia de crian\u00e7as\/adolescentes de 5 a 15 anos de idade, acompanhados dos pais ou respons\u00e1veis, e de 16 a 17 anos, desacompanhadosdos pais ou respons\u00e1veis legais.<\/p>\n\n\n\n<p id=\"viewer-nuni43261\"><strong>Ingressos:<\/strong><\/p>\n\n\n\n<p id=\"viewer-rvy2t3649\">Cadeira N3: R$ 197,50 (meia-entrada legal) | R$ 256,75 (entrada social) | R$ 395,00 (inteira)<\/p>\n\n\n\n<p id=\"viewer-w1j1g3909\">Cadeira N1<strong>:<\/strong> R$ 262,50 (meia-entrada legal) | R$ 341,25 (entrada social) | R$ 525,00 (inteira)<\/p>\n\n\n\n<p id=\"viewer-tov6g4043\">Pista Premium: R$ 282,50 (meia-entrada legal) | R$ 367,25 (entrada social) | R$ 565,00 (inteira)<\/p>\n\n\n\n<p id=\"viewer-mtato3781\">Pacote VIP Puro \u00caxtase: R$ 782,50 (meia-entrada legal) | R$ 867,25 (entrada social) | R$ 1.065 (inteira)<\/p>\n\n\n\n<p id=\"viewer-yvf56559\"><strong>Pacote VIP Puro \u00caxtase<\/strong><\/p>\n\n\n\n<p id=\"viewer-r7ior4442\"><strong>Incluso:<\/strong><\/p>\n\n\n\n<p id=\"viewer-bk9vy4310\">Ingresso Pista Premium<\/p>\n\n\n\n<p id=\"viewer-1joqz4577\">Passagem de som<\/p>\n\n\n\n<p id=\"viewer-8on3e4712\">Kit exclusivo: Credencial VIP + Ecobag + Itens exclusivos<\/p>\n\n\n\n<p id=\"viewer-z9sd94848\">Acesso antecipado \u00e0 loja oficial, com itens exclusivos \u00e0 venda (quantidades limitadas)<\/p>\n\n\n\n<p id=\"viewer-fata34985\">*Os hor\u00e1rios do VIP s\u00e3o anunciados 48h antes do evento, nas redes sociais e no e-mail cadastrado da compra.<\/p>\n\n\n\n<p id=\"viewer-zdkql5123\">**Caso perca o hor\u00e1rio do pacote VIP, voc\u00ea perde o direito aos itens do pacote.<\/p>\n\n\n\n<p id=\"viewer-9a6b3562\"><strong>Pr\u00e9-venda clientes Ita\u00fa:<\/strong><\/p>\n\n\n\n<p id=\"viewer-25gdh5401\">12 de dezembro, 15h, at\u00e9 o dia 14 de dezembro<\/p>\n\n\n\n<p id=\"viewer-3ypkx5540\"><strong>Venda geral:<\/strong><\/p>\n\n\n\n<p id=\"viewer-jxyqn5679\">15 de dezembro, meio-dia on-line<\/p>\n\n\n\n<p id=\"viewer-c6kw95818\"><strong>Vendas online em: <\/strong><a target=\"_blank\" href=\"http:\/\/eventim.com.br\/baraovermelhoencontroBilheteria\" rel=\"noreferrer noopener\"><strong><u>http:\/\/eventim.com.br\/baraovermelhoencontro<\/u><\/strong><\/a><\/p>\n\n\n\n<p id=\"viewer-y9x3v5958\"><a target=\"_blank\" href=\"http:\/\/eventim.com.br\/baraovermelhoencontroBilheteria\" rel=\"noreferrer noopener\"><strong>Bilheteria<\/strong><\/a><strong> oficial:<\/strong> Est\u00e1dio Nilton Santos (Engenh\u00e3o) &#8211; Endere\u00e7o: Bilheteria Norte &#8211; Rua das Oficinas, s\/n &#8211; Engenho de Dentro, Rio de Janeiro\/RJ<strong>Funcionamento: <\/strong>Ter\u00e7a a s\u00e1bado das 10h \u00e0s 17h | *N\u00e3o h\u00e1 funcionamento em feriados, emendas de feriados, dias de jogos ou em dias de eventos de outras empresas.<\/p>\n\n\n\n<p id=\"viewer-flbla574\"><strong>Benef\u00edcio para clientes Ita\u00fa&nbsp;Pr\u00e9-venda exclusiva com 15% de desconto no valor dos ingressos para compras com cart\u00f5es de cr\u00e9dito&nbsp;<\/strong><\/p>\n\n\n\n<p id=\"viewer-ctbhx6518\">*Compra de 4 ingressos por CPF &#8211; &nbsp;sendo aplic\u00e1vel somente a ingressos inteira, de qualquer setor, sujeito a disponibilidade&nbsp;<\/p>\n\n\n\n<p id=\"viewer-b62ra6380\"><strong>Parcelamento em at\u00e9 3x sem juros&nbsp;&nbsp;<\/strong><\/p>\n\n\n\n<p id=\"viewer-vhqwc6659\">O parcelamento em at\u00e9 3x sem juros \u00e9 v\u00e1lido para qualquer compra com cart\u00e3o Ita\u00fa, na pr\u00e9-venda ou n\u00e3o, tenha desconto, ou n\u00e3o no ingresso.<\/p>\n\n\n\n<p id=\"viewer-ktfzq579\"><strong>S\u00c3O PAULOData: <\/strong>23 de maio de 2026 (s\u00e1bado<\/p>\n\n\n\n<p id=\"viewer-nbl0s6245\">)<strong>Local: <\/strong>Allianz Parque &#8211; Av. Francisco Matarazzo, 1705 \u2013 \u00c1gua Branca, S\u00e3o Paulo<\/p>\n\n\n\n<p id=\"viewer-5pwj46983\"><strong>Classifica\u00e7\u00e3o Et\u00e1ria:<\/strong> Entrada e perman\u00eancia de crian\u00e7as\/adolescentes de 5 a 15 anos de idade, acompanhados dos pais ou respons\u00e1veis, e de 16 a 17 anos, desacompanhados dos pais ou respons\u00e1veis legais.<\/p>\n\n\n\n<p id=\"viewer-mwnsz586\"><strong>Ingressos:<\/strong><\/p>\n\n\n\n<p id=\"viewer-kf07l7544\">Cadeira superior: R$ 97,50 (meia-entrada legal) | R$ 126,75 (entrada social) | R$ 195,00 (inteira)<\/p>\n\n\n\n<p id=\"viewer-cfmqm7685\">Pista<strong>:<\/strong> R$ 162,50 (meia-entrada legal) | R$ 211,25 (entrada social) | R$ 325,00 (inteira)<\/p>\n\n\n\n<p id=\"viewer-6yu5s7829\">Cadeira Inferior: R$ 222,50 (meia-entrada legal) | R$ 289,25 (entrada social) | R$ 445,00 (inteira)<\/p>\n\n\n\n<p id=\"viewer-xkmpz8693\">Pista Premium: R$ 322,50 (meia-entrada legal) | R$ 419,25 (entrada social) | R$ 645,00 (inteira)<\/p>\n\n\n\n<p id=\"viewer-r4dtq8547\">Pacote VIP Puro \u00caxtase: R$ 822,50 (meia-entrada legal) | R$ 919,25 (entrada social) | R$ 1.145,00 (inteira)<\/p>\n\n\n\n<p id=\"viewer-x6ddm8402\">Pacote VIP Pro Mundo Inteiro Acordar: R$ 1.322,50 (meia-entrada legal) | R$ 1.419,25 (entrada social) | R$ 1.645,00 (inteira)<\/p>\n\n\n\n<p id=\"viewer-2zs67591\"><strong>Pacote VIP Puro \u00caxtase<\/strong><\/p>\n\n\n\n<p id=\"viewer-f1mkc7268\"><strong>Incluso:<\/strong><\/p>\n\n\n\n<p id=\"viewer-ejwoi7409\">Ingresso Pista Premium<\/p>\n\n\n\n<p id=\"viewer-0zix98261\">Passagem de somKit exclusivo: Credencial VIP + Ecobag + Itens exclusivosAcesso antecipado \u00e0 loja oficial, com itens exclusivos \u00e0 venda (quantidades limitadas)*Os hor\u00e1rios do VIP s\u00e3o anunciados 48h antes do evento, nas redes sociais e no e-mail cadastrado da compra.**Caso perca o hor\u00e1rio do pacote VIP, voc\u00ea perde o direito aos itens do pacote.<\/p>\n\n\n\n<p id=\"viewer-bv5eb594\"><strong>Pacote VIP Pro Mundo Inteiro Acordar<\/strong><\/p>\n\n\n\n<p id=\"viewer-xbxok7976\"><strong>Incluso:<\/strong><\/p>\n\n\n\n<p id=\"viewer-8rcnr8120\">Ingresso Pista PremiumPit na frente do palco durante o show<\/p>\n\n\n\n<p id=\"viewer-jb4am8850\">Passagem de somKit exclusivo: Credencial VIP + Ecobag + Itens exclusivos<\/p>\n\n\n\n<p id=\"viewer-v8pv19298\">Acesso antecipado \u00e0 loja oficial, com itens exclusivos \u00e0 venda (quantidades limitadas)<\/p>\n\n\n\n<p id=\"viewer-w97go9148\">**Os hor\u00e1rios do VIP s\u00e3o anunciados 48h antes do evento, nas redes sociais e no e-mail cadastrado da compra.<\/p>\n\n\n\n<p id=\"viewer-giqgv8999\">***Caso perca o hor\u00e1rio do pacote VIP, voc\u00ea perde o direito aos itens do pacote.<\/p>\n\n\n\n<p id=\"viewer-yl0p1597\"><strong>Pr\u00e9-venda clientes Ita\u00fa: <\/strong>12 de dezembro, 15h, at\u00e9 o dia 14 de dezembro<\/p>\n\n\n\n<p id=\"viewer-afkxa9605\"><strong>Venda geral: <\/strong>15 de dezembro, meio-dia on-line<\/p>\n\n\n\n<p id=\"viewer-pg9v49915\"><strong>Vendas online em: <\/strong><a target=\"_blank\" href=\"http:\/\/eventim.com.br\/baraovermelhoencontro\" rel=\"noreferrer noopener\"><strong><u>http:\/\/eventim.com.br\/baraovermelhoencontro<\/u><\/strong><\/a><\/p>\n\n\n\n<p id=\"viewer-y2t6l9766\"><a target=\"_blank\" href=\"http:\/\/eventim.com.br\/baraovermelhoencontroBilheteria\" rel=\"noreferrer noopener\"><strong>Bilheteria<\/strong><\/a><strong> oficial: <\/strong>Allianz Parque &#8211; Endere\u00e7o: Rua Palestra It\u00e1lia, 200 \u2013 Port\u00e3o A \u2013 Perdizes &#8211; S\u00e3o Paulo\/SP<\/p>\n\n\n\n<p id=\"viewer-s7pk110372\"><strong>Funcionamento: <\/strong>Ter\u00e7a a s\u00e1bado das 10h \u00e0s 17h | <em>N\u00e3o h\u00e1 funcionamento em feriados, emendas de feriados, dias de jogos ou em dias de eventos de outras empresas.<\/em><\/p>\n\n\n\n<p id=\"viewer-8jnvm10224\"><strong><em>Benef\u00edcio para clientes Ita\u00fa&nbsp;<\/em><\/strong><\/p>\n\n\n\n<p id=\"viewer-ovchi10678\"><strong><em>Pr\u00e9-venda exclusiva com 15% de desconto no valor dos ingressos para compras com cart\u00f5es de cr\u00e9dito&nbsp;<\/em><\/strong><\/p>\n\n\n\n<p id=\"viewer-pkwkz10983\">Compra de 4 ingressos por CPF &#8211; &nbsp;sendo aplic\u00e1vel somente a ingressos inteira, de qualquer setor, sujeito a disponibilidade&nbsp;<\/p>\n\n\n\n<p id=\"viewer-q9v7s10832\"><strong>Parcelamento em at\u00e9 3x sem juros&nbsp;&nbsp;<\/strong><\/p>\n\n\n\n<p id=\"viewer-zsy3311137\">O parcelamento em at\u00e9 3x sem juros \u00e9 v\u00e1lido para qualquer compra com cart\u00e3o Ita\u00fa, na pr\u00e9-venda ou n\u00e3o, tenha desconto, ou n\u00e3o no ingresso.<\/p>\n\n\n\n<p id=\"viewer-xq90y11634\"><strong>Fonte: <\/strong>30e Comunica\u00e7\u00e3o<\/p>\n","protected":false},"excerpt":{"rendered":"<p>Cr\u00e9ditos: Pedro Dimitrow Quando o jornalista e produtor Ezequiel Neves ouviu a primeira fita do Bar\u00e3o Vermelho, ele sentenciou: \u201c\u00c9 rock puro, escrachado e demencial, imperfeito e carn\u00edvoro. Trombetas selvagens anunciando o come\u00e7o de um novo mundo\u201d. Ao emoldurar o sentimento de rebeldia e liberdade dos anos 1980 com a \u201cvoz de Cazuza cuspindo fogo [&hellip;]<\/p>\n","protected":false},"author":12,"featured_media":34037,"comment_status":"closed","ping_status":"open","sticky":false,"template":"","format":"standard","meta":{"footnotes":""},"categories":[4,1807],"tags":[],"class_list":["post-34035","post","type-post","status-publish","format-standard","has-post-thumbnail","hentry","category-noticias","category-sem-categoria-pt"],"_links":{"self":[{"href":"http:\/\/heavymetalonline.com.br\/index.php?rest_route=\/wp\/v2\/posts\/34035","targetHints":{"allow":["GET"]}}],"collection":[{"href":"http:\/\/heavymetalonline.com.br\/index.php?rest_route=\/wp\/v2\/posts"}],"about":[{"href":"http:\/\/heavymetalonline.com.br\/index.php?rest_route=\/wp\/v2\/types\/post"}],"author":[{"embeddable":true,"href":"http:\/\/heavymetalonline.com.br\/index.php?rest_route=\/wp\/v2\/users\/12"}],"replies":[{"embeddable":true,"href":"http:\/\/heavymetalonline.com.br\/index.php?rest_route=%2Fwp%2Fv2%2Fcomments&post=34035"}],"version-history":[{"count":1,"href":"http:\/\/heavymetalonline.com.br\/index.php?rest_route=\/wp\/v2\/posts\/34035\/revisions"}],"predecessor-version":[{"id":34038,"href":"http:\/\/heavymetalonline.com.br\/index.php?rest_route=\/wp\/v2\/posts\/34035\/revisions\/34038"}],"wp:featuredmedia":[{"embeddable":true,"href":"http:\/\/heavymetalonline.com.br\/index.php?rest_route=\/wp\/v2\/media\/34037"}],"wp:attachment":[{"href":"http:\/\/heavymetalonline.com.br\/index.php?rest_route=%2Fwp%2Fv2%2Fmedia&parent=34035"}],"wp:term":[{"taxonomy":"category","embeddable":true,"href":"http:\/\/heavymetalonline.com.br\/index.php?rest_route=%2Fwp%2Fv2%2Fcategories&post=34035"},{"taxonomy":"post_tag","embeddable":true,"href":"http:\/\/heavymetalonline.com.br\/index.php?rest_route=%2Fwp%2Fv2%2Ftags&post=34035"}],"curies":[{"name":"wp","href":"https:\/\/api.w.org\/{rel}","templated":true}]}}