{"id":34073,"date":"2025-12-16T09:00:00","date_gmt":"2025-12-16T09:00:00","guid":{"rendered":"https:\/\/heavymetalonline.com.br\/?p=34073"},"modified":"2025-12-15T01:07:52","modified_gmt":"2025-12-15T01:07:52","slug":"revo-apresenta-o-intenso-ep-furia-secular","status":"publish","type":"post","link":"http:\/\/heavymetalonline.com.br\/?p=34073","title":{"rendered":"REVO apresenta o intenso EP &#8220;F\u00faria Secular&#8221;"},"content":{"rendered":"\n<p id=\"viewer-1j3y635164\">A banda <strong>REVO<\/strong> anuncia o lan\u00e7amento do seu mais novo e visceral trabalho, o EP <strong>&#8220;F\u00faria Secular&#8221;<\/strong>, dispon\u00edvel em todas as plataformas digitais. Com uma sonoridade intensa e letras profundas, o EP \u00e9 uma jornada de reflex\u00e3o sobre a origem e a for\u00e7a dos sentimentos negativos que nos movem.<\/p>\n\n\n\n<p id=\"viewer-j5nfj34239\">O conceito de &#8220;F\u00faria Secular&#8221; nasceu de um momento de introspec\u00e7\u00e3o e catarse do vocalista Grande Gui. O artista enfrentava uma raiva reprimida em fun\u00e7\u00e3o de s\u00e9rios problemas familiares causados por seu irm\u00e3o mais velho. Essa experi\u00eancia pessoal acendeu uma chama criativa, levando-o a uma conclus\u00e3o mais ampla:<\/p>\n\n\n\n<p id=\"viewer-lupeb34249\"><em>&#8220;Cheguei \u00e0 conclus\u00e3o de que os sentimentos que os seres humanos sentem s\u00e3o frutos de sentimentos dos nossos antepassados. Muitos sentimentos negativos que sentimos no dia a dia est\u00e3o atrelados a uma f\u00faria de muitos s\u00e9culos<\/em><\/p>\n\n\n\n<p id=\"viewer-jidi934255\"><em>que n\u00f3s, como sociedade, carregamos.&#8221;<\/em><\/p>\n\n\n\n<p id=\"viewer-2e76734433\">O EP \u00e9, portanto, um mergulho corajoso naquilo que nos conecta com a intensidade emocional de gera\u00e7\u00f5es passadas.<\/p>\n\n\n\n<p id=\"viewer-joue734437\">O processo de composi\u00e7\u00e3o foi iniciado por Grande Gui, que desenvolveu a tem\u00e1tica e as letras iniciais. Em seguida, a dupla com Vini Mota refinou o material, trabalhando em conjunto nas letras e no instrumental das faixas.<\/p>\n\n\n\n<p id=\"viewer-crwj134443\">A produ\u00e7\u00e3o do EP foi um esfor\u00e7o completamente Do It Yourself, realizada pela pr\u00f3pria banda REVO. A pr\u00e9-produ\u00e7\u00e3o come\u00e7ou no primeiro semestre de 2025, logo ap\u00f3s a entrada do baixista Gabriel Voltan. Ap\u00f3s a finaliza\u00e7\u00e3o das letras<\/p>\n\n\n\n<p id=\"viewer-oh2hb34449\">e melodias iniciais, o material foi levado para o restante da banda para ser desenvolvido e produzido na \u00edntegra.<\/p>\n\n\n\n<p id=\"viewer-kgwsq34453\">A grava\u00e7\u00e3o ocorreu no <strong>Est\u00fadio Tyranosom<\/strong>, localizado no bairro da Rep\u00fablica em S\u00e3o Paulo\/SP, com a engenharia de som de Ricardo Brilhante, da banda parceira Ant\u00edgona.<\/p>\n\n\n\n<figure class=\"wp-block-embed is-type-rich is-provider-spotify wp-block-embed-spotify wp-embed-aspect-21-9 wp-has-aspect-ratio\"><div class=\"wp-block-embed__wrapper\">\n<iframe title=\"Spotify Embed: F\u00faria Secular\" style=\"border-radius: 12px\" width=\"100%\" height=\"352\" frameborder=\"0\" allowfullscreen allow=\"autoplay; clipboard-write; encrypted-media; fullscreen; picture-in-picture\" loading=\"lazy\" src=\"https:\/\/open.spotify.com\/embed\/album\/1U5amlzI1CbeCl3jyUDp6Z?si=SZoJb2vcSEqTYc4a1Rm&amp;nd=1&amp;dlsi=7a6605bc8e614b4f&amp;utm_source=oembed\"><\/iframe>\n<\/div><\/figure>\n\n\n\n<p id=\"viewer-viewer-0g6ql5613\"><strong>Revo: O Rock Nacional que Acredita em Mudan\u00e7as<\/strong><\/p>\n\n\n\n<p id=\"viewer-viewer-p367l5658\">Formada em 2014, a banda Revo surge com a miss\u00e3o de provar que a m\u00fasica pode, sim, ser um catalisador de transforma\u00e7\u00e3o. O grupo, composto por Grande Gui, Vini Mota, Vini Pimenta e Gabriel Voltan, \u00e9 a prova viva de que as maiores mudan\u00e7as come\u00e7am nos pequenos gestos.<\/p>\n\n\n\n<p id=\"viewer-viewer-m4r515666\">A hist\u00f3ria da Revo come\u00e7a no ensino m\u00e9dio, quando Grande Gui, movido pela vontade de fazer um mundo melhor atrav\u00e9s da m\u00fasica, fez um convite a Vini Mota para formar uma banda. Curiosamente, Vini Mota, que achava que o estilo de Grande Gui se encaixava mais com funk do que com rock, inicialmente recusou. Mas a persist\u00eancia de Gui foi maior, e pouco tempo depois a banda se formou. Paralelamente, Vini Pimenta e Gabriel Voltan tamb\u00e9m se conheceram na escola e anos mais tarde, os quatro se uniram para dar vida a uma nova fase da Revo.<\/p>\n\n\n\n<p id=\"viewer-viewer-l9vf55682\">Com influ\u00eancias do rock nacional dos anos 80, como Tit\u00e3s, Legi\u00e3o Urbana e Os Paralamas do Sucesso, a banda traz em suas letras a mensagem de que n\u00e3o \u00e9 preciso mudar o mundo inteiro de uma vez, mas que \u00e9 poss\u00edvel transformar o mundo das pessoas que est\u00e3o ao nosso redor. Eles acreditam que as pequenas mudan\u00e7as do dia a dia, constru\u00eddas coletivamente, s\u00e3o o que realmente tornam tudo melhor.<\/p>\n\n\n\n<p id=\"viewer-viewer-muz6i5694\">Para o futuro, a Revo tem um \u00fanico e grande objetivo: fazer com que a mensagem de suas m\u00fasicas chegue ao maior n\u00famero de pessoas, de um jeito acolhedor e divertido. Eles buscam mostrar que at\u00e9 mesmo aqueles que pensam de forma oposta podem contribuir juntos para a constru\u00e7\u00e3o de um mundo melhor.<\/p>\n\n\n\n<p id=\"viewer-viewer-gg7i05939\"><strong>Acompanhe a Revo nas redes sociais e prepare-se para ser parte dessa revolu\u00e7\u00e3o sonora:<\/strong><\/p>\n\n\n\n<p><a href=\"https:\/\/www.instagram.com\/bandarevo.rock\">https:\/\/www.instagram.com\/bandarevo.rock<\/a><\/p>\n\n\n\n<p><a href=\"https:\/\/www.youtube.com\/channel\/UCGM_VK-D0LJNSbq02RVg_3w\">https:\/\/www.youtube.com\/channel\/UCGM_VK-D0LJNSbq02RVg_3w<\/a><\/p>\n\n\n\n<p id=\"viewer-viewer-57s3n6140\"><strong>Fonte: <\/strong>SE Assessoria<\/p>\n","protected":false},"excerpt":{"rendered":"<p>A banda REVO anuncia o lan\u00e7amento do seu mais novo e visceral trabalho, o EP &#8220;F\u00faria Secular&#8221;, dispon\u00edvel em todas as plataformas digitais. Com uma sonoridade intensa e letras profundas, o EP \u00e9 uma jornada de reflex\u00e3o sobre a origem e a for\u00e7a dos sentimentos negativos que nos movem. O conceito de &#8220;F\u00faria Secular&#8221; nasceu [&hellip;]<\/p>\n","protected":false},"author":12,"featured_media":33686,"comment_status":"closed","ping_status":"open","sticky":false,"template":"","format":"standard","meta":{"footnotes":""},"categories":[4],"tags":[],"class_list":["post-34073","post","type-post","status-publish","format-standard","has-post-thumbnail","hentry","category-noticias"],"_links":{"self":[{"href":"http:\/\/heavymetalonline.com.br\/index.php?rest_route=\/wp\/v2\/posts\/34073","targetHints":{"allow":["GET"]}}],"collection":[{"href":"http:\/\/heavymetalonline.com.br\/index.php?rest_route=\/wp\/v2\/posts"}],"about":[{"href":"http:\/\/heavymetalonline.com.br\/index.php?rest_route=\/wp\/v2\/types\/post"}],"author":[{"embeddable":true,"href":"http:\/\/heavymetalonline.com.br\/index.php?rest_route=\/wp\/v2\/users\/12"}],"replies":[{"embeddable":true,"href":"http:\/\/heavymetalonline.com.br\/index.php?rest_route=%2Fwp%2Fv2%2Fcomments&post=34073"}],"version-history":[{"count":1,"href":"http:\/\/heavymetalonline.com.br\/index.php?rest_route=\/wp\/v2\/posts\/34073\/revisions"}],"predecessor-version":[{"id":34074,"href":"http:\/\/heavymetalonline.com.br\/index.php?rest_route=\/wp\/v2\/posts\/34073\/revisions\/34074"}],"wp:featuredmedia":[{"embeddable":true,"href":"http:\/\/heavymetalonline.com.br\/index.php?rest_route=\/wp\/v2\/media\/33686"}],"wp:attachment":[{"href":"http:\/\/heavymetalonline.com.br\/index.php?rest_route=%2Fwp%2Fv2%2Fmedia&parent=34073"}],"wp:term":[{"taxonomy":"category","embeddable":true,"href":"http:\/\/heavymetalonline.com.br\/index.php?rest_route=%2Fwp%2Fv2%2Fcategories&post=34073"},{"taxonomy":"post_tag","embeddable":true,"href":"http:\/\/heavymetalonline.com.br\/index.php?rest_route=%2Fwp%2Fv2%2Ftags&post=34073"}],"curies":[{"name":"wp","href":"https:\/\/api.w.org\/{rel}","templated":true}]}}